{"id":11081,"date":"2022-12-28T20:38:00","date_gmt":"2022-12-28T20:38:00","guid":{"rendered":"https:\/\/www.africa-press.net\/guinee-conakry\/politique\/france-auxerre-prolonge-le-contrat-du-guineen-ousmane-camara"},"modified":"2022-12-28T20:38:00","modified_gmt":"2022-12-28T20:38:00","slug":"france-auxerre-prolonge-le-contrat-du-guineen-ousmane-camara","status":"publish","type":"post","link":"https:\/\/www.africa-press.net\/guinee-conakry\/sports\/france-auxerre-prolonge-le-contrat-du-guineen-ousmane-camara","title":{"rendered":"France : Auxerre prolonge le contrat du guin\u00e9en Ousmane Camara !"},"content":{"rendered":"<p><span style=\"color: #ff6600\"><strong>Africa-Press &#8211; Guin\u00e9e. <\/strong><\/span>Le club franc\u0327ais Association de la jeunesse auxerroise (AJA) a officialise\u0301 hier, mardi 27 de\u0301cembre 2022, la prolongation du contrat d\u2019Ousmane Camara. Le guine\u0301en s\u2019engage a\u0300 nouveau avec son club formateur pour deux ans, plus une anne\u0301e en option d\u2019achat. Il est donc lie\u0301 au club icaunais jusqu\u2019en juin 2025 au minimum.<\/p>\n<p>Apre\u0300s avoir passe\u0301 cinq bonnes anne\u0301es sous les couleurs d\u2019Auxerre, l\u2019attaquant du Syli National a me\u0301rite\u0301 la confiance du club. Il renouvelle donc son contrat pour deux anne\u0301es de plus, avec une option pour une troisie\u0300me anne\u0301e.<\/p>\n<p>Le joueur de 21 ans et capitaine de la re\u0301serve de l\u2019AJA affiche de performances impressionnantes. Il a e\u0301te\u0301 auteur de 8 buts cette saison. Cela est un ouf de soulagement pour le joueur et pour le public sportif guine\u0301en.<\/p>\n<p><strong>Pour plus d&rsquo;informations et d&rsquo;analyses sur la <a href=\"https:\/\/www.africa-press.net\/guinee-conakry\">Guin\u00e9e<\/a>, suivez <a href=\"https:\/\/www.africa-press.net\/\">Africa-Press<\/a><\/strong><\/p>\n","protected":false},"excerpt":{"rendered":"<p>Africa-Press &#8211; Guin\u00e9e. Le club franc\u0327ais Association de la jeunesse auxerroise (AJA) a officialise\u0301 hier, mardi 27 de\u0301cembre 2022, la prolongation du contrat d\u2019Ousmane Camara. Le guine\u0301en s\u2019engage a\u0300 nouveau avec son club formateur pour deux ans, plus une anne\u0301e en option d\u2019achat. Il est donc lie\u0301 au club icaunais jusqu\u2019en juin 2025 au minimum. [&hellip;]<\/p>\n","protected":false},"author":82,"featured_media":11080,"comment_status":"open","ping_status":"closed","sticky":false,"template":"","format":"standard","meta":{"footnotes":""},"categories":[6,10],"tags":[36,57,58],"class_list":["post-11081","post","type-post","status-publish","format-standard","has-post-thumbnail","hentry","category-sports","category-toutes-les-actualites","tag-africa-press","tag-africa-press-guinee","tag-guinee"],"yoast_head":"<!-- This site is optimized with the Yoast SEO Premium plugin v26.1 (Yoast SEO v27.0) - https:\/\/yoast.com\/product\/yoast-seo-premium-wordpress\/ -->\n<title>France : Auxerre prolonge le contrat du guin\u00e9en Ousmane Camara ! - guinee Conakry<\/title>\n<meta name=\"robots\" content=\"index, follow, max-snippet:-1, max-image-preview:large, max-video-preview:-1\" \/>\n<link rel=\"canonical\" href=\"https:\/\/www.africa-press.net\/guinee-conakry\/politique\/france-auxerre-prolonge-le-contrat-du-guineen-ousmane-camara\" \/>\n<meta property=\"og:locale\" content=\"fr_FR\" \/>\n<meta property=\"og:type\" content=\"article\" \/>\n<meta property=\"og:title\" content=\"France : Auxerre prolonge le contrat du guin\u00e9en Ousmane Camara !\" \/>\n<meta property=\"og:description\" content=\"Africa-Press &#8211; Guin\u00e9e. Le club franc\u0327ais Association de la jeunesse auxerroise (AJA) a officialise\u0301 hier, mardi 27 de\u0301cembre 2022, la prolongation du contrat d\u2019Ousmane Camara. Le guine\u0301en s\u2019engage a\u0300 nouveau avec son club formateur pour deux ans, plus une anne\u0301e en option d\u2019achat. Il est donc lie\u0301 au club icaunais jusqu\u2019en juin 2025 au minimum. [&hellip;]\" \/>\n<meta property=\"og:url\" content=\"https:\/\/www.africa-press.net\/guinee-conakry\/politique\/france-auxerre-prolonge-le-contrat-du-guineen-ousmane-camara\" \/>\n<meta property=\"og:site_name\" content=\"guinee Conakry\" \/>\n<meta property=\"article:published_time\" content=\"2022-12-28T20:38:00+00:00\" \/>\n<meta name=\"author\" content=\"cfeditorfr\" \/>\n<meta name=\"twitter:card\" content=\"summary_large_image\" \/>\n<meta name=\"twitter:label1\" content=\"\u00c9crit par\" \/>\n\t<meta name=\"twitter:data1\" content=\"cfeditorfr\" \/>\n\t<meta name=\"twitter:label2\" content=\"Dur\u00e9e de lecture estim\u00e9e\" \/>\n\t<meta name=\"twitter:data2\" content=\"1 minute\" \/>\n<script type=\"application\/ld+json\" class=\"yoast-schema-graph\">{\"@context\":\"https:\/\/schema.org\",\"@graph\":[{\"@type\":\"Article\",\"@id\":\"https:\/\/www.africa-press.net\/guinee-conakry\/politique\/france-auxerre-prolonge-le-contrat-du-guineen-ousmane-camara#article\",\"isPartOf\":{\"@id\":\"https:\/\/www.africa-press.net\/guinee-conakry\/politique\/france-auxerre-prolonge-le-contrat-du-guineen-ousmane-camara\"},\"author\":{\"name\":\"cfeditorfr\",\"@id\":\"https:\/\/www.africa-press.net\/guinee-conakry\/#\/schema\/person\/2b1cf3cd81a31e3cd26889ca66d677f1\"},\"headline\":\"France : Auxerre prolonge le contrat du guin\u00e9en Ousmane Camara !\",\"datePublished\":\"2022-12-28T20:38:00+00:00\",\"mainEntityOfPage\":{\"@id\":\"https:\/\/www.africa-press.net\/guinee-conakry\/politique\/france-auxerre-prolonge-le-contrat-du-guineen-ousmane-camara\"},\"wordCount\":171,\"commentCount\":0,\"image\":{\"@id\":\"https:\/\/www.africa-press.net\/guinee-conakry\/politique\/france-auxerre-prolonge-le-contrat-du-guineen-ousmane-camara#primaryimage\"},\"thumbnailUrl\":\"https:\/\/static.africa-press.net\/conakry\/sites\/63\/2022\/12\/Jokar1672247319.270073.jpg\",\"keywords\":[\"Africa Press\",\"Africa Press-Guin\u00e9e\",\"Guin\u00e9e\"],\"articleSection\":[\"Sports\",\"Toutes les actualit\u00e9s\"],\"inLanguage\":\"fr-FR\",\"potentialAction\":[{\"@type\":\"CommentAction\",\"name\":\"Comment\",\"target\":[\"https:\/\/www.africa-press.net\/guinee-conakry\/politique\/france-auxerre-prolonge-le-contrat-du-guineen-ousmane-camara#respond\"]}]},{\"@type\":\"WebPage\",\"@id\":\"https:\/\/www.africa-press.net\/guinee-conakry\/politique\/france-auxerre-prolonge-le-contrat-du-guineen-ousmane-camara\",\"url\":\"https:\/\/www.africa-press.net\/guinee-conakry\/politique\/france-auxerre-prolonge-le-contrat-du-guineen-ousmane-camara\",\"name\":\"France : Auxerre prolonge le contrat du guin\u00e9en Ousmane Camara ! - guinee Conakry\",\"isPartOf\":{\"@id\":\"https:\/\/www.africa-press.net\/guinee-conakry\/#website\"},\"primaryImageOfPage\":{\"@id\":\"https:\/\/www.africa-press.net\/guinee-conakry\/politique\/france-auxerre-prolonge-le-contrat-du-guineen-ousmane-camara#primaryimage\"},\"image\":{\"@id\":\"https:\/\/www.africa-press.net\/guinee-conakry\/politique\/france-auxerre-prolonge-le-contrat-du-guineen-ousmane-camara#primaryimage\"},\"thumbnailUrl\":\"https:\/\/static.africa-press.net\/conakry\/sites\/63\/2022\/12\/Jokar1672247319.270073.jpg\",\"datePublished\":\"2022-12-28T20:38:00+00:00\",\"author\":{\"@id\":\"https:\/\/www.africa-press.net\/guinee-conakry\/#\/schema\/person\/2b1cf3cd81a31e3cd26889ca66d677f1\"},\"breadcrumb\":{\"@id\":\"https:\/\/www.africa-press.net\/guinee-conakry\/politique\/france-auxerre-prolonge-le-contrat-du-guineen-ousmane-camara#breadcrumb\"},\"inLanguage\":\"fr-FR\",\"potentialAction\":[{\"@type\":\"ReadAction\",\"target\":[\"https:\/\/www.africa-press.net\/guinee-conakry\/politique\/france-auxerre-prolonge-le-contrat-du-guineen-ousmane-camara\"]}]},{\"@type\":\"ImageObject\",\"inLanguage\":\"fr-FR\",\"@id\":\"https:\/\/www.africa-press.net\/guinee-conakry\/politique\/france-auxerre-prolonge-le-contrat-du-guineen-ousmane-camara#primaryimage\",\"url\":\"https:\/\/static.africa-press.net\/conakry\/sites\/63\/2022\/12\/Jokar1672247319.270073.jpg\",\"contentUrl\":\"https:\/\/static.africa-press.net\/conakry\/sites\/63\/2022\/12\/Jokar1672247319.270073.jpg\",\"width\":889,\"height\":608,\"caption\":\"France : Auxerre prolonge le contrat du guin\u00e9en Ousmane Camara !\"},{\"@type\":\"BreadcrumbList\",\"@id\":\"https:\/\/www.africa-press.net\/guinee-conakry\/politique\/france-auxerre-prolonge-le-contrat-du-guineen-ousmane-camara#breadcrumb\",\"itemListElement\":[{\"@type\":\"ListItem\",\"position\":1,\"name\":\"Accueil\",\"item\":\"https:\/\/www.africa-press.net\/guinee-conakry\/\"},{\"@type\":\"ListItem\",\"position\":2,\"name\":\"France : Auxerre prolonge le contrat du guin\u00e9en Ousmane Camara !\"}]},{\"@type\":\"WebSite\",\"@id\":\"https:\/\/www.africa-press.net\/guinee-conakry\/#website\",\"url\":\"https:\/\/www.africa-press.net\/guinee-conakry\/\",\"name\":\"guinee Conakry\",\"description\":\"Just another Africa News Agency Sites site\",\"potentialAction\":[{\"@type\":\"SearchAction\",\"target\":{\"@type\":\"EntryPoint\",\"urlTemplate\":\"https:\/\/www.africa-press.net\/guinee-conakry\/?s={search_term_string}\"},\"query-input\":{\"@type\":\"PropertyValueSpecification\",\"valueRequired\":true,\"valueName\":\"search_term_string\"}}],\"inLanguage\":\"fr-FR\"},{\"@type\":\"Person\",\"@id\":\"https:\/\/www.africa-press.net\/guinee-conakry\/#\/schema\/person\/2b1cf3cd81a31e3cd26889ca66d677f1\",\"name\":\"cfeditorfr\"}]}<\/script>\n<!-- \/ Yoast SEO Premium plugin. -->","yoast_head_json":{"title":"France : Auxerre prolonge le contrat du guin\u00e9en Ousmane Camara ! - guinee Conakry","robots":{"index":"index","follow":"follow","max-snippet":"max-snippet:-1","max-image-preview":"max-image-preview:large","max-video-preview":"max-video-preview:-1"},"canonical":"https:\/\/www.africa-press.net\/guinee-conakry\/politique\/france-auxerre-prolonge-le-contrat-du-guineen-ousmane-camara","og_locale":"fr_FR","og_type":"article","og_title":"France : Auxerre prolonge le contrat du guin\u00e9en Ousmane Camara !","og_description":"Africa-Press &#8211; Guin\u00e9e. Le club franc\u0327ais Association de la jeunesse auxerroise (AJA) a officialise\u0301 hier, mardi 27 de\u0301cembre 2022, la prolongation du contrat d\u2019Ousmane Camara. Le guine\u0301en s\u2019engage a\u0300 nouveau avec son club formateur pour deux ans, plus une anne\u0301e en option d\u2019achat. Il est donc lie\u0301 au club icaunais jusqu\u2019en juin 2025 au minimum. [&hellip;]","og_url":"https:\/\/www.africa-press.net\/guinee-conakry\/politique\/france-auxerre-prolonge-le-contrat-du-guineen-ousmane-camara","og_site_name":"guinee Conakry","article_published_time":"2022-12-28T20:38:00+00:00","author":"cfeditorfr","twitter_card":"summary_large_image","twitter_misc":{"\u00c9crit par":"cfeditorfr","Dur\u00e9e de lecture estim\u00e9e":"1 minute"},"schema":{"@context":"https:\/\/schema.org","@graph":[{"@type":"Article","@id":"https:\/\/www.africa-press.net\/guinee-conakry\/politique\/france-auxerre-prolonge-le-contrat-du-guineen-ousmane-camara#article","isPartOf":{"@id":"https:\/\/www.africa-press.net\/guinee-conakry\/politique\/france-auxerre-prolonge-le-contrat-du-guineen-ousmane-camara"},"author":{"name":"cfeditorfr","@id":"https:\/\/www.africa-press.net\/guinee-conakry\/#\/schema\/person\/2b1cf3cd81a31e3cd26889ca66d677f1"},"headline":"France : Auxerre prolonge le contrat du guin\u00e9en Ousmane Camara !","datePublished":"2022-12-28T20:38:00+00:00","mainEntityOfPage":{"@id":"https:\/\/www.africa-press.net\/guinee-conakry\/politique\/france-auxerre-prolonge-le-contrat-du-guineen-ousmane-camara"},"wordCount":171,"commentCount":0,"image":{"@id":"https:\/\/www.africa-press.net\/guinee-conakry\/politique\/france-auxerre-prolonge-le-contrat-du-guineen-ousmane-camara#primaryimage"},"thumbnailUrl":"https:\/\/static.africa-press.net\/conakry\/sites\/63\/2022\/12\/Jokar1672247319.270073.jpg","keywords":["Africa Press","Africa Press-Guin\u00e9e","Guin\u00e9e"],"articleSection":["Sports","Toutes les actualit\u00e9s"],"inLanguage":"fr-FR","potentialAction":[{"@type":"CommentAction","name":"Comment","target":["https:\/\/www.africa-press.net\/guinee-conakry\/politique\/france-auxerre-prolonge-le-contrat-du-guineen-ousmane-camara#respond"]}]},{"@type":"WebPage","@id":"https:\/\/www.africa-press.net\/guinee-conakry\/politique\/france-auxerre-prolonge-le-contrat-du-guineen-ousmane-camara","url":"https:\/\/www.africa-press.net\/guinee-conakry\/politique\/france-auxerre-prolonge-le-contrat-du-guineen-ousmane-camara","name":"France : Auxerre prolonge le contrat du guin\u00e9en Ousmane Camara ! - guinee Conakry","isPartOf":{"@id":"https:\/\/www.africa-press.net\/guinee-conakry\/#website"},"primaryImageOfPage":{"@id":"https:\/\/www.africa-press.net\/guinee-conakry\/politique\/france-auxerre-prolonge-le-contrat-du-guineen-ousmane-camara#primaryimage"},"image":{"@id":"https:\/\/www.africa-press.net\/guinee-conakry\/politique\/france-auxerre-prolonge-le-contrat-du-guineen-ousmane-camara#primaryimage"},"thumbnailUrl":"https:\/\/static.africa-press.net\/conakry\/sites\/63\/2022\/12\/Jokar1672247319.270073.jpg","datePublished":"2022-12-28T20:38:00+00:00","author":{"@id":"https:\/\/www.africa-press.net\/guinee-conakry\/#\/schema\/person\/2b1cf3cd81a31e3cd26889ca66d677f1"},"breadcrumb":{"@id":"https:\/\/www.africa-press.net\/guinee-conakry\/politique\/france-auxerre-prolonge-le-contrat-du-guineen-ousmane-camara#breadcrumb"},"inLanguage":"fr-FR","potentialAction":[{"@type":"ReadAction","target":["https:\/\/www.africa-press.net\/guinee-conakry\/politique\/france-auxerre-prolonge-le-contrat-du-guineen-ousmane-camara"]}]},{"@type":"ImageObject","inLanguage":"fr-FR","@id":"https:\/\/www.africa-press.net\/guinee-conakry\/politique\/france-auxerre-prolonge-le-contrat-du-guineen-ousmane-camara#primaryimage","url":"https:\/\/static.africa-press.net\/conakry\/sites\/63\/2022\/12\/Jokar1672247319.270073.jpg","contentUrl":"https:\/\/static.africa-press.net\/conakry\/sites\/63\/2022\/12\/Jokar1672247319.270073.jpg","width":889,"height":608,"caption":"France : Auxerre prolonge le contrat du guin\u00e9en Ousmane Camara !"},{"@type":"BreadcrumbList","@id":"https:\/\/www.africa-press.net\/guinee-conakry\/politique\/france-auxerre-prolonge-le-contrat-du-guineen-ousmane-camara#breadcrumb","itemListElement":[{"@type":"ListItem","position":1,"name":"Accueil","item":"https:\/\/www.africa-press.net\/guinee-conakry\/"},{"@type":"ListItem","position":2,"name":"France : Auxerre prolonge le contrat du guin\u00e9en Ousmane Camara !"}]},{"@type":"WebSite","@id":"https:\/\/www.africa-press.net\/guinee-conakry\/#website","url":"https:\/\/www.africa-press.net\/guinee-conakry\/","name":"guinee Conakry","description":"Just another Africa News Agency Sites site","potentialAction":[{"@type":"SearchAction","target":{"@type":"EntryPoint","urlTemplate":"https:\/\/www.africa-press.net\/guinee-conakry\/?s={search_term_string}"},"query-input":{"@type":"PropertyValueSpecification","valueRequired":true,"valueName":"search_term_string"}}],"inLanguage":"fr-FR"},{"@type":"Person","@id":"https:\/\/www.africa-press.net\/guinee-conakry\/#\/schema\/person\/2b1cf3cd81a31e3cd26889ca66d677f1","name":"cfeditorfr"}]}},"_links":{"self":[{"href":"https:\/\/www.africa-press.net\/guinee-conakry\/wp-json\/wp\/v2\/posts\/11081","targetHints":{"allow":["GET"]}}],"collection":[{"href":"https:\/\/www.africa-press.net\/guinee-conakry\/wp-json\/wp\/v2\/posts"}],"about":[{"href":"https:\/\/www.africa-press.net\/guinee-conakry\/wp-json\/wp\/v2\/types\/post"}],"author":[{"embeddable":true,"href":"https:\/\/www.africa-press.net\/guinee-conakry\/wp-json\/wp\/v2\/users\/82"}],"replies":[{"embeddable":true,"href":"https:\/\/www.africa-press.net\/guinee-conakry\/wp-json\/wp\/v2\/comments?post=11081"}],"version-history":[{"count":0,"href":"https:\/\/www.africa-press.net\/guinee-conakry\/wp-json\/wp\/v2\/posts\/11081\/revisions"}],"wp:featuredmedia":[{"embeddable":true,"href":"https:\/\/www.africa-press.net\/guinee-conakry\/wp-json\/wp\/v2\/media\/11080"}],"wp:attachment":[{"href":"https:\/\/www.africa-press.net\/guinee-conakry\/wp-json\/wp\/v2\/media?parent=11081"}],"wp:term":[{"taxonomy":"category","embeddable":true,"href":"https:\/\/www.africa-press.net\/guinee-conakry\/wp-json\/wp\/v2\/categories?post=11081"},{"taxonomy":"post_tag","embeddable":true,"href":"https:\/\/www.africa-press.net\/guinee-conakry\/wp-json\/wp\/v2\/tags?post=11081"}],"curies":[{"name":"wp","href":"https:\/\/api.w.org\/{rel}","templated":true}]}}