{"id":11083,"date":"2022-12-28T20:40:00","date_gmt":"2022-12-28T20:40:00","guid":{"rendered":"https:\/\/www.africa-press.net\/guinee-conakry\/politique\/ambassade-de-guinee-a-rome-suspension-du-charge-de-lenrolement-pour-le-passeport"},"modified":"2022-12-28T20:40:00","modified_gmt":"2022-12-28T20:40:00","slug":"ambassade-de-guinee-a-rome-suspension-du-charge-de-lenrolement-pour-le-passeport","status":"publish","type":"post","link":"https:\/\/www.africa-press.net\/guinee-conakry\/politique\/ambassade-de-guinee-a-rome-suspension-du-charge-de-lenrolement-pour-le-passeport","title":{"rendered":"Ambassade de Guin\u00e9e \u00e0 Rome : suspension du charg\u00e9 de l\u2019enr\u00f4lement pour le passeport"},"content":{"rendered":"<p><span style=\"color: #ff6600\"><strong>Africa-Press &#8211; Guin\u00e9e. <\/strong><\/span>L\u2019ambassade de Guine\u0301e a\u0300 Rome vient de suspendre son agent consulaire charge\u0301 de l\u2019enro\u0302lement des demandeurs de passeport biome\u0301trique. L\u2019annonce vient d\u2019e\u0302tre faite par la repre\u0301sentation diplomatique, via un communique\u0301 publie\u0301 sur sa page facebook, a\u0300 l\u2019attention \u00ab des ressortissants guine\u0301ens \u00bb.<\/p>\n<p>Selon le document Monsieur Alpha Amadou Sow, c\u2019est son nom, \u00ab a e\u0301te\u0301 suspendu du service pour conduite inapproprie\u0301e en date du 16 de\u0301cembre 22\u00bb.<\/p>\n<p>Ce n\u2019est pas tout. \u00ab L\u2019ambassade invite la communaute\u0301 guine\u0301enne re\u0301sidant dans juridiction de Rome a\u0300 ne plus se re\u0301fe\u0301rer a\u0300 Monsieur Sow pour les services consulaires de quelque nature que ce soit, et de se re\u0301fe\u0301rer exclusivement a\u0300 l\u2019ambassade a\u0300 travers les canaux officiels&#8230;\u00bb, note-t-elle.<\/p>\n<p>Reste a\u0300 savoir si les mesures ne\u0301cessaires sont prises pour que cette de\u0301cision soit le de\u0301but de soulagement des compatriotes qui e\u0301prouvent des difficulte\u0301s pour se procurer le passeport biome\u0301trique a\u0300 Rome, a\u0300 l\u2019image de la plupart des autres ambassades.<\/p>\n<p><strong>Pour plus d&rsquo;informations et d&rsquo;analyses sur la <a href=\"https:\/\/www.africa-press.net\/guinee-conakry\">Guin\u00e9e<\/a>, suivez <a href=\"https:\/\/www.africa-press.net\/\">Africa-Press<\/a><\/strong><\/p>\n","protected":false},"excerpt":{"rendered":"<p>Africa-Press &#8211; Guin\u00e9e. L\u2019ambassade de Guine\u0301e a\u0300 Rome vient de suspendre son agent consulaire charge\u0301 de l\u2019enro\u0302lement des demandeurs de passeport biome\u0301trique. L\u2019annonce vient d\u2019e\u0302tre faite par la repre\u0301sentation diplomatique, via un communique\u0301 publie\u0301 sur sa page facebook, a\u0300 l\u2019attention \u00ab des ressortissants guine\u0301ens \u00bb. Selon le document Monsieur Alpha Amadou Sow, c\u2019est son nom, [&hellip;]<\/p>\n","protected":false},"author":82,"featured_media":11082,"comment_status":"open","ping_status":"closed","sticky":false,"template":"","format":"standard","meta":{"footnotes":""},"categories":[2,20],"tags":[36,57,58],"class_list":["post-11083","post","type-post","status-publish","format-standard","has-post-thumbnail","hentry","category-politique","category-top-nouvelles","tag-africa-press","tag-africa-press-guinee","tag-guinee"],"yoast_head":"<!-- This site is optimized with the Yoast SEO Premium plugin v26.1 (Yoast SEO v27.0) - https:\/\/yoast.com\/product\/yoast-seo-premium-wordpress\/ -->\n<title>Ambassade de Guin\u00e9e \u00e0 Rome : suspension du charg\u00e9 de l\u2019enr\u00f4lement pour le passeport - guinee Conakry<\/title>\n<meta name=\"robots\" content=\"index, follow, max-snippet:-1, max-image-preview:large, max-video-preview:-1\" \/>\n<link rel=\"canonical\" href=\"https:\/\/www.africa-press.net\/guinee-conakry\/politique\/ambassade-de-guinee-a-rome-suspension-du-charge-de-lenrolement-pour-le-passeport\" \/>\n<meta property=\"og:locale\" content=\"fr_FR\" \/>\n<meta property=\"og:type\" content=\"article\" \/>\n<meta property=\"og:title\" content=\"Ambassade de Guin\u00e9e \u00e0 Rome : suspension du charg\u00e9 de l\u2019enr\u00f4lement pour le passeport\" \/>\n<meta property=\"og:description\" content=\"Africa-Press &#8211; Guin\u00e9e. L\u2019ambassade de Guine\u0301e a\u0300 Rome vient de suspendre son agent consulaire charge\u0301 de l\u2019enro\u0302lement des demandeurs de passeport biome\u0301trique. L\u2019annonce vient d\u2019e\u0302tre faite par la repre\u0301sentation diplomatique, via un communique\u0301 publie\u0301 sur sa page facebook, a\u0300 l\u2019attention \u00ab des ressortissants guine\u0301ens \u00bb. Selon le document Monsieur Alpha Amadou Sow, c\u2019est son nom, [&hellip;]\" \/>\n<meta property=\"og:url\" content=\"https:\/\/www.africa-press.net\/guinee-conakry\/politique\/ambassade-de-guinee-a-rome-suspension-du-charge-de-lenrolement-pour-le-passeport\" \/>\n<meta property=\"og:site_name\" content=\"guinee Conakry\" \/>\n<meta property=\"article:published_time\" content=\"2022-12-28T20:40:00+00:00\" \/>\n<meta name=\"author\" content=\"cfeditorfr\" \/>\n<meta name=\"twitter:card\" content=\"summary_large_image\" \/>\n<meta name=\"twitter:label1\" content=\"\u00c9crit par\" \/>\n\t<meta name=\"twitter:data1\" content=\"cfeditorfr\" \/>\n\t<meta name=\"twitter:label2\" content=\"Dur\u00e9e de lecture estim\u00e9e\" \/>\n\t<meta name=\"twitter:data2\" content=\"1 minute\" \/>\n<script type=\"application\/ld+json\" class=\"yoast-schema-graph\">{\"@context\":\"https:\/\/schema.org\",\"@graph\":[{\"@type\":\"Article\",\"@id\":\"https:\/\/www.africa-press.net\/guinee-conakry\/politique\/ambassade-de-guinee-a-rome-suspension-du-charge-de-lenrolement-pour-le-passeport#article\",\"isPartOf\":{\"@id\":\"https:\/\/www.africa-press.net\/guinee-conakry\/politique\/ambassade-de-guinee-a-rome-suspension-du-charge-de-lenrolement-pour-le-passeport\"},\"author\":{\"name\":\"cfeditorfr\",\"@id\":\"https:\/\/www.africa-press.net\/guinee-conakry\/#\/schema\/person\/2b1cf3cd81a31e3cd26889ca66d677f1\"},\"headline\":\"Ambassade de Guin\u00e9e \u00e0 Rome : suspension du charg\u00e9 de l\u2019enr\u00f4lement pour le passeport\",\"datePublished\":\"2022-12-28T20:40:00+00:00\",\"mainEntityOfPage\":{\"@id\":\"https:\/\/www.africa-press.net\/guinee-conakry\/politique\/ambassade-de-guinee-a-rome-suspension-du-charge-de-lenrolement-pour-le-passeport\"},\"wordCount\":210,\"commentCount\":0,\"image\":{\"@id\":\"https:\/\/www.africa-press.net\/guinee-conakry\/politique\/ambassade-de-guinee-a-rome-suspension-du-charge-de-lenrolement-pour-le-passeport#primaryimage\"},\"thumbnailUrl\":\"https:\/\/static.africa-press.net\/conakry\/sites\/63\/2022\/12\/Jokar1672247431.257613.jpg\",\"keywords\":[\"Africa Press\",\"Africa Press-Guin\u00e9e\",\"Guin\u00e9e\"],\"articleSection\":[\"Politique\",\"Top Nouvelles\"],\"inLanguage\":\"fr-FR\",\"potentialAction\":[{\"@type\":\"CommentAction\",\"name\":\"Comment\",\"target\":[\"https:\/\/www.africa-press.net\/guinee-conakry\/politique\/ambassade-de-guinee-a-rome-suspension-du-charge-de-lenrolement-pour-le-passeport#respond\"]}]},{\"@type\":\"WebPage\",\"@id\":\"https:\/\/www.africa-press.net\/guinee-conakry\/politique\/ambassade-de-guinee-a-rome-suspension-du-charge-de-lenrolement-pour-le-passeport\",\"url\":\"https:\/\/www.africa-press.net\/guinee-conakry\/politique\/ambassade-de-guinee-a-rome-suspension-du-charge-de-lenrolement-pour-le-passeport\",\"name\":\"Ambassade de Guin\u00e9e \u00e0 Rome : suspension du charg\u00e9 de l\u2019enr\u00f4lement pour le passeport - guinee Conakry\",\"isPartOf\":{\"@id\":\"https:\/\/www.africa-press.net\/guinee-conakry\/#website\"},\"primaryImageOfPage\":{\"@id\":\"https:\/\/www.africa-press.net\/guinee-conakry\/politique\/ambassade-de-guinee-a-rome-suspension-du-charge-de-lenrolement-pour-le-passeport#primaryimage\"},\"image\":{\"@id\":\"https:\/\/www.africa-press.net\/guinee-conakry\/politique\/ambassade-de-guinee-a-rome-suspension-du-charge-de-lenrolement-pour-le-passeport#primaryimage\"},\"thumbnailUrl\":\"https:\/\/static.africa-press.net\/conakry\/sites\/63\/2022\/12\/Jokar1672247431.257613.jpg\",\"datePublished\":\"2022-12-28T20:40:00+00:00\",\"author\":{\"@id\":\"https:\/\/www.africa-press.net\/guinee-conakry\/#\/schema\/person\/2b1cf3cd81a31e3cd26889ca66d677f1\"},\"breadcrumb\":{\"@id\":\"https:\/\/www.africa-press.net\/guinee-conakry\/politique\/ambassade-de-guinee-a-rome-suspension-du-charge-de-lenrolement-pour-le-passeport#breadcrumb\"},\"inLanguage\":\"fr-FR\",\"potentialAction\":[{\"@type\":\"ReadAction\",\"target\":[\"https:\/\/www.africa-press.net\/guinee-conakry\/politique\/ambassade-de-guinee-a-rome-suspension-du-charge-de-lenrolement-pour-le-passeport\"]}]},{\"@type\":\"ImageObject\",\"inLanguage\":\"fr-FR\",\"@id\":\"https:\/\/www.africa-press.net\/guinee-conakry\/politique\/ambassade-de-guinee-a-rome-suspension-du-charge-de-lenrolement-pour-le-passeport#primaryimage\",\"url\":\"https:\/\/static.africa-press.net\/conakry\/sites\/63\/2022\/12\/Jokar1672247431.257613.jpg\",\"contentUrl\":\"https:\/\/static.africa-press.net\/conakry\/sites\/63\/2022\/12\/Jokar1672247431.257613.jpg\",\"width\":480,\"height\":480,\"caption\":\"Ambassade de Guin\u00e9e \u00e0 Rome : suspension du charg\u00e9 de l\u2019enr\u00f4lement pour le passeport\"},{\"@type\":\"BreadcrumbList\",\"@id\":\"https:\/\/www.africa-press.net\/guinee-conakry\/politique\/ambassade-de-guinee-a-rome-suspension-du-charge-de-lenrolement-pour-le-passeport#breadcrumb\",\"itemListElement\":[{\"@type\":\"ListItem\",\"position\":1,\"name\":\"Accueil\",\"item\":\"https:\/\/www.africa-press.net\/guinee-conakry\/\"},{\"@type\":\"ListItem\",\"position\":2,\"name\":\"Ambassade de Guin\u00e9e \u00e0 Rome : suspension du charg\u00e9 de l\u2019enr\u00f4lement pour le passeport\"}]},{\"@type\":\"WebSite\",\"@id\":\"https:\/\/www.africa-press.net\/guinee-conakry\/#website\",\"url\":\"https:\/\/www.africa-press.net\/guinee-conakry\/\",\"name\":\"guinee Conakry\",\"description\":\"Just another Africa News Agency Sites site\",\"potentialAction\":[{\"@type\":\"SearchAction\",\"target\":{\"@type\":\"EntryPoint\",\"urlTemplate\":\"https:\/\/www.africa-press.net\/guinee-conakry\/?s={search_term_string}\"},\"query-input\":{\"@type\":\"PropertyValueSpecification\",\"valueRequired\":true,\"valueName\":\"search_term_string\"}}],\"inLanguage\":\"fr-FR\"},{\"@type\":\"Person\",\"@id\":\"https:\/\/www.africa-press.net\/guinee-conakry\/#\/schema\/person\/2b1cf3cd81a31e3cd26889ca66d677f1\",\"name\":\"cfeditorfr\"}]}<\/script>\n<!-- \/ Yoast SEO Premium plugin. -->","yoast_head_json":{"title":"Ambassade de Guin\u00e9e \u00e0 Rome : suspension du charg\u00e9 de l\u2019enr\u00f4lement pour le passeport - guinee Conakry","robots":{"index":"index","follow":"follow","max-snippet":"max-snippet:-1","max-image-preview":"max-image-preview:large","max-video-preview":"max-video-preview:-1"},"canonical":"https:\/\/www.africa-press.net\/guinee-conakry\/politique\/ambassade-de-guinee-a-rome-suspension-du-charge-de-lenrolement-pour-le-passeport","og_locale":"fr_FR","og_type":"article","og_title":"Ambassade de Guin\u00e9e \u00e0 Rome : suspension du charg\u00e9 de l\u2019enr\u00f4lement pour le passeport","og_description":"Africa-Press &#8211; Guin\u00e9e. L\u2019ambassade de Guine\u0301e a\u0300 Rome vient de suspendre son agent consulaire charge\u0301 de l\u2019enro\u0302lement des demandeurs de passeport biome\u0301trique. L\u2019annonce vient d\u2019e\u0302tre faite par la repre\u0301sentation diplomatique, via un communique\u0301 publie\u0301 sur sa page facebook, a\u0300 l\u2019attention \u00ab des ressortissants guine\u0301ens \u00bb. Selon le document Monsieur Alpha Amadou Sow, c\u2019est son nom, [&hellip;]","og_url":"https:\/\/www.africa-press.net\/guinee-conakry\/politique\/ambassade-de-guinee-a-rome-suspension-du-charge-de-lenrolement-pour-le-passeport","og_site_name":"guinee Conakry","article_published_time":"2022-12-28T20:40:00+00:00","author":"cfeditorfr","twitter_card":"summary_large_image","twitter_misc":{"\u00c9crit par":"cfeditorfr","Dur\u00e9e de lecture estim\u00e9e":"1 minute"},"schema":{"@context":"https:\/\/schema.org","@graph":[{"@type":"Article","@id":"https:\/\/www.africa-press.net\/guinee-conakry\/politique\/ambassade-de-guinee-a-rome-suspension-du-charge-de-lenrolement-pour-le-passeport#article","isPartOf":{"@id":"https:\/\/www.africa-press.net\/guinee-conakry\/politique\/ambassade-de-guinee-a-rome-suspension-du-charge-de-lenrolement-pour-le-passeport"},"author":{"name":"cfeditorfr","@id":"https:\/\/www.africa-press.net\/guinee-conakry\/#\/schema\/person\/2b1cf3cd81a31e3cd26889ca66d677f1"},"headline":"Ambassade de Guin\u00e9e \u00e0 Rome : suspension du charg\u00e9 de l\u2019enr\u00f4lement pour le passeport","datePublished":"2022-12-28T20:40:00+00:00","mainEntityOfPage":{"@id":"https:\/\/www.africa-press.net\/guinee-conakry\/politique\/ambassade-de-guinee-a-rome-suspension-du-charge-de-lenrolement-pour-le-passeport"},"wordCount":210,"commentCount":0,"image":{"@id":"https:\/\/www.africa-press.net\/guinee-conakry\/politique\/ambassade-de-guinee-a-rome-suspension-du-charge-de-lenrolement-pour-le-passeport#primaryimage"},"thumbnailUrl":"https:\/\/static.africa-press.net\/conakry\/sites\/63\/2022\/12\/Jokar1672247431.257613.jpg","keywords":["Africa Press","Africa Press-Guin\u00e9e","Guin\u00e9e"],"articleSection":["Politique","Top Nouvelles"],"inLanguage":"fr-FR","potentialAction":[{"@type":"CommentAction","name":"Comment","target":["https:\/\/www.africa-press.net\/guinee-conakry\/politique\/ambassade-de-guinee-a-rome-suspension-du-charge-de-lenrolement-pour-le-passeport#respond"]}]},{"@type":"WebPage","@id":"https:\/\/www.africa-press.net\/guinee-conakry\/politique\/ambassade-de-guinee-a-rome-suspension-du-charge-de-lenrolement-pour-le-passeport","url":"https:\/\/www.africa-press.net\/guinee-conakry\/politique\/ambassade-de-guinee-a-rome-suspension-du-charge-de-lenrolement-pour-le-passeport","name":"Ambassade de Guin\u00e9e \u00e0 Rome : suspension du charg\u00e9 de l\u2019enr\u00f4lement pour le passeport - guinee Conakry","isPartOf":{"@id":"https:\/\/www.africa-press.net\/guinee-conakry\/#website"},"primaryImageOfPage":{"@id":"https:\/\/www.africa-press.net\/guinee-conakry\/politique\/ambassade-de-guinee-a-rome-suspension-du-charge-de-lenrolement-pour-le-passeport#primaryimage"},"image":{"@id":"https:\/\/www.africa-press.net\/guinee-conakry\/politique\/ambassade-de-guinee-a-rome-suspension-du-charge-de-lenrolement-pour-le-passeport#primaryimage"},"thumbnailUrl":"https:\/\/static.africa-press.net\/conakry\/sites\/63\/2022\/12\/Jokar1672247431.257613.jpg","datePublished":"2022-12-28T20:40:00+00:00","author":{"@id":"https:\/\/www.africa-press.net\/guinee-conakry\/#\/schema\/person\/2b1cf3cd81a31e3cd26889ca66d677f1"},"breadcrumb":{"@id":"https:\/\/www.africa-press.net\/guinee-conakry\/politique\/ambassade-de-guinee-a-rome-suspension-du-charge-de-lenrolement-pour-le-passeport#breadcrumb"},"inLanguage":"fr-FR","potentialAction":[{"@type":"ReadAction","target":["https:\/\/www.africa-press.net\/guinee-conakry\/politique\/ambassade-de-guinee-a-rome-suspension-du-charge-de-lenrolement-pour-le-passeport"]}]},{"@type":"ImageObject","inLanguage":"fr-FR","@id":"https:\/\/www.africa-press.net\/guinee-conakry\/politique\/ambassade-de-guinee-a-rome-suspension-du-charge-de-lenrolement-pour-le-passeport#primaryimage","url":"https:\/\/static.africa-press.net\/conakry\/sites\/63\/2022\/12\/Jokar1672247431.257613.jpg","contentUrl":"https:\/\/static.africa-press.net\/conakry\/sites\/63\/2022\/12\/Jokar1672247431.257613.jpg","width":480,"height":480,"caption":"Ambassade de Guin\u00e9e \u00e0 Rome : suspension du charg\u00e9 de l\u2019enr\u00f4lement pour le passeport"},{"@type":"BreadcrumbList","@id":"https:\/\/www.africa-press.net\/guinee-conakry\/politique\/ambassade-de-guinee-a-rome-suspension-du-charge-de-lenrolement-pour-le-passeport#breadcrumb","itemListElement":[{"@type":"ListItem","position":1,"name":"Accueil","item":"https:\/\/www.africa-press.net\/guinee-conakry\/"},{"@type":"ListItem","position":2,"name":"Ambassade de Guin\u00e9e \u00e0 Rome : suspension du charg\u00e9 de l\u2019enr\u00f4lement pour le passeport"}]},{"@type":"WebSite","@id":"https:\/\/www.africa-press.net\/guinee-conakry\/#website","url":"https:\/\/www.africa-press.net\/guinee-conakry\/","name":"guinee Conakry","description":"Just another Africa News Agency Sites site","potentialAction":[{"@type":"SearchAction","target":{"@type":"EntryPoint","urlTemplate":"https:\/\/www.africa-press.net\/guinee-conakry\/?s={search_term_string}"},"query-input":{"@type":"PropertyValueSpecification","valueRequired":true,"valueName":"search_term_string"}}],"inLanguage":"fr-FR"},{"@type":"Person","@id":"https:\/\/www.africa-press.net\/guinee-conakry\/#\/schema\/person\/2b1cf3cd81a31e3cd26889ca66d677f1","name":"cfeditorfr"}]}},"_links":{"self":[{"href":"https:\/\/www.africa-press.net\/guinee-conakry\/wp-json\/wp\/v2\/posts\/11083","targetHints":{"allow":["GET"]}}],"collection":[{"href":"https:\/\/www.africa-press.net\/guinee-conakry\/wp-json\/wp\/v2\/posts"}],"about":[{"href":"https:\/\/www.africa-press.net\/guinee-conakry\/wp-json\/wp\/v2\/types\/post"}],"author":[{"embeddable":true,"href":"https:\/\/www.africa-press.net\/guinee-conakry\/wp-json\/wp\/v2\/users\/82"}],"replies":[{"embeddable":true,"href":"https:\/\/www.africa-press.net\/guinee-conakry\/wp-json\/wp\/v2\/comments?post=11083"}],"version-history":[{"count":0,"href":"https:\/\/www.africa-press.net\/guinee-conakry\/wp-json\/wp\/v2\/posts\/11083\/revisions"}],"wp:featuredmedia":[{"embeddable":true,"href":"https:\/\/www.africa-press.net\/guinee-conakry\/wp-json\/wp\/v2\/media\/11082"}],"wp:attachment":[{"href":"https:\/\/www.africa-press.net\/guinee-conakry\/wp-json\/wp\/v2\/media?parent=11083"}],"wp:term":[{"taxonomy":"category","embeddable":true,"href":"https:\/\/www.africa-press.net\/guinee-conakry\/wp-json\/wp\/v2\/categories?post=11083"},{"taxonomy":"post_tag","embeddable":true,"href":"https:\/\/www.africa-press.net\/guinee-conakry\/wp-json\/wp\/v2\/tags?post=11083"}],"curies":[{"name":"wp","href":"https:\/\/api.w.org\/{rel}","templated":true}]}}