{"id":11085,"date":"2022-12-29T18:45:00","date_gmt":"2022-12-29T18:45:00","guid":{"rendered":"https:\/\/www.africa-press.net\/guinee-conakry\/politique\/le-prefet-de-mamou-le-chef-du-quartier-de-kaporo-juges-pour-rebellion-violences"},"modified":"2022-12-29T18:45:00","modified_gmt":"2022-12-29T18:45:00","slug":"le-prefet-de-mamou-le-chef-du-quartier-de-kaporo-juges-pour-rebellion-violences","status":"publish","type":"post","link":"https:\/\/www.africa-press.net\/guinee-conakry\/politique\/le-prefet-de-mamou-le-chef-du-quartier-de-kaporo-juges-pour-rebellion-violences","title":{"rendered":"le pr\u00e9fet de Mamou, le chef du quartier de Kaporo jug\u00e9s pour r\u00e9bellion, violences\u2026"},"content":{"rendered":"<p><span style=\"color: #ff6600\"><strong>Africa-Press &#8211; Guin\u00e9e. <\/strong><\/span>L\u2019actuel pre\u0301fet de Mamou, le Colonel Mamadi Diallo ; son fre\u0300re, Alex Mamadi Diallo ; le chef du quartier Kaporo, Alseny Zahoui Soumah ; son adjoint, Elhadj Naby Bangoura, et plusieurs autres sont trimbale\u0301s en justice. Ils sont poursuivis devant le tribunal de premie\u0300re de Dixinn pour avoir empe\u0302che\u0301 l\u2019exe\u0301cution d\u2019une de\u0301cision de justice. Leur proce\u0300s s\u2019est ouvert ce jeudi, 29 de\u0301cembre 2022, ou\u0300 ils vont re\u0301pondre des faits de re\u0301bellion, violences, injures publiques, menaces de mort, destruction d\u2019e\u0301difices prive\u0301s et vol.<\/p>\n<p>Les parties civiles dans cette affaire sont Elhadj Baba Galle\u0301 Camara et l\u2019huissier de justice, mai\u0302tre Mamadou Aliou Balde\u0301. Dans cette affaire, on reproche au Colonel Mamadi Diallo et a\u0300 ses acolytes de s\u2019e\u0302tre oppose\u0301s avec violence a\u0300 mai\u0302tre Mamadou Aliou Balde\u0301, huissier de justice. Ce dernier e\u0301tait venu, avec une e\u0301quipe de policiers, exe\u0301cuter une de\u0301cision de justice au marche\u0301 de Kaporo, dans la commune de Ratoma. De\u0301cision dans laquelle la justice avait ordonne\u0301 la de\u0301molition des ba\u0302timents construits par Alex Mamadi Diallo sur la proprie\u0301te\u0301 de Elhadj Baba Galle\u0301 Camara, a-t-on appris.<\/p>\n<p>Au cours de leurs de\u0301positions lors de l\u2019audience pre\u0301ce\u0301dente, aucun des pre\u0301venus n\u2019avait reconnu les faits. Au me\u0302me titre que les autres, Alex Mamadi Diallo, qui a fait sa de\u0301position ce jeudi devant le juge audiencier, Amadou Sy, a e\u0301galement rejete\u0301 en bloc les faits articule\u0301s contre lui. Il a tout d\u2019abord rappele\u0301 que c\u2019est lui qui a construit les 10 magasins qui font l\u2019objet de de\u0301molition par une de\u0301cision de justice. Selon lui, le jour ou\u0300 l\u2019huissier et son e\u0301quipe sont alle\u0301s sur le terrain pour exe\u0301cuter la de\u0301cision de justice, il n\u2019e\u0301tait pas physiquement pre\u0301sent. \u00ab C\u2019est moi qui ai construit sur les lieux. C\u2019est la mairie qui m\u2019a octroye\u0301 les lieux en 2009. Depuis 2009, j\u2019ai commence\u0301 a\u0300 faire les travaux. J\u2019ai construit 10 magasins au marche\u0301 de Kaporo. Depuis que j\u2019ai commence\u0301 a\u0300 construire jusqu\u2019a\u0300 la fin des travaux, personne n\u2019est venu me dire que les lieux lui appartiennent. C\u2019est mon fre\u0300re qui a suivi tous les travaux, mais personne ne lui a dit d\u2019arre\u0302ter les travaux. C\u2019est apre\u0300s avoir ba\u0302ti les 10 magasins que j\u2019ai rec\u0327u, en 2015, la premie\u0300re convocation soi-disant que le domaine appartient a\u0300 Elhadj Baba Galle\u0301. Et apre\u0300s, on nous dit qu\u2019une de\u0301cision de justice a e\u0301te\u0301 rendue accordant la proprie\u0301te\u0301 des lieux a\u0300 Elhadj Baba Galle\u0301. Mais il se trouve que moi j\u2019ai de\u0301ja\u0300 fini de construire. Le juge Morlaye nous a dit que je n\u2019ai pas le droit de toucher quelque chose la\u0300-bas et de ne pas mettre les pieds sur les lieux. C\u2019est pourquoi, le jour ou\u0300 l\u2019huissier est venu, je n\u2019e\u0301tais pas sur les lieux. Ce sont mes enfants et mon fre\u0300re qui e\u0301taient venus re\u0301cupe\u0301rer les biens dans les magasins qui e\u0301taient ferme\u0301s. Ce n\u2019est pas aussi sur mes instructions que mon fre\u0300re et mes enfants se sont rendus sur les lieux pour re\u0301cupe\u0301rer mes biens. Et personne ne s\u2019est oppose\u0301 a\u0300 l\u2019huissier avec force \u00bb, soutient Alex Mamadi Diallo.<\/p>\n<p>Des propos balaye\u0301s d\u2019un revers de main par Me Mamadou Aliou Balde\u0301, l\u2019une des parties civiles dans cette affaire. L\u2019huissier de justice dit avoir e\u0301te\u0301 empe\u0302che\u0301 de faire son travail par Alex Mamadi Diallo, qui e\u0301tait physiquement pre\u0301sent sur les lieux, tout comme son fre\u0300re, le Colonel Mamadi Diallo, actuel pre\u0301fet de Mamou, Commandant adjoint de la gendarmerie de la zone de Conakry a\u0300 l\u2019e\u0301poque. L\u2019huissier soutient e\u0301galement que le chef de quartier de Kaporo Alseny Zahoui Soumah et son adjoint, Elhadj Naby Bangoura e\u0301taient pre\u0301sents ce jour. \u00ab Je suis venu sur les lieux, accompagne\u0301 de 10 policiers du commissariat central de Ratoma. On a commence\u0301 la de\u0301molition. Parce qu\u2019il s\u2019agissait de de\u0301molir les ba\u0302timents. Aussito\u0302t, j\u2019ai vu Alex Mamadi Diallo ; son fre\u0300re, le Colonel Mamadi Diallo ; le chef de quartier, Alseny Zahoui Soumah ; son adjoint, Naby Bangoura et plusieurs autres personnes. Le Colonel Mamadi Diallo est venu avec 4 pick-up remplis des gendarmes. Les 10 policiers qui e\u0301taient avec nous ont quitte\u0301. Alex Mamadi Diallo donnait l\u2019ordre aux gendarmes de prendre les portes. Le chef de quartier a retire\u0301 les documents de mes mains. Il nous a intime\u0301 d\u2019arre\u0302ter la machine. Le chef de quartier a dit que la population de Kaporo va nous bru\u0302ler aujourd\u2019hui. Ils ont incite\u0301 les femmes vendeuses du marche\u0301 de Kaporo a\u0300 nous agresser. On a e\u0301te\u0301 empe\u0302che\u0301 de faire notre travail. Heureusement, on a fui \u00bb, a dit a\u0300 la barre mai\u0302tre Balde\u0301.<\/p>\n<p>Le tribunal a de\u0301clare\u0301 les de\u0301bats clos avant de renvoyer l\u2019affaire au 12 janvier 2023 pour les re\u0301quisitions et plaidoiries. Tous les pre\u0301venus comparaissent libres.<\/p>\n<p><strong>Pour plus d&rsquo;informations et d&rsquo;analyses sur la <a href=\"https:\/\/www.africa-press.net\/guinee-conakry\">Guin\u00e9e<\/a>, suivez <a href=\"https:\/\/www.africa-press.net\/\">Africa-Press<\/a><\/strong><\/p>\n","protected":false},"excerpt":{"rendered":"<p>Africa-Press &#8211; Guin\u00e9e. L\u2019actuel pre\u0301fet de Mamou, le Colonel Mamadi Diallo ; son fre\u0300re, Alex Mamadi Diallo ; le chef du quartier Kaporo, Alseny Zahoui Soumah ; son adjoint, Elhadj Naby Bangoura, et plusieurs autres sont trimbale\u0301s en justice. Ils sont poursuivis devant le tribunal de premie\u0300re de Dixinn pour avoir empe\u0302che\u0301 l\u2019exe\u0301cution d\u2019une de\u0301cision [&hellip;]<\/p>\n","protected":false},"author":82,"featured_media":11084,"comment_status":"open","ping_status":"closed","sticky":false,"template":"","format":"standard","meta":{"footnotes":""},"categories":[2,10],"tags":[36,57,58],"class_list":["post-11085","post","type-post","status-publish","format-standard","has-post-thumbnail","hentry","category-politique","category-toutes-les-actualites","tag-africa-press","tag-africa-press-guinee","tag-guinee"],"yoast_head":"<!-- This site is optimized with the Yoast SEO Premium plugin v26.1 (Yoast SEO v27.0) - https:\/\/yoast.com\/product\/yoast-seo-premium-wordpress\/ -->\n<title>le pr\u00e9fet de Mamou, le chef du quartier de Kaporo jug\u00e9s pour r\u00e9bellion, violences\u2026 - guinee Conakry<\/title>\n<meta name=\"robots\" content=\"index, follow, max-snippet:-1, max-image-preview:large, max-video-preview:-1\" \/>\n<link rel=\"canonical\" href=\"https:\/\/www.africa-press.net\/guinee-conakry\/politique\/le-prefet-de-mamou-le-chef-du-quartier-de-kaporo-juges-pour-rebellion-violences\" \/>\n<meta property=\"og:locale\" content=\"fr_FR\" \/>\n<meta property=\"og:type\" content=\"article\" \/>\n<meta property=\"og:title\" content=\"le pr\u00e9fet de Mamou, le chef du quartier de Kaporo jug\u00e9s pour r\u00e9bellion, violences\u2026\" \/>\n<meta property=\"og:description\" content=\"Africa-Press &#8211; Guin\u00e9e. L\u2019actuel pre\u0301fet de Mamou, le Colonel Mamadi Diallo ; son fre\u0300re, Alex Mamadi Diallo ; le chef du quartier Kaporo, Alseny Zahoui Soumah ; son adjoint, Elhadj Naby Bangoura, et plusieurs autres sont trimbale\u0301s en justice. Ils sont poursuivis devant le tribunal de premie\u0300re de Dixinn pour avoir empe\u0302che\u0301 l\u2019exe\u0301cution d\u2019une de\u0301cision [&hellip;]\" \/>\n<meta property=\"og:url\" content=\"https:\/\/www.africa-press.net\/guinee-conakry\/politique\/le-prefet-de-mamou-le-chef-du-quartier-de-kaporo-juges-pour-rebellion-violences\" \/>\n<meta property=\"og:site_name\" content=\"guinee Conakry\" \/>\n<meta property=\"article:published_time\" content=\"2022-12-29T18:45:00+00:00\" \/>\n<meta name=\"author\" content=\"cfeditorfr\" \/>\n<meta name=\"twitter:card\" content=\"summary_large_image\" \/>\n<meta name=\"twitter:label1\" content=\"\u00c9crit par\" \/>\n\t<meta name=\"twitter:data1\" content=\"cfeditorfr\" \/>\n\t<meta name=\"twitter:label2\" content=\"Dur\u00e9e de lecture estim\u00e9e\" \/>\n\t<meta name=\"twitter:data2\" content=\"4 minutes\" \/>\n<script type=\"application\/ld+json\" class=\"yoast-schema-graph\">{\"@context\":\"https:\/\/schema.org\",\"@graph\":[{\"@type\":\"Article\",\"@id\":\"https:\/\/www.africa-press.net\/guinee-conakry\/politique\/le-prefet-de-mamou-le-chef-du-quartier-de-kaporo-juges-pour-rebellion-violences#article\",\"isPartOf\":{\"@id\":\"https:\/\/www.africa-press.net\/guinee-conakry\/politique\/le-prefet-de-mamou-le-chef-du-quartier-de-kaporo-juges-pour-rebellion-violences\"},\"author\":{\"name\":\"cfeditorfr\",\"@id\":\"https:\/\/www.africa-press.net\/guinee-conakry\/#\/schema\/person\/2b1cf3cd81a31e3cd26889ca66d677f1\"},\"headline\":\"le pr\u00e9fet de Mamou, le chef du quartier de Kaporo jug\u00e9s pour r\u00e9bellion, violences\u2026\",\"datePublished\":\"2022-12-29T18:45:00+00:00\",\"mainEntityOfPage\":{\"@id\":\"https:\/\/www.africa-press.net\/guinee-conakry\/politique\/le-prefet-de-mamou-le-chef-du-quartier-de-kaporo-juges-pour-rebellion-violences\"},\"wordCount\":916,\"commentCount\":0,\"image\":{\"@id\":\"https:\/\/www.africa-press.net\/guinee-conakry\/politique\/le-prefet-de-mamou-le-chef-du-quartier-de-kaporo-juges-pour-rebellion-violences#primaryimage\"},\"thumbnailUrl\":\"https:\/\/static.africa-press.net\/conakry\/sites\/63\/2022\/12\/Jokar1672326947.324917.jpg\",\"keywords\":[\"Africa Press\",\"Africa Press-Guin\u00e9e\",\"Guin\u00e9e\"],\"articleSection\":[\"Politique\",\"Toutes les actualit\u00e9s\"],\"inLanguage\":\"fr-FR\",\"potentialAction\":[{\"@type\":\"CommentAction\",\"name\":\"Comment\",\"target\":[\"https:\/\/www.africa-press.net\/guinee-conakry\/politique\/le-prefet-de-mamou-le-chef-du-quartier-de-kaporo-juges-pour-rebellion-violences#respond\"]}]},{\"@type\":\"WebPage\",\"@id\":\"https:\/\/www.africa-press.net\/guinee-conakry\/politique\/le-prefet-de-mamou-le-chef-du-quartier-de-kaporo-juges-pour-rebellion-violences\",\"url\":\"https:\/\/www.africa-press.net\/guinee-conakry\/politique\/le-prefet-de-mamou-le-chef-du-quartier-de-kaporo-juges-pour-rebellion-violences\",\"name\":\"le pr\u00e9fet de Mamou, le chef du quartier de Kaporo jug\u00e9s pour r\u00e9bellion, violences\u2026 - guinee Conakry\",\"isPartOf\":{\"@id\":\"https:\/\/www.africa-press.net\/guinee-conakry\/#website\"},\"primaryImageOfPage\":{\"@id\":\"https:\/\/www.africa-press.net\/guinee-conakry\/politique\/le-prefet-de-mamou-le-chef-du-quartier-de-kaporo-juges-pour-rebellion-violences#primaryimage\"},\"image\":{\"@id\":\"https:\/\/www.africa-press.net\/guinee-conakry\/politique\/le-prefet-de-mamou-le-chef-du-quartier-de-kaporo-juges-pour-rebellion-violences#primaryimage\"},\"thumbnailUrl\":\"https:\/\/static.africa-press.net\/conakry\/sites\/63\/2022\/12\/Jokar1672326947.324917.jpg\",\"datePublished\":\"2022-12-29T18:45:00+00:00\",\"author\":{\"@id\":\"https:\/\/www.africa-press.net\/guinee-conakry\/#\/schema\/person\/2b1cf3cd81a31e3cd26889ca66d677f1\"},\"breadcrumb\":{\"@id\":\"https:\/\/www.africa-press.net\/guinee-conakry\/politique\/le-prefet-de-mamou-le-chef-du-quartier-de-kaporo-juges-pour-rebellion-violences#breadcrumb\"},\"inLanguage\":\"fr-FR\",\"potentialAction\":[{\"@type\":\"ReadAction\",\"target\":[\"https:\/\/www.africa-press.net\/guinee-conakry\/politique\/le-prefet-de-mamou-le-chef-du-quartier-de-kaporo-juges-pour-rebellion-violences\"]}]},{\"@type\":\"ImageObject\",\"inLanguage\":\"fr-FR\",\"@id\":\"https:\/\/www.africa-press.net\/guinee-conakry\/politique\/le-prefet-de-mamou-le-chef-du-quartier-de-kaporo-juges-pour-rebellion-violences#primaryimage\",\"url\":\"https:\/\/static.africa-press.net\/conakry\/sites\/63\/2022\/12\/Jokar1672326947.324917.jpg\",\"contentUrl\":\"https:\/\/static.africa-press.net\/conakry\/sites\/63\/2022\/12\/Jokar1672326947.324917.jpg\",\"width\":1179,\"height\":1280,\"caption\":\"le pr\u00e9fet de Mamou, le chef du quartier de Kaporo jug\u00e9s pour r\u00e9bellion, violences\u2026\"},{\"@type\":\"BreadcrumbList\",\"@id\":\"https:\/\/www.africa-press.net\/guinee-conakry\/politique\/le-prefet-de-mamou-le-chef-du-quartier-de-kaporo-juges-pour-rebellion-violences#breadcrumb\",\"itemListElement\":[{\"@type\":\"ListItem\",\"position\":1,\"name\":\"Accueil\",\"item\":\"https:\/\/www.africa-press.net\/guinee-conakry\/\"},{\"@type\":\"ListItem\",\"position\":2,\"name\":\"le pr\u00e9fet de Mamou, le chef du quartier de Kaporo jug\u00e9s pour r\u00e9bellion, violences\u2026\"}]},{\"@type\":\"WebSite\",\"@id\":\"https:\/\/www.africa-press.net\/guinee-conakry\/#website\",\"url\":\"https:\/\/www.africa-press.net\/guinee-conakry\/\",\"name\":\"guinee Conakry\",\"description\":\"Just another Africa News Agency Sites site\",\"potentialAction\":[{\"@type\":\"SearchAction\",\"target\":{\"@type\":\"EntryPoint\",\"urlTemplate\":\"https:\/\/www.africa-press.net\/guinee-conakry\/?s={search_term_string}\"},\"query-input\":{\"@type\":\"PropertyValueSpecification\",\"valueRequired\":true,\"valueName\":\"search_term_string\"}}],\"inLanguage\":\"fr-FR\"},{\"@type\":\"Person\",\"@id\":\"https:\/\/www.africa-press.net\/guinee-conakry\/#\/schema\/person\/2b1cf3cd81a31e3cd26889ca66d677f1\",\"name\":\"cfeditorfr\"}]}<\/script>\n<!-- \/ Yoast SEO Premium plugin. -->","yoast_head_json":{"title":"le pr\u00e9fet de Mamou, le chef du quartier de Kaporo jug\u00e9s pour r\u00e9bellion, violences\u2026 - guinee Conakry","robots":{"index":"index","follow":"follow","max-snippet":"max-snippet:-1","max-image-preview":"max-image-preview:large","max-video-preview":"max-video-preview:-1"},"canonical":"https:\/\/www.africa-press.net\/guinee-conakry\/politique\/le-prefet-de-mamou-le-chef-du-quartier-de-kaporo-juges-pour-rebellion-violences","og_locale":"fr_FR","og_type":"article","og_title":"le pr\u00e9fet de Mamou, le chef du quartier de Kaporo jug\u00e9s pour r\u00e9bellion, violences\u2026","og_description":"Africa-Press &#8211; Guin\u00e9e. L\u2019actuel pre\u0301fet de Mamou, le Colonel Mamadi Diallo ; son fre\u0300re, Alex Mamadi Diallo ; le chef du quartier Kaporo, Alseny Zahoui Soumah ; son adjoint, Elhadj Naby Bangoura, et plusieurs autres sont trimbale\u0301s en justice. Ils sont poursuivis devant le tribunal de premie\u0300re de Dixinn pour avoir empe\u0302che\u0301 l\u2019exe\u0301cution d\u2019une de\u0301cision [&hellip;]","og_url":"https:\/\/www.africa-press.net\/guinee-conakry\/politique\/le-prefet-de-mamou-le-chef-du-quartier-de-kaporo-juges-pour-rebellion-violences","og_site_name":"guinee Conakry","article_published_time":"2022-12-29T18:45:00+00:00","author":"cfeditorfr","twitter_card":"summary_large_image","twitter_misc":{"\u00c9crit par":"cfeditorfr","Dur\u00e9e de lecture estim\u00e9e":"4 minutes"},"schema":{"@context":"https:\/\/schema.org","@graph":[{"@type":"Article","@id":"https:\/\/www.africa-press.net\/guinee-conakry\/politique\/le-prefet-de-mamou-le-chef-du-quartier-de-kaporo-juges-pour-rebellion-violences#article","isPartOf":{"@id":"https:\/\/www.africa-press.net\/guinee-conakry\/politique\/le-prefet-de-mamou-le-chef-du-quartier-de-kaporo-juges-pour-rebellion-violences"},"author":{"name":"cfeditorfr","@id":"https:\/\/www.africa-press.net\/guinee-conakry\/#\/schema\/person\/2b1cf3cd81a31e3cd26889ca66d677f1"},"headline":"le pr\u00e9fet de Mamou, le chef du quartier de Kaporo jug\u00e9s pour r\u00e9bellion, violences\u2026","datePublished":"2022-12-29T18:45:00+00:00","mainEntityOfPage":{"@id":"https:\/\/www.africa-press.net\/guinee-conakry\/politique\/le-prefet-de-mamou-le-chef-du-quartier-de-kaporo-juges-pour-rebellion-violences"},"wordCount":916,"commentCount":0,"image":{"@id":"https:\/\/www.africa-press.net\/guinee-conakry\/politique\/le-prefet-de-mamou-le-chef-du-quartier-de-kaporo-juges-pour-rebellion-violences#primaryimage"},"thumbnailUrl":"https:\/\/static.africa-press.net\/conakry\/sites\/63\/2022\/12\/Jokar1672326947.324917.jpg","keywords":["Africa Press","Africa Press-Guin\u00e9e","Guin\u00e9e"],"articleSection":["Politique","Toutes les actualit\u00e9s"],"inLanguage":"fr-FR","potentialAction":[{"@type":"CommentAction","name":"Comment","target":["https:\/\/www.africa-press.net\/guinee-conakry\/politique\/le-prefet-de-mamou-le-chef-du-quartier-de-kaporo-juges-pour-rebellion-violences#respond"]}]},{"@type":"WebPage","@id":"https:\/\/www.africa-press.net\/guinee-conakry\/politique\/le-prefet-de-mamou-le-chef-du-quartier-de-kaporo-juges-pour-rebellion-violences","url":"https:\/\/www.africa-press.net\/guinee-conakry\/politique\/le-prefet-de-mamou-le-chef-du-quartier-de-kaporo-juges-pour-rebellion-violences","name":"le pr\u00e9fet de Mamou, le chef du quartier de Kaporo jug\u00e9s pour r\u00e9bellion, violences\u2026 - guinee Conakry","isPartOf":{"@id":"https:\/\/www.africa-press.net\/guinee-conakry\/#website"},"primaryImageOfPage":{"@id":"https:\/\/www.africa-press.net\/guinee-conakry\/politique\/le-prefet-de-mamou-le-chef-du-quartier-de-kaporo-juges-pour-rebellion-violences#primaryimage"},"image":{"@id":"https:\/\/www.africa-press.net\/guinee-conakry\/politique\/le-prefet-de-mamou-le-chef-du-quartier-de-kaporo-juges-pour-rebellion-violences#primaryimage"},"thumbnailUrl":"https:\/\/static.africa-press.net\/conakry\/sites\/63\/2022\/12\/Jokar1672326947.324917.jpg","datePublished":"2022-12-29T18:45:00+00:00","author":{"@id":"https:\/\/www.africa-press.net\/guinee-conakry\/#\/schema\/person\/2b1cf3cd81a31e3cd26889ca66d677f1"},"breadcrumb":{"@id":"https:\/\/www.africa-press.net\/guinee-conakry\/politique\/le-prefet-de-mamou-le-chef-du-quartier-de-kaporo-juges-pour-rebellion-violences#breadcrumb"},"inLanguage":"fr-FR","potentialAction":[{"@type":"ReadAction","target":["https:\/\/www.africa-press.net\/guinee-conakry\/politique\/le-prefet-de-mamou-le-chef-du-quartier-de-kaporo-juges-pour-rebellion-violences"]}]},{"@type":"ImageObject","inLanguage":"fr-FR","@id":"https:\/\/www.africa-press.net\/guinee-conakry\/politique\/le-prefet-de-mamou-le-chef-du-quartier-de-kaporo-juges-pour-rebellion-violences#primaryimage","url":"https:\/\/static.africa-press.net\/conakry\/sites\/63\/2022\/12\/Jokar1672326947.324917.jpg","contentUrl":"https:\/\/static.africa-press.net\/conakry\/sites\/63\/2022\/12\/Jokar1672326947.324917.jpg","width":1179,"height":1280,"caption":"le pr\u00e9fet de Mamou, le chef du quartier de Kaporo jug\u00e9s pour r\u00e9bellion, violences\u2026"},{"@type":"BreadcrumbList","@id":"https:\/\/www.africa-press.net\/guinee-conakry\/politique\/le-prefet-de-mamou-le-chef-du-quartier-de-kaporo-juges-pour-rebellion-violences#breadcrumb","itemListElement":[{"@type":"ListItem","position":1,"name":"Accueil","item":"https:\/\/www.africa-press.net\/guinee-conakry\/"},{"@type":"ListItem","position":2,"name":"le pr\u00e9fet de Mamou, le chef du quartier de Kaporo jug\u00e9s pour r\u00e9bellion, violences\u2026"}]},{"@type":"WebSite","@id":"https:\/\/www.africa-press.net\/guinee-conakry\/#website","url":"https:\/\/www.africa-press.net\/guinee-conakry\/","name":"guinee Conakry","description":"Just another Africa News Agency Sites site","potentialAction":[{"@type":"SearchAction","target":{"@type":"EntryPoint","urlTemplate":"https:\/\/www.africa-press.net\/guinee-conakry\/?s={search_term_string}"},"query-input":{"@type":"PropertyValueSpecification","valueRequired":true,"valueName":"search_term_string"}}],"inLanguage":"fr-FR"},{"@type":"Person","@id":"https:\/\/www.africa-press.net\/guinee-conakry\/#\/schema\/person\/2b1cf3cd81a31e3cd26889ca66d677f1","name":"cfeditorfr"}]}},"_links":{"self":[{"href":"https:\/\/www.africa-press.net\/guinee-conakry\/wp-json\/wp\/v2\/posts\/11085","targetHints":{"allow":["GET"]}}],"collection":[{"href":"https:\/\/www.africa-press.net\/guinee-conakry\/wp-json\/wp\/v2\/posts"}],"about":[{"href":"https:\/\/www.africa-press.net\/guinee-conakry\/wp-json\/wp\/v2\/types\/post"}],"author":[{"embeddable":true,"href":"https:\/\/www.africa-press.net\/guinee-conakry\/wp-json\/wp\/v2\/users\/82"}],"replies":[{"embeddable":true,"href":"https:\/\/www.africa-press.net\/guinee-conakry\/wp-json\/wp\/v2\/comments?post=11085"}],"version-history":[{"count":0,"href":"https:\/\/www.africa-press.net\/guinee-conakry\/wp-json\/wp\/v2\/posts\/11085\/revisions"}],"wp:featuredmedia":[{"embeddable":true,"href":"https:\/\/www.africa-press.net\/guinee-conakry\/wp-json\/wp\/v2\/media\/11084"}],"wp:attachment":[{"href":"https:\/\/www.africa-press.net\/guinee-conakry\/wp-json\/wp\/v2\/media?parent=11085"}],"wp:term":[{"taxonomy":"category","embeddable":true,"href":"https:\/\/www.africa-press.net\/guinee-conakry\/wp-json\/wp\/v2\/categories?post=11085"},{"taxonomy":"post_tag","embeddable":true,"href":"https:\/\/www.africa-press.net\/guinee-conakry\/wp-json\/wp\/v2\/tags?post=11085"}],"curies":[{"name":"wp","href":"https:\/\/api.w.org\/{rel}","templated":true}]}}