{"id":11093,"date":"2022-12-29T20:35:00","date_gmt":"2022-12-29T20:35:00","guid":{"rendered":"https:\/\/www.africa-press.net\/guinee-conakry\/politique\/adoption-de-la-loi-de-finances-2023-pourquoi-sidiki-cisse-bailo-diallo-et-fadia-balde-se-sont-abstenus"},"modified":"2022-12-29T20:35:00","modified_gmt":"2022-12-29T20:35:00","slug":"adoption-de-la-loi-de-finances-2023-pourquoi-sidiki-cisse-bailo-diallo-et-fadia-balde-se-sont-abstenus","status":"publish","type":"post","link":"https:\/\/www.africa-press.net\/guinee-conakry\/economie\/adoption-de-la-loi-de-finances-2023-pourquoi-sidiki-cisse-bailo-diallo-et-fadia-balde-se-sont-abstenus","title":{"rendered":"Adoption de la Loi de finances 2023 : pourquoi Sidiki Ciss\u00e9, Ba\u00eflo Diallo et Fadia Bald\u00e9 se sont abstenus ?"},"content":{"rendered":"<p><span style=\"color: #ff6600\"><strong>Africa-Press &#8211; Guin\u00e9e. <\/strong><\/span>Seulement trois conseillers nationaux n\u2019ont pas approuve\u0301 la Loi de finances initiale (LFI) 2023. Aboubacar Sidiki Cisse\u0301 du MPDG, Mamadou Bai\u0308lo Diallo de l\u2019UPR et Mamadou Fadia Balde\u0301 de l\u2019UFDG, se sont abstenus lors du vote du projet de budget de l\u2019Etat pour l\u2019exercice 2023, adopte\u0301 ce mercredi 28 de\u0301cembre 2022 par le Conseil national de la transition.<\/p>\n<p>Aboubacar Sidiki Cisse\u0301, membre du Mouvement populaire de\u0301mocratique de Guine\u0301e (MPDG) : \u00ab Je crois que vous avez vous-me\u0302me vu l\u2019une des raisons qui a fait que je me suis abstenu de voter. D\u2019abord, j\u2019ai trouve\u0301 que la parole n\u2019a pas e\u0301te\u0301 donne\u0301e a\u0300 tous les conseillers nationaux de la transition pour s\u2019exprimer sur cette Loi de finances initiale 2023 et encore sur son volet de\u0301penses. Pour moi, je ne peux pas voter un budget qui, dans sa globalite\u0301, ne prend pas en compte la valorisation de la culture guine\u0301enne en ge\u0301ne\u0301ral, mais plus spe\u0301cifiquement de nos langues et e\u0301critures nationales.<\/p>\n<p>Deuxie\u0300me e\u0301le\u0301ment, je me suis abstenu, parce que, encore une fois, nos recommandations telle que la reformulation de la nomenclature budge\u0301taire, n\u2019ont pas e\u0301te\u0301 prises en compte. Parce que jusqu\u2019a\u0300 date, il y a des lignes budge\u0301taires alimente\u0301es dans notre bottin comme les ECOMOG, qui ne sont pas d\u2019actualite\u0301 depuis les anne\u0301es 90. En tant que repre\u0301sentant du peuple, en tant que serviteur du peuple, et surtout, en tant que nouvelle ge\u0301ne\u0301ration qui, demain ou me\u0302me aujourd\u2019hui aura des comptes a\u0300 rendre, je ne peux voter un tel budget. C\u2019est pourquoi, je me suis abstenu de voter ce budget de la Loi initiale 2023 \u00bb.<\/p>\n<p>Mamadou Bai\u0308lo Diallo, membre de l\u2019Union pour progre\u0300s et le renouveau (UPR) : \u00ab Comme vous le savez, pendant le vote du volet recettes, je m\u2019e\u0301tais abstenu, et pendant le vote du Programme de re\u0301fe\u0301rence inte\u0301rimaire aussi, je m\u2019e\u0301tais abstenu. Donc, c\u2019est pour e\u0302tre en parfaite harmonie avec moi-me\u0302me et en cohe\u0301rence avec mes ide\u0301es, que j\u2019ai de\u0301cide\u0301 pour ce qui concerne le volet de\u0301penses et la Loi de finances initiale exercice 2023 de m\u2019abstenir e\u0301galement. Co\u0302te\u0301 recettes, je vous avais explique\u0301 mes raisons, parce qu\u2019il y a beaucoup de choses, beaucoup de postes de recettes qui n\u2019avaient pas e\u0301te\u0301 prises en compte. Et il y a beaucoup de socie\u0301te\u0301s qui devaient contribuer pour atte\u0301nuer la souffrance de nos concitoyens, qui devaient payer des taxes, et qui ne payent pas. C\u2019est le citoyen lambda qui va supporter toutes ces charges et consorts. Donc, pour cela, et pour e\u0302tre en harmonie avec moi-me\u0302me, j\u2019ai de\u0301cide\u0301 de m\u2019abstenir \u00bb.<\/p>\n<p>Mamadou Fadia Balde\u0301, membre de l\u2019Union des forces de\u0301mocratiques de Guine\u0301e (UFDG) : \u00ab Depuis le de\u0301part, je n\u2019avais pas vote\u0301 le volet recettes, le volet de\u0301penses non plus je ne l\u2019ai pas vote\u0301. Je suis reste\u0301 donc cohe\u0301rent avec moi-me\u0302me. Je ne peux pas voter contre le volet recettes et contre le volet de\u0301penses, et voter pour la Loi de finances. C\u2019est vrai, des recommandations ont e\u0301te\u0301 faites pour ame\u0301liorer cette Loi de finances, mais je me suis dit qu\u2019en votant sous re\u0301serve, on ne sait pas ce que le gouvernement fera de ces recommandations. En tout cas, jusque-la\u0300, on n\u2019a jamais eu de retour dans ce sens. Ce qui fait que, aujourd\u2019hui, je n\u2019ai pas vote\u0301 \u00bb.<\/p>\n<p>A rappeler que la Loi de finances initiale 2023 pre\u0301voit des de\u0301penses qui se chiffrent a\u0300 27 mille 855 milliards 95 millions de francs et des de\u0301penses qui s\u2019e\u0301tablissent a\u0300 hauteur de 36 mille 51 milliards 74 millions. Le volet recettes a connu une augmentation de plus de mille milliards de francs et celui de\u0301penses a enregistre\u0301 une hausse de plus de cinq mille milliards de francs par rapport a\u0300 la Loi de finances rectificative 2022.<\/p>\n<p><strong>Pour plus d&rsquo;informations et d&rsquo;analyses sur la <a href=\"https:\/\/www.africa-press.net\/guinee-conakry\">Guin\u00e9e<\/a>, suivez <a href=\"https:\/\/www.africa-press.net\/\">Africa-Press<\/a><\/strong><\/p>\n","protected":false},"excerpt":{"rendered":"<p>Africa-Press &#8211; Guin\u00e9e. Seulement trois conseillers nationaux n\u2019ont pas approuve\u0301 la Loi de finances initiale (LFI) 2023. Aboubacar Sidiki Cisse\u0301 du MPDG, Mamadou Bai\u0308lo Diallo de l\u2019UPR et Mamadou Fadia Balde\u0301 de l\u2019UFDG, se sont abstenus lors du vote du projet de budget de l\u2019Etat pour l\u2019exercice 2023, adopte\u0301 ce mercredi 28 de\u0301cembre 2022 par [&hellip;]<\/p>\n","protected":false},"author":82,"featured_media":11092,"comment_status":"open","ping_status":"closed","sticky":false,"template":"","format":"standard","meta":{"footnotes":""},"categories":[3],"tags":[36,57,58],"class_list":["post-11093","post","type-post","status-publish","format-standard","has-post-thumbnail","hentry","category-economie","tag-africa-press","tag-africa-press-guinee","tag-guinee"],"yoast_head":"<!-- This site is optimized with the Yoast SEO Premium plugin v26.1 (Yoast SEO v27.0) - https:\/\/yoast.com\/product\/yoast-seo-premium-wordpress\/ -->\n<title>Adoption de la Loi de finances 2023 : pourquoi Sidiki Ciss\u00e9, Ba\u00eflo Diallo et Fadia Bald\u00e9 se sont abstenus ? - guinee Conakry<\/title>\n<meta name=\"robots\" content=\"index, follow, max-snippet:-1, max-image-preview:large, max-video-preview:-1\" \/>\n<link rel=\"canonical\" href=\"https:\/\/www.africa-press.net\/guinee-conakry\/politique\/adoption-de-la-loi-de-finances-2023-pourquoi-sidiki-cisse-bailo-diallo-et-fadia-balde-se-sont-abstenus\" \/>\n<meta property=\"og:locale\" content=\"fr_FR\" \/>\n<meta property=\"og:type\" content=\"article\" \/>\n<meta property=\"og:title\" content=\"Adoption de la Loi de finances 2023 : pourquoi Sidiki Ciss\u00e9, Ba\u00eflo Diallo et Fadia Bald\u00e9 se sont abstenus ?\" \/>\n<meta property=\"og:description\" content=\"Africa-Press &#8211; Guin\u00e9e. Seulement trois conseillers nationaux n\u2019ont pas approuve\u0301 la Loi de finances initiale (LFI) 2023. Aboubacar Sidiki Cisse\u0301 du MPDG, Mamadou Bai\u0308lo Diallo de l\u2019UPR et Mamadou Fadia Balde\u0301 de l\u2019UFDG, se sont abstenus lors du vote du projet de budget de l\u2019Etat pour l\u2019exercice 2023, adopte\u0301 ce mercredi 28 de\u0301cembre 2022 par [&hellip;]\" \/>\n<meta property=\"og:url\" content=\"https:\/\/www.africa-press.net\/guinee-conakry\/politique\/adoption-de-la-loi-de-finances-2023-pourquoi-sidiki-cisse-bailo-diallo-et-fadia-balde-se-sont-abstenus\" \/>\n<meta property=\"og:site_name\" content=\"guinee Conakry\" \/>\n<meta property=\"article:published_time\" content=\"2022-12-29T20:35:00+00:00\" \/>\n<meta name=\"author\" content=\"cfeditorfr\" \/>\n<meta name=\"twitter:card\" content=\"summary_large_image\" \/>\n<meta name=\"twitter:label1\" content=\"\u00c9crit par\" \/>\n\t<meta name=\"twitter:data1\" content=\"cfeditorfr\" \/>\n\t<meta name=\"twitter:label2\" content=\"Dur\u00e9e de lecture estim\u00e9e\" \/>\n\t<meta name=\"twitter:data2\" content=\"4 minutes\" \/>\n<script type=\"application\/ld+json\" class=\"yoast-schema-graph\">{\"@context\":\"https:\/\/schema.org\",\"@graph\":[{\"@type\":\"Article\",\"@id\":\"https:\/\/www.africa-press.net\/guinee-conakry\/politique\/adoption-de-la-loi-de-finances-2023-pourquoi-sidiki-cisse-bailo-diallo-et-fadia-balde-se-sont-abstenus#article\",\"isPartOf\":{\"@id\":\"https:\/\/www.africa-press.net\/guinee-conakry\/politique\/adoption-de-la-loi-de-finances-2023-pourquoi-sidiki-cisse-bailo-diallo-et-fadia-balde-se-sont-abstenus\"},\"author\":{\"name\":\"cfeditorfr\",\"@id\":\"https:\/\/www.africa-press.net\/guinee-conakry\/#\/schema\/person\/2b1cf3cd81a31e3cd26889ca66d677f1\"},\"headline\":\"Adoption de la Loi de finances 2023 : pourquoi Sidiki Ciss\u00e9, Ba\u00eflo Diallo et Fadia Bald\u00e9 se sont abstenus ?\",\"datePublished\":\"2022-12-29T20:35:00+00:00\",\"mainEntityOfPage\":{\"@id\":\"https:\/\/www.africa-press.net\/guinee-conakry\/politique\/adoption-de-la-loi-de-finances-2023-pourquoi-sidiki-cisse-bailo-diallo-et-fadia-balde-se-sont-abstenus\"},\"wordCount\":723,\"commentCount\":0,\"image\":{\"@id\":\"https:\/\/www.africa-press.net\/guinee-conakry\/politique\/adoption-de-la-loi-de-finances-2023-pourquoi-sidiki-cisse-bailo-diallo-et-fadia-balde-se-sont-abstenus#primaryimage\"},\"thumbnailUrl\":\"https:\/\/static.africa-press.net\/conakry\/sites\/63\/2022\/12\/Jokar1672333505.459708.jpg\",\"keywords\":[\"Africa Press\",\"Africa Press-Guin\u00e9e\",\"Guin\u00e9e\"],\"articleSection\":[\"\u00c9conomie\"],\"inLanguage\":\"fr-FR\",\"potentialAction\":[{\"@type\":\"CommentAction\",\"name\":\"Comment\",\"target\":[\"https:\/\/www.africa-press.net\/guinee-conakry\/politique\/adoption-de-la-loi-de-finances-2023-pourquoi-sidiki-cisse-bailo-diallo-et-fadia-balde-se-sont-abstenus#respond\"]}]},{\"@type\":\"WebPage\",\"@id\":\"https:\/\/www.africa-press.net\/guinee-conakry\/politique\/adoption-de-la-loi-de-finances-2023-pourquoi-sidiki-cisse-bailo-diallo-et-fadia-balde-se-sont-abstenus\",\"url\":\"https:\/\/www.africa-press.net\/guinee-conakry\/politique\/adoption-de-la-loi-de-finances-2023-pourquoi-sidiki-cisse-bailo-diallo-et-fadia-balde-se-sont-abstenus\",\"name\":\"Adoption de la Loi de finances 2023 : pourquoi Sidiki Ciss\u00e9, Ba\u00eflo Diallo et Fadia Bald\u00e9 se sont abstenus ? - guinee Conakry\",\"isPartOf\":{\"@id\":\"https:\/\/www.africa-press.net\/guinee-conakry\/#website\"},\"primaryImageOfPage\":{\"@id\":\"https:\/\/www.africa-press.net\/guinee-conakry\/politique\/adoption-de-la-loi-de-finances-2023-pourquoi-sidiki-cisse-bailo-diallo-et-fadia-balde-se-sont-abstenus#primaryimage\"},\"image\":{\"@id\":\"https:\/\/www.africa-press.net\/guinee-conakry\/politique\/adoption-de-la-loi-de-finances-2023-pourquoi-sidiki-cisse-bailo-diallo-et-fadia-balde-se-sont-abstenus#primaryimage\"},\"thumbnailUrl\":\"https:\/\/static.africa-press.net\/conakry\/sites\/63\/2022\/12\/Jokar1672333505.459708.jpg\",\"datePublished\":\"2022-12-29T20:35:00+00:00\",\"author\":{\"@id\":\"https:\/\/www.africa-press.net\/guinee-conakry\/#\/schema\/person\/2b1cf3cd81a31e3cd26889ca66d677f1\"},\"breadcrumb\":{\"@id\":\"https:\/\/www.africa-press.net\/guinee-conakry\/politique\/adoption-de-la-loi-de-finances-2023-pourquoi-sidiki-cisse-bailo-diallo-et-fadia-balde-se-sont-abstenus#breadcrumb\"},\"inLanguage\":\"fr-FR\",\"potentialAction\":[{\"@type\":\"ReadAction\",\"target\":[\"https:\/\/www.africa-press.net\/guinee-conakry\/politique\/adoption-de-la-loi-de-finances-2023-pourquoi-sidiki-cisse-bailo-diallo-et-fadia-balde-se-sont-abstenus\"]}]},{\"@type\":\"ImageObject\",\"inLanguage\":\"fr-FR\",\"@id\":\"https:\/\/www.africa-press.net\/guinee-conakry\/politique\/adoption-de-la-loi-de-finances-2023-pourquoi-sidiki-cisse-bailo-diallo-et-fadia-balde-se-sont-abstenus#primaryimage\",\"url\":\"https:\/\/static.africa-press.net\/conakry\/sites\/63\/2022\/12\/Jokar1672333505.459708.jpg\",\"contentUrl\":\"https:\/\/static.africa-press.net\/conakry\/sites\/63\/2022\/12\/Jokar1672333505.459708.jpg\",\"width\":1278,\"height\":844,\"caption\":\"Adoption de la Loi de finances 2023 : pourquoi Sidiki Ciss\u00e9, Ba\u00eflo Diallo et Fadia Bald\u00e9 se sont abstenus ?\"},{\"@type\":\"BreadcrumbList\",\"@id\":\"https:\/\/www.africa-press.net\/guinee-conakry\/politique\/adoption-de-la-loi-de-finances-2023-pourquoi-sidiki-cisse-bailo-diallo-et-fadia-balde-se-sont-abstenus#breadcrumb\",\"itemListElement\":[{\"@type\":\"ListItem\",\"position\":1,\"name\":\"Accueil\",\"item\":\"https:\/\/www.africa-press.net\/guinee-conakry\/\"},{\"@type\":\"ListItem\",\"position\":2,\"name\":\"Adoption de la Loi de finances 2023 : pourquoi Sidiki Ciss\u00e9, Ba\u00eflo Diallo et Fadia Bald\u00e9 se sont abstenus ?\"}]},{\"@type\":\"WebSite\",\"@id\":\"https:\/\/www.africa-press.net\/guinee-conakry\/#website\",\"url\":\"https:\/\/www.africa-press.net\/guinee-conakry\/\",\"name\":\"guinee Conakry\",\"description\":\"Just another Africa News Agency Sites site\",\"potentialAction\":[{\"@type\":\"SearchAction\",\"target\":{\"@type\":\"EntryPoint\",\"urlTemplate\":\"https:\/\/www.africa-press.net\/guinee-conakry\/?s={search_term_string}\"},\"query-input\":{\"@type\":\"PropertyValueSpecification\",\"valueRequired\":true,\"valueName\":\"search_term_string\"}}],\"inLanguage\":\"fr-FR\"},{\"@type\":\"Person\",\"@id\":\"https:\/\/www.africa-press.net\/guinee-conakry\/#\/schema\/person\/2b1cf3cd81a31e3cd26889ca66d677f1\",\"name\":\"cfeditorfr\"}]}<\/script>\n<!-- \/ Yoast SEO Premium plugin. -->","yoast_head_json":{"title":"Adoption de la Loi de finances 2023 : pourquoi Sidiki Ciss\u00e9, Ba\u00eflo Diallo et Fadia Bald\u00e9 se sont abstenus ? - guinee Conakry","robots":{"index":"index","follow":"follow","max-snippet":"max-snippet:-1","max-image-preview":"max-image-preview:large","max-video-preview":"max-video-preview:-1"},"canonical":"https:\/\/www.africa-press.net\/guinee-conakry\/politique\/adoption-de-la-loi-de-finances-2023-pourquoi-sidiki-cisse-bailo-diallo-et-fadia-balde-se-sont-abstenus","og_locale":"fr_FR","og_type":"article","og_title":"Adoption de la Loi de finances 2023 : pourquoi Sidiki Ciss\u00e9, Ba\u00eflo Diallo et Fadia Bald\u00e9 se sont abstenus ?","og_description":"Africa-Press &#8211; Guin\u00e9e. Seulement trois conseillers nationaux n\u2019ont pas approuve\u0301 la Loi de finances initiale (LFI) 2023. Aboubacar Sidiki Cisse\u0301 du MPDG, Mamadou Bai\u0308lo Diallo de l\u2019UPR et Mamadou Fadia Balde\u0301 de l\u2019UFDG, se sont abstenus lors du vote du projet de budget de l\u2019Etat pour l\u2019exercice 2023, adopte\u0301 ce mercredi 28 de\u0301cembre 2022 par [&hellip;]","og_url":"https:\/\/www.africa-press.net\/guinee-conakry\/politique\/adoption-de-la-loi-de-finances-2023-pourquoi-sidiki-cisse-bailo-diallo-et-fadia-balde-se-sont-abstenus","og_site_name":"guinee Conakry","article_published_time":"2022-12-29T20:35:00+00:00","author":"cfeditorfr","twitter_card":"summary_large_image","twitter_misc":{"\u00c9crit par":"cfeditorfr","Dur\u00e9e de lecture estim\u00e9e":"4 minutes"},"schema":{"@context":"https:\/\/schema.org","@graph":[{"@type":"Article","@id":"https:\/\/www.africa-press.net\/guinee-conakry\/politique\/adoption-de-la-loi-de-finances-2023-pourquoi-sidiki-cisse-bailo-diallo-et-fadia-balde-se-sont-abstenus#article","isPartOf":{"@id":"https:\/\/www.africa-press.net\/guinee-conakry\/politique\/adoption-de-la-loi-de-finances-2023-pourquoi-sidiki-cisse-bailo-diallo-et-fadia-balde-se-sont-abstenus"},"author":{"name":"cfeditorfr","@id":"https:\/\/www.africa-press.net\/guinee-conakry\/#\/schema\/person\/2b1cf3cd81a31e3cd26889ca66d677f1"},"headline":"Adoption de la Loi de finances 2023 : pourquoi Sidiki Ciss\u00e9, Ba\u00eflo Diallo et Fadia Bald\u00e9 se sont abstenus ?","datePublished":"2022-12-29T20:35:00+00:00","mainEntityOfPage":{"@id":"https:\/\/www.africa-press.net\/guinee-conakry\/politique\/adoption-de-la-loi-de-finances-2023-pourquoi-sidiki-cisse-bailo-diallo-et-fadia-balde-se-sont-abstenus"},"wordCount":723,"commentCount":0,"image":{"@id":"https:\/\/www.africa-press.net\/guinee-conakry\/politique\/adoption-de-la-loi-de-finances-2023-pourquoi-sidiki-cisse-bailo-diallo-et-fadia-balde-se-sont-abstenus#primaryimage"},"thumbnailUrl":"https:\/\/static.africa-press.net\/conakry\/sites\/63\/2022\/12\/Jokar1672333505.459708.jpg","keywords":["Africa Press","Africa Press-Guin\u00e9e","Guin\u00e9e"],"articleSection":["\u00c9conomie"],"inLanguage":"fr-FR","potentialAction":[{"@type":"CommentAction","name":"Comment","target":["https:\/\/www.africa-press.net\/guinee-conakry\/politique\/adoption-de-la-loi-de-finances-2023-pourquoi-sidiki-cisse-bailo-diallo-et-fadia-balde-se-sont-abstenus#respond"]}]},{"@type":"WebPage","@id":"https:\/\/www.africa-press.net\/guinee-conakry\/politique\/adoption-de-la-loi-de-finances-2023-pourquoi-sidiki-cisse-bailo-diallo-et-fadia-balde-se-sont-abstenus","url":"https:\/\/www.africa-press.net\/guinee-conakry\/politique\/adoption-de-la-loi-de-finances-2023-pourquoi-sidiki-cisse-bailo-diallo-et-fadia-balde-se-sont-abstenus","name":"Adoption de la Loi de finances 2023 : pourquoi Sidiki Ciss\u00e9, Ba\u00eflo Diallo et Fadia Bald\u00e9 se sont abstenus ? - guinee Conakry","isPartOf":{"@id":"https:\/\/www.africa-press.net\/guinee-conakry\/#website"},"primaryImageOfPage":{"@id":"https:\/\/www.africa-press.net\/guinee-conakry\/politique\/adoption-de-la-loi-de-finances-2023-pourquoi-sidiki-cisse-bailo-diallo-et-fadia-balde-se-sont-abstenus#primaryimage"},"image":{"@id":"https:\/\/www.africa-press.net\/guinee-conakry\/politique\/adoption-de-la-loi-de-finances-2023-pourquoi-sidiki-cisse-bailo-diallo-et-fadia-balde-se-sont-abstenus#primaryimage"},"thumbnailUrl":"https:\/\/static.africa-press.net\/conakry\/sites\/63\/2022\/12\/Jokar1672333505.459708.jpg","datePublished":"2022-12-29T20:35:00+00:00","author":{"@id":"https:\/\/www.africa-press.net\/guinee-conakry\/#\/schema\/person\/2b1cf3cd81a31e3cd26889ca66d677f1"},"breadcrumb":{"@id":"https:\/\/www.africa-press.net\/guinee-conakry\/politique\/adoption-de-la-loi-de-finances-2023-pourquoi-sidiki-cisse-bailo-diallo-et-fadia-balde-se-sont-abstenus#breadcrumb"},"inLanguage":"fr-FR","potentialAction":[{"@type":"ReadAction","target":["https:\/\/www.africa-press.net\/guinee-conakry\/politique\/adoption-de-la-loi-de-finances-2023-pourquoi-sidiki-cisse-bailo-diallo-et-fadia-balde-se-sont-abstenus"]}]},{"@type":"ImageObject","inLanguage":"fr-FR","@id":"https:\/\/www.africa-press.net\/guinee-conakry\/politique\/adoption-de-la-loi-de-finances-2023-pourquoi-sidiki-cisse-bailo-diallo-et-fadia-balde-se-sont-abstenus#primaryimage","url":"https:\/\/static.africa-press.net\/conakry\/sites\/63\/2022\/12\/Jokar1672333505.459708.jpg","contentUrl":"https:\/\/static.africa-press.net\/conakry\/sites\/63\/2022\/12\/Jokar1672333505.459708.jpg","width":1278,"height":844,"caption":"Adoption de la Loi de finances 2023 : pourquoi Sidiki Ciss\u00e9, Ba\u00eflo Diallo et Fadia Bald\u00e9 se sont abstenus ?"},{"@type":"BreadcrumbList","@id":"https:\/\/www.africa-press.net\/guinee-conakry\/politique\/adoption-de-la-loi-de-finances-2023-pourquoi-sidiki-cisse-bailo-diallo-et-fadia-balde-se-sont-abstenus#breadcrumb","itemListElement":[{"@type":"ListItem","position":1,"name":"Accueil","item":"https:\/\/www.africa-press.net\/guinee-conakry\/"},{"@type":"ListItem","position":2,"name":"Adoption de la Loi de finances 2023 : pourquoi Sidiki Ciss\u00e9, Ba\u00eflo Diallo et Fadia Bald\u00e9 se sont abstenus ?"}]},{"@type":"WebSite","@id":"https:\/\/www.africa-press.net\/guinee-conakry\/#website","url":"https:\/\/www.africa-press.net\/guinee-conakry\/","name":"guinee Conakry","description":"Just another Africa News Agency Sites site","potentialAction":[{"@type":"SearchAction","target":{"@type":"EntryPoint","urlTemplate":"https:\/\/www.africa-press.net\/guinee-conakry\/?s={search_term_string}"},"query-input":{"@type":"PropertyValueSpecification","valueRequired":true,"valueName":"search_term_string"}}],"inLanguage":"fr-FR"},{"@type":"Person","@id":"https:\/\/www.africa-press.net\/guinee-conakry\/#\/schema\/person\/2b1cf3cd81a31e3cd26889ca66d677f1","name":"cfeditorfr"}]}},"_links":{"self":[{"href":"https:\/\/www.africa-press.net\/guinee-conakry\/wp-json\/wp\/v2\/posts\/11093","targetHints":{"allow":["GET"]}}],"collection":[{"href":"https:\/\/www.africa-press.net\/guinee-conakry\/wp-json\/wp\/v2\/posts"}],"about":[{"href":"https:\/\/www.africa-press.net\/guinee-conakry\/wp-json\/wp\/v2\/types\/post"}],"author":[{"embeddable":true,"href":"https:\/\/www.africa-press.net\/guinee-conakry\/wp-json\/wp\/v2\/users\/82"}],"replies":[{"embeddable":true,"href":"https:\/\/www.africa-press.net\/guinee-conakry\/wp-json\/wp\/v2\/comments?post=11093"}],"version-history":[{"count":0,"href":"https:\/\/www.africa-press.net\/guinee-conakry\/wp-json\/wp\/v2\/posts\/11093\/revisions"}],"wp:featuredmedia":[{"embeddable":true,"href":"https:\/\/www.africa-press.net\/guinee-conakry\/wp-json\/wp\/v2\/media\/11092"}],"wp:attachment":[{"href":"https:\/\/www.africa-press.net\/guinee-conakry\/wp-json\/wp\/v2\/media?parent=11093"}],"wp:term":[{"taxonomy":"category","embeddable":true,"href":"https:\/\/www.africa-press.net\/guinee-conakry\/wp-json\/wp\/v2\/categories?post=11093"},{"taxonomy":"post_tag","embeddable":true,"href":"https:\/\/www.africa-press.net\/guinee-conakry\/wp-json\/wp\/v2\/tags?post=11093"}],"curies":[{"name":"wp","href":"https:\/\/api.w.org\/{rel}","templated":true}]}}