{"id":11101,"date":"2022-12-29T20:48:00","date_gmt":"2022-12-29T20:48:00","guid":{"rendered":"https:\/\/www.africa-press.net\/guinee-conakry\/politique\/kindia-la-prise-en-charge-des-enfants-desherites-en-debats"},"modified":"2022-12-29T20:48:00","modified_gmt":"2022-12-29T20:48:00","slug":"kindia-la-prise-en-charge-des-enfants-desherites-en-debats","status":"publish","type":"post","link":"https:\/\/www.africa-press.net\/guinee-conakry\/toutes-les-actualites\/kindia-la-prise-en-charge-des-enfants-desherites-en-debats","title":{"rendered":"Kindia : la prise en charge des enfants d\u00e9sh\u00e9rit\u00e9s en d\u00e9bats"},"content":{"rendered":"<p><span style=\"color: #ff6600\"><strong>Africa-Press &#8211; Guin\u00e9e. <\/strong><\/span>Pendant trois jours, un atelier a regroupe\u0301 les inspecteurs re\u0301gionaux et communaux du ministe\u0300re de la Promotion Fe\u0301minine, de l\u2019Enfance et des Personnes vulne\u0301rables. L\u2019objectif vise a\u0300 ame\u0301liorer la qualite\u0301 des services en mettant a\u0300 disposition des enfants plusieurs options de prise en charge alternative.<\/p>\n<p>Cette une initiative qui contribuera a\u0300 la promotion et a\u0300 la protection des droits de l\u2019enfant, en accompagnant l\u2019Etat guine\u0301en dans la mise en oeuvre de ses politiques et strate\u0301gies y affe\u0301rant.<\/p>\n<p>C\u2019est dans cette dynamique que SOS Village d\u2019Enfants envisage d\u2019accompagner la Direction Nationale de l\u2019Enfance dans la culture des lignes directrices des familles d\u2019accueil, nouvellement e\u0301labore\u0301es et valide\u0301es par le ministe\u0300re de la Promotion Fe\u0301minine, de l\u2019Enfance et des Personnes Vulne\u0301rables<\/p>\n<p>Pour Richard Watchinou, directeur pays de SOS Village d\u2019enfants : \u00ab Nous avons beaucoup d\u2019enfants qui ne be\u0301ne\u0301ficient pas des soins des parents. C\u2019est-a\u0300-dire, il n\u2019y a pas quelqu\u2019un qui joue le ro\u0302le des parents dans leur vie. Alors, nos coutumes, nos traditions et nos bons voisinages nous ame\u0300nent des fois a\u0300 confier les enfants a\u0300 d\u2019autres personnes pour que quelqu\u2019un puisse jouer le ro\u0302le des parents dans leur vie\u201d.<\/p>\n<p>\u201cMais, pre\u0301cise-t-il, vous n\u2019e\u0302tes pas sans savoir lorsqu\u2019un domaine n\u2019est pas re\u0301glemente\u0301, un domaine n\u2019a pas des directives, des lois, des arre\u0302te\u0301s a\u0300 suivre, il peut avoir des de\u0301bordements. La protection de l\u2019enfant, c\u2019est d\u2019abord communautaire. Si nous n\u2019avons pas a\u0300 la base des gens qui connaissent les choses, parce qu\u2019une famille va se retrouver en ville, dans une pre\u0301fecture, dans une re\u0301gion et ceux qui jouent ce ro\u0302le\u2013la\u0300, ce sont ceux-la\u0300 qui sont la\u0300 pour faire une premie\u0300re vulgarisation\u00ab .<\/p>\n<p>Fonde\u0301e en 1949, SOS Village d\u2019Enfants est une organisation non gouvernementale et inde\u0301pendante du de\u0301veloppement social qui \u0153uvre dans le domaine des droits de l\u2019enfant et au service des enfants qui ont perdu ou risquent de perdre la prise en charge parentale.<\/p>\n<p>De son co\u0302te\u0301, Akoye Guilavogui, Directeur national de l\u2019Enfance parle de l\u2019importance de cette vulgarisation : \u00ab Je pense qu\u2019aujourd\u2019hui, on a un syste\u0300me de protection de l\u2019enfant qui donne un re\u0301sultat. Nous sommes en train de travailler avec certains secteurs qui nous aident a\u0300 avancer notamment sur la question de protection des enfants en conflit avec la loi.<\/p>\n<p>Nous avons aussi d\u2019autres domaines tels que les violences base\u0301es sur les genres ou\u0300 nous travaillons avec la me\u0301decine le\u0301gale et en matie\u0300re de pre\u0301vention et de sante\u0301 ne\u0301onatale. Ce document s\u2019il est vulgarise\u0301, il permettra de re\u0301glementer la prise en charge des familles et la prise en charge alternative des enfants, dans des familles autres que leurs propre famille. C\u2018est-a\u0300-dire que si les enfants peuvent a\u0300 un moment donne\u0301 e\u0302tre victime de violences, parfois les viols, parfois en situation de mobilite\u0301, parfois, on les retrouve dans la rue, on peut les placer dans les familles. \u00bb<\/p>\n<p>Pre\u0301sent dans plus 130 pays et territoires, SOS Villages accompagne les enfants et les adolescents depuis plus de 70 ans. Sa priorite\u0301 est de renforcer les familles pour pre\u0301venir la se\u0301paration. SOS Village d\u2019Enfants \u0153uvre en Guine\u0301e depuis 1985 et couvre les quatre re\u0301gions naturelles, avec des sites localise\u0301s a\u0300 Conakry, Labe\u0301, Kankan et N\u2019Ze\u0301re\u0301kore\u0301.<\/p>\n<p><strong>Pour plus d&rsquo;informations et d&rsquo;analyses sur la <a href=\"https:\/\/www.africa-press.net\/guinee-conakry\">Guin\u00e9e<\/a>, suivez <a href=\"https:\/\/www.africa-press.net\/\">Africa-Press<\/a><\/strong><\/p>\n","protected":false},"excerpt":{"rendered":"<p>Africa-Press &#8211; Guin\u00e9e. Pendant trois jours, un atelier a regroupe\u0301 les inspecteurs re\u0301gionaux et communaux du ministe\u0300re de la Promotion Fe\u0301minine, de l\u2019Enfance et des Personnes vulne\u0301rables. L\u2019objectif vise a\u0300 ame\u0301liorer la qualite\u0301 des services en mettant a\u0300 disposition des enfants plusieurs options de prise en charge alternative. Cette une initiative qui contribuera a\u0300 la [&hellip;]<\/p>\n","protected":false},"author":82,"featured_media":11100,"comment_status":"open","ping_status":"closed","sticky":false,"template":"","format":"standard","meta":{"footnotes":""},"categories":[21,10],"tags":[36,57,58],"class_list":["post-11101","post","type-post","status-publish","format-standard","has-post-thumbnail","hentry","category-communaute","category-toutes-les-actualites","tag-africa-press","tag-africa-press-guinee","tag-guinee"],"yoast_head":"<!-- This site is optimized with the Yoast SEO Premium plugin v26.1 (Yoast SEO v27.0) - https:\/\/yoast.com\/product\/yoast-seo-premium-wordpress\/ -->\n<title>Kindia : la prise en charge des enfants d\u00e9sh\u00e9rit\u00e9s en d\u00e9bats - guinee Conakry<\/title>\n<meta name=\"robots\" content=\"index, follow, max-snippet:-1, max-image-preview:large, max-video-preview:-1\" \/>\n<link rel=\"canonical\" href=\"https:\/\/www.africa-press.net\/guinee-conakry\/politique\/kindia-la-prise-en-charge-des-enfants-desherites-en-debats\" \/>\n<meta property=\"og:locale\" content=\"fr_FR\" \/>\n<meta property=\"og:type\" content=\"article\" \/>\n<meta property=\"og:title\" content=\"Kindia : la prise en charge des enfants d\u00e9sh\u00e9rit\u00e9s en d\u00e9bats\" \/>\n<meta property=\"og:description\" content=\"Africa-Press &#8211; Guin\u00e9e. Pendant trois jours, un atelier a regroupe\u0301 les inspecteurs re\u0301gionaux et communaux du ministe\u0300re de la Promotion Fe\u0301minine, de l\u2019Enfance et des Personnes vulne\u0301rables. L\u2019objectif vise a\u0300 ame\u0301liorer la qualite\u0301 des services en mettant a\u0300 disposition des enfants plusieurs options de prise en charge alternative. Cette une initiative qui contribuera a\u0300 la [&hellip;]\" \/>\n<meta property=\"og:url\" content=\"https:\/\/www.africa-press.net\/guinee-conakry\/politique\/kindia-la-prise-en-charge-des-enfants-desherites-en-debats\" \/>\n<meta property=\"og:site_name\" content=\"guinee Conakry\" \/>\n<meta property=\"article:published_time\" content=\"2022-12-29T20:48:00+00:00\" \/>\n<meta name=\"author\" content=\"cfeditorfr\" \/>\n<meta name=\"twitter:card\" content=\"summary_large_image\" \/>\n<meta name=\"twitter:label1\" content=\"\u00c9crit par\" \/>\n\t<meta name=\"twitter:data1\" content=\"cfeditorfr\" \/>\n\t<meta name=\"twitter:label2\" content=\"Dur\u00e9e de lecture estim\u00e9e\" \/>\n\t<meta name=\"twitter:data2\" content=\"3 minutes\" \/>\n<script type=\"application\/ld+json\" class=\"yoast-schema-graph\">{\"@context\":\"https:\/\/schema.org\",\"@graph\":[{\"@type\":\"Article\",\"@id\":\"https:\/\/www.africa-press.net\/guinee-conakry\/politique\/kindia-la-prise-en-charge-des-enfants-desherites-en-debats#article\",\"isPartOf\":{\"@id\":\"https:\/\/www.africa-press.net\/guinee-conakry\/politique\/kindia-la-prise-en-charge-des-enfants-desherites-en-debats\"},\"author\":{\"name\":\"cfeditorfr\",\"@id\":\"https:\/\/www.africa-press.net\/guinee-conakry\/#\/schema\/person\/2b1cf3cd81a31e3cd26889ca66d677f1\"},\"headline\":\"Kindia : la prise en charge des enfants d\u00e9sh\u00e9rit\u00e9s en d\u00e9bats\",\"datePublished\":\"2022-12-29T20:48:00+00:00\",\"mainEntityOfPage\":{\"@id\":\"https:\/\/www.africa-press.net\/guinee-conakry\/politique\/kindia-la-prise-en-charge-des-enfants-desherites-en-debats\"},\"wordCount\":635,\"commentCount\":0,\"image\":{\"@id\":\"https:\/\/www.africa-press.net\/guinee-conakry\/politique\/kindia-la-prise-en-charge-des-enfants-desherites-en-debats#primaryimage\"},\"thumbnailUrl\":\"https:\/\/static.africa-press.net\/conakry\/sites\/63\/2022\/12\/Jokar1672334314.301846.jpg\",\"keywords\":[\"Africa Press\",\"Africa Press-Guin\u00e9e\",\"Guin\u00e9e\"],\"articleSection\":[\"Communaut\u00e9\",\"Toutes les actualit\u00e9s\"],\"inLanguage\":\"fr-FR\",\"potentialAction\":[{\"@type\":\"CommentAction\",\"name\":\"Comment\",\"target\":[\"https:\/\/www.africa-press.net\/guinee-conakry\/politique\/kindia-la-prise-en-charge-des-enfants-desherites-en-debats#respond\"]}]},{\"@type\":\"WebPage\",\"@id\":\"https:\/\/www.africa-press.net\/guinee-conakry\/politique\/kindia-la-prise-en-charge-des-enfants-desherites-en-debats\",\"url\":\"https:\/\/www.africa-press.net\/guinee-conakry\/politique\/kindia-la-prise-en-charge-des-enfants-desherites-en-debats\",\"name\":\"Kindia : la prise en charge des enfants d\u00e9sh\u00e9rit\u00e9s en d\u00e9bats - guinee Conakry\",\"isPartOf\":{\"@id\":\"https:\/\/www.africa-press.net\/guinee-conakry\/#website\"},\"primaryImageOfPage\":{\"@id\":\"https:\/\/www.africa-press.net\/guinee-conakry\/politique\/kindia-la-prise-en-charge-des-enfants-desherites-en-debats#primaryimage\"},\"image\":{\"@id\":\"https:\/\/www.africa-press.net\/guinee-conakry\/politique\/kindia-la-prise-en-charge-des-enfants-desherites-en-debats#primaryimage\"},\"thumbnailUrl\":\"https:\/\/static.africa-press.net\/conakry\/sites\/63\/2022\/12\/Jokar1672334314.301846.jpg\",\"datePublished\":\"2022-12-29T20:48:00+00:00\",\"author\":{\"@id\":\"https:\/\/www.africa-press.net\/guinee-conakry\/#\/schema\/person\/2b1cf3cd81a31e3cd26889ca66d677f1\"},\"breadcrumb\":{\"@id\":\"https:\/\/www.africa-press.net\/guinee-conakry\/politique\/kindia-la-prise-en-charge-des-enfants-desherites-en-debats#breadcrumb\"},\"inLanguage\":\"fr-FR\",\"potentialAction\":[{\"@type\":\"ReadAction\",\"target\":[\"https:\/\/www.africa-press.net\/guinee-conakry\/politique\/kindia-la-prise-en-charge-des-enfants-desherites-en-debats\"]}]},{\"@type\":\"ImageObject\",\"inLanguage\":\"fr-FR\",\"@id\":\"https:\/\/www.africa-press.net\/guinee-conakry\/politique\/kindia-la-prise-en-charge-des-enfants-desherites-en-debats#primaryimage\",\"url\":\"https:\/\/static.africa-press.net\/conakry\/sites\/63\/2022\/12\/Jokar1672334314.301846.jpg\",\"contentUrl\":\"https:\/\/static.africa-press.net\/conakry\/sites\/63\/2022\/12\/Jokar1672334314.301846.jpg\",\"width\":1000,\"height\":473,\"caption\":\"Kindia : la prise en charge des enfants d\u00e9sh\u00e9rit\u00e9s en d\u00e9bats\"},{\"@type\":\"BreadcrumbList\",\"@id\":\"https:\/\/www.africa-press.net\/guinee-conakry\/politique\/kindia-la-prise-en-charge-des-enfants-desherites-en-debats#breadcrumb\",\"itemListElement\":[{\"@type\":\"ListItem\",\"position\":1,\"name\":\"Accueil\",\"item\":\"https:\/\/www.africa-press.net\/guinee-conakry\/\"},{\"@type\":\"ListItem\",\"position\":2,\"name\":\"Kindia : la prise en charge des enfants d\u00e9sh\u00e9rit\u00e9s en d\u00e9bats\"}]},{\"@type\":\"WebSite\",\"@id\":\"https:\/\/www.africa-press.net\/guinee-conakry\/#website\",\"url\":\"https:\/\/www.africa-press.net\/guinee-conakry\/\",\"name\":\"guinee Conakry\",\"description\":\"Just another Africa News Agency Sites site\",\"potentialAction\":[{\"@type\":\"SearchAction\",\"target\":{\"@type\":\"EntryPoint\",\"urlTemplate\":\"https:\/\/www.africa-press.net\/guinee-conakry\/?s={search_term_string}\"},\"query-input\":{\"@type\":\"PropertyValueSpecification\",\"valueRequired\":true,\"valueName\":\"search_term_string\"}}],\"inLanguage\":\"fr-FR\"},{\"@type\":\"Person\",\"@id\":\"https:\/\/www.africa-press.net\/guinee-conakry\/#\/schema\/person\/2b1cf3cd81a31e3cd26889ca66d677f1\",\"name\":\"cfeditorfr\"}]}<\/script>\n<!-- \/ Yoast SEO Premium plugin. -->","yoast_head_json":{"title":"Kindia : la prise en charge des enfants d\u00e9sh\u00e9rit\u00e9s en d\u00e9bats - guinee Conakry","robots":{"index":"index","follow":"follow","max-snippet":"max-snippet:-1","max-image-preview":"max-image-preview:large","max-video-preview":"max-video-preview:-1"},"canonical":"https:\/\/www.africa-press.net\/guinee-conakry\/politique\/kindia-la-prise-en-charge-des-enfants-desherites-en-debats","og_locale":"fr_FR","og_type":"article","og_title":"Kindia : la prise en charge des enfants d\u00e9sh\u00e9rit\u00e9s en d\u00e9bats","og_description":"Africa-Press &#8211; Guin\u00e9e. Pendant trois jours, un atelier a regroupe\u0301 les inspecteurs re\u0301gionaux et communaux du ministe\u0300re de la Promotion Fe\u0301minine, de l\u2019Enfance et des Personnes vulne\u0301rables. L\u2019objectif vise a\u0300 ame\u0301liorer la qualite\u0301 des services en mettant a\u0300 disposition des enfants plusieurs options de prise en charge alternative. Cette une initiative qui contribuera a\u0300 la [&hellip;]","og_url":"https:\/\/www.africa-press.net\/guinee-conakry\/politique\/kindia-la-prise-en-charge-des-enfants-desherites-en-debats","og_site_name":"guinee Conakry","article_published_time":"2022-12-29T20:48:00+00:00","author":"cfeditorfr","twitter_card":"summary_large_image","twitter_misc":{"\u00c9crit par":"cfeditorfr","Dur\u00e9e de lecture estim\u00e9e":"3 minutes"},"schema":{"@context":"https:\/\/schema.org","@graph":[{"@type":"Article","@id":"https:\/\/www.africa-press.net\/guinee-conakry\/politique\/kindia-la-prise-en-charge-des-enfants-desherites-en-debats#article","isPartOf":{"@id":"https:\/\/www.africa-press.net\/guinee-conakry\/politique\/kindia-la-prise-en-charge-des-enfants-desherites-en-debats"},"author":{"name":"cfeditorfr","@id":"https:\/\/www.africa-press.net\/guinee-conakry\/#\/schema\/person\/2b1cf3cd81a31e3cd26889ca66d677f1"},"headline":"Kindia : la prise en charge des enfants d\u00e9sh\u00e9rit\u00e9s en d\u00e9bats","datePublished":"2022-12-29T20:48:00+00:00","mainEntityOfPage":{"@id":"https:\/\/www.africa-press.net\/guinee-conakry\/politique\/kindia-la-prise-en-charge-des-enfants-desherites-en-debats"},"wordCount":635,"commentCount":0,"image":{"@id":"https:\/\/www.africa-press.net\/guinee-conakry\/politique\/kindia-la-prise-en-charge-des-enfants-desherites-en-debats#primaryimage"},"thumbnailUrl":"https:\/\/static.africa-press.net\/conakry\/sites\/63\/2022\/12\/Jokar1672334314.301846.jpg","keywords":["Africa Press","Africa Press-Guin\u00e9e","Guin\u00e9e"],"articleSection":["Communaut\u00e9","Toutes les actualit\u00e9s"],"inLanguage":"fr-FR","potentialAction":[{"@type":"CommentAction","name":"Comment","target":["https:\/\/www.africa-press.net\/guinee-conakry\/politique\/kindia-la-prise-en-charge-des-enfants-desherites-en-debats#respond"]}]},{"@type":"WebPage","@id":"https:\/\/www.africa-press.net\/guinee-conakry\/politique\/kindia-la-prise-en-charge-des-enfants-desherites-en-debats","url":"https:\/\/www.africa-press.net\/guinee-conakry\/politique\/kindia-la-prise-en-charge-des-enfants-desherites-en-debats","name":"Kindia : la prise en charge des enfants d\u00e9sh\u00e9rit\u00e9s en d\u00e9bats - guinee Conakry","isPartOf":{"@id":"https:\/\/www.africa-press.net\/guinee-conakry\/#website"},"primaryImageOfPage":{"@id":"https:\/\/www.africa-press.net\/guinee-conakry\/politique\/kindia-la-prise-en-charge-des-enfants-desherites-en-debats#primaryimage"},"image":{"@id":"https:\/\/www.africa-press.net\/guinee-conakry\/politique\/kindia-la-prise-en-charge-des-enfants-desherites-en-debats#primaryimage"},"thumbnailUrl":"https:\/\/static.africa-press.net\/conakry\/sites\/63\/2022\/12\/Jokar1672334314.301846.jpg","datePublished":"2022-12-29T20:48:00+00:00","author":{"@id":"https:\/\/www.africa-press.net\/guinee-conakry\/#\/schema\/person\/2b1cf3cd81a31e3cd26889ca66d677f1"},"breadcrumb":{"@id":"https:\/\/www.africa-press.net\/guinee-conakry\/politique\/kindia-la-prise-en-charge-des-enfants-desherites-en-debats#breadcrumb"},"inLanguage":"fr-FR","potentialAction":[{"@type":"ReadAction","target":["https:\/\/www.africa-press.net\/guinee-conakry\/politique\/kindia-la-prise-en-charge-des-enfants-desherites-en-debats"]}]},{"@type":"ImageObject","inLanguage":"fr-FR","@id":"https:\/\/www.africa-press.net\/guinee-conakry\/politique\/kindia-la-prise-en-charge-des-enfants-desherites-en-debats#primaryimage","url":"https:\/\/static.africa-press.net\/conakry\/sites\/63\/2022\/12\/Jokar1672334314.301846.jpg","contentUrl":"https:\/\/static.africa-press.net\/conakry\/sites\/63\/2022\/12\/Jokar1672334314.301846.jpg","width":1000,"height":473,"caption":"Kindia : la prise en charge des enfants d\u00e9sh\u00e9rit\u00e9s en d\u00e9bats"},{"@type":"BreadcrumbList","@id":"https:\/\/www.africa-press.net\/guinee-conakry\/politique\/kindia-la-prise-en-charge-des-enfants-desherites-en-debats#breadcrumb","itemListElement":[{"@type":"ListItem","position":1,"name":"Accueil","item":"https:\/\/www.africa-press.net\/guinee-conakry\/"},{"@type":"ListItem","position":2,"name":"Kindia : la prise en charge des enfants d\u00e9sh\u00e9rit\u00e9s en d\u00e9bats"}]},{"@type":"WebSite","@id":"https:\/\/www.africa-press.net\/guinee-conakry\/#website","url":"https:\/\/www.africa-press.net\/guinee-conakry\/","name":"guinee Conakry","description":"Just another Africa News Agency Sites site","potentialAction":[{"@type":"SearchAction","target":{"@type":"EntryPoint","urlTemplate":"https:\/\/www.africa-press.net\/guinee-conakry\/?s={search_term_string}"},"query-input":{"@type":"PropertyValueSpecification","valueRequired":true,"valueName":"search_term_string"}}],"inLanguage":"fr-FR"},{"@type":"Person","@id":"https:\/\/www.africa-press.net\/guinee-conakry\/#\/schema\/person\/2b1cf3cd81a31e3cd26889ca66d677f1","name":"cfeditorfr"}]}},"_links":{"self":[{"href":"https:\/\/www.africa-press.net\/guinee-conakry\/wp-json\/wp\/v2\/posts\/11101","targetHints":{"allow":["GET"]}}],"collection":[{"href":"https:\/\/www.africa-press.net\/guinee-conakry\/wp-json\/wp\/v2\/posts"}],"about":[{"href":"https:\/\/www.africa-press.net\/guinee-conakry\/wp-json\/wp\/v2\/types\/post"}],"author":[{"embeddable":true,"href":"https:\/\/www.africa-press.net\/guinee-conakry\/wp-json\/wp\/v2\/users\/82"}],"replies":[{"embeddable":true,"href":"https:\/\/www.africa-press.net\/guinee-conakry\/wp-json\/wp\/v2\/comments?post=11101"}],"version-history":[{"count":0,"href":"https:\/\/www.africa-press.net\/guinee-conakry\/wp-json\/wp\/v2\/posts\/11101\/revisions"}],"wp:featuredmedia":[{"embeddable":true,"href":"https:\/\/www.africa-press.net\/guinee-conakry\/wp-json\/wp\/v2\/media\/11100"}],"wp:attachment":[{"href":"https:\/\/www.africa-press.net\/guinee-conakry\/wp-json\/wp\/v2\/media?parent=11101"}],"wp:term":[{"taxonomy":"category","embeddable":true,"href":"https:\/\/www.africa-press.net\/guinee-conakry\/wp-json\/wp\/v2\/categories?post=11101"},{"taxonomy":"post_tag","embeddable":true,"href":"https:\/\/www.africa-press.net\/guinee-conakry\/wp-json\/wp\/v2\/tags?post=11101"}],"curies":[{"name":"wp","href":"https:\/\/api.w.org\/{rel}","templated":true}]}}