{"id":11103,"date":"2022-12-29T20:50:00","date_gmt":"2022-12-29T20:50:00","guid":{"rendered":"https:\/\/www.africa-press.net\/guinee-conakry\/politique\/coyah-inauguration-de-lorphelinat-de-la-fondation-josuha-guilavogui"},"modified":"2022-12-29T20:50:00","modified_gmt":"2022-12-29T20:50:00","slug":"coyah-inauguration-de-lorphelinat-de-la-fondation-josuha-guilavogui","status":"publish","type":"post","link":"https:\/\/www.africa-press.net\/guinee-conakry\/toutes-les-actualites\/coyah-inauguration-de-lorphelinat-de-la-fondation-josuha-guilavogui","title":{"rendered":"Coyah : Inauguration de l\u2019orphelinat de la fondation JOSUHA GUILAVOGUI."},"content":{"rendered":"<p><span style=\"color: #ff6600\"><strong>Africa-Press &#8211; Guin\u00e9e. <\/strong><\/span>La ministre de la Promotion fe\u0301minine de l\u2019Enfance des Personnes vulne\u0301rables, Nanette Conte\u0301 a proce\u0301de\u0301 a\u0300 l\u2019inauguration de la Fondation de \u201cl\u2019orphelinat \u00bb Josuha Guilavogui, joueur e\u0301voluant pre\u0301sentement a\u0300 Wolfsburg, club de premie\u0300re division allemande ce mercredi 28 de\u0301cembre 2022 Bentouyah dans la pre\u0301fecture de Coyah. C\u2019e\u0301tait en pre\u0301sence des autorite\u0301s administratives, et communales, et des repre\u0301sentants de la coalition des orphelinats de Guine\u0301e.<\/p>\n<p>Selon le directeur exe\u0301cutif dudit centre, Fara Vincent KADOUNO, ce centre compose\u0301 de deux blocs en R+ chacun dont un bureau, sept dortoirs, une salle de de\u0301tente, une bibliothe\u0300que, une salle d\u2019informatique, deux salles de classes, un re\u0301fectoire, une cuisine, un toit terrasse, un dispensaire, une aire de jeux et des came\u0301ras de surveillance. Le centre compte un effectif de 21 enfants dont 10 files. La plupart sont des orphelins. Le personnel est compose\u0301 de 12 encadreurs dont 6 femmes. Le Centre a e\u0301te\u0301 re\u0301alise\u0301 sur un financement propre du fondateur Josuha Guilavogui.<\/p>\n<p>Pour le directeur exce\u0301cutif, \u201cla fondation est une organisation apolitique et a\u0300 but non lucratif ayant pour objectif d\u2019aider a\u0300 l\u2019ame\u0301lioration des conditions de vie des orphelins, de promouvoir les droits de l\u2019enfant a\u0300 travers l\u2019alimentation, la sante\u0301, l\u2019e\u0301ducation, la scolarisation, l\u2019he\u0301bergement et a\u0300 la psychosociale dans un environnement ade\u0301quat.<\/p>\n<p>D\u2019apre\u0300s le fondateur Josuha Guilavogui, \u201cdepuis l\u2019adolescence, je me suis jure\u0301 que si je pouvais re\u0301aliser mon re\u0302ve de devenir footballeur professionnel, je viendrai en aide aux enfants pour qu\u2019ils puissent re\u0301aliser les leurs. A\u0300 l\u2019automne 2019, j\u2019ai concre\u0301tise\u0301 ce projet en ouvrant cet orphelinat en Guine\u0301e, le pays de mes ance\u0302tres.<\/p>\n<p>Pour moi, c\u2019est le projet de mon c\u0153ur. Nous offrons non seulement aux orphelins un foyer aimant, mais aussi la possibilite\u0301 d\u2019aller a\u0300 l\u2019e\u0301cole et de grandir dans un environnement sain et su\u0302r. Avec nous, les enfants peuvent profiter de leur enfance et avoir une vraie chance d\u2019avoir une vie meilleure. Afin d\u2019assurer l\u2019avenir des orphelins sur le long terme, j\u2019ai fonde\u0301 la Fondation Josuha Guilavogui en 2021, une fondation qui a pour but de soutenir mon orphelinat\u201d.<\/p>\n<p>Pour le pre\u0301fet de Coyah, le colonel Yaya Kalissa, cette initiative est un re\u0301confort moral du fait que Josuha Guilavogui a pense\u0301 aux de\u0301munis. Ce sont des bonnes personnes que nous recherchons dans le pays. Je lance un appel solennel a\u0300 tous les Guine\u0301ens vivant en Guine\u0301e et a\u0300 l\u2019exte\u0301rieur qui ont des moyens de faire comme lui.<\/p>\n<p>Pour sa part, la ministre Nanette Conte\u0301, a tout d\u2019abord remercie\u0301 les autorite\u0301s locales de Coyah pour leurs de\u0301placements. Il a aussi remercie\u0301 le donateur avant d\u2019appre\u0301cier la qualite\u0301 de l\u2019e\u0301difice surtout les nommes se\u0301curitaires.<\/p>\n<p>Dans son allocution, elle a promis a\u0300 la fondation Josuha Guilavogui d\u2019envoyer une e\u0301quipe dans le but de voir les encadreurs en charge de ces enfants enfin de leur offrir une formation comme a\u0300 l\u2019instar des autres orphelinats pour que tous les droits soient respecte\u0301s.<\/p>\n<p><strong>Pour plus d&rsquo;informations et d&rsquo;analyses sur la <a href=\"https:\/\/www.africa-press.net\/guinee-conakry\">Guin\u00e9e<\/a>, suivez <a href=\"https:\/\/www.africa-press.net\/\">Africa-Press<\/a><\/strong><\/p>\n","protected":false},"excerpt":{"rendered":"<p>Africa-Press &#8211; Guin\u00e9e. La ministre de la Promotion fe\u0301minine de l\u2019Enfance des Personnes vulne\u0301rables, Nanette Conte\u0301 a proce\u0301de\u0301 a\u0300 l\u2019inauguration de la Fondation de \u201cl\u2019orphelinat \u00bb Josuha Guilavogui, joueur e\u0301voluant pre\u0301sentement a\u0300 Wolfsburg, club de premie\u0300re division allemande ce mercredi 28 de\u0301cembre 2022 Bentouyah dans la pre\u0301fecture de Coyah. C\u2019e\u0301tait en pre\u0301sence des autorite\u0301s administratives, [&hellip;]<\/p>\n","protected":false},"author":82,"featured_media":11102,"comment_status":"open","ping_status":"closed","sticky":false,"template":"","format":"standard","meta":{"footnotes":""},"categories":[21,10],"tags":[36,57,58],"class_list":["post-11103","post","type-post","status-publish","format-standard","has-post-thumbnail","hentry","category-communaute","category-toutes-les-actualites","tag-africa-press","tag-africa-press-guinee","tag-guinee"],"yoast_head":"<!-- This site is optimized with the Yoast SEO Premium plugin v26.1 (Yoast SEO v27.0) - https:\/\/yoast.com\/product\/yoast-seo-premium-wordpress\/ -->\n<title>Coyah : Inauguration de l\u2019orphelinat de la fondation JOSUHA GUILAVOGUI. - guinee Conakry<\/title>\n<meta name=\"robots\" content=\"index, follow, max-snippet:-1, max-image-preview:large, max-video-preview:-1\" \/>\n<link rel=\"canonical\" href=\"https:\/\/www.africa-press.net\/guinee-conakry\/politique\/coyah-inauguration-de-lorphelinat-de-la-fondation-josuha-guilavogui\" \/>\n<meta property=\"og:locale\" content=\"fr_FR\" \/>\n<meta property=\"og:type\" content=\"article\" \/>\n<meta property=\"og:title\" content=\"Coyah : Inauguration de l\u2019orphelinat de la fondation JOSUHA GUILAVOGUI.\" \/>\n<meta property=\"og:description\" content=\"Africa-Press &#8211; Guin\u00e9e. La ministre de la Promotion fe\u0301minine de l\u2019Enfance des Personnes vulne\u0301rables, Nanette Conte\u0301 a proce\u0301de\u0301 a\u0300 l\u2019inauguration de la Fondation de \u201cl\u2019orphelinat \u00bb Josuha Guilavogui, joueur e\u0301voluant pre\u0301sentement a\u0300 Wolfsburg, club de premie\u0300re division allemande ce mercredi 28 de\u0301cembre 2022 Bentouyah dans la pre\u0301fecture de Coyah. C\u2019e\u0301tait en pre\u0301sence des autorite\u0301s administratives, [&hellip;]\" \/>\n<meta property=\"og:url\" content=\"https:\/\/www.africa-press.net\/guinee-conakry\/politique\/coyah-inauguration-de-lorphelinat-de-la-fondation-josuha-guilavogui\" \/>\n<meta property=\"og:site_name\" content=\"guinee Conakry\" \/>\n<meta property=\"article:published_time\" content=\"2022-12-29T20:50:00+00:00\" \/>\n<meta name=\"author\" content=\"cfeditorfr\" \/>\n<meta name=\"twitter:card\" content=\"summary_large_image\" \/>\n<meta name=\"twitter:label1\" content=\"\u00c9crit par\" \/>\n\t<meta name=\"twitter:data1\" content=\"cfeditorfr\" \/>\n\t<meta name=\"twitter:label2\" content=\"Dur\u00e9e de lecture estim\u00e9e\" \/>\n\t<meta name=\"twitter:data2\" content=\"3 minutes\" \/>\n<script type=\"application\/ld+json\" class=\"yoast-schema-graph\">{\"@context\":\"https:\/\/schema.org\",\"@graph\":[{\"@type\":\"Article\",\"@id\":\"https:\/\/www.africa-press.net\/guinee-conakry\/politique\/coyah-inauguration-de-lorphelinat-de-la-fondation-josuha-guilavogui#article\",\"isPartOf\":{\"@id\":\"https:\/\/www.africa-press.net\/guinee-conakry\/politique\/coyah-inauguration-de-lorphelinat-de-la-fondation-josuha-guilavogui\"},\"author\":{\"name\":\"cfeditorfr\",\"@id\":\"https:\/\/www.africa-press.net\/guinee-conakry\/#\/schema\/person\/2b1cf3cd81a31e3cd26889ca66d677f1\"},\"headline\":\"Coyah : Inauguration de l\u2019orphelinat de la fondation JOSUHA GUILAVOGUI.\",\"datePublished\":\"2022-12-29T20:50:00+00:00\",\"mainEntityOfPage\":{\"@id\":\"https:\/\/www.africa-press.net\/guinee-conakry\/politique\/coyah-inauguration-de-lorphelinat-de-la-fondation-josuha-guilavogui\"},\"wordCount\":570,\"commentCount\":0,\"image\":{\"@id\":\"https:\/\/www.africa-press.net\/guinee-conakry\/politique\/coyah-inauguration-de-lorphelinat-de-la-fondation-josuha-guilavogui#primaryimage\"},\"thumbnailUrl\":\"https:\/\/static.africa-press.net\/conakry\/sites\/63\/2022\/12\/Jokar1672334408.259769.jpg\",\"keywords\":[\"Africa Press\",\"Africa Press-Guin\u00e9e\",\"Guin\u00e9e\"],\"articleSection\":[\"Communaut\u00e9\",\"Toutes les actualit\u00e9s\"],\"inLanguage\":\"fr-FR\",\"potentialAction\":[{\"@type\":\"CommentAction\",\"name\":\"Comment\",\"target\":[\"https:\/\/www.africa-press.net\/guinee-conakry\/politique\/coyah-inauguration-de-lorphelinat-de-la-fondation-josuha-guilavogui#respond\"]}]},{\"@type\":\"WebPage\",\"@id\":\"https:\/\/www.africa-press.net\/guinee-conakry\/politique\/coyah-inauguration-de-lorphelinat-de-la-fondation-josuha-guilavogui\",\"url\":\"https:\/\/www.africa-press.net\/guinee-conakry\/politique\/coyah-inauguration-de-lorphelinat-de-la-fondation-josuha-guilavogui\",\"name\":\"Coyah : Inauguration de l\u2019orphelinat de la fondation JOSUHA GUILAVOGUI. - guinee Conakry\",\"isPartOf\":{\"@id\":\"https:\/\/www.africa-press.net\/guinee-conakry\/#website\"},\"primaryImageOfPage\":{\"@id\":\"https:\/\/www.africa-press.net\/guinee-conakry\/politique\/coyah-inauguration-de-lorphelinat-de-la-fondation-josuha-guilavogui#primaryimage\"},\"image\":{\"@id\":\"https:\/\/www.africa-press.net\/guinee-conakry\/politique\/coyah-inauguration-de-lorphelinat-de-la-fondation-josuha-guilavogui#primaryimage\"},\"thumbnailUrl\":\"https:\/\/static.africa-press.net\/conakry\/sites\/63\/2022\/12\/Jokar1672334408.259769.jpg\",\"datePublished\":\"2022-12-29T20:50:00+00:00\",\"author\":{\"@id\":\"https:\/\/www.africa-press.net\/guinee-conakry\/#\/schema\/person\/2b1cf3cd81a31e3cd26889ca66d677f1\"},\"breadcrumb\":{\"@id\":\"https:\/\/www.africa-press.net\/guinee-conakry\/politique\/coyah-inauguration-de-lorphelinat-de-la-fondation-josuha-guilavogui#breadcrumb\"},\"inLanguage\":\"fr-FR\",\"potentialAction\":[{\"@type\":\"ReadAction\",\"target\":[\"https:\/\/www.africa-press.net\/guinee-conakry\/politique\/coyah-inauguration-de-lorphelinat-de-la-fondation-josuha-guilavogui\"]}]},{\"@type\":\"ImageObject\",\"inLanguage\":\"fr-FR\",\"@id\":\"https:\/\/www.africa-press.net\/guinee-conakry\/politique\/coyah-inauguration-de-lorphelinat-de-la-fondation-josuha-guilavogui#primaryimage\",\"url\":\"https:\/\/static.africa-press.net\/conakry\/sites\/63\/2022\/12\/Jokar1672334408.259769.jpg\",\"contentUrl\":\"https:\/\/static.africa-press.net\/conakry\/sites\/63\/2022\/12\/Jokar1672334408.259769.jpg\",\"width\":1024,\"height\":768,\"caption\":\"Coyah : Inauguration de l\u2019orphelinat de la fondation JOSUHA GUILAVOGUI.\"},{\"@type\":\"BreadcrumbList\",\"@id\":\"https:\/\/www.africa-press.net\/guinee-conakry\/politique\/coyah-inauguration-de-lorphelinat-de-la-fondation-josuha-guilavogui#breadcrumb\",\"itemListElement\":[{\"@type\":\"ListItem\",\"position\":1,\"name\":\"Accueil\",\"item\":\"https:\/\/www.africa-press.net\/guinee-conakry\/\"},{\"@type\":\"ListItem\",\"position\":2,\"name\":\"Coyah : Inauguration de l\u2019orphelinat de la fondation JOSUHA GUILAVOGUI.\"}]},{\"@type\":\"WebSite\",\"@id\":\"https:\/\/www.africa-press.net\/guinee-conakry\/#website\",\"url\":\"https:\/\/www.africa-press.net\/guinee-conakry\/\",\"name\":\"guinee Conakry\",\"description\":\"Just another Africa News Agency Sites site\",\"potentialAction\":[{\"@type\":\"SearchAction\",\"target\":{\"@type\":\"EntryPoint\",\"urlTemplate\":\"https:\/\/www.africa-press.net\/guinee-conakry\/?s={search_term_string}\"},\"query-input\":{\"@type\":\"PropertyValueSpecification\",\"valueRequired\":true,\"valueName\":\"search_term_string\"}}],\"inLanguage\":\"fr-FR\"},{\"@type\":\"Person\",\"@id\":\"https:\/\/www.africa-press.net\/guinee-conakry\/#\/schema\/person\/2b1cf3cd81a31e3cd26889ca66d677f1\",\"name\":\"cfeditorfr\"}]}<\/script>\n<!-- \/ Yoast SEO Premium plugin. -->","yoast_head_json":{"title":"Coyah : Inauguration de l\u2019orphelinat de la fondation JOSUHA GUILAVOGUI. - guinee Conakry","robots":{"index":"index","follow":"follow","max-snippet":"max-snippet:-1","max-image-preview":"max-image-preview:large","max-video-preview":"max-video-preview:-1"},"canonical":"https:\/\/www.africa-press.net\/guinee-conakry\/politique\/coyah-inauguration-de-lorphelinat-de-la-fondation-josuha-guilavogui","og_locale":"fr_FR","og_type":"article","og_title":"Coyah : Inauguration de l\u2019orphelinat de la fondation JOSUHA GUILAVOGUI.","og_description":"Africa-Press &#8211; Guin\u00e9e. La ministre de la Promotion fe\u0301minine de l\u2019Enfance des Personnes vulne\u0301rables, Nanette Conte\u0301 a proce\u0301de\u0301 a\u0300 l\u2019inauguration de la Fondation de \u201cl\u2019orphelinat \u00bb Josuha Guilavogui, joueur e\u0301voluant pre\u0301sentement a\u0300 Wolfsburg, club de premie\u0300re division allemande ce mercredi 28 de\u0301cembre 2022 Bentouyah dans la pre\u0301fecture de Coyah. C\u2019e\u0301tait en pre\u0301sence des autorite\u0301s administratives, [&hellip;]","og_url":"https:\/\/www.africa-press.net\/guinee-conakry\/politique\/coyah-inauguration-de-lorphelinat-de-la-fondation-josuha-guilavogui","og_site_name":"guinee Conakry","article_published_time":"2022-12-29T20:50:00+00:00","author":"cfeditorfr","twitter_card":"summary_large_image","twitter_misc":{"\u00c9crit par":"cfeditorfr","Dur\u00e9e de lecture estim\u00e9e":"3 minutes"},"schema":{"@context":"https:\/\/schema.org","@graph":[{"@type":"Article","@id":"https:\/\/www.africa-press.net\/guinee-conakry\/politique\/coyah-inauguration-de-lorphelinat-de-la-fondation-josuha-guilavogui#article","isPartOf":{"@id":"https:\/\/www.africa-press.net\/guinee-conakry\/politique\/coyah-inauguration-de-lorphelinat-de-la-fondation-josuha-guilavogui"},"author":{"name":"cfeditorfr","@id":"https:\/\/www.africa-press.net\/guinee-conakry\/#\/schema\/person\/2b1cf3cd81a31e3cd26889ca66d677f1"},"headline":"Coyah : Inauguration de l\u2019orphelinat de la fondation JOSUHA GUILAVOGUI.","datePublished":"2022-12-29T20:50:00+00:00","mainEntityOfPage":{"@id":"https:\/\/www.africa-press.net\/guinee-conakry\/politique\/coyah-inauguration-de-lorphelinat-de-la-fondation-josuha-guilavogui"},"wordCount":570,"commentCount":0,"image":{"@id":"https:\/\/www.africa-press.net\/guinee-conakry\/politique\/coyah-inauguration-de-lorphelinat-de-la-fondation-josuha-guilavogui#primaryimage"},"thumbnailUrl":"https:\/\/static.africa-press.net\/conakry\/sites\/63\/2022\/12\/Jokar1672334408.259769.jpg","keywords":["Africa Press","Africa Press-Guin\u00e9e","Guin\u00e9e"],"articleSection":["Communaut\u00e9","Toutes les actualit\u00e9s"],"inLanguage":"fr-FR","potentialAction":[{"@type":"CommentAction","name":"Comment","target":["https:\/\/www.africa-press.net\/guinee-conakry\/politique\/coyah-inauguration-de-lorphelinat-de-la-fondation-josuha-guilavogui#respond"]}]},{"@type":"WebPage","@id":"https:\/\/www.africa-press.net\/guinee-conakry\/politique\/coyah-inauguration-de-lorphelinat-de-la-fondation-josuha-guilavogui","url":"https:\/\/www.africa-press.net\/guinee-conakry\/politique\/coyah-inauguration-de-lorphelinat-de-la-fondation-josuha-guilavogui","name":"Coyah : Inauguration de l\u2019orphelinat de la fondation JOSUHA GUILAVOGUI. - guinee Conakry","isPartOf":{"@id":"https:\/\/www.africa-press.net\/guinee-conakry\/#website"},"primaryImageOfPage":{"@id":"https:\/\/www.africa-press.net\/guinee-conakry\/politique\/coyah-inauguration-de-lorphelinat-de-la-fondation-josuha-guilavogui#primaryimage"},"image":{"@id":"https:\/\/www.africa-press.net\/guinee-conakry\/politique\/coyah-inauguration-de-lorphelinat-de-la-fondation-josuha-guilavogui#primaryimage"},"thumbnailUrl":"https:\/\/static.africa-press.net\/conakry\/sites\/63\/2022\/12\/Jokar1672334408.259769.jpg","datePublished":"2022-12-29T20:50:00+00:00","author":{"@id":"https:\/\/www.africa-press.net\/guinee-conakry\/#\/schema\/person\/2b1cf3cd81a31e3cd26889ca66d677f1"},"breadcrumb":{"@id":"https:\/\/www.africa-press.net\/guinee-conakry\/politique\/coyah-inauguration-de-lorphelinat-de-la-fondation-josuha-guilavogui#breadcrumb"},"inLanguage":"fr-FR","potentialAction":[{"@type":"ReadAction","target":["https:\/\/www.africa-press.net\/guinee-conakry\/politique\/coyah-inauguration-de-lorphelinat-de-la-fondation-josuha-guilavogui"]}]},{"@type":"ImageObject","inLanguage":"fr-FR","@id":"https:\/\/www.africa-press.net\/guinee-conakry\/politique\/coyah-inauguration-de-lorphelinat-de-la-fondation-josuha-guilavogui#primaryimage","url":"https:\/\/static.africa-press.net\/conakry\/sites\/63\/2022\/12\/Jokar1672334408.259769.jpg","contentUrl":"https:\/\/static.africa-press.net\/conakry\/sites\/63\/2022\/12\/Jokar1672334408.259769.jpg","width":1024,"height":768,"caption":"Coyah : Inauguration de l\u2019orphelinat de la fondation JOSUHA GUILAVOGUI."},{"@type":"BreadcrumbList","@id":"https:\/\/www.africa-press.net\/guinee-conakry\/politique\/coyah-inauguration-de-lorphelinat-de-la-fondation-josuha-guilavogui#breadcrumb","itemListElement":[{"@type":"ListItem","position":1,"name":"Accueil","item":"https:\/\/www.africa-press.net\/guinee-conakry\/"},{"@type":"ListItem","position":2,"name":"Coyah : Inauguration de l\u2019orphelinat de la fondation JOSUHA GUILAVOGUI."}]},{"@type":"WebSite","@id":"https:\/\/www.africa-press.net\/guinee-conakry\/#website","url":"https:\/\/www.africa-press.net\/guinee-conakry\/","name":"guinee Conakry","description":"Just another Africa News Agency Sites site","potentialAction":[{"@type":"SearchAction","target":{"@type":"EntryPoint","urlTemplate":"https:\/\/www.africa-press.net\/guinee-conakry\/?s={search_term_string}"},"query-input":{"@type":"PropertyValueSpecification","valueRequired":true,"valueName":"search_term_string"}}],"inLanguage":"fr-FR"},{"@type":"Person","@id":"https:\/\/www.africa-press.net\/guinee-conakry\/#\/schema\/person\/2b1cf3cd81a31e3cd26889ca66d677f1","name":"cfeditorfr"}]}},"_links":{"self":[{"href":"https:\/\/www.africa-press.net\/guinee-conakry\/wp-json\/wp\/v2\/posts\/11103","targetHints":{"allow":["GET"]}}],"collection":[{"href":"https:\/\/www.africa-press.net\/guinee-conakry\/wp-json\/wp\/v2\/posts"}],"about":[{"href":"https:\/\/www.africa-press.net\/guinee-conakry\/wp-json\/wp\/v2\/types\/post"}],"author":[{"embeddable":true,"href":"https:\/\/www.africa-press.net\/guinee-conakry\/wp-json\/wp\/v2\/users\/82"}],"replies":[{"embeddable":true,"href":"https:\/\/www.africa-press.net\/guinee-conakry\/wp-json\/wp\/v2\/comments?post=11103"}],"version-history":[{"count":0,"href":"https:\/\/www.africa-press.net\/guinee-conakry\/wp-json\/wp\/v2\/posts\/11103\/revisions"}],"wp:featuredmedia":[{"embeddable":true,"href":"https:\/\/www.africa-press.net\/guinee-conakry\/wp-json\/wp\/v2\/media\/11102"}],"wp:attachment":[{"href":"https:\/\/www.africa-press.net\/guinee-conakry\/wp-json\/wp\/v2\/media?parent=11103"}],"wp:term":[{"taxonomy":"category","embeddable":true,"href":"https:\/\/www.africa-press.net\/guinee-conakry\/wp-json\/wp\/v2\/categories?post=11103"},{"taxonomy":"post_tag","embeddable":true,"href":"https:\/\/www.africa-press.net\/guinee-conakry\/wp-json\/wp\/v2\/tags?post=11103"}],"curies":[{"name":"wp","href":"https:\/\/api.w.org\/{rel}","templated":true}]}}