{"id":11117,"date":"2022-12-30T19:18:00","date_gmt":"2022-12-30T19:18:00","guid":{"rendered":"https:\/\/www.africa-press.net\/guinee-conakry\/politique\/colere-des-orpailleurs-de-mandiana-contre-leur-president-nous-voulons-le-depart-de-tidiane-koita"},"modified":"2022-12-30T19:18:00","modified_gmt":"2022-12-30T19:18:00","slug":"colere-des-orpailleurs-de-mandiana-contre-leur-president-nous-voulons-le-depart-de-tidiane-koita","status":"publish","type":"post","link":"https:\/\/www.africa-press.net\/guinee-conakry\/toutes-les-actualites\/colere-des-orpailleurs-de-mandiana-contre-leur-president-nous-voulons-le-depart-de-tidiane-koita","title":{"rendered":"Col\u00e8re des orpailleurs de Mandiana contre leur pr\u00e9sident : \u00ab nous voulons le d\u00e9part de Tidiane Ko\u00efta \u00bb"},"content":{"rendered":"<p><span style=\"color: #ff6600\"><strong>Africa-Press &#8211; Guin\u00e9e. <\/strong><\/span>Rien ne va plus entre le pre\u0301sident du bureau de l\u2019union pre\u0301fectorale des orpailleurs de Mandiana et ses mandants. Les orpailleurs estiment que Tidiane Koi\u0308ta n\u2019assument pas ses responsabilite\u0301s, et re\u0301clament son de\u0301part imme\u0301diat et sans condition. Ils se sont fait entendre a\u0300 travers une mobilisation organise\u0301e dans la ville hier, jeudi 29 de\u0301cembre 2022.<\/p>\n<p>Plus d\u2019une centaine personnes, pour la plupart des jeunes, mais aussi de grandes figures du commerce de l\u2019or a\u0300 Mandiana, e\u0301taient mobilise\u0301s ce jeudi dans la ville. Une re\u0301union extraordinaire, convoque\u0301e pour re\u0301clamer le de\u0301part de Tidiane Koi\u0308ta, le pre\u0301sident de l\u2019union pre\u0301fectorale des orpailleurs de Mandiana. Ils accusent ce dernier d\u2019ignorer comple\u0300tement ses mandants avec leurs proble\u0300mes.<\/p>\n<p>Selon Mamady Fralako Diallo, le porte-parole des frondeurs, ils ne sont pas a\u0300 leur premie\u0300re action.<\/p>\n<p>\u00ab Nous sommes la\u0300 aujourd\u2019hui pour la troisie\u0300me fois pour nous faire entendre sur nos difficulte\u0301s. La premie\u0300re des choses d\u2019abord, c\u2019est qu\u2019on n\u2019a pas de bureau ou tenir des re\u0301unions ici. Deuxie\u0300mement, quand un orpailleur a un proble\u0300me, il est oblige\u0301 de se battre seul avec sa famille pour s\u2019en sortir. Parce que le bureau ne porte aucune attention a\u0300 nos proble\u0300mes. C\u2019est pourquoi nous disons haut et fort que nous ne voulons plus de notre pre\u0301sident, Tidiane Koi\u0308ta \u00bb, a-t-il de\u0301clare\u0301.<\/p>\n<p>Dans les rangs des manifestants, un nom est e\u0301voque\u0301 pour la succession de l\u2019actuel pre\u0301sident. Siaka Koulibaly indique qu\u2019ils veulent de\u0301sormais voir Mory Traore\u0301 a\u0300 la te\u0302te de leur organisation. Ils disent e\u0302tre convaincus que ce dernier va les e\u0301couter et les assister quand ils en ont besoin.<\/p>\n<p>\u00ab Notre pre\u0301sident n\u2019est pas la\u0300 pour nous, mais contre nous, il n\u2019accorde aucun inte\u0301re\u0302t aux proble\u0300mes des orpailleurs. Moi-me\u0302me, j\u2019ai eu un proble\u0300me a\u0300 Conakry, ou\u0300 des gens ont de\u0301tourne\u0301 mon argent repre\u0301sentant la valeur d\u2019une quantite\u0301 d\u2019or. J\u2019ai rencontre\u0301 Koi\u0308ta pour qu\u2019il m\u2019aide a\u0300 re\u0301cupe\u0301rer mon argent, mais il m\u2019a dit que ce n\u2019est pas son proble\u0300me. Donc nous voulons maintenant un pre\u0301sident qui va nous e\u0301couter et nous aider. Et notre choix porte sur M. Mory Traore\u0301, que nous voulons voir a\u0300 la te\u0302te de notre organisation \u00bb, a dit Siaka Koulibaly.<\/p>\n<p>Ces orpailleurs annoncent que si leur revendication n\u2019est pas satisfaite dans les prochains jours, ils n\u2019excluent pas de bloquer toutes les activite\u0301s de leur bureau pre\u0301fectoral.<\/p>\n<p><iframe loading=\"lazy\" title=\"Col\u00e8re des orpailleurs de Mandiana contre leur pr\u00e9sident: \u00ab Nous voulons le d\u00e9part de Tidiane Ko\u00efta\u00bb\" width=\"696\" height=\"392\" src=\"https:\/\/www.youtube.com\/embed\/Kz1ZHq955zM?feature=oembed\" frameborder=\"0\" allow=\"accelerometer; autoplay; clipboard-write; encrypted-media; gyroscope; picture-in-picture\" allowfullscreen><\/iframe><\/p>\n<p><strong>Pour plus d&rsquo;informations et d&rsquo;analyses sur la <a href=\"https:\/\/www.africa-press.net\/guinee-conakry\">Guin\u00e9e<\/a>, suivez <a href=\"https:\/\/www.africa-press.net\/\">Africa-Press<\/a><\/strong><\/p>\n","protected":false},"excerpt":{"rendered":"<p>Africa-Press &#8211; Guin\u00e9e. Rien ne va plus entre le pre\u0301sident du bureau de l\u2019union pre\u0301fectorale des orpailleurs de Mandiana et ses mandants. Les orpailleurs estiment que Tidiane Koi\u0308ta n\u2019assument pas ses responsabilite\u0301s, et re\u0301clament son de\u0301part imme\u0301diat et sans condition. Ils se sont fait entendre a\u0300 travers une mobilisation organise\u0301e dans la ville hier, jeudi [&hellip;]<\/p>\n","protected":false},"author":82,"featured_media":11116,"comment_status":"open","ping_status":"closed","sticky":false,"template":"","format":"standard","meta":{"footnotes":""},"categories":[21,10],"tags":[36,57,58],"class_list":["post-11117","post","type-post","status-publish","format-standard","has-post-thumbnail","hentry","category-communaute","category-toutes-les-actualites","tag-africa-press","tag-africa-press-guinee","tag-guinee"],"yoast_head":"<!-- This site is optimized with the Yoast SEO Premium plugin v26.1 (Yoast SEO v27.0) - https:\/\/yoast.com\/product\/yoast-seo-premium-wordpress\/ -->\n<title>Col\u00e8re des orpailleurs de Mandiana contre leur pr\u00e9sident : \u00ab nous voulons le d\u00e9part de Tidiane Ko\u00efta \u00bb - guinee Conakry<\/title>\n<meta name=\"robots\" content=\"index, follow, max-snippet:-1, max-image-preview:large, max-video-preview:-1\" \/>\n<link rel=\"canonical\" href=\"https:\/\/www.africa-press.net\/guinee-conakry\/politique\/colere-des-orpailleurs-de-mandiana-contre-leur-president-nous-voulons-le-depart-de-tidiane-koita\" \/>\n<meta property=\"og:locale\" content=\"fr_FR\" \/>\n<meta property=\"og:type\" content=\"article\" \/>\n<meta property=\"og:title\" content=\"Col\u00e8re des orpailleurs de Mandiana contre leur pr\u00e9sident : \u00ab nous voulons le d\u00e9part de Tidiane Ko\u00efta \u00bb\" \/>\n<meta property=\"og:description\" content=\"Africa-Press &#8211; Guin\u00e9e. Rien ne va plus entre le pre\u0301sident du bureau de l\u2019union pre\u0301fectorale des orpailleurs de Mandiana et ses mandants. Les orpailleurs estiment que Tidiane Koi\u0308ta n\u2019assument pas ses responsabilite\u0301s, et re\u0301clament son de\u0301part imme\u0301diat et sans condition. Ils se sont fait entendre a\u0300 travers une mobilisation organise\u0301e dans la ville hier, jeudi [&hellip;]\" \/>\n<meta property=\"og:url\" content=\"https:\/\/www.africa-press.net\/guinee-conakry\/politique\/colere-des-orpailleurs-de-mandiana-contre-leur-president-nous-voulons-le-depart-de-tidiane-koita\" \/>\n<meta property=\"og:site_name\" content=\"guinee Conakry\" \/>\n<meta property=\"article:published_time\" content=\"2022-12-30T19:18:00+00:00\" \/>\n<meta name=\"author\" content=\"cfeditorfr\" \/>\n<meta name=\"twitter:card\" content=\"summary_large_image\" \/>\n<meta name=\"twitter:label1\" content=\"\u00c9crit par\" \/>\n\t<meta name=\"twitter:data1\" content=\"cfeditorfr\" \/>\n\t<meta name=\"twitter:label2\" content=\"Dur\u00e9e de lecture estim\u00e9e\" \/>\n\t<meta name=\"twitter:data2\" content=\"2 minutes\" \/>\n<script type=\"application\/ld+json\" class=\"yoast-schema-graph\">{\"@context\":\"https:\/\/schema.org\",\"@graph\":[{\"@type\":\"Article\",\"@id\":\"https:\/\/www.africa-press.net\/guinee-conakry\/politique\/colere-des-orpailleurs-de-mandiana-contre-leur-president-nous-voulons-le-depart-de-tidiane-koita#article\",\"isPartOf\":{\"@id\":\"https:\/\/www.africa-press.net\/guinee-conakry\/politique\/colere-des-orpailleurs-de-mandiana-contre-leur-president-nous-voulons-le-depart-de-tidiane-koita\"},\"author\":{\"name\":\"cfeditorfr\",\"@id\":\"https:\/\/www.africa-press.net\/guinee-conakry\/#\/schema\/person\/2b1cf3cd81a31e3cd26889ca66d677f1\"},\"headline\":\"Col\u00e8re des orpailleurs de Mandiana contre leur pr\u00e9sident : \u00ab nous voulons le d\u00e9part de Tidiane Ko\u00efta \u00bb\",\"datePublished\":\"2022-12-30T19:18:00+00:00\",\"mainEntityOfPage\":{\"@id\":\"https:\/\/www.africa-press.net\/guinee-conakry\/politique\/colere-des-orpailleurs-de-mandiana-contre-leur-president-nous-voulons-le-depart-de-tidiane-koita\"},\"wordCount\":501,\"commentCount\":0,\"image\":{\"@id\":\"https:\/\/www.africa-press.net\/guinee-conakry\/politique\/colere-des-orpailleurs-de-mandiana-contre-leur-president-nous-voulons-le-depart-de-tidiane-koita#primaryimage\"},\"thumbnailUrl\":\"https:\/\/static.africa-press.net\/conakry\/sites\/63\/2022\/12\/Jokar1672415285.820996.jpg\",\"keywords\":[\"Africa Press\",\"Africa Press-Guin\u00e9e\",\"Guin\u00e9e\"],\"articleSection\":[\"Communaut\u00e9\",\"Toutes les actualit\u00e9s\"],\"inLanguage\":\"fr-FR\",\"potentialAction\":[{\"@type\":\"CommentAction\",\"name\":\"Comment\",\"target\":[\"https:\/\/www.africa-press.net\/guinee-conakry\/politique\/colere-des-orpailleurs-de-mandiana-contre-leur-president-nous-voulons-le-depart-de-tidiane-koita#respond\"]}]},{\"@type\":\"WebPage\",\"@id\":\"https:\/\/www.africa-press.net\/guinee-conakry\/politique\/colere-des-orpailleurs-de-mandiana-contre-leur-president-nous-voulons-le-depart-de-tidiane-koita\",\"url\":\"https:\/\/www.africa-press.net\/guinee-conakry\/politique\/colere-des-orpailleurs-de-mandiana-contre-leur-president-nous-voulons-le-depart-de-tidiane-koita\",\"name\":\"Col\u00e8re des orpailleurs de Mandiana contre leur pr\u00e9sident : \u00ab nous voulons le d\u00e9part de Tidiane Ko\u00efta \u00bb - guinee Conakry\",\"isPartOf\":{\"@id\":\"https:\/\/www.africa-press.net\/guinee-conakry\/#website\"},\"primaryImageOfPage\":{\"@id\":\"https:\/\/www.africa-press.net\/guinee-conakry\/politique\/colere-des-orpailleurs-de-mandiana-contre-leur-president-nous-voulons-le-depart-de-tidiane-koita#primaryimage\"},\"image\":{\"@id\":\"https:\/\/www.africa-press.net\/guinee-conakry\/politique\/colere-des-orpailleurs-de-mandiana-contre-leur-president-nous-voulons-le-depart-de-tidiane-koita#primaryimage\"},\"thumbnailUrl\":\"https:\/\/static.africa-press.net\/conakry\/sites\/63\/2022\/12\/Jokar1672415285.820996.jpg\",\"datePublished\":\"2022-12-30T19:18:00+00:00\",\"author\":{\"@id\":\"https:\/\/www.africa-press.net\/guinee-conakry\/#\/schema\/person\/2b1cf3cd81a31e3cd26889ca66d677f1\"},\"breadcrumb\":{\"@id\":\"https:\/\/www.africa-press.net\/guinee-conakry\/politique\/colere-des-orpailleurs-de-mandiana-contre-leur-president-nous-voulons-le-depart-de-tidiane-koita#breadcrumb\"},\"inLanguage\":\"fr-FR\",\"potentialAction\":[{\"@type\":\"ReadAction\",\"target\":[\"https:\/\/www.africa-press.net\/guinee-conakry\/politique\/colere-des-orpailleurs-de-mandiana-contre-leur-president-nous-voulons-le-depart-de-tidiane-koita\"]}]},{\"@type\":\"ImageObject\",\"inLanguage\":\"fr-FR\",\"@id\":\"https:\/\/www.africa-press.net\/guinee-conakry\/politique\/colere-des-orpailleurs-de-mandiana-contre-leur-president-nous-voulons-le-depart-de-tidiane-koita#primaryimage\",\"url\":\"https:\/\/static.africa-press.net\/conakry\/sites\/63\/2022\/12\/Jokar1672415285.820996.jpg\",\"contentUrl\":\"https:\/\/static.africa-press.net\/conakry\/sites\/63\/2022\/12\/Jokar1672415285.820996.jpg\",\"width\":1078,\"height\":568,\"caption\":\"Col\u00e8re des orpailleurs de Mandiana contre leur pr\u00e9sident : \u00ab nous voulons le d\u00e9part de Tidiane Ko\u00efta \u00bb\"},{\"@type\":\"BreadcrumbList\",\"@id\":\"https:\/\/www.africa-press.net\/guinee-conakry\/politique\/colere-des-orpailleurs-de-mandiana-contre-leur-president-nous-voulons-le-depart-de-tidiane-koita#breadcrumb\",\"itemListElement\":[{\"@type\":\"ListItem\",\"position\":1,\"name\":\"Accueil\",\"item\":\"https:\/\/www.africa-press.net\/guinee-conakry\/\"},{\"@type\":\"ListItem\",\"position\":2,\"name\":\"Col\u00e8re des orpailleurs de Mandiana contre leur pr\u00e9sident : \u00ab nous voulons le d\u00e9part de Tidiane Ko\u00efta \u00bb\"}]},{\"@type\":\"WebSite\",\"@id\":\"https:\/\/www.africa-press.net\/guinee-conakry\/#website\",\"url\":\"https:\/\/www.africa-press.net\/guinee-conakry\/\",\"name\":\"guinee Conakry\",\"description\":\"Just another Africa News Agency Sites site\",\"potentialAction\":[{\"@type\":\"SearchAction\",\"target\":{\"@type\":\"EntryPoint\",\"urlTemplate\":\"https:\/\/www.africa-press.net\/guinee-conakry\/?s={search_term_string}\"},\"query-input\":{\"@type\":\"PropertyValueSpecification\",\"valueRequired\":true,\"valueName\":\"search_term_string\"}}],\"inLanguage\":\"fr-FR\"},{\"@type\":\"Person\",\"@id\":\"https:\/\/www.africa-press.net\/guinee-conakry\/#\/schema\/person\/2b1cf3cd81a31e3cd26889ca66d677f1\",\"name\":\"cfeditorfr\"}]}<\/script>\n<!-- \/ Yoast SEO Premium plugin. -->","yoast_head_json":{"title":"Col\u00e8re des orpailleurs de Mandiana contre leur pr\u00e9sident : \u00ab nous voulons le d\u00e9part de Tidiane Ko\u00efta \u00bb - guinee Conakry","robots":{"index":"index","follow":"follow","max-snippet":"max-snippet:-1","max-image-preview":"max-image-preview:large","max-video-preview":"max-video-preview:-1"},"canonical":"https:\/\/www.africa-press.net\/guinee-conakry\/politique\/colere-des-orpailleurs-de-mandiana-contre-leur-president-nous-voulons-le-depart-de-tidiane-koita","og_locale":"fr_FR","og_type":"article","og_title":"Col\u00e8re des orpailleurs de Mandiana contre leur pr\u00e9sident : \u00ab nous voulons le d\u00e9part de Tidiane Ko\u00efta \u00bb","og_description":"Africa-Press &#8211; Guin\u00e9e. Rien ne va plus entre le pre\u0301sident du bureau de l\u2019union pre\u0301fectorale des orpailleurs de Mandiana et ses mandants. Les orpailleurs estiment que Tidiane Koi\u0308ta n\u2019assument pas ses responsabilite\u0301s, et re\u0301clament son de\u0301part imme\u0301diat et sans condition. Ils se sont fait entendre a\u0300 travers une mobilisation organise\u0301e dans la ville hier, jeudi [&hellip;]","og_url":"https:\/\/www.africa-press.net\/guinee-conakry\/politique\/colere-des-orpailleurs-de-mandiana-contre-leur-president-nous-voulons-le-depart-de-tidiane-koita","og_site_name":"guinee Conakry","article_published_time":"2022-12-30T19:18:00+00:00","author":"cfeditorfr","twitter_card":"summary_large_image","twitter_misc":{"\u00c9crit par":"cfeditorfr","Dur\u00e9e de lecture estim\u00e9e":"2 minutes"},"schema":{"@context":"https:\/\/schema.org","@graph":[{"@type":"Article","@id":"https:\/\/www.africa-press.net\/guinee-conakry\/politique\/colere-des-orpailleurs-de-mandiana-contre-leur-president-nous-voulons-le-depart-de-tidiane-koita#article","isPartOf":{"@id":"https:\/\/www.africa-press.net\/guinee-conakry\/politique\/colere-des-orpailleurs-de-mandiana-contre-leur-president-nous-voulons-le-depart-de-tidiane-koita"},"author":{"name":"cfeditorfr","@id":"https:\/\/www.africa-press.net\/guinee-conakry\/#\/schema\/person\/2b1cf3cd81a31e3cd26889ca66d677f1"},"headline":"Col\u00e8re des orpailleurs de Mandiana contre leur pr\u00e9sident : \u00ab nous voulons le d\u00e9part de Tidiane Ko\u00efta \u00bb","datePublished":"2022-12-30T19:18:00+00:00","mainEntityOfPage":{"@id":"https:\/\/www.africa-press.net\/guinee-conakry\/politique\/colere-des-orpailleurs-de-mandiana-contre-leur-president-nous-voulons-le-depart-de-tidiane-koita"},"wordCount":501,"commentCount":0,"image":{"@id":"https:\/\/www.africa-press.net\/guinee-conakry\/politique\/colere-des-orpailleurs-de-mandiana-contre-leur-president-nous-voulons-le-depart-de-tidiane-koita#primaryimage"},"thumbnailUrl":"https:\/\/static.africa-press.net\/conakry\/sites\/63\/2022\/12\/Jokar1672415285.820996.jpg","keywords":["Africa Press","Africa Press-Guin\u00e9e","Guin\u00e9e"],"articleSection":["Communaut\u00e9","Toutes les actualit\u00e9s"],"inLanguage":"fr-FR","potentialAction":[{"@type":"CommentAction","name":"Comment","target":["https:\/\/www.africa-press.net\/guinee-conakry\/politique\/colere-des-orpailleurs-de-mandiana-contre-leur-president-nous-voulons-le-depart-de-tidiane-koita#respond"]}]},{"@type":"WebPage","@id":"https:\/\/www.africa-press.net\/guinee-conakry\/politique\/colere-des-orpailleurs-de-mandiana-contre-leur-president-nous-voulons-le-depart-de-tidiane-koita","url":"https:\/\/www.africa-press.net\/guinee-conakry\/politique\/colere-des-orpailleurs-de-mandiana-contre-leur-president-nous-voulons-le-depart-de-tidiane-koita","name":"Col\u00e8re des orpailleurs de Mandiana contre leur pr\u00e9sident : \u00ab nous voulons le d\u00e9part de Tidiane Ko\u00efta \u00bb - guinee Conakry","isPartOf":{"@id":"https:\/\/www.africa-press.net\/guinee-conakry\/#website"},"primaryImageOfPage":{"@id":"https:\/\/www.africa-press.net\/guinee-conakry\/politique\/colere-des-orpailleurs-de-mandiana-contre-leur-president-nous-voulons-le-depart-de-tidiane-koita#primaryimage"},"image":{"@id":"https:\/\/www.africa-press.net\/guinee-conakry\/politique\/colere-des-orpailleurs-de-mandiana-contre-leur-president-nous-voulons-le-depart-de-tidiane-koita#primaryimage"},"thumbnailUrl":"https:\/\/static.africa-press.net\/conakry\/sites\/63\/2022\/12\/Jokar1672415285.820996.jpg","datePublished":"2022-12-30T19:18:00+00:00","author":{"@id":"https:\/\/www.africa-press.net\/guinee-conakry\/#\/schema\/person\/2b1cf3cd81a31e3cd26889ca66d677f1"},"breadcrumb":{"@id":"https:\/\/www.africa-press.net\/guinee-conakry\/politique\/colere-des-orpailleurs-de-mandiana-contre-leur-president-nous-voulons-le-depart-de-tidiane-koita#breadcrumb"},"inLanguage":"fr-FR","potentialAction":[{"@type":"ReadAction","target":["https:\/\/www.africa-press.net\/guinee-conakry\/politique\/colere-des-orpailleurs-de-mandiana-contre-leur-president-nous-voulons-le-depart-de-tidiane-koita"]}]},{"@type":"ImageObject","inLanguage":"fr-FR","@id":"https:\/\/www.africa-press.net\/guinee-conakry\/politique\/colere-des-orpailleurs-de-mandiana-contre-leur-president-nous-voulons-le-depart-de-tidiane-koita#primaryimage","url":"https:\/\/static.africa-press.net\/conakry\/sites\/63\/2022\/12\/Jokar1672415285.820996.jpg","contentUrl":"https:\/\/static.africa-press.net\/conakry\/sites\/63\/2022\/12\/Jokar1672415285.820996.jpg","width":1078,"height":568,"caption":"Col\u00e8re des orpailleurs de Mandiana contre leur pr\u00e9sident : \u00ab nous voulons le d\u00e9part de Tidiane Ko\u00efta \u00bb"},{"@type":"BreadcrumbList","@id":"https:\/\/www.africa-press.net\/guinee-conakry\/politique\/colere-des-orpailleurs-de-mandiana-contre-leur-president-nous-voulons-le-depart-de-tidiane-koita#breadcrumb","itemListElement":[{"@type":"ListItem","position":1,"name":"Accueil","item":"https:\/\/www.africa-press.net\/guinee-conakry\/"},{"@type":"ListItem","position":2,"name":"Col\u00e8re des orpailleurs de Mandiana contre leur pr\u00e9sident : \u00ab nous voulons le d\u00e9part de Tidiane Ko\u00efta \u00bb"}]},{"@type":"WebSite","@id":"https:\/\/www.africa-press.net\/guinee-conakry\/#website","url":"https:\/\/www.africa-press.net\/guinee-conakry\/","name":"guinee Conakry","description":"Just another Africa News Agency Sites site","potentialAction":[{"@type":"SearchAction","target":{"@type":"EntryPoint","urlTemplate":"https:\/\/www.africa-press.net\/guinee-conakry\/?s={search_term_string}"},"query-input":{"@type":"PropertyValueSpecification","valueRequired":true,"valueName":"search_term_string"}}],"inLanguage":"fr-FR"},{"@type":"Person","@id":"https:\/\/www.africa-press.net\/guinee-conakry\/#\/schema\/person\/2b1cf3cd81a31e3cd26889ca66d677f1","name":"cfeditorfr"}]}},"_links":{"self":[{"href":"https:\/\/www.africa-press.net\/guinee-conakry\/wp-json\/wp\/v2\/posts\/11117","targetHints":{"allow":["GET"]}}],"collection":[{"href":"https:\/\/www.africa-press.net\/guinee-conakry\/wp-json\/wp\/v2\/posts"}],"about":[{"href":"https:\/\/www.africa-press.net\/guinee-conakry\/wp-json\/wp\/v2\/types\/post"}],"author":[{"embeddable":true,"href":"https:\/\/www.africa-press.net\/guinee-conakry\/wp-json\/wp\/v2\/users\/82"}],"replies":[{"embeddable":true,"href":"https:\/\/www.africa-press.net\/guinee-conakry\/wp-json\/wp\/v2\/comments?post=11117"}],"version-history":[{"count":0,"href":"https:\/\/www.africa-press.net\/guinee-conakry\/wp-json\/wp\/v2\/posts\/11117\/revisions"}],"wp:featuredmedia":[{"embeddable":true,"href":"https:\/\/www.africa-press.net\/guinee-conakry\/wp-json\/wp\/v2\/media\/11116"}],"wp:attachment":[{"href":"https:\/\/www.africa-press.net\/guinee-conakry\/wp-json\/wp\/v2\/media?parent=11117"}],"wp:term":[{"taxonomy":"category","embeddable":true,"href":"https:\/\/www.africa-press.net\/guinee-conakry\/wp-json\/wp\/v2\/categories?post=11117"},{"taxonomy":"post_tag","embeddable":true,"href":"https:\/\/www.africa-press.net\/guinee-conakry\/wp-json\/wp\/v2\/tags?post=11117"}],"curies":[{"name":"wp","href":"https:\/\/api.w.org\/{rel}","templated":true}]}}