{"id":11151,"date":"2023-01-01T18:23:00","date_gmt":"2023-01-01T18:23:00","guid":{"rendered":"https:\/\/www.africa-press.net\/guinee-conakry\/politique\/ibrahima-timbo-diallo-sur-tabital-pulaaku-thierno-yaya-a-ete-elu-conformement-a-la-procedure"},"modified":"2023-01-01T18:23:00","modified_gmt":"2023-01-01T18:23:00","slug":"ibrahima-timbo-diallo-sur-tabital-pulaaku-thierno-yaya-a-ete-elu-conformement-a-la-procedure","status":"publish","type":"post","link":"https:\/\/www.africa-press.net\/guinee-conakry\/politique\/ibrahima-timbo-diallo-sur-tabital-pulaaku-thierno-yaya-a-ete-elu-conformement-a-la-procedure","title":{"rendered":"Ibrahima Timbo Diallo sur Tabital Pulaaku : \u00ab Thierno Yaya a \u00e9t\u00e9 \u00e9lu conform\u00e9ment \u00e0 la proc\u00e9dure \u00bb"},"content":{"rendered":"<p><span style=\"color: #ff6600\"><strong>Africa-Press &#8211; Guin\u00e9e. <\/strong><\/span>L\u2019installation de Thierno Yaya Diallo dans ses fonctions de pre\u0301sident de la jeunesse Tabital Pulaaku Guine\u0301e continue de faire des vagues. Alors qu\u2019il est conteste\u0301 par certains membres de cette structure, ses proches brisent le silence et expriment leur part de ve\u0301rite\u0301 dans cette affaire.Dans l\u2019apre\u0300s-midi du vendredi, 30 de\u0301cembre 2022, Ibrahima Timbo Diallo, ancien pre\u0301sident Tabital Pulaaku Belgique et ancien coordinateur Tabital Pulaaku Europe, qui dit avoir participe\u0301 a\u0300 tout le processus, tente de recadrer les choses.<\/p>\n<p>Pour lui, ceux qui ont fait les de\u0301clarations d\u2019opposition a\u0300 l\u2019installation de Thierno Yaya Diallo et qui voulaient que le de\u0301lai soit repousse\u0301 n\u2019ont pas la bonne information a\u0300 ce sujet.<\/p>\n<p>Ci-dessous, l\u2019inte\u0301gralite\u0301 de l\u2019interview :<\/p>\n<p><b>quelques heures apre\u0300s l\u2019installation de Thierno Yaya Diallo dans ses fonctions de pre\u0301sident de la jeunesse de Tabital Pulaaku par le pre\u0301sident de Tabital Pulaaku international, les 3 Diwe\u0301 du Fouta (Timbo, Timbi et Labe\u0301) se sont fait voix, s\u2019opposant a\u0300 la date de son installation. Est-ce que vous pouvez nous expliquer ce que vous en savez dans cette affaire ?<\/b><\/p>\n<p><b>Ibrahima Timbo Diallo :<\/b> avant de re\u0301pondre a\u0300 votre question, je voudrai d\u2019abord rectifier quelque chose. C\u2019est que les Diwe\u0301 ont dit, ce n\u2019est pas qu\u2019ils ne sont pas d\u2019accord avec l\u2019e\u0301lection ou l\u2019installation de Thierno Yaya Diallo dans ses fonctions de pre\u0301sident de la jeunesse de Tabital Pulaaku. C\u2019est qu\u2019ils ont dit, c\u2019est qu\u2019ils ont demande\u0301 une dole\u0301ance. Ce n\u2019est pas qu\u2019ils n\u2019acceptent pas l\u2019installation, ils sont d\u2019accord, mais ils ont juste demande\u0301 une dole\u0301ance. Personne ne s\u2019oppose a\u0300 l\u2019installation. Ils ont juste demande\u0301 a\u0300 ce que le de\u0301lai soit un peu repousse\u0301. Lorsqu\u2019il s\u2019est agi de mettre en place le bureau de la jeunesse du Tabital Pulaaku Guine\u0301e, c\u2019est un certain Laga et un autre, Elhadj Lawal qui sont venus en Guine\u0301e, rencontrer nos sages ainsi que d\u2019autres personnes. Ils ont parle\u0301 et se sont entendus qu\u2019un bureau de la jeunesse de Tabital Pulaaku peut bien e\u0302tre mis en place ici en Guine\u0301e. Ensuite, tout ce qu\u2019il fallait faire pour que le bureau soit mis en place en Guine\u0301e a e\u0301te\u0301 fait comme cela se devait. Quand on a demande\u0301 les candidatures pour le poste du pre\u0301sident de la jeunesse Tabital Pulaaku pour la Guine\u0301e, il n\u2019y a eu deux candidats. Il s\u2019agit de Thierno Yaya Diallo et Abdoulaye Tanou Diallo. La commission d\u2019organisation avait dit que les candidatures et les cautions devaient e\u0302tre de\u0301pose\u0301es chez Elhadj Ousmane Fatako Balde\u0301, qui se trouve e\u0302tre le pre\u0301sident de la coordination nationale des Foulbhe\u0301 et Haali Pular de Guine\u0301e. Les candidats ont envoye\u0301 e\u0301galement les attaches de colas chez Elhadj Ousmane Fatako Balde\u0301 au nom de Fouta avant que les e\u0301lections n\u2019aient lieu. Puisque ce n\u2019e\u0301tait que seulement les deux qui sont candidats, Elhadj Kaly, pre\u0301sident des Foulbhe\u0301 et Haali Pular d\u2019Angola, a propose\u0301 que les deux candidats se choisissent entre eux celui va devenir le pre\u0301sident et l\u2019autre le vice-pre\u0301sident. C\u2019est ainsi qu\u2019Elhadj Abdoulaye Tanou Diallo a e\u0301crit une lettre pour dire qu\u2019il va occuper le poste de vice-pre\u0301sident de la jeunesse de Tabital Pulaaku Guine\u0301e et tout le monde s\u2019e\u0301tait entendu sur c\u0327a. Pour preuve, les proce\u0300s-verbaux existent. Les lettres que les deux candidats ont envoye\u0301es sont disponibles. Et, c\u2019est Hadja Ai\u0308ssatou Kouye\u0301 qui e\u0301tait devenue la deuxie\u0300me vice-pre\u0301sidente de Tabital Pulaaku jeunesse Guine\u0301e. C\u2019est comme c\u0327a que c\u0327a s\u2019est de\u0301roule\u0301 en Guine\u0301e.<\/p>\n<p><b>qu\u2019en est-il du congre\u0300s e\u0301lectif du bureau exe\u0301cutif de Tabital Pulaaku international qui a eu lieu a\u0300 Abuja, au Nigeria ?<\/b><\/p>\n<p><b>Ibrahima Timbo Diallo :<\/b> apre\u0300s c\u0327a, il a e\u0301te\u0301 programme\u0301 une rencontre de Tabital Pulaaku international a\u0300 Abuja au Nigeria pour le congre\u0300s e\u0301lectif du 10 septembre 2022. Et pour ce congre\u0300s, Tabital Pulaaku International a envoye\u0301 une lettre d\u2019invitation a\u0300 Thierno Yaya Diallo en qualite\u0301 de pre\u0301sident de la jeunesse de Tabital Pulaaku Guine\u0301e et Elhadj Abdoulaye Tanou Diallo en tant que vice-pre\u0301sident de Tabital Pulaaku jeunesse Guine\u0301e. Elhadj Ousmane Fatako Balde\u0301, lui, a e\u0301te\u0301 invite\u0301 a\u0300 prendre part a\u0300 ce congre\u0300s en tant pre\u0301sident de Tabital Pulaaku Guine\u0301e. La\u0300 ou\u0300 les gens se trompent un peu. Il n\u2019a pas e\u0301te\u0301 invite\u0301 en tant pre\u0301sident de la coordination nationale des Foulbhe\u0301 et Haali Poular de Guine\u0301e. Il a e\u0301te\u0301 invite\u0301 en tant que pre\u0301sident de Tabital Pulaaku Guine\u0301e. Si certains ne le savent pas, alors il est depuis des anne\u0301es, le pre\u0301sident de Tabital Pulaaku Guine\u0301e quoique personne n\u2019en parlait, mais c\u2019est lui qui est depuis plusieurs anne\u0301es pre\u0301sident de Tabital Pulaaku Guine\u0301e. Je faisais partie de ceux qui sont alle\u0301s a\u0300 Abuja, au Nigeria, pour ce congre\u0300s e\u0301lectif et c\u2019est selon les statuts et re\u0300glement de Tabital Pulaaku international que les l\u2019e\u0301lection du bureau exe\u0301cutif de Tabital Pulaaku international a eu lieu. Ces textes indiquent que la de\u0301signation des membres du bureau se fait par concertation ou consensus. C\u2019est ce qui fut respecte\u0301 en ce qui concerne l\u2019e\u0301lection du bureau exe\u0301cutif de Tabital Pulaaku international. C\u2019est ainsi que Thierno Yaya Diallo a e\u0301te\u0301 e\u0301lu pre\u0301sident de la jeunesse Tabital Pulaaku international parmi 3 candidats qui s\u2019e\u0301taient pre\u0301sente\u0301s pour le poste. Donc, que l\u2019on sache que son e\u0301lection en Guine\u0301e s\u2019est passe\u0301e conforme\u0301ment a\u0300 la proce\u0301dure normale, conforme\u0301ment aux textes qui re\u0301gissent le fonctionnement de Tabital Pulaaku international. C\u2019est en Guine\u0301e qu\u2019il a e\u0301te\u0301 e\u0301lu. Ce n\u2019est pas ailleurs et c\u0327a, c\u2019est au niveau national. Son e\u0301lection a\u0300 Abuja en tant pre\u0301sident de la jeunesse de Tabital Pulaaku International, c\u2019est par ses pairs. C\u2019e\u0301tait sur invitation avec le titre qu\u2019il a obtenu en Guine\u0301e. Il n\u2019est pas alle\u0301 de lui-me\u0302me. De me\u0302me qu\u2019Elhadj Abdoulaye Tanou Diallo et monsieur Amadou Sow Tountouroun. Qu\u2019on fasse bien la diffe\u0301rence a\u0300 ce niveau. Les 3 se sont battus pour que la Guine\u0301e ait deux postes au niveau du bureau exe\u0301cutif de Tabital Pulaaku international, a\u0300 savoir le pre\u0301sident de la jeunesse de Tabital Pulaaku international et la coordination de la diaspora. A leur retour, ils ont e\u0301te\u0301 bien accueillis ici a\u0300 Conakry apre\u0300s avoir e\u0301te\u0301 a\u0300 l\u2019e\u0301tranger et honore\u0301 la Guine\u0301e en ayant obtenu les deux postes. Donc, que le tout le monde sache que les e\u0301lections qui ont eu lieu ici a\u0300 Conakry et celles qui ont e\u0301te\u0301 faites a\u0300 Abuja au Nigeria ont e\u0301te\u0301 toutes faites conforme\u0301ment aux re\u0300gles et proce\u0301dures normales en la matie\u0300re. Ce qu\u2019il y a aussi a\u0300 rappeler, c\u2019est que la Guine\u0301e a longtemps e\u0301te\u0301 a\u0300 la te\u0302te de Tabital Pulaaku international et c\u2019est Elhadj Alpha Amadou Kourou qui en e\u0301tait le pre\u0301sident. Il a beaucoup travaille\u0301 quand il e\u0301tait pre\u0301sident de Tabital Pulaaku international. Mais beaucoup de gens ne savaient pas que Tabital Pulaaku international existait d\u2019ailleurs. Je suis heureux que tout le monde maintenant soit informe\u0301 de l\u2019existence de Tabital Pulaaku international et surtout dans notre pays la Guine\u0301e. Ce qu\u2019on est en train de dire aujourd\u2019hui par rapport a\u0300 l\u2019e\u0301lection et l\u2019installation de Thierno Yaya Diallo a\u0300 son poste de pre\u0301sident de Tabital Pulaaku international, on le dit parce qu\u2019on ne sait comment on est arrive\u0301s a\u0300 ce niveau. Je comprends bien, quand on ne connait une chose, on peut dire ce qu\u2019on veut. Mais ce n\u2019est pas ce que les gens pensent qui est re\u0301el. Je voudrais bien qu\u2019ils demandent et qu\u2019ils s\u2019informent. J\u2019aimerais de\u0301sormais, puisque les gens ne sont pas suffisamment informe\u0301s de l\u2019existence et du fonctionnement de Tabital Pulaaku, qu\u2019ils en soient suffisamment informe\u0301s. C\u2019est ce qu\u2019on va faire de\u0301sormais : faire une campagne d\u2019information et de sensibilisation sur Tabital Pulaaku et son fonctionnement. C\u2019est extre\u0302mement important. Il y a e\u0301galement une nette diffe\u0301rence entre Tabital Pulaaku et coordination des Foulbhe\u0301 et Haali Pular.<\/p>\n<p><b>au nom de qui Elhadj Ousmane Fatako Balde\u0301, Thierno Yaya Diallo, Elhadj Abdoulaye Tanou Diallo et le coordinateur de la diaspora e\u0301taient alle\u0301s a\u0300 Abuja au Nigeria ?<\/b><\/p>\n<p><b>Ibrahima Timbo Diallo :<\/b> Je faisais partie de ceux sont alle\u0301s. Quand ils partaient au Nigeria, c\u2019e\u0301tait au nom de la Guine\u0301e qu\u2019ils sont alle\u0301s. A leur retour, ils ont e\u0301te\u0301 rec\u0327us au nom de la Guine\u0301e. Tout ce qui a e\u0301te\u0301 fait, l\u2019a e\u0301te\u0301 au nom de la Guine\u0301e. Ce qui restait maintenant, c\u2019e\u0301tait d\u2019installer les membres du bureau de la jeunesse de Tabital Pulaaku Guine\u0301e. Qui les a installe\u0301s dans leurs fonctions, c\u2019est le pre\u0301sident de Tabital Pulaaku Guine\u0301e, en la personne d\u2019Elhadj Ousmane Fatako Balde\u0301, celui qui a e\u0301te\u0301 couronne\u0301 le lundi dernier. C\u2019est le\u0301gal, puisque c\u2019est conforme aux dispositions des textes qui re\u0301gissent le fonctionnement de Tabital Pulaaku. Chacun peut ve\u0301rifier. Mais peu apre\u0300s son installation, dans la soire\u0301e du lundi, nous avons des de\u0301clarations sur le net. J\u2019ai entendu les de\u0301clarations des Diwe\u0301. C\u0327a m\u2019a surpris. Mais, je comprends que les gens ne sont pas suffisamment informe\u0301s de ce qui s\u2019est re\u0301ellement passe\u0301 et comment c\u0327a s\u2019est passe\u0301 concernant l\u2019e\u0301lection et l\u2019installation de Thierno Yaya Diallo a\u0300 la te\u0302te de la jeunesse Tabital Pulaaku Guine\u0301e et jeunesse Tabital Pulaaku international. Les gens n\u2019ont pas rec\u0327u la bonne information. Je ne peux pas les condamner parce qu\u2019ils ne peuvent se contenter que de ce qu\u2019ils ont rec\u0327u comme information pas d\u2019autres choses. A son installation, les repre\u0301sentants des 3 Diwe\u0301 : Timbi, Timbo et Labe\u0301 e\u0301taient pre\u0301sents. C\u2019est le pre\u0301sident de Tabital Pulaaku Guine\u0301e, Elhadj Ousmane Fatako Balde\u0301 qui l\u2019a installe\u0301 dans ses fonctions. Mais c\u0327a, ce n\u2019est pas une invitation de tous les deux. C\u2019est la loi qui le dit ainsi et c\u2019e\u0301tait en pre\u0301sence des repre\u0301sentants des 3 Diwe\u0301 du Fouta. Apre\u0300s c\u0327a, ceux qui ont fait les de\u0301clarations, les ont faites au nom des 3 Diwe\u0301 e\u0301galement. Je ne peux pas dire qu\u2019un Diwal a raison ou non ! Mais tel que je vous ai explique\u0301 ici, c\u2019est comme c\u0327a tout s\u2019est passe\u0301, que c\u0327a soit ici ou ailleurs. Mais si ce n\u2019est pas la bonne information qui est donne\u0301e, tel que c\u0327a se doit, certains ne peuvent pas comprendre. Parce que certains qui font partie de ceux qui ont fait les de\u0301clarations ont participe\u0301 a\u0300 tout le process, du de\u0301but a\u0300 la fin.<\/p>\n<p><b> selon nos informations, un de\u0301calage de la date d\u2019installation de Thierno Yaya Diallo dans ses fonctions avait e\u0301te\u0301 sollicite\u0301 dans une de\u0301claration, mais la date a e\u0301te\u0301 maintenue. Expliquez-nous ce qui a finalement pre\u0301valu a\u0300 son installation.<\/b><\/p>\n<p><b>Ibrahima Timbo Diallo :<\/b> Je ne sais pas pourquoi les de\u0301clarations ont e\u0301te\u0301 faites. Cette affaire de Diwe\u0301 de\u0301passe mon entendement. A la veille de l\u2019inauguration d la Maison du Fouta, le couronnement d\u2019Elhadj Ousmane Fatako Balde\u0301 et l\u2019installation des pre\u0301sidents de la jeunesse de Tabital Pulaaku Guine\u0301e, une forte de\u0301le\u0301gation a\u0300 laquelle j\u2019appartenais moi-me\u0302me, est alle\u0301e au Fouta pour rencontrer les notables et chefs religieux du Fouta. Nous avons e\u0301te\u0301 a\u0300 Labe\u0301, a\u0300 Pita, a\u0300 Dalaba, a\u0300 Mamou et a\u0300 Kindia. Partout, nous avons envoye\u0301 des lettres, des attaches de colas que nous avons remis a\u0300 nos sages du Fouta avec qui nous eu des e\u0301changes importants. Ils ont e\u0301te\u0301 bien accueillis et nous avons fait le de\u0301part pour Conakry avec Elhadj Ousmane Fatako Balde\u0301 avec une note d\u2019espoir que tout va bien et tout ira bien. Mais si un malentendu est intervenu au dernier moment apre\u0300s l\u2019installation de Thierno Yaya Diallo, moi je dirai que c\u2019est la bonne communication, la bonne information qui n\u2019a pas e\u0301te\u0301 ve\u0301hicule\u0301e. Mais je remercie Dieu quand-me\u0302me de constater maintenant que Tabital Pulaaku commence a\u0300 e\u0302tre connu dans notre pays. Parce que avant cet e\u0301ve\u0301nement, Tabital Pulaaku n\u2019e\u0301tait pas aussi connu que maintenant. J\u2019espe\u0300re que de\u0301sormais, on va bien se comprendre pour le meilleur de tous et de toutes.<\/p>\n<p><iframe loading=\"lazy\" title=\"Ibrahima Timbo Diallo sur Tabital Pulaaku : \u00ab Thierno Yaya a \u00e9t\u00e9 \u00e9lu conform\u00e9ment \u00e0 la proc\u00e9dure \u00bb\" width=\"696\" height=\"392\" src=\"https:\/\/www.youtube.com\/embed\/16s8fnIghzY?feature=oembed\" frameborder=\"0\" allow=\"accelerometer; autoplay; clipboard-write; encrypted-media; gyroscope; picture-in-picture\" allowfullscreen><\/iframe><\/p>\n<p><strong>Pour plus d&rsquo;informations et d&rsquo;analyses sur la <a href=\"https:\/\/www.africa-press.net\/guinee-conakry\">Guin\u00e9e<\/a>, suivez <a href=\"https:\/\/www.africa-press.net\/\">Africa-Press<\/a><\/strong><\/p>\n","protected":false},"excerpt":{"rendered":"<p>Africa-Press &#8211; Guin\u00e9e. L\u2019installation de Thierno Yaya Diallo dans ses fonctions de pre\u0301sident de la jeunesse Tabital Pulaaku Guine\u0301e continue de faire des vagues. Alors qu\u2019il est conteste\u0301 par certains membres de cette structure, ses proches brisent le silence et expriment leur part de ve\u0301rite\u0301 dans cette affaire.Dans l\u2019apre\u0300s-midi du vendredi, 30 de\u0301cembre 2022, Ibrahima [&hellip;]<\/p>\n","protected":false},"author":82,"featured_media":11150,"comment_status":"open","ping_status":"closed","sticky":false,"template":"","format":"standard","meta":{"footnotes":""},"categories":[2,10,9],"tags":[36,57,58],"class_list":["post-11151","post","type-post","status-publish","format-standard","has-post-thumbnail","hentry","category-politique","category-toutes-les-actualites","category-video","tag-africa-press","tag-africa-press-guinee","tag-guinee"],"yoast_head":"<!-- This site is optimized with the Yoast SEO Premium plugin v26.1 (Yoast SEO v27.0) - https:\/\/yoast.com\/product\/yoast-seo-premium-wordpress\/ -->\n<title>Ibrahima Timbo Diallo sur Tabital Pulaaku : \u00ab Thierno Yaya a \u00e9t\u00e9 \u00e9lu conform\u00e9ment \u00e0 la proc\u00e9dure \u00bb - guinee Conakry<\/title>\n<meta name=\"robots\" content=\"index, follow, max-snippet:-1, max-image-preview:large, max-video-preview:-1\" \/>\n<link rel=\"canonical\" href=\"https:\/\/www.africa-press.net\/guinee-conakry\/politique\/ibrahima-timbo-diallo-sur-tabital-pulaaku-thierno-yaya-a-ete-elu-conformement-a-la-procedure\" \/>\n<meta property=\"og:locale\" content=\"fr_FR\" \/>\n<meta property=\"og:type\" content=\"article\" \/>\n<meta property=\"og:title\" content=\"Ibrahima Timbo Diallo sur Tabital Pulaaku : \u00ab Thierno Yaya a \u00e9t\u00e9 \u00e9lu conform\u00e9ment \u00e0 la proc\u00e9dure \u00bb\" \/>\n<meta property=\"og:description\" content=\"Africa-Press &#8211; Guin\u00e9e. L\u2019installation de Thierno Yaya Diallo dans ses fonctions de pre\u0301sident de la jeunesse Tabital Pulaaku Guine\u0301e continue de faire des vagues. Alors qu\u2019il est conteste\u0301 par certains membres de cette structure, ses proches brisent le silence et expriment leur part de ve\u0301rite\u0301 dans cette affaire.Dans l\u2019apre\u0300s-midi du vendredi, 30 de\u0301cembre 2022, Ibrahima [&hellip;]\" \/>\n<meta property=\"og:url\" content=\"https:\/\/www.africa-press.net\/guinee-conakry\/politique\/ibrahima-timbo-diallo-sur-tabital-pulaaku-thierno-yaya-a-ete-elu-conformement-a-la-procedure\" \/>\n<meta property=\"og:site_name\" content=\"guinee Conakry\" \/>\n<meta property=\"article:published_time\" content=\"2023-01-01T18:23:00+00:00\" \/>\n<meta name=\"author\" content=\"cfeditorfr\" \/>\n<meta name=\"twitter:card\" content=\"summary_large_image\" \/>\n<meta name=\"twitter:label1\" content=\"\u00c9crit par\" \/>\n\t<meta name=\"twitter:data1\" content=\"cfeditorfr\" \/>\n\t<meta name=\"twitter:label2\" content=\"Dur\u00e9e de lecture estim\u00e9e\" \/>\n\t<meta name=\"twitter:data2\" content=\"11 minutes\" \/>\n<script type=\"application\/ld+json\" class=\"yoast-schema-graph\">{\"@context\":\"https:\/\/schema.org\",\"@graph\":[{\"@type\":\"Article\",\"@id\":\"https:\/\/www.africa-press.net\/guinee-conakry\/politique\/ibrahima-timbo-diallo-sur-tabital-pulaaku-thierno-yaya-a-ete-elu-conformement-a-la-procedure#article\",\"isPartOf\":{\"@id\":\"https:\/\/www.africa-press.net\/guinee-conakry\/politique\/ibrahima-timbo-diallo-sur-tabital-pulaaku-thierno-yaya-a-ete-elu-conformement-a-la-procedure\"},\"author\":{\"name\":\"cfeditorfr\",\"@id\":\"https:\/\/www.africa-press.net\/guinee-conakry\/#\/schema\/person\/2b1cf3cd81a31e3cd26889ca66d677f1\"},\"headline\":\"Ibrahima Timbo Diallo sur Tabital Pulaaku : \u00ab Thierno Yaya a \u00e9t\u00e9 \u00e9lu conform\u00e9ment \u00e0 la proc\u00e9dure \u00bb\",\"datePublished\":\"2023-01-01T18:23:00+00:00\",\"mainEntityOfPage\":{\"@id\":\"https:\/\/www.africa-press.net\/guinee-conakry\/politique\/ibrahima-timbo-diallo-sur-tabital-pulaaku-thierno-yaya-a-ete-elu-conformement-a-la-procedure\"},\"wordCount\":2302,\"commentCount\":0,\"image\":{\"@id\":\"https:\/\/www.africa-press.net\/guinee-conakry\/politique\/ibrahima-timbo-diallo-sur-tabital-pulaaku-thierno-yaya-a-ete-elu-conformement-a-la-procedure#primaryimage\"},\"thumbnailUrl\":\"https:\/\/static.africa-press.net\/conakry\/sites\/63\/2023\/01\/Jokar1672584825.44268.jpg\",\"keywords\":[\"Africa Press\",\"Africa Press-Guin\u00e9e\",\"Guin\u00e9e\"],\"articleSection\":[\"Politique\",\"Toutes les actualit\u00e9s\",\"vid\u00e9o\"],\"inLanguage\":\"fr-FR\",\"potentialAction\":[{\"@type\":\"CommentAction\",\"name\":\"Comment\",\"target\":[\"https:\/\/www.africa-press.net\/guinee-conakry\/politique\/ibrahima-timbo-diallo-sur-tabital-pulaaku-thierno-yaya-a-ete-elu-conformement-a-la-procedure#respond\"]}]},{\"@type\":\"WebPage\",\"@id\":\"https:\/\/www.africa-press.net\/guinee-conakry\/politique\/ibrahima-timbo-diallo-sur-tabital-pulaaku-thierno-yaya-a-ete-elu-conformement-a-la-procedure\",\"url\":\"https:\/\/www.africa-press.net\/guinee-conakry\/politique\/ibrahima-timbo-diallo-sur-tabital-pulaaku-thierno-yaya-a-ete-elu-conformement-a-la-procedure\",\"name\":\"Ibrahima Timbo Diallo sur Tabital Pulaaku : \u00ab Thierno Yaya a \u00e9t\u00e9 \u00e9lu conform\u00e9ment \u00e0 la proc\u00e9dure \u00bb - guinee Conakry\",\"isPartOf\":{\"@id\":\"https:\/\/www.africa-press.net\/guinee-conakry\/#website\"},\"primaryImageOfPage\":{\"@id\":\"https:\/\/www.africa-press.net\/guinee-conakry\/politique\/ibrahima-timbo-diallo-sur-tabital-pulaaku-thierno-yaya-a-ete-elu-conformement-a-la-procedure#primaryimage\"},\"image\":{\"@id\":\"https:\/\/www.africa-press.net\/guinee-conakry\/politique\/ibrahima-timbo-diallo-sur-tabital-pulaaku-thierno-yaya-a-ete-elu-conformement-a-la-procedure#primaryimage\"},\"thumbnailUrl\":\"https:\/\/static.africa-press.net\/conakry\/sites\/63\/2023\/01\/Jokar1672584825.44268.jpg\",\"datePublished\":\"2023-01-01T18:23:00+00:00\",\"author\":{\"@id\":\"https:\/\/www.africa-press.net\/guinee-conakry\/#\/schema\/person\/2b1cf3cd81a31e3cd26889ca66d677f1\"},\"breadcrumb\":{\"@id\":\"https:\/\/www.africa-press.net\/guinee-conakry\/politique\/ibrahima-timbo-diallo-sur-tabital-pulaaku-thierno-yaya-a-ete-elu-conformement-a-la-procedure#breadcrumb\"},\"inLanguage\":\"fr-FR\",\"potentialAction\":[{\"@type\":\"ReadAction\",\"target\":[\"https:\/\/www.africa-press.net\/guinee-conakry\/politique\/ibrahima-timbo-diallo-sur-tabital-pulaaku-thierno-yaya-a-ete-elu-conformement-a-la-procedure\"]}]},{\"@type\":\"ImageObject\",\"inLanguage\":\"fr-FR\",\"@id\":\"https:\/\/www.africa-press.net\/guinee-conakry\/politique\/ibrahima-timbo-diallo-sur-tabital-pulaaku-thierno-yaya-a-ete-elu-conformement-a-la-procedure#primaryimage\",\"url\":\"https:\/\/static.africa-press.net\/conakry\/sites\/63\/2023\/01\/Jokar1672584825.44268.jpg\",\"contentUrl\":\"https:\/\/static.africa-press.net\/conakry\/sites\/63\/2023\/01\/Jokar1672584825.44268.jpg\",\"width\":1280,\"height\":720,\"caption\":\"Ibrahima Timbo Diallo sur Tabital Pulaaku : \u00ab Thierno Yaya a \u00e9t\u00e9 \u00e9lu conform\u00e9ment \u00e0 la proc\u00e9dure \u00bb\"},{\"@type\":\"BreadcrumbList\",\"@id\":\"https:\/\/www.africa-press.net\/guinee-conakry\/politique\/ibrahima-timbo-diallo-sur-tabital-pulaaku-thierno-yaya-a-ete-elu-conformement-a-la-procedure#breadcrumb\",\"itemListElement\":[{\"@type\":\"ListItem\",\"position\":1,\"name\":\"Accueil\",\"item\":\"https:\/\/www.africa-press.net\/guinee-conakry\/\"},{\"@type\":\"ListItem\",\"position\":2,\"name\":\"Ibrahima Timbo Diallo sur Tabital Pulaaku : \u00ab Thierno Yaya a \u00e9t\u00e9 \u00e9lu conform\u00e9ment \u00e0 la proc\u00e9dure \u00bb\"}]},{\"@type\":\"WebSite\",\"@id\":\"https:\/\/www.africa-press.net\/guinee-conakry\/#website\",\"url\":\"https:\/\/www.africa-press.net\/guinee-conakry\/\",\"name\":\"guinee Conakry\",\"description\":\"Just another Africa News Agency Sites site\",\"potentialAction\":[{\"@type\":\"SearchAction\",\"target\":{\"@type\":\"EntryPoint\",\"urlTemplate\":\"https:\/\/www.africa-press.net\/guinee-conakry\/?s={search_term_string}\"},\"query-input\":{\"@type\":\"PropertyValueSpecification\",\"valueRequired\":true,\"valueName\":\"search_term_string\"}}],\"inLanguage\":\"fr-FR\"},{\"@type\":\"Person\",\"@id\":\"https:\/\/www.africa-press.net\/guinee-conakry\/#\/schema\/person\/2b1cf3cd81a31e3cd26889ca66d677f1\",\"name\":\"cfeditorfr\"}]}<\/script>\n<!-- \/ Yoast SEO Premium plugin. -->","yoast_head_json":{"title":"Ibrahima Timbo Diallo sur Tabital Pulaaku : \u00ab Thierno Yaya a \u00e9t\u00e9 \u00e9lu conform\u00e9ment \u00e0 la proc\u00e9dure \u00bb - guinee Conakry","robots":{"index":"index","follow":"follow","max-snippet":"max-snippet:-1","max-image-preview":"max-image-preview:large","max-video-preview":"max-video-preview:-1"},"canonical":"https:\/\/www.africa-press.net\/guinee-conakry\/politique\/ibrahima-timbo-diallo-sur-tabital-pulaaku-thierno-yaya-a-ete-elu-conformement-a-la-procedure","og_locale":"fr_FR","og_type":"article","og_title":"Ibrahima Timbo Diallo sur Tabital Pulaaku : \u00ab Thierno Yaya a \u00e9t\u00e9 \u00e9lu conform\u00e9ment \u00e0 la proc\u00e9dure \u00bb","og_description":"Africa-Press &#8211; Guin\u00e9e. L\u2019installation de Thierno Yaya Diallo dans ses fonctions de pre\u0301sident de la jeunesse Tabital Pulaaku Guine\u0301e continue de faire des vagues. Alors qu\u2019il est conteste\u0301 par certains membres de cette structure, ses proches brisent le silence et expriment leur part de ve\u0301rite\u0301 dans cette affaire.Dans l\u2019apre\u0300s-midi du vendredi, 30 de\u0301cembre 2022, Ibrahima [&hellip;]","og_url":"https:\/\/www.africa-press.net\/guinee-conakry\/politique\/ibrahima-timbo-diallo-sur-tabital-pulaaku-thierno-yaya-a-ete-elu-conformement-a-la-procedure","og_site_name":"guinee Conakry","article_published_time":"2023-01-01T18:23:00+00:00","author":"cfeditorfr","twitter_card":"summary_large_image","twitter_misc":{"\u00c9crit par":"cfeditorfr","Dur\u00e9e de lecture estim\u00e9e":"11 minutes"},"schema":{"@context":"https:\/\/schema.org","@graph":[{"@type":"Article","@id":"https:\/\/www.africa-press.net\/guinee-conakry\/politique\/ibrahima-timbo-diallo-sur-tabital-pulaaku-thierno-yaya-a-ete-elu-conformement-a-la-procedure#article","isPartOf":{"@id":"https:\/\/www.africa-press.net\/guinee-conakry\/politique\/ibrahima-timbo-diallo-sur-tabital-pulaaku-thierno-yaya-a-ete-elu-conformement-a-la-procedure"},"author":{"name":"cfeditorfr","@id":"https:\/\/www.africa-press.net\/guinee-conakry\/#\/schema\/person\/2b1cf3cd81a31e3cd26889ca66d677f1"},"headline":"Ibrahima Timbo Diallo sur Tabital Pulaaku : \u00ab Thierno Yaya a \u00e9t\u00e9 \u00e9lu conform\u00e9ment \u00e0 la proc\u00e9dure \u00bb","datePublished":"2023-01-01T18:23:00+00:00","mainEntityOfPage":{"@id":"https:\/\/www.africa-press.net\/guinee-conakry\/politique\/ibrahima-timbo-diallo-sur-tabital-pulaaku-thierno-yaya-a-ete-elu-conformement-a-la-procedure"},"wordCount":2302,"commentCount":0,"image":{"@id":"https:\/\/www.africa-press.net\/guinee-conakry\/politique\/ibrahima-timbo-diallo-sur-tabital-pulaaku-thierno-yaya-a-ete-elu-conformement-a-la-procedure#primaryimage"},"thumbnailUrl":"https:\/\/static.africa-press.net\/conakry\/sites\/63\/2023\/01\/Jokar1672584825.44268.jpg","keywords":["Africa Press","Africa Press-Guin\u00e9e","Guin\u00e9e"],"articleSection":["Politique","Toutes les actualit\u00e9s","vid\u00e9o"],"inLanguage":"fr-FR","potentialAction":[{"@type":"CommentAction","name":"Comment","target":["https:\/\/www.africa-press.net\/guinee-conakry\/politique\/ibrahima-timbo-diallo-sur-tabital-pulaaku-thierno-yaya-a-ete-elu-conformement-a-la-procedure#respond"]}]},{"@type":"WebPage","@id":"https:\/\/www.africa-press.net\/guinee-conakry\/politique\/ibrahima-timbo-diallo-sur-tabital-pulaaku-thierno-yaya-a-ete-elu-conformement-a-la-procedure","url":"https:\/\/www.africa-press.net\/guinee-conakry\/politique\/ibrahima-timbo-diallo-sur-tabital-pulaaku-thierno-yaya-a-ete-elu-conformement-a-la-procedure","name":"Ibrahima Timbo Diallo sur Tabital Pulaaku : \u00ab Thierno Yaya a \u00e9t\u00e9 \u00e9lu conform\u00e9ment \u00e0 la proc\u00e9dure \u00bb - guinee Conakry","isPartOf":{"@id":"https:\/\/www.africa-press.net\/guinee-conakry\/#website"},"primaryImageOfPage":{"@id":"https:\/\/www.africa-press.net\/guinee-conakry\/politique\/ibrahima-timbo-diallo-sur-tabital-pulaaku-thierno-yaya-a-ete-elu-conformement-a-la-procedure#primaryimage"},"image":{"@id":"https:\/\/www.africa-press.net\/guinee-conakry\/politique\/ibrahima-timbo-diallo-sur-tabital-pulaaku-thierno-yaya-a-ete-elu-conformement-a-la-procedure#primaryimage"},"thumbnailUrl":"https:\/\/static.africa-press.net\/conakry\/sites\/63\/2023\/01\/Jokar1672584825.44268.jpg","datePublished":"2023-01-01T18:23:00+00:00","author":{"@id":"https:\/\/www.africa-press.net\/guinee-conakry\/#\/schema\/person\/2b1cf3cd81a31e3cd26889ca66d677f1"},"breadcrumb":{"@id":"https:\/\/www.africa-press.net\/guinee-conakry\/politique\/ibrahima-timbo-diallo-sur-tabital-pulaaku-thierno-yaya-a-ete-elu-conformement-a-la-procedure#breadcrumb"},"inLanguage":"fr-FR","potentialAction":[{"@type":"ReadAction","target":["https:\/\/www.africa-press.net\/guinee-conakry\/politique\/ibrahima-timbo-diallo-sur-tabital-pulaaku-thierno-yaya-a-ete-elu-conformement-a-la-procedure"]}]},{"@type":"ImageObject","inLanguage":"fr-FR","@id":"https:\/\/www.africa-press.net\/guinee-conakry\/politique\/ibrahima-timbo-diallo-sur-tabital-pulaaku-thierno-yaya-a-ete-elu-conformement-a-la-procedure#primaryimage","url":"https:\/\/static.africa-press.net\/conakry\/sites\/63\/2023\/01\/Jokar1672584825.44268.jpg","contentUrl":"https:\/\/static.africa-press.net\/conakry\/sites\/63\/2023\/01\/Jokar1672584825.44268.jpg","width":1280,"height":720,"caption":"Ibrahima Timbo Diallo sur Tabital Pulaaku : \u00ab Thierno Yaya a \u00e9t\u00e9 \u00e9lu conform\u00e9ment \u00e0 la proc\u00e9dure \u00bb"},{"@type":"BreadcrumbList","@id":"https:\/\/www.africa-press.net\/guinee-conakry\/politique\/ibrahima-timbo-diallo-sur-tabital-pulaaku-thierno-yaya-a-ete-elu-conformement-a-la-procedure#breadcrumb","itemListElement":[{"@type":"ListItem","position":1,"name":"Accueil","item":"https:\/\/www.africa-press.net\/guinee-conakry\/"},{"@type":"ListItem","position":2,"name":"Ibrahima Timbo Diallo sur Tabital Pulaaku : \u00ab Thierno Yaya a \u00e9t\u00e9 \u00e9lu conform\u00e9ment \u00e0 la proc\u00e9dure \u00bb"}]},{"@type":"WebSite","@id":"https:\/\/www.africa-press.net\/guinee-conakry\/#website","url":"https:\/\/www.africa-press.net\/guinee-conakry\/","name":"guinee Conakry","description":"Just another Africa News Agency Sites site","potentialAction":[{"@type":"SearchAction","target":{"@type":"EntryPoint","urlTemplate":"https:\/\/www.africa-press.net\/guinee-conakry\/?s={search_term_string}"},"query-input":{"@type":"PropertyValueSpecification","valueRequired":true,"valueName":"search_term_string"}}],"inLanguage":"fr-FR"},{"@type":"Person","@id":"https:\/\/www.africa-press.net\/guinee-conakry\/#\/schema\/person\/2b1cf3cd81a31e3cd26889ca66d677f1","name":"cfeditorfr"}]}},"_links":{"self":[{"href":"https:\/\/www.africa-press.net\/guinee-conakry\/wp-json\/wp\/v2\/posts\/11151","targetHints":{"allow":["GET"]}}],"collection":[{"href":"https:\/\/www.africa-press.net\/guinee-conakry\/wp-json\/wp\/v2\/posts"}],"about":[{"href":"https:\/\/www.africa-press.net\/guinee-conakry\/wp-json\/wp\/v2\/types\/post"}],"author":[{"embeddable":true,"href":"https:\/\/www.africa-press.net\/guinee-conakry\/wp-json\/wp\/v2\/users\/82"}],"replies":[{"embeddable":true,"href":"https:\/\/www.africa-press.net\/guinee-conakry\/wp-json\/wp\/v2\/comments?post=11151"}],"version-history":[{"count":0,"href":"https:\/\/www.africa-press.net\/guinee-conakry\/wp-json\/wp\/v2\/posts\/11151\/revisions"}],"wp:featuredmedia":[{"embeddable":true,"href":"https:\/\/www.africa-press.net\/guinee-conakry\/wp-json\/wp\/v2\/media\/11150"}],"wp:attachment":[{"href":"https:\/\/www.africa-press.net\/guinee-conakry\/wp-json\/wp\/v2\/media?parent=11151"}],"wp:term":[{"taxonomy":"category","embeddable":true,"href":"https:\/\/www.africa-press.net\/guinee-conakry\/wp-json\/wp\/v2\/categories?post=11151"},{"taxonomy":"post_tag","embeddable":true,"href":"https:\/\/www.africa-press.net\/guinee-conakry\/wp-json\/wp\/v2\/tags?post=11151"}],"curies":[{"name":"wp","href":"https:\/\/api.w.org\/{rel}","templated":true}]}}