{"id":11153,"date":"2023-01-01T18:41:00","date_gmt":"2023-01-01T18:41:00","guid":{"rendered":"https:\/\/www.africa-press.net\/guinee-conakry\/politique\/2022-une-annee-culturellement-bien-garnie-en-reformes-et-en-evenements"},"modified":"2023-01-01T18:41:00","modified_gmt":"2023-01-01T18:41:00","slug":"2022-une-annee-culturellement-bien-garnie-en-reformes-et-en-evenements","status":"publish","type":"post","link":"https:\/\/www.africa-press.net\/guinee-conakry\/toutes-les-actualites\/2022-une-annee-culturellement-bien-garnie-en-reformes-et-en-evenements","title":{"rendered":"2022, une ann\u00e9e culturellement bien garnie en r\u00e9formes et en \u00e9v\u00e8nements"},"content":{"rendered":"<p><span style=\"color: #ff6600\"><strong>Africa-Press &#8211; Guin\u00e9e. <\/strong><\/span>Le 5 septembre 2021, un coup d\u2019E\u0301tat est venu e\u0301courter un mandat de six ans que M. Alpha Conde\u0301 venait de s\u2019offrir au forceps. Ce coup de force mene\u0301 par le CNRD, avec a\u0300 sa te\u0302te le Colonel Mamadi Doumbouya, a conduit a\u0300 la dissolution du gouvernement et des institutions re\u0301publicaines et constitutionnelles.<\/p>\n<p>Peu apre\u0300s, l\u2019on a assiste\u0301 a\u0300 la publication de l\u2019ossature du gouvernement alors en vue, avant la nomination de Mohamed Be\u0301avogui comme Premier ministre, chef du gouvernement. Progressivement, les diffe\u0301rents de\u0301partements ont e\u0301te\u0301 pourvus. Ainsi, a\u0300 travers un acte du pouvoir central rendu public le vendredi 5 novembre, l\u2019ancien rappeur Alpha Soumah, ce\u0301le\u0300bre sous le pseudo de Bill De Sam, a e\u0301te\u0301 promu ministre de la Culture, du Tourisme et de l\u2019Artisanat.<\/p>\n<p>Depuis cette date, ces trois secteurs connaissent plus ou moins de re\u0301formes. Notamment avec la publication d\u2019un de\u0301cret du pre\u0301sident de la transition de\u0301finissant les attributions et les statuts re\u0301glementaires des neuf Etablissements Publics a\u0300 caracte\u0300re Administratif (EPA) que compte le de\u0301partement, dont le FODAC, l\u2019ONACIG, l\u2019ONPA, l\u2019ONT, le BGDA, le Centre international des percussions, le Centre Culturel Franco-guine\u0301en et l\u2019Agence Guine\u0301enne de Spectacles. A cela, s\u2019ajoute le de\u0301cret d\u2019application des droits litte\u0301raires et artistiques, en vue de la protection de la proprie\u0301te\u0301 litte\u0301raire et artistique.<\/p>\n<p><b>Intronisation du magistrat Siriman Kouyate\u0301 conservateur du Sosso Bala <\/b><\/p>\n<p>Le jeudi 14 juillet 2022, a eu lieu l\u2019intronisation du 27e gardien du mythique Sosso Bala, a\u0300 Niagassola, localite\u0301 situe\u0301e a\u0300 135 kilome\u0300tres du chef-lieu de la pre\u0301fecture de Siguiri, dans la re\u0301gion administrative de Kankan. Il s\u2019agit du Magistrat Siriman Kouyate\u0301, pre\u0301sident de la 4e Chambre civile, commerciale et sociale de la Cour supre\u0302me de Guine\u0301e. A ce titre, il continuera a\u0300 pe\u0301renniser cette tradition multise\u0301culaire malgre\u0301 son statut d\u2019agent de l\u2019Etat, a\u0300 travers le respect des vertus qu\u2019incarne un Balatigui (conservateur du balafon), que ses pre\u0301de\u0301cesseurs ont assume\u0301 sans faille.<\/p>\n<p>Proclame\u0301 chef-d\u2019\u0153uvre du patrimoine oral et immate\u0301riel de l\u2019humanite\u0301 en 2001 par l\u2019UNESCO et inscrit sur la liste repre\u0301sentative du patrimoine culturel immate\u0301riel, le Sosso Bala est depuis cette date un patrimoine mondial dont la valorisation et la protection de l\u2019espace culturel deviennent pour la Guine\u0301e, un de\u0301fi majeur a\u0300 inscrire dans les priorite\u0301s du ministe\u0300re de la Culture, du Tourisme et de l\u2019Artisanat et a\u0300 placer au centre des pre\u0301occupations du gouvernement, qui se mate\u0301rialisera par des actes concrets.<\/p>\n<p><b>La Culture e\u0301prouve\u0301e par des de\u0301ce\u0300s<\/b><\/p>\n<p>Depuis septembre 2021, de nombreux acteurs culturels ont rejoint le Royaume du Silence. Loin de dresser un tableau funeste, nous nous contenterons de vous rappeler trois de\u0301ce\u0300s : celui d\u2019Elhadj Filani Se\u0301kou Kouyate\u0301, \u00ab Dokala Dje\u0301ly \u00bb, rappele\u0301 a\u0300 Dieu le samedi 26 fe\u0301vrier 2022 a\u0300 Bamako ou\u0300 il e\u0301tait sous soins. A sa mort, a\u0300 l\u2019a\u0302ge de 90 ans, il e\u0301tait le gardien du mythique balafon Sosso Bala de Soumangourou Kante\u0301, a\u0300 Niagassola, dans la pre\u0301fecture de Siguiri.<\/p>\n<p>Quelque cinq mois apre\u0300s, le secteur de la Culture a e\u0301te\u0301 endeuille\u0301 par le de\u0301ce\u0300s du ce\u0301le\u0300bre saxophoniste Mamadou Aliou Barry, plus connu sous le nom de Maitre Barry, de\u0301ce\u0301de\u0301 le mardi 26 juillet 2022 dans la ville franc\u0327aise de Lens. Ce musicien hors-pair de 79 ans, chef d\u2019orchestre de Kaloum Stars, de Gombo Jazz et de l\u2019Afro Groove, avait quitte\u0301 Conakry le 17 juillet pour des vacances en France aupre\u0300s de ses enfants et petits-enfants, ou\u0300 il a croise\u0301 la mort.<\/p>\n<p>Ensuite, est survenue la mort de l\u2019artiste Baba Samba, de\u0301ce\u0301de\u0301 le dimanche 16 octobre 2022 a\u0300 Bamako, des suites de maladie. Une triste nouvelle qui a endeuille\u0301 le public me\u0301lomane guine\u0301en que le de\u0301funt a tant berce\u0301 depuis sa re\u0301ve\u0301lation au public en 2011.<\/p>\n<p><b>Sous le CNRD, le BDGA s\u2019est offert des bureaux \u00ab conflictuels \u00bb<\/b><\/p>\n<p>En application de la de\u0301cision de la Direction ge\u0301ne\u0301rale du Patrimoine Ba\u0302ti Public l\u2019ayant somme\u0301 de libe\u0301rer sa ba\u0302tisse de la Minie\u0300re, l\u2019ancien Premier ministre Sidya Toure\u0301, par ailleurs pre\u0301sident de l\u2019UFR, a e\u0301te\u0301 de\u0301loge\u0301 au profit du Bureau Guine\u0301en du Droit d\u2019Auteur. C\u2019est dans l\u2019apre\u0300s-midi du mercredi 3 aou\u0302t 2022 que le ministre en charge de la Culture, Alpha Soumah, a proce\u0301de\u0301 a\u0300 la remise officielle des cle\u0301s devant servir de\u0301sormais de nouveau sie\u0300ge du BGDA jusque-la\u0300 loge\u0301 au Palais du peuple.<\/p>\n<p><b>Acquis du ministe\u0300re de la Culture, du Tourisme et de l\u2019Artisanat<\/b><\/p>\n<p>Porte\u0301 a\u0300 la te\u0302te du ministe\u0300re de la Culture, du Tourisme et de l\u2019Artisanat le vendredi 5 novembre 2021, Alpha Soumah a e\u0301te\u0301 installe\u0301 dans ses nouvelles fonctions le lundi 8 novembre suivant. En un an d\u2019exercice, force est de constater que le ministre Alpha Soumah et son Cabinet ont atteint une bonne partie des objectifs qu\u2019ils s\u2019e\u0301taient fixe\u0301s il y a un an. L\u2019une des premie\u0300res activite\u0301s du de\u0301partement a consiste\u0301 a\u0300 faire l\u2019e\u0301tat des lieux des diffe\u0301rentes directions. Un travail qui a permis de s\u2019apercevoir que de nombreux EPA n\u2019avaient pas de statuts en bonne et due forme leur permettant de travailler et d\u2019exe\u0301cuter le programme du De\u0301partement, selon la feuille de route pre\u0301alablement e\u0301tablie.<\/p>\n<p>A cela, s\u2019ajoute la construction des villages artisanaux de Labe\u0301, de Lola et de Kindia. Toute chose qui permet d\u2019ame\u0301liorer la productivite\u0301 artisanale et la compe\u0301titivite\u0301 des produits artisanaux. Aussi, ces infrastructures offrent aux artisans des espaces de production, d\u2019exposition et de commercialisation des produits artisanaux \u00ab Made in Guine\u0301e \u00bb et des centres de formation pour la professionnalisation des artisans.<\/p>\n<p>Dans le domaine de l\u2019industrie musicale, Bill De Sam et son e\u0301quipe ont cre\u0301e\u0301 l\u2019Agence nationale des industries culturelles et cre\u0301atives. Ce qui permet d\u2019aller au-dela\u0300 de la simple promotion artistique, mais de permettre a\u0300 ceux qui veulent se lancer de manie\u0300re professionnelle dans les industries musicales de se professionnaliser, d\u2019avoir des formations conse\u0301quentes et de recruter du monde.<\/p>\n<p><b>Le ministe\u0300re de la Culture, du Tourisme et de l\u2019Artisanat comme secteur porteur de croissance<\/b><\/p>\n<p>Dans le secteur culturel, le ministre Alpha Soumah et son Cabinet sont en train de travailler sur un projet de Statut des artistes et des hommes de culture, et pour lequel un de\u0301cret devrait e\u0302tre pris, afin de permettre aux hommes de culture de travailler comme tout bon travailleur, d\u2019avoir des bulletins de paie selon les activite\u0301s et de cotiser a\u0300 la Caisse nationale de se\u0301curite\u0301 sociale. En vue d\u2019attirer du monde autour des trois secteurs, le de\u0301partement a re\u0301cemment initie\u0301 le Salon international de la culture, du tourisme et de l\u2019artisanat (SICTA), un e\u0301ve\u0300nement majeur qui a regroupe\u0301 les secteurs de la culture, du tourisme et de l\u2019artisanat. Ce salon a permis de recevoir sept pays, dont le Burkina Faso, pays invite\u0301 d\u2019honneur.<\/p>\n<p>Dans le secteur du Tourisme, du jeudi 3 au lundi 7 novembre dernier, les pre\u0301fectures de Koundara, Labe\u0301 et Kindia ont vibre\u0301 au rythme du passage du Rallye Budapest-Bamako. Un e\u0301ve\u0300nement qui s\u2019inscrit dans le cadre de la promotion de la destination Guine\u0301e et qui a connu la participation de 560 touristes europe\u0301ens et 257 ve\u0301hicules. Le circuit est parti de Koundara en passant par Labe\u0301, Kindia avant de rallier la Sierra Le\u0301one, a\u0300 la grande satisfaction des nombreux visiteurs.<\/p>\n<p><b>Que dire du droit d\u2019auteur et de la proprie\u0301te\u0301 intellectuelle ?<\/b><\/p>\n<p>Sous le magiste\u0300re du ministre Alpha Soumah et de son Cabinet, les auteurs des \u0153uvres artistiques et litte\u0301raires be\u0301ne\u0301ficieront davantage de retombe\u0301es de leurs diffe\u0301rentes productions de\u0301sormais. Ceci est la conse\u0301quence directe de la signature d\u2019un protocole d\u2019accord entre le Bureau Guine\u0301en du Droit d\u2019Auteur (BGDA) et la Direction Ge\u0301ne\u0301rale des Douanes, le jeudi 22 septembre 2022.<\/p>\n<p>Ledit protocole porte sur l\u2019augmentation des taxes sur toutes les importations de supports d\u2019enregistrement ou appareils a\u0300 hauteur de 10% et 5% de la valeur du Cou\u0302t, Assurance et Fret (CAF). Ces supports sont entre autres les te\u0301le\u0301phones, les ordinateurs, les cle\u0301s USB, ainsi que tout autre appareil servant a\u0300 la multiplication d\u2019une \u0153uvre artistique ou a\u0300 la reproduction d\u2019une \u0153uvre litte\u0301raire.<\/p>\n<p>Cette augmentation sur l\u2019importation de la marchandise sera faite au niveau du cordon douanier. Les montants ge\u0301ne\u0301re\u0301s sur cette taxation seront verse\u0301s au compte du BGDA afin d\u2019e\u0302tre redistribue\u0301s aux auteurs a\u0300 titre de droit d\u2019auteur. Et 25% de ces recettes seront destine\u0301s au Fonds de De\u0301veloppement des Arts et de la Culture (FODAC).<\/p>\n<p>A ceci, se joignent plusieurs autres activite\u0301s de\u0301ja\u0300 re\u0301alise\u0301es, en cours et en perspectives. Notamment l\u2019e\u0301laboration des Textes re\u0300glementaires (De\u0301cret d\u2019application, Arre\u0302te\u0301s conjoints et Arre\u0302te\u0301s unilate\u0301raux) d\u2019application de la Loi relative a\u0300 la protection des \u0153uvres litte\u0301raires et artistiques, la construction de la cite\u0301 Niger de Faranah, la re\u0301novation et l\u2019e\u0301quipement du sie\u0300ge du MCTA, la signature d\u2019une convention pour la construction d\u2019un Palais de la Culture.<\/p>\n<p><b>2022, une anne\u0301e riche en e\u0301ve\u0300nements<\/b><\/p>\n<p>L\u2019anne\u0301e 2022 qui s\u2019en va, aura e\u0301te\u0301 marque\u0301e par plusieurs activite\u0301s mene\u0301es tant par des ope\u0301rateurs prive\u0301s que par l\u2019Etat. Citons quelques-uns parmi eux. A l\u2019initiative de Guine\u0301e Culture pre\u0301side\u0301e par Sansy Kaba Diakite\u0301, s\u2019est tenue du 21 au 25 septembre la premie\u0300re e\u0301dition du Festival sur le Milo, dans la ville culturelle, religieuse et terre d\u2019hospitalite\u0301 le\u0301gendaire de Kankan.<\/p>\n<p>Comme tous les ans, et a\u0300 la me\u0302me date, du 23 avril au 25 avril, s\u2019est tenu a\u0300 Conakry l\u2019un des e\u0301ve\u0300nements culturels majeurs en Guine\u0301e : Les 72 heures du livre. L\u2019e\u0301ve\u0300nement a re\u0301uni les intellectuels, les e\u0301crivains et l\u2019ensemble des acteurs de l\u2019industrie du livre du pays. Cette quatorzie\u0300me e\u0301dition e\u0301tait place\u0301e sous le the\u0300me : Sauvegarde du patrimoine et de la paix sociale. Un programme qui re\u0301sonne bien avec la situation sociopolitique du pays.<\/p>\n<p>C\u2019est sous le the\u0300me \u00ab Nos textiles au service de notre identite\u0301 et de notre de\u0301veloppement \u00bb que s\u2019est tenue la premie\u0300re e\u0301dition du Salon de la teinture et du textile guine\u0301ens (SaTeG), du 17 au 19 novembre 2022, a\u0300 Conakry. Cela, a\u0300 l\u2019initiative de l\u2019ONG Cultures et Fierte\u0301s Guine\u0301ennes (CuFiG). Un salon qui s\u2019est voulu le plus grand marche\u0301 guine\u0301en de la teinture et du textile qui a e\u0301te\u0301 marque\u0301e par plusieurs activite\u0301s. Notamment les expositions-ventes, les ateliers marketing, les innovations, le E-commerces, les ateliers de teinture, les de\u0301file\u0301s de mode, les panels, les concerts et les concours. L\u2019objectif du SaTeG e\u0301tant de promouvoir et de vulgariser le textile guine\u0301en pour la pre\u0301servation de l\u2019identite\u0301 et l\u2019autonomisation des artisans locaux, selon son initiatrice dame Hawa Binttina Soumah.<\/p>\n<p>La deuxie\u0300me e\u0301dition du Label Guine\u0301e a e\u0301te\u0301 lance\u0301e le 31 octobre 2022 a\u0300 Conakry par le Premier ministre, Dr Bernard Goumou. Ce salon des productions locales est initie\u0301 par la structure Agilite\u0301s de Mohamed Banks Bangoura a\u0300 l\u2019effet de promouvoir les produits guine\u0301ens dans les secteurs de l\u2019industrie, de l\u2019agrobusiness, de l\u2019artisanat, de l\u2019innovation, de la mode et de la culture, des biens et services et de l\u2019informel. Selon ses organisateurs, l\u2019objectif de Label Guine\u0301e vise a\u0300 rapprocher les consommateurs guine\u0301ens des produits Made in Guine\u0301e, a\u0300 re\u0301duire la de\u0301pense du marche\u0301 guine\u0301en aux produits importe\u0301s, mais aussi a\u0300 offrir aux producteurs et entrepreneurs un espace unique d\u2019exposition.<\/p>\n<p>Apre\u0300s trois ans d\u2019interruption, l\u2019e\u0301ve\u0300nement Miss Guine\u0301e pourra enfin se tenir courant 2023. A la suite d\u2019un appel a\u0300 candidatures lance\u0301 par le ministe\u0300re de la Culture et du Patrimoine historique pour l\u2019organisation du concours de beaute\u0301 physique et intellectuelle Miss Guine\u0301e, deux structures ont soumissionne\u0301 en produisant des dossiers tous aussi consistants les uns que les autres. Mais c\u2019est la structure KPAAF qui a e\u0301te\u0301 retenue pour l\u2019organisation de beaute\u0301 Miss Guine\u0301e l\u2019autre semaine. Une convention de partenariat avec le ministe\u0300re de la Culture, du Tourisme et de l\u2019Artisanat a eu lieu a\u0300 cet effet. Toute chose qui permet valablement a\u0300 cette jeune structure d\u2019ope\u0301rer sur le terrain durant les deux ans sur lesquels s\u2019e\u0301tend la convention.<\/p>\n<p>En pre\u0301lude a\u0300 la tenue tre\u0300s prochaine du Festival National des Arts et de la Culture (FENAC), le ministre de la Culture, du Tourisme et de l\u2019Artisanat a officiellement lance\u0301 la 19e e\u0301dition de la Quinzaine des Arts et de la Culture. C\u2019est la Maison des jeunes de Matam qui a servi de cadre a\u0300 cet effet, en pre\u0301sence de plusieurs cadres du de\u0301partement de Culture, ainsi que des autorite\u0301s communales. Place\u0301e sous le the\u0300me : \u00ab L\u2019Art et la Culture au service de la paix et de la cohe\u0301sion sociale \u00bb, cette dix-neuvie\u0300me Quinzaine des Arts et de la Culture va toucher les 333 sous-pre\u0301fectures et 33 pre\u0301fectures de l\u2019inte\u0301rieur du pays, mais aussi les six communes et 136 quartiers de Conakry.<\/p>\n<p>A ces diffe\u0301rents e\u0301ve\u0300nements, s\u2019ajoutent plusieurs autres, comme le Match du rire, la Grande nuit du conte de Conakry et les Victoires de la musique guine\u0301enne.<\/p>\n<p><strong>Pour plus d&rsquo;informations et d&rsquo;analyses sur la <a href=\"https:\/\/www.africa-press.net\/guinee-conakry\">Guin\u00e9e<\/a>, suivez <a href=\"https:\/\/www.africa-press.net\/\">Africa-Press<\/a><\/strong><\/p>\n","protected":false},"excerpt":{"rendered":"<p>Africa-Press &#8211; Guin\u00e9e. Le 5 septembre 2021, un coup d\u2019E\u0301tat est venu e\u0301courter un mandat de six ans que M. Alpha Conde\u0301 venait de s\u2019offrir au forceps. Ce coup de force mene\u0301 par le CNRD, avec a\u0300 sa te\u0302te le Colonel Mamadi Doumbouya, a conduit a\u0300 la dissolution du gouvernement et des institutions re\u0301publicaines et [&hellip;]<\/p>\n","protected":false},"author":82,"featured_media":11152,"comment_status":"open","ping_status":"closed","sticky":false,"template":"","format":"standard","meta":{"footnotes":""},"categories":[21,10],"tags":[36,57,58],"class_list":["post-11153","post","type-post","status-publish","format-standard","has-post-thumbnail","hentry","category-communaute","category-toutes-les-actualites","tag-africa-press","tag-africa-press-guinee","tag-guinee"],"yoast_head":"<!-- This site is optimized with the Yoast SEO Premium plugin v26.1 (Yoast SEO v27.0) - https:\/\/yoast.com\/product\/yoast-seo-premium-wordpress\/ -->\n<title>2022, une ann\u00e9e culturellement bien garnie en r\u00e9formes et en \u00e9v\u00e8nements - guinee Conakry<\/title>\n<meta name=\"robots\" content=\"index, follow, max-snippet:-1, max-image-preview:large, max-video-preview:-1\" \/>\n<link rel=\"canonical\" href=\"https:\/\/www.africa-press.net\/guinee-conakry\/politique\/2022-une-annee-culturellement-bien-garnie-en-reformes-et-en-evenements\" \/>\n<meta property=\"og:locale\" content=\"fr_FR\" \/>\n<meta property=\"og:type\" content=\"article\" \/>\n<meta property=\"og:title\" content=\"2022, une ann\u00e9e culturellement bien garnie en r\u00e9formes et en \u00e9v\u00e8nements\" \/>\n<meta property=\"og:description\" content=\"Africa-Press &#8211; Guin\u00e9e. Le 5 septembre 2021, un coup d\u2019E\u0301tat est venu e\u0301courter un mandat de six ans que M. Alpha Conde\u0301 venait de s\u2019offrir au forceps. Ce coup de force mene\u0301 par le CNRD, avec a\u0300 sa te\u0302te le Colonel Mamadi Doumbouya, a conduit a\u0300 la dissolution du gouvernement et des institutions re\u0301publicaines et [&hellip;]\" \/>\n<meta property=\"og:url\" content=\"https:\/\/www.africa-press.net\/guinee-conakry\/politique\/2022-une-annee-culturellement-bien-garnie-en-reformes-et-en-evenements\" \/>\n<meta property=\"og:site_name\" content=\"guinee Conakry\" \/>\n<meta property=\"article:published_time\" content=\"2023-01-01T18:41:00+00:00\" \/>\n<meta name=\"author\" content=\"cfeditorfr\" \/>\n<meta name=\"twitter:card\" content=\"summary_large_image\" \/>\n<meta name=\"twitter:label1\" content=\"\u00c9crit par\" \/>\n\t<meta name=\"twitter:data1\" content=\"cfeditorfr\" \/>\n\t<meta name=\"twitter:label2\" content=\"Dur\u00e9e de lecture estim\u00e9e\" \/>\n\t<meta name=\"twitter:data2\" content=\"12 minutes\" \/>\n<script type=\"application\/ld+json\" class=\"yoast-schema-graph\">{\"@context\":\"https:\/\/schema.org\",\"@graph\":[{\"@type\":\"Article\",\"@id\":\"https:\/\/www.africa-press.net\/guinee-conakry\/politique\/2022-une-annee-culturellement-bien-garnie-en-reformes-et-en-evenements#article\",\"isPartOf\":{\"@id\":\"https:\/\/www.africa-press.net\/guinee-conakry\/politique\/2022-une-annee-culturellement-bien-garnie-en-reformes-et-en-evenements\"},\"author\":{\"name\":\"cfeditorfr\",\"@id\":\"https:\/\/www.africa-press.net\/guinee-conakry\/#\/schema\/person\/2b1cf3cd81a31e3cd26889ca66d677f1\"},\"headline\":\"2022, une ann\u00e9e culturellement bien garnie en r\u00e9formes et en \u00e9v\u00e8nements\",\"datePublished\":\"2023-01-01T18:41:00+00:00\",\"mainEntityOfPage\":{\"@id\":\"https:\/\/www.africa-press.net\/guinee-conakry\/politique\/2022-une-annee-culturellement-bien-garnie-en-reformes-et-en-evenements\"},\"wordCount\":2408,\"commentCount\":0,\"image\":{\"@id\":\"https:\/\/www.africa-press.net\/guinee-conakry\/politique\/2022-une-annee-culturellement-bien-garnie-en-reformes-et-en-evenements#primaryimage\"},\"thumbnailUrl\":\"https:\/\/static.africa-press.net\/conakry\/sites\/63\/2023\/01\/Jokar1672585880.359587.jpg\",\"keywords\":[\"Africa Press\",\"Africa Press-Guin\u00e9e\",\"Guin\u00e9e\"],\"articleSection\":[\"Communaut\u00e9\",\"Toutes les actualit\u00e9s\"],\"inLanguage\":\"fr-FR\",\"potentialAction\":[{\"@type\":\"CommentAction\",\"name\":\"Comment\",\"target\":[\"https:\/\/www.africa-press.net\/guinee-conakry\/politique\/2022-une-annee-culturellement-bien-garnie-en-reformes-et-en-evenements#respond\"]}]},{\"@type\":\"WebPage\",\"@id\":\"https:\/\/www.africa-press.net\/guinee-conakry\/politique\/2022-une-annee-culturellement-bien-garnie-en-reformes-et-en-evenements\",\"url\":\"https:\/\/www.africa-press.net\/guinee-conakry\/politique\/2022-une-annee-culturellement-bien-garnie-en-reformes-et-en-evenements\",\"name\":\"2022, une ann\u00e9e culturellement bien garnie en r\u00e9formes et en \u00e9v\u00e8nements - guinee Conakry\",\"isPartOf\":{\"@id\":\"https:\/\/www.africa-press.net\/guinee-conakry\/#website\"},\"primaryImageOfPage\":{\"@id\":\"https:\/\/www.africa-press.net\/guinee-conakry\/politique\/2022-une-annee-culturellement-bien-garnie-en-reformes-et-en-evenements#primaryimage\"},\"image\":{\"@id\":\"https:\/\/www.africa-press.net\/guinee-conakry\/politique\/2022-une-annee-culturellement-bien-garnie-en-reformes-et-en-evenements#primaryimage\"},\"thumbnailUrl\":\"https:\/\/static.africa-press.net\/conakry\/sites\/63\/2023\/01\/Jokar1672585880.359587.jpg\",\"datePublished\":\"2023-01-01T18:41:00+00:00\",\"author\":{\"@id\":\"https:\/\/www.africa-press.net\/guinee-conakry\/#\/schema\/person\/2b1cf3cd81a31e3cd26889ca66d677f1\"},\"breadcrumb\":{\"@id\":\"https:\/\/www.africa-press.net\/guinee-conakry\/politique\/2022-une-annee-culturellement-bien-garnie-en-reformes-et-en-evenements#breadcrumb\"},\"inLanguage\":\"fr-FR\",\"potentialAction\":[{\"@type\":\"ReadAction\",\"target\":[\"https:\/\/www.africa-press.net\/guinee-conakry\/politique\/2022-une-annee-culturellement-bien-garnie-en-reformes-et-en-evenements\"]}]},{\"@type\":\"ImageObject\",\"inLanguage\":\"fr-FR\",\"@id\":\"https:\/\/www.africa-press.net\/guinee-conakry\/politique\/2022-une-annee-culturellement-bien-garnie-en-reformes-et-en-evenements#primaryimage\",\"url\":\"https:\/\/static.africa-press.net\/conakry\/sites\/63\/2023\/01\/Jokar1672585880.359587.jpg\",\"contentUrl\":\"https:\/\/static.africa-press.net\/conakry\/sites\/63\/2023\/01\/Jokar1672585880.359587.jpg\",\"width\":600,\"height\":518,\"caption\":\"2022, une ann\u00e9e culturellement bien garnie en r\u00e9formes et en \u00e9v\u00e8nements\"},{\"@type\":\"BreadcrumbList\",\"@id\":\"https:\/\/www.africa-press.net\/guinee-conakry\/politique\/2022-une-annee-culturellement-bien-garnie-en-reformes-et-en-evenements#breadcrumb\",\"itemListElement\":[{\"@type\":\"ListItem\",\"position\":1,\"name\":\"Accueil\",\"item\":\"https:\/\/www.africa-press.net\/guinee-conakry\/\"},{\"@type\":\"ListItem\",\"position\":2,\"name\":\"2022, une ann\u00e9e culturellement bien garnie en r\u00e9formes et en \u00e9v\u00e8nements\"}]},{\"@type\":\"WebSite\",\"@id\":\"https:\/\/www.africa-press.net\/guinee-conakry\/#website\",\"url\":\"https:\/\/www.africa-press.net\/guinee-conakry\/\",\"name\":\"guinee Conakry\",\"description\":\"Just another Africa News Agency Sites site\",\"potentialAction\":[{\"@type\":\"SearchAction\",\"target\":{\"@type\":\"EntryPoint\",\"urlTemplate\":\"https:\/\/www.africa-press.net\/guinee-conakry\/?s={search_term_string}\"},\"query-input\":{\"@type\":\"PropertyValueSpecification\",\"valueRequired\":true,\"valueName\":\"search_term_string\"}}],\"inLanguage\":\"fr-FR\"},{\"@type\":\"Person\",\"@id\":\"https:\/\/www.africa-press.net\/guinee-conakry\/#\/schema\/person\/2b1cf3cd81a31e3cd26889ca66d677f1\",\"name\":\"cfeditorfr\"}]}<\/script>\n<!-- \/ Yoast SEO Premium plugin. -->","yoast_head_json":{"title":"2022, une ann\u00e9e culturellement bien garnie en r\u00e9formes et en \u00e9v\u00e8nements - guinee Conakry","robots":{"index":"index","follow":"follow","max-snippet":"max-snippet:-1","max-image-preview":"max-image-preview:large","max-video-preview":"max-video-preview:-1"},"canonical":"https:\/\/www.africa-press.net\/guinee-conakry\/politique\/2022-une-annee-culturellement-bien-garnie-en-reformes-et-en-evenements","og_locale":"fr_FR","og_type":"article","og_title":"2022, une ann\u00e9e culturellement bien garnie en r\u00e9formes et en \u00e9v\u00e8nements","og_description":"Africa-Press &#8211; Guin\u00e9e. Le 5 septembre 2021, un coup d\u2019E\u0301tat est venu e\u0301courter un mandat de six ans que M. Alpha Conde\u0301 venait de s\u2019offrir au forceps. Ce coup de force mene\u0301 par le CNRD, avec a\u0300 sa te\u0302te le Colonel Mamadi Doumbouya, a conduit a\u0300 la dissolution du gouvernement et des institutions re\u0301publicaines et [&hellip;]","og_url":"https:\/\/www.africa-press.net\/guinee-conakry\/politique\/2022-une-annee-culturellement-bien-garnie-en-reformes-et-en-evenements","og_site_name":"guinee Conakry","article_published_time":"2023-01-01T18:41:00+00:00","author":"cfeditorfr","twitter_card":"summary_large_image","twitter_misc":{"\u00c9crit par":"cfeditorfr","Dur\u00e9e de lecture estim\u00e9e":"12 minutes"},"schema":{"@context":"https:\/\/schema.org","@graph":[{"@type":"Article","@id":"https:\/\/www.africa-press.net\/guinee-conakry\/politique\/2022-une-annee-culturellement-bien-garnie-en-reformes-et-en-evenements#article","isPartOf":{"@id":"https:\/\/www.africa-press.net\/guinee-conakry\/politique\/2022-une-annee-culturellement-bien-garnie-en-reformes-et-en-evenements"},"author":{"name":"cfeditorfr","@id":"https:\/\/www.africa-press.net\/guinee-conakry\/#\/schema\/person\/2b1cf3cd81a31e3cd26889ca66d677f1"},"headline":"2022, une ann\u00e9e culturellement bien garnie en r\u00e9formes et en \u00e9v\u00e8nements","datePublished":"2023-01-01T18:41:00+00:00","mainEntityOfPage":{"@id":"https:\/\/www.africa-press.net\/guinee-conakry\/politique\/2022-une-annee-culturellement-bien-garnie-en-reformes-et-en-evenements"},"wordCount":2408,"commentCount":0,"image":{"@id":"https:\/\/www.africa-press.net\/guinee-conakry\/politique\/2022-une-annee-culturellement-bien-garnie-en-reformes-et-en-evenements#primaryimage"},"thumbnailUrl":"https:\/\/static.africa-press.net\/conakry\/sites\/63\/2023\/01\/Jokar1672585880.359587.jpg","keywords":["Africa Press","Africa Press-Guin\u00e9e","Guin\u00e9e"],"articleSection":["Communaut\u00e9","Toutes les actualit\u00e9s"],"inLanguage":"fr-FR","potentialAction":[{"@type":"CommentAction","name":"Comment","target":["https:\/\/www.africa-press.net\/guinee-conakry\/politique\/2022-une-annee-culturellement-bien-garnie-en-reformes-et-en-evenements#respond"]}]},{"@type":"WebPage","@id":"https:\/\/www.africa-press.net\/guinee-conakry\/politique\/2022-une-annee-culturellement-bien-garnie-en-reformes-et-en-evenements","url":"https:\/\/www.africa-press.net\/guinee-conakry\/politique\/2022-une-annee-culturellement-bien-garnie-en-reformes-et-en-evenements","name":"2022, une ann\u00e9e culturellement bien garnie en r\u00e9formes et en \u00e9v\u00e8nements - guinee Conakry","isPartOf":{"@id":"https:\/\/www.africa-press.net\/guinee-conakry\/#website"},"primaryImageOfPage":{"@id":"https:\/\/www.africa-press.net\/guinee-conakry\/politique\/2022-une-annee-culturellement-bien-garnie-en-reformes-et-en-evenements#primaryimage"},"image":{"@id":"https:\/\/www.africa-press.net\/guinee-conakry\/politique\/2022-une-annee-culturellement-bien-garnie-en-reformes-et-en-evenements#primaryimage"},"thumbnailUrl":"https:\/\/static.africa-press.net\/conakry\/sites\/63\/2023\/01\/Jokar1672585880.359587.jpg","datePublished":"2023-01-01T18:41:00+00:00","author":{"@id":"https:\/\/www.africa-press.net\/guinee-conakry\/#\/schema\/person\/2b1cf3cd81a31e3cd26889ca66d677f1"},"breadcrumb":{"@id":"https:\/\/www.africa-press.net\/guinee-conakry\/politique\/2022-une-annee-culturellement-bien-garnie-en-reformes-et-en-evenements#breadcrumb"},"inLanguage":"fr-FR","potentialAction":[{"@type":"ReadAction","target":["https:\/\/www.africa-press.net\/guinee-conakry\/politique\/2022-une-annee-culturellement-bien-garnie-en-reformes-et-en-evenements"]}]},{"@type":"ImageObject","inLanguage":"fr-FR","@id":"https:\/\/www.africa-press.net\/guinee-conakry\/politique\/2022-une-annee-culturellement-bien-garnie-en-reformes-et-en-evenements#primaryimage","url":"https:\/\/static.africa-press.net\/conakry\/sites\/63\/2023\/01\/Jokar1672585880.359587.jpg","contentUrl":"https:\/\/static.africa-press.net\/conakry\/sites\/63\/2023\/01\/Jokar1672585880.359587.jpg","width":600,"height":518,"caption":"2022, une ann\u00e9e culturellement bien garnie en r\u00e9formes et en \u00e9v\u00e8nements"},{"@type":"BreadcrumbList","@id":"https:\/\/www.africa-press.net\/guinee-conakry\/politique\/2022-une-annee-culturellement-bien-garnie-en-reformes-et-en-evenements#breadcrumb","itemListElement":[{"@type":"ListItem","position":1,"name":"Accueil","item":"https:\/\/www.africa-press.net\/guinee-conakry\/"},{"@type":"ListItem","position":2,"name":"2022, une ann\u00e9e culturellement bien garnie en r\u00e9formes et en \u00e9v\u00e8nements"}]},{"@type":"WebSite","@id":"https:\/\/www.africa-press.net\/guinee-conakry\/#website","url":"https:\/\/www.africa-press.net\/guinee-conakry\/","name":"guinee Conakry","description":"Just another Africa News Agency Sites site","potentialAction":[{"@type":"SearchAction","target":{"@type":"EntryPoint","urlTemplate":"https:\/\/www.africa-press.net\/guinee-conakry\/?s={search_term_string}"},"query-input":{"@type":"PropertyValueSpecification","valueRequired":true,"valueName":"search_term_string"}}],"inLanguage":"fr-FR"},{"@type":"Person","@id":"https:\/\/www.africa-press.net\/guinee-conakry\/#\/schema\/person\/2b1cf3cd81a31e3cd26889ca66d677f1","name":"cfeditorfr"}]}},"_links":{"self":[{"href":"https:\/\/www.africa-press.net\/guinee-conakry\/wp-json\/wp\/v2\/posts\/11153","targetHints":{"allow":["GET"]}}],"collection":[{"href":"https:\/\/www.africa-press.net\/guinee-conakry\/wp-json\/wp\/v2\/posts"}],"about":[{"href":"https:\/\/www.africa-press.net\/guinee-conakry\/wp-json\/wp\/v2\/types\/post"}],"author":[{"embeddable":true,"href":"https:\/\/www.africa-press.net\/guinee-conakry\/wp-json\/wp\/v2\/users\/82"}],"replies":[{"embeddable":true,"href":"https:\/\/www.africa-press.net\/guinee-conakry\/wp-json\/wp\/v2\/comments?post=11153"}],"version-history":[{"count":0,"href":"https:\/\/www.africa-press.net\/guinee-conakry\/wp-json\/wp\/v2\/posts\/11153\/revisions"}],"wp:featuredmedia":[{"embeddable":true,"href":"https:\/\/www.africa-press.net\/guinee-conakry\/wp-json\/wp\/v2\/media\/11152"}],"wp:attachment":[{"href":"https:\/\/www.africa-press.net\/guinee-conakry\/wp-json\/wp\/v2\/media?parent=11153"}],"wp:term":[{"taxonomy":"category","embeddable":true,"href":"https:\/\/www.africa-press.net\/guinee-conakry\/wp-json\/wp\/v2\/categories?post=11153"},{"taxonomy":"post_tag","embeddable":true,"href":"https:\/\/www.africa-press.net\/guinee-conakry\/wp-json\/wp\/v2\/tags?post=11153"}],"curies":[{"name":"wp","href":"https:\/\/api.w.org\/{rel}","templated":true}]}}