{"id":11184,"date":"2023-01-03T21:15:00","date_gmt":"2023-01-03T21:15:00","guid":{"rendered":"https:\/\/www.africa-press.net\/guinee-conakry\/politique\/administration-judiciaire-apres-un-constat-amer-wright-met-les-juridictions-et-parquets-sous-pression"},"modified":"2023-01-03T21:15:00","modified_gmt":"2023-01-03T21:15:00","slug":"administration-judiciaire-apres-un-constat-amer-wright-met-les-juridictions-et-parquets-sous-pression","status":"publish","type":"post","link":"https:\/\/www.africa-press.net\/guinee-conakry\/politique\/administration-judiciaire-apres-un-constat-amer-wright-met-les-juridictions-et-parquets-sous-pression","title":{"rendered":"Administration judiciaire: apr\u00e8s un constat amer, Wright met les juridictions et Parquets sous pression"},"content":{"rendered":"<p><span style=\"color: #ff6600\"><strong>Africa-Press &#8211; Guin\u00e9e. <\/strong><\/span>Dans un communique\u0301 , le Garde des Sceaux, le ministre de la Justice et des Droits de l\u2019Homme dit avoir constate\u0301 avec regret qu\u2019a\u0300 date, aucun rapport annuel d\u2019activite\u0301s des juridictions et des parquets n\u2019a e\u0301te\u0301 transmis a\u0300 l\u2019Inspection Ge\u0301ne\u0301rale des Services Judiciaires et Pe\u0301nitentiaires pour toutes fins par les Chefs de juridictions et de parquets.<\/p>\n<p>A l\u2019effet de reme\u0301dier a\u0300 ce manquement, le ministre Charles Wright a invite\u0301 les chefs de juridictions et de parquets a\u0300 de\u0301poser les rapports annuels d\u2019activite\u0301s au plus tard le 10 janvier 2023 de\u0301lai de rigueur et ce, conforme\u0301ment a\u0300 la proce\u0301dure de transmission administrative.<\/p>\n<p>Plus loin, il les a invite\u0301s a\u0300 la poursuite du jugement des affaires criminelles sur toute l\u2019e\u0301tendue du territoire national pour permettre aux personnes en attente d\u2019e\u0302tre juge\u0301es de be\u0301ne\u0301ficier d\u2019un proce\u0300s juste et e\u0301quitable.<\/p>\n<p><strong>Pour plus d&rsquo;informations et d&rsquo;analyses sur la <a href=\"https:\/\/www.africa-press.net\/guinee-conakry\">Guin\u00e9e<\/a>, suivez <a href=\"https:\/\/www.africa-press.net\/\">Africa-Press<\/a><\/strong><\/p>\n","protected":false},"excerpt":{"rendered":"<p>Africa-Press &#8211; Guin\u00e9e. Dans un communique\u0301 , le Garde des Sceaux, le ministre de la Justice et des Droits de l\u2019Homme dit avoir constate\u0301 avec regret qu\u2019a\u0300 date, aucun rapport annuel d\u2019activite\u0301s des juridictions et des parquets n\u2019a e\u0301te\u0301 transmis a\u0300 l\u2019Inspection Ge\u0301ne\u0301rale des Services Judiciaires et Pe\u0301nitentiaires pour toutes fins par les Chefs de [&hellip;]<\/p>\n","protected":false},"author":82,"featured_media":11183,"comment_status":"open","ping_status":"closed","sticky":false,"template":"","format":"standard","meta":{"footnotes":""},"categories":[2],"tags":[36,57,58],"class_list":["post-11184","post","type-post","status-publish","format-standard","has-post-thumbnail","hentry","category-politique","tag-africa-press","tag-africa-press-guinee","tag-guinee"],"yoast_head":"<!-- This site is optimized with the Yoast SEO Premium plugin v26.1 (Yoast SEO v27.0) - https:\/\/yoast.com\/product\/yoast-seo-premium-wordpress\/ -->\n<title>Administration judiciaire: apr\u00e8s un constat amer, Wright met les juridictions et Parquets sous pression - guinee Conakry<\/title>\n<meta name=\"robots\" content=\"index, follow, max-snippet:-1, max-image-preview:large, max-video-preview:-1\" \/>\n<link rel=\"canonical\" href=\"https:\/\/www.africa-press.net\/guinee-conakry\/politique\/administration-judiciaire-apres-un-constat-amer-wright-met-les-juridictions-et-parquets-sous-pression\" \/>\n<meta property=\"og:locale\" content=\"fr_FR\" \/>\n<meta property=\"og:type\" content=\"article\" \/>\n<meta property=\"og:title\" content=\"Administration judiciaire: apr\u00e8s un constat amer, Wright met les juridictions et Parquets sous pression\" \/>\n<meta property=\"og:description\" content=\"Africa-Press &#8211; Guin\u00e9e. Dans un communique\u0301 , le Garde des Sceaux, le ministre de la Justice et des Droits de l\u2019Homme dit avoir constate\u0301 avec regret qu\u2019a\u0300 date, aucun rapport annuel d\u2019activite\u0301s des juridictions et des parquets n\u2019a e\u0301te\u0301 transmis a\u0300 l\u2019Inspection Ge\u0301ne\u0301rale des Services Judiciaires et Pe\u0301nitentiaires pour toutes fins par les Chefs de [&hellip;]\" \/>\n<meta property=\"og:url\" content=\"https:\/\/www.africa-press.net\/guinee-conakry\/politique\/administration-judiciaire-apres-un-constat-amer-wright-met-les-juridictions-et-parquets-sous-pression\" \/>\n<meta property=\"og:site_name\" content=\"guinee Conakry\" \/>\n<meta property=\"article:published_time\" content=\"2023-01-03T21:15:00+00:00\" \/>\n<meta name=\"author\" content=\"cfeditorfr\" \/>\n<meta name=\"twitter:card\" content=\"summary_large_image\" \/>\n<meta name=\"twitter:label1\" content=\"\u00c9crit par\" \/>\n\t<meta name=\"twitter:data1\" content=\"cfeditorfr\" \/>\n\t<meta name=\"twitter:label2\" content=\"Dur\u00e9e de lecture estim\u00e9e\" \/>\n\t<meta name=\"twitter:data2\" content=\"1 minute\" \/>\n<script type=\"application\/ld+json\" class=\"yoast-schema-graph\">{\"@context\":\"https:\/\/schema.org\",\"@graph\":[{\"@type\":\"Article\",\"@id\":\"https:\/\/www.africa-press.net\/guinee-conakry\/politique\/administration-judiciaire-apres-un-constat-amer-wright-met-les-juridictions-et-parquets-sous-pression#article\",\"isPartOf\":{\"@id\":\"https:\/\/www.africa-press.net\/guinee-conakry\/politique\/administration-judiciaire-apres-un-constat-amer-wright-met-les-juridictions-et-parquets-sous-pression\"},\"author\":{\"name\":\"cfeditorfr\",\"@id\":\"https:\/\/www.africa-press.net\/guinee-conakry\/#\/schema\/person\/2b1cf3cd81a31e3cd26889ca66d677f1\"},\"headline\":\"Administration judiciaire: apr\u00e8s un constat amer, Wright met les juridictions et Parquets sous pression\",\"datePublished\":\"2023-01-03T21:15:00+00:00\",\"mainEntityOfPage\":{\"@id\":\"https:\/\/www.africa-press.net\/guinee-conakry\/politique\/administration-judiciaire-apres-un-constat-amer-wright-met-les-juridictions-et-parquets-sous-pression\"},\"wordCount\":194,\"commentCount\":0,\"image\":{\"@id\":\"https:\/\/www.africa-press.net\/guinee-conakry\/politique\/administration-judiciaire-apres-un-constat-amer-wright-met-les-juridictions-et-parquets-sous-pression#primaryimage\"},\"thumbnailUrl\":\"https:\/\/static.africa-press.net\/conakry\/sites\/63\/2023\/01\/Jokar1672767907.626229.jpg\",\"keywords\":[\"Africa Press\",\"Africa Press-Guin\u00e9e\",\"Guin\u00e9e\"],\"articleSection\":[\"Politique\"],\"inLanguage\":\"fr-FR\",\"potentialAction\":[{\"@type\":\"CommentAction\",\"name\":\"Comment\",\"target\":[\"https:\/\/www.africa-press.net\/guinee-conakry\/politique\/administration-judiciaire-apres-un-constat-amer-wright-met-les-juridictions-et-parquets-sous-pression#respond\"]}]},{\"@type\":\"WebPage\",\"@id\":\"https:\/\/www.africa-press.net\/guinee-conakry\/politique\/administration-judiciaire-apres-un-constat-amer-wright-met-les-juridictions-et-parquets-sous-pression\",\"url\":\"https:\/\/www.africa-press.net\/guinee-conakry\/politique\/administration-judiciaire-apres-un-constat-amer-wright-met-les-juridictions-et-parquets-sous-pression\",\"name\":\"Administration judiciaire: apr\u00e8s un constat amer, Wright met les juridictions et Parquets sous pression - guinee Conakry\",\"isPartOf\":{\"@id\":\"https:\/\/www.africa-press.net\/guinee-conakry\/#website\"},\"primaryImageOfPage\":{\"@id\":\"https:\/\/www.africa-press.net\/guinee-conakry\/politique\/administration-judiciaire-apres-un-constat-amer-wright-met-les-juridictions-et-parquets-sous-pression#primaryimage\"},\"image\":{\"@id\":\"https:\/\/www.africa-press.net\/guinee-conakry\/politique\/administration-judiciaire-apres-un-constat-amer-wright-met-les-juridictions-et-parquets-sous-pression#primaryimage\"},\"thumbnailUrl\":\"https:\/\/static.africa-press.net\/conakry\/sites\/63\/2023\/01\/Jokar1672767907.626229.jpg\",\"datePublished\":\"2023-01-03T21:15:00+00:00\",\"author\":{\"@id\":\"https:\/\/www.africa-press.net\/guinee-conakry\/#\/schema\/person\/2b1cf3cd81a31e3cd26889ca66d677f1\"},\"breadcrumb\":{\"@id\":\"https:\/\/www.africa-press.net\/guinee-conakry\/politique\/administration-judiciaire-apres-un-constat-amer-wright-met-les-juridictions-et-parquets-sous-pression#breadcrumb\"},\"inLanguage\":\"fr-FR\",\"potentialAction\":[{\"@type\":\"ReadAction\",\"target\":[\"https:\/\/www.africa-press.net\/guinee-conakry\/politique\/administration-judiciaire-apres-un-constat-amer-wright-met-les-juridictions-et-parquets-sous-pression\"]}]},{\"@type\":\"ImageObject\",\"inLanguage\":\"fr-FR\",\"@id\":\"https:\/\/www.africa-press.net\/guinee-conakry\/politique\/administration-judiciaire-apres-un-constat-amer-wright-met-les-juridictions-et-parquets-sous-pression#primaryimage\",\"url\":\"https:\/\/static.africa-press.net\/conakry\/sites\/63\/2023\/01\/Jokar1672767907.626229.jpg\",\"contentUrl\":\"https:\/\/static.africa-press.net\/conakry\/sites\/63\/2023\/01\/Jokar1672767907.626229.jpg\",\"width\":522,\"height\":379,\"caption\":\"Administration judiciaire: apr\u00e8s un constat amer, Wright met les juridictions et Parquets sous pression\"},{\"@type\":\"BreadcrumbList\",\"@id\":\"https:\/\/www.africa-press.net\/guinee-conakry\/politique\/administration-judiciaire-apres-un-constat-amer-wright-met-les-juridictions-et-parquets-sous-pression#breadcrumb\",\"itemListElement\":[{\"@type\":\"ListItem\",\"position\":1,\"name\":\"Accueil\",\"item\":\"https:\/\/www.africa-press.net\/guinee-conakry\/\"},{\"@type\":\"ListItem\",\"position\":2,\"name\":\"Administration judiciaire: apr\u00e8s un constat amer, Wright met les juridictions et Parquets sous pression\"}]},{\"@type\":\"WebSite\",\"@id\":\"https:\/\/www.africa-press.net\/guinee-conakry\/#website\",\"url\":\"https:\/\/www.africa-press.net\/guinee-conakry\/\",\"name\":\"guinee Conakry\",\"description\":\"Just another Africa News Agency Sites site\",\"potentialAction\":[{\"@type\":\"SearchAction\",\"target\":{\"@type\":\"EntryPoint\",\"urlTemplate\":\"https:\/\/www.africa-press.net\/guinee-conakry\/?s={search_term_string}\"},\"query-input\":{\"@type\":\"PropertyValueSpecification\",\"valueRequired\":true,\"valueName\":\"search_term_string\"}}],\"inLanguage\":\"fr-FR\"},{\"@type\":\"Person\",\"@id\":\"https:\/\/www.africa-press.net\/guinee-conakry\/#\/schema\/person\/2b1cf3cd81a31e3cd26889ca66d677f1\",\"name\":\"cfeditorfr\"}]}<\/script>\n<!-- \/ Yoast SEO Premium plugin. -->","yoast_head_json":{"title":"Administration judiciaire: apr\u00e8s un constat amer, Wright met les juridictions et Parquets sous pression - guinee Conakry","robots":{"index":"index","follow":"follow","max-snippet":"max-snippet:-1","max-image-preview":"max-image-preview:large","max-video-preview":"max-video-preview:-1"},"canonical":"https:\/\/www.africa-press.net\/guinee-conakry\/politique\/administration-judiciaire-apres-un-constat-amer-wright-met-les-juridictions-et-parquets-sous-pression","og_locale":"fr_FR","og_type":"article","og_title":"Administration judiciaire: apr\u00e8s un constat amer, Wright met les juridictions et Parquets sous pression","og_description":"Africa-Press &#8211; Guin\u00e9e. Dans un communique\u0301 , le Garde des Sceaux, le ministre de la Justice et des Droits de l\u2019Homme dit avoir constate\u0301 avec regret qu\u2019a\u0300 date, aucun rapport annuel d\u2019activite\u0301s des juridictions et des parquets n\u2019a e\u0301te\u0301 transmis a\u0300 l\u2019Inspection Ge\u0301ne\u0301rale des Services Judiciaires et Pe\u0301nitentiaires pour toutes fins par les Chefs de [&hellip;]","og_url":"https:\/\/www.africa-press.net\/guinee-conakry\/politique\/administration-judiciaire-apres-un-constat-amer-wright-met-les-juridictions-et-parquets-sous-pression","og_site_name":"guinee Conakry","article_published_time":"2023-01-03T21:15:00+00:00","author":"cfeditorfr","twitter_card":"summary_large_image","twitter_misc":{"\u00c9crit par":"cfeditorfr","Dur\u00e9e de lecture estim\u00e9e":"1 minute"},"schema":{"@context":"https:\/\/schema.org","@graph":[{"@type":"Article","@id":"https:\/\/www.africa-press.net\/guinee-conakry\/politique\/administration-judiciaire-apres-un-constat-amer-wright-met-les-juridictions-et-parquets-sous-pression#article","isPartOf":{"@id":"https:\/\/www.africa-press.net\/guinee-conakry\/politique\/administration-judiciaire-apres-un-constat-amer-wright-met-les-juridictions-et-parquets-sous-pression"},"author":{"name":"cfeditorfr","@id":"https:\/\/www.africa-press.net\/guinee-conakry\/#\/schema\/person\/2b1cf3cd81a31e3cd26889ca66d677f1"},"headline":"Administration judiciaire: apr\u00e8s un constat amer, Wright met les juridictions et Parquets sous pression","datePublished":"2023-01-03T21:15:00+00:00","mainEntityOfPage":{"@id":"https:\/\/www.africa-press.net\/guinee-conakry\/politique\/administration-judiciaire-apres-un-constat-amer-wright-met-les-juridictions-et-parquets-sous-pression"},"wordCount":194,"commentCount":0,"image":{"@id":"https:\/\/www.africa-press.net\/guinee-conakry\/politique\/administration-judiciaire-apres-un-constat-amer-wright-met-les-juridictions-et-parquets-sous-pression#primaryimage"},"thumbnailUrl":"https:\/\/static.africa-press.net\/conakry\/sites\/63\/2023\/01\/Jokar1672767907.626229.jpg","keywords":["Africa Press","Africa Press-Guin\u00e9e","Guin\u00e9e"],"articleSection":["Politique"],"inLanguage":"fr-FR","potentialAction":[{"@type":"CommentAction","name":"Comment","target":["https:\/\/www.africa-press.net\/guinee-conakry\/politique\/administration-judiciaire-apres-un-constat-amer-wright-met-les-juridictions-et-parquets-sous-pression#respond"]}]},{"@type":"WebPage","@id":"https:\/\/www.africa-press.net\/guinee-conakry\/politique\/administration-judiciaire-apres-un-constat-amer-wright-met-les-juridictions-et-parquets-sous-pression","url":"https:\/\/www.africa-press.net\/guinee-conakry\/politique\/administration-judiciaire-apres-un-constat-amer-wright-met-les-juridictions-et-parquets-sous-pression","name":"Administration judiciaire: apr\u00e8s un constat amer, Wright met les juridictions et Parquets sous pression - guinee Conakry","isPartOf":{"@id":"https:\/\/www.africa-press.net\/guinee-conakry\/#website"},"primaryImageOfPage":{"@id":"https:\/\/www.africa-press.net\/guinee-conakry\/politique\/administration-judiciaire-apres-un-constat-amer-wright-met-les-juridictions-et-parquets-sous-pression#primaryimage"},"image":{"@id":"https:\/\/www.africa-press.net\/guinee-conakry\/politique\/administration-judiciaire-apres-un-constat-amer-wright-met-les-juridictions-et-parquets-sous-pression#primaryimage"},"thumbnailUrl":"https:\/\/static.africa-press.net\/conakry\/sites\/63\/2023\/01\/Jokar1672767907.626229.jpg","datePublished":"2023-01-03T21:15:00+00:00","author":{"@id":"https:\/\/www.africa-press.net\/guinee-conakry\/#\/schema\/person\/2b1cf3cd81a31e3cd26889ca66d677f1"},"breadcrumb":{"@id":"https:\/\/www.africa-press.net\/guinee-conakry\/politique\/administration-judiciaire-apres-un-constat-amer-wright-met-les-juridictions-et-parquets-sous-pression#breadcrumb"},"inLanguage":"fr-FR","potentialAction":[{"@type":"ReadAction","target":["https:\/\/www.africa-press.net\/guinee-conakry\/politique\/administration-judiciaire-apres-un-constat-amer-wright-met-les-juridictions-et-parquets-sous-pression"]}]},{"@type":"ImageObject","inLanguage":"fr-FR","@id":"https:\/\/www.africa-press.net\/guinee-conakry\/politique\/administration-judiciaire-apres-un-constat-amer-wright-met-les-juridictions-et-parquets-sous-pression#primaryimage","url":"https:\/\/static.africa-press.net\/conakry\/sites\/63\/2023\/01\/Jokar1672767907.626229.jpg","contentUrl":"https:\/\/static.africa-press.net\/conakry\/sites\/63\/2023\/01\/Jokar1672767907.626229.jpg","width":522,"height":379,"caption":"Administration judiciaire: apr\u00e8s un constat amer, Wright met les juridictions et Parquets sous pression"},{"@type":"BreadcrumbList","@id":"https:\/\/www.africa-press.net\/guinee-conakry\/politique\/administration-judiciaire-apres-un-constat-amer-wright-met-les-juridictions-et-parquets-sous-pression#breadcrumb","itemListElement":[{"@type":"ListItem","position":1,"name":"Accueil","item":"https:\/\/www.africa-press.net\/guinee-conakry\/"},{"@type":"ListItem","position":2,"name":"Administration judiciaire: apr\u00e8s un constat amer, Wright met les juridictions et Parquets sous pression"}]},{"@type":"WebSite","@id":"https:\/\/www.africa-press.net\/guinee-conakry\/#website","url":"https:\/\/www.africa-press.net\/guinee-conakry\/","name":"guinee Conakry","description":"Just another Africa News Agency Sites site","potentialAction":[{"@type":"SearchAction","target":{"@type":"EntryPoint","urlTemplate":"https:\/\/www.africa-press.net\/guinee-conakry\/?s={search_term_string}"},"query-input":{"@type":"PropertyValueSpecification","valueRequired":true,"valueName":"search_term_string"}}],"inLanguage":"fr-FR"},{"@type":"Person","@id":"https:\/\/www.africa-press.net\/guinee-conakry\/#\/schema\/person\/2b1cf3cd81a31e3cd26889ca66d677f1","name":"cfeditorfr"}]}},"_links":{"self":[{"href":"https:\/\/www.africa-press.net\/guinee-conakry\/wp-json\/wp\/v2\/posts\/11184","targetHints":{"allow":["GET"]}}],"collection":[{"href":"https:\/\/www.africa-press.net\/guinee-conakry\/wp-json\/wp\/v2\/posts"}],"about":[{"href":"https:\/\/www.africa-press.net\/guinee-conakry\/wp-json\/wp\/v2\/types\/post"}],"author":[{"embeddable":true,"href":"https:\/\/www.africa-press.net\/guinee-conakry\/wp-json\/wp\/v2\/users\/82"}],"replies":[{"embeddable":true,"href":"https:\/\/www.africa-press.net\/guinee-conakry\/wp-json\/wp\/v2\/comments?post=11184"}],"version-history":[{"count":0,"href":"https:\/\/www.africa-press.net\/guinee-conakry\/wp-json\/wp\/v2\/posts\/11184\/revisions"}],"wp:featuredmedia":[{"embeddable":true,"href":"https:\/\/www.africa-press.net\/guinee-conakry\/wp-json\/wp\/v2\/media\/11183"}],"wp:attachment":[{"href":"https:\/\/www.africa-press.net\/guinee-conakry\/wp-json\/wp\/v2\/media?parent=11184"}],"wp:term":[{"taxonomy":"category","embeddable":true,"href":"https:\/\/www.africa-press.net\/guinee-conakry\/wp-json\/wp\/v2\/categories?post=11184"},{"taxonomy":"post_tag","embeddable":true,"href":"https:\/\/www.africa-press.net\/guinee-conakry\/wp-json\/wp\/v2\/tags?post=11184"}],"curies":[{"name":"wp","href":"https:\/\/api.w.org\/{rel}","templated":true}]}}