{"id":11186,"date":"2023-01-03T21:17:00","date_gmt":"2023-01-03T21:17:00","guid":{"rendered":"https:\/\/www.africa-press.net\/guinee-conakry\/politique\/exclusif-affaire-28-septembre-linculpation-du-col-bienvenu-lamah-annulee-avocat"},"modified":"2023-01-03T21:17:00","modified_gmt":"2023-01-03T21:17:00","slug":"exclusif-affaire-28-septembre-linculpation-du-col-bienvenu-lamah-annulee-avocat","status":"publish","type":"post","link":"https:\/\/www.africa-press.net\/guinee-conakry\/politique\/exclusif-affaire-28-septembre-linculpation-du-col-bienvenu-lamah-annulee-avocat","title":{"rendered":"Exclusif\/ affaire 28 septembre : l\u2019inculpation du col Bienvenu Lamah annul\u00e9e (avocat)"},"content":{"rendered":"<p><span style=\"color: #ff6600\"><strong>Africa-Press &#8211; Guin\u00e9e. <\/strong><\/span>La premie\u0300re chambre de contro\u0302le de l\u2019instruction de la Cour d\u2019Appel de Conakry vient d\u2019annuler purement et simplement l\u2019inculpation du Colonel Bienvenu Lamah avant d\u2019ordonner sa mise en liberte\u0301 imme\u0301diate ce mardi 3 janvier 2023.<\/p>\n<p>En effet, c\u2019est son avocat, Me Ze\u0301ze\u0301 Kalivogui qui a annonce\u0301 la nouvelle  au sortir de la salle d\u2019audience.<\/p>\n<p>\u00ab Je manque de mots. C\u2019est avec un c\u0153ur tre\u0300s soulage\u0301 que je prends la parole au sortir de la salle d\u2019audience. La Cour d\u2019Appel a purement et simplement annule\u0301 l\u2019inculpation du Colonel Bienvenu Lamah avant d\u2019ordonner sa mise en liberte\u0301 imme\u0301diate s\u2019il n\u2019est retenu pour autre cause \u00bb , a-t-il de\u0301clare\u0301 l\u2019air e\u0301mu.<\/p>\n<p>Poursuivant, Me Ze\u0301ze\u0301 Kalivogui a pre\u0301cise\u0301 qu\u2019il s\u2019agit d\u2019un triomphe du droit. \u00ab Je suis e\u0301mu. On peut conside\u0301rer qu\u2019il y a des magistrats en Guine\u0301e qui ne peuvent pas cautionner l\u2019injustice. Il y a des magistrats qui ont comme cheval de bataille la loi et force doit rester a\u0300 la loi. C\u2019est la conse\u0301cration du droit qui vient d\u2019e\u0302tre faite \u00bb.<\/p>\n<p>Dans la logique, Me Ze\u0301ze\u0301 Kalivogui a rappele\u0301 que son client, le Colonel Bienvenu Lamah n\u2019est que victime d\u2019une injustice depuis le de\u0301but de cette affaire. \u00ab Dieu n\u2019aime pas l\u2019injustice, tout ce qu\u2019il fait est bon et c\u2019est lui qui sait pourquoi le Colonel Bienvenu Lamah est alle\u0301 en prison \u00bb, a-t-il affirme\u0301.<\/p>\n<p>Re\u0301cemment, certains me\u0301dias et les re\u0301seaux ont fait e\u0301cho d\u2019une e\u0301ventuelle confrontation entre le Colonel Bienvenu Lamah et le Commandant Aboubacar Sidiki Diakite\u0301 dit \u2018\u2019Toumba\u2019\u2019 a\u0300 la Maison centrale de Conakry.<\/p>\n<p>Sur cette question, Me Ze\u0301ze\u0301 Kalivogui se dit surpris avant de s\u2019inscrire en faux. \u00ab Ceux qui disent qu\u2019il y a eu une confrontation entre le Colonel Bienvenu Lamah et le Commandant Aboubacar Sidiki Diakite\u0301 dit Toumba a\u0300 la Maison centrale, voici une re\u0301ponse e\u0301loquente. J\u2019e\u0301tais surpris de voir cette information dans certains me\u0301dias. Il n\u2019a jamais e\u0301te\u0301 question d\u2019une confrontation, c\u2019e\u0301tait une intoxication \u00bb, a-t-il condamne\u0301.<\/p>\n<p>Pour terminer, Me Ze\u0301ze\u0301 Kalivogui a pre\u0301cise\u0301 que ce n\u2019est pas un pool de juges d\u2019instruction qui ge\u0300re le dossier, il s\u2019agit pluto\u0302t du doyen des juges d\u2019instruction du Tribunal de Premie\u0300re Instance (TPI) de Dixinn.<\/p>\n<p><strong>Pour plus d&rsquo;informations et d&rsquo;analyses sur la <a href=\"https:\/\/www.africa-press.net\/guinee-conakry\">Guin\u00e9e<\/a>, suivez <a href=\"https:\/\/www.africa-press.net\/\">Africa-Press<\/a><\/strong><\/p>\n","protected":false},"excerpt":{"rendered":"<p>Africa-Press &#8211; Guin\u00e9e. La premie\u0300re chambre de contro\u0302le de l\u2019instruction de la Cour d\u2019Appel de Conakry vient d\u2019annuler purement et simplement l\u2019inculpation du Colonel Bienvenu Lamah avant d\u2019ordonner sa mise en liberte\u0301 imme\u0301diate ce mardi 3 janvier 2023. En effet, c\u2019est son avocat, Me Ze\u0301ze\u0301 Kalivogui qui a annonce\u0301 la nouvelle au sortir de la [&hellip;]<\/p>\n","protected":false},"author":82,"featured_media":11185,"comment_status":"open","ping_status":"closed","sticky":false,"template":"","format":"standard","meta":{"footnotes":""},"categories":[2,10],"tags":[36,57,58],"class_list":["post-11186","post","type-post","status-publish","format-standard","has-post-thumbnail","hentry","category-politique","category-toutes-les-actualites","tag-africa-press","tag-africa-press-guinee","tag-guinee"],"yoast_head":"<!-- This site is optimized with the Yoast SEO Premium plugin v26.1 (Yoast SEO v27.0) - https:\/\/yoast.com\/product\/yoast-seo-premium-wordpress\/ -->\n<title>Exclusif\/ affaire 28 septembre : l\u2019inculpation du col Bienvenu Lamah annul\u00e9e (avocat) - guinee Conakry<\/title>\n<meta name=\"robots\" content=\"index, follow, max-snippet:-1, max-image-preview:large, max-video-preview:-1\" \/>\n<link rel=\"canonical\" href=\"https:\/\/www.africa-press.net\/guinee-conakry\/politique\/exclusif-affaire-28-septembre-linculpation-du-col-bienvenu-lamah-annulee-avocat\" \/>\n<meta property=\"og:locale\" content=\"fr_FR\" \/>\n<meta property=\"og:type\" content=\"article\" \/>\n<meta property=\"og:title\" content=\"Exclusif\/ affaire 28 septembre : l\u2019inculpation du col Bienvenu Lamah annul\u00e9e (avocat)\" \/>\n<meta property=\"og:description\" content=\"Africa-Press &#8211; Guin\u00e9e. La premie\u0300re chambre de contro\u0302le de l\u2019instruction de la Cour d\u2019Appel de Conakry vient d\u2019annuler purement et simplement l\u2019inculpation du Colonel Bienvenu Lamah avant d\u2019ordonner sa mise en liberte\u0301 imme\u0301diate ce mardi 3 janvier 2023. En effet, c\u2019est son avocat, Me Ze\u0301ze\u0301 Kalivogui qui a annonce\u0301 la nouvelle au sortir de la [&hellip;]\" \/>\n<meta property=\"og:url\" content=\"https:\/\/www.africa-press.net\/guinee-conakry\/politique\/exclusif-affaire-28-septembre-linculpation-du-col-bienvenu-lamah-annulee-avocat\" \/>\n<meta property=\"og:site_name\" content=\"guinee Conakry\" \/>\n<meta property=\"article:published_time\" content=\"2023-01-03T21:17:00+00:00\" \/>\n<meta name=\"author\" content=\"cfeditorfr\" \/>\n<meta name=\"twitter:card\" content=\"summary_large_image\" \/>\n<meta name=\"twitter:label1\" content=\"\u00c9crit par\" \/>\n\t<meta name=\"twitter:data1\" content=\"cfeditorfr\" \/>\n\t<meta name=\"twitter:label2\" content=\"Dur\u00e9e de lecture estim\u00e9e\" \/>\n\t<meta name=\"twitter:data2\" content=\"2 minutes\" \/>\n<script type=\"application\/ld+json\" class=\"yoast-schema-graph\">{\"@context\":\"https:\/\/schema.org\",\"@graph\":[{\"@type\":\"Article\",\"@id\":\"https:\/\/www.africa-press.net\/guinee-conakry\/politique\/exclusif-affaire-28-septembre-linculpation-du-col-bienvenu-lamah-annulee-avocat#article\",\"isPartOf\":{\"@id\":\"https:\/\/www.africa-press.net\/guinee-conakry\/politique\/exclusif-affaire-28-septembre-linculpation-du-col-bienvenu-lamah-annulee-avocat\"},\"author\":{\"name\":\"cfeditorfr\",\"@id\":\"https:\/\/www.africa-press.net\/guinee-conakry\/#\/schema\/person\/2b1cf3cd81a31e3cd26889ca66d677f1\"},\"headline\":\"Exclusif\/ affaire 28 septembre : l\u2019inculpation du col Bienvenu Lamah annul\u00e9e (avocat)\",\"datePublished\":\"2023-01-03T21:17:00+00:00\",\"mainEntityOfPage\":{\"@id\":\"https:\/\/www.africa-press.net\/guinee-conakry\/politique\/exclusif-affaire-28-septembre-linculpation-du-col-bienvenu-lamah-annulee-avocat\"},\"wordCount\":450,\"commentCount\":0,\"image\":{\"@id\":\"https:\/\/www.africa-press.net\/guinee-conakry\/politique\/exclusif-affaire-28-septembre-linculpation-du-col-bienvenu-lamah-annulee-avocat#primaryimage\"},\"thumbnailUrl\":\"https:\/\/static.africa-press.net\/conakry\/sites\/63\/2023\/01\/Jokar1672768032.110065.jpg\",\"keywords\":[\"Africa Press\",\"Africa Press-Guin\u00e9e\",\"Guin\u00e9e\"],\"articleSection\":[\"Politique\",\"Toutes les actualit\u00e9s\"],\"inLanguage\":\"fr-FR\",\"potentialAction\":[{\"@type\":\"CommentAction\",\"name\":\"Comment\",\"target\":[\"https:\/\/www.africa-press.net\/guinee-conakry\/politique\/exclusif-affaire-28-septembre-linculpation-du-col-bienvenu-lamah-annulee-avocat#respond\"]}]},{\"@type\":\"WebPage\",\"@id\":\"https:\/\/www.africa-press.net\/guinee-conakry\/politique\/exclusif-affaire-28-septembre-linculpation-du-col-bienvenu-lamah-annulee-avocat\",\"url\":\"https:\/\/www.africa-press.net\/guinee-conakry\/politique\/exclusif-affaire-28-septembre-linculpation-du-col-bienvenu-lamah-annulee-avocat\",\"name\":\"Exclusif\/ affaire 28 septembre : l\u2019inculpation du col Bienvenu Lamah annul\u00e9e (avocat) - guinee Conakry\",\"isPartOf\":{\"@id\":\"https:\/\/www.africa-press.net\/guinee-conakry\/#website\"},\"primaryImageOfPage\":{\"@id\":\"https:\/\/www.africa-press.net\/guinee-conakry\/politique\/exclusif-affaire-28-septembre-linculpation-du-col-bienvenu-lamah-annulee-avocat#primaryimage\"},\"image\":{\"@id\":\"https:\/\/www.africa-press.net\/guinee-conakry\/politique\/exclusif-affaire-28-septembre-linculpation-du-col-bienvenu-lamah-annulee-avocat#primaryimage\"},\"thumbnailUrl\":\"https:\/\/static.africa-press.net\/conakry\/sites\/63\/2023\/01\/Jokar1672768032.110065.jpg\",\"datePublished\":\"2023-01-03T21:17:00+00:00\",\"author\":{\"@id\":\"https:\/\/www.africa-press.net\/guinee-conakry\/#\/schema\/person\/2b1cf3cd81a31e3cd26889ca66d677f1\"},\"breadcrumb\":{\"@id\":\"https:\/\/www.africa-press.net\/guinee-conakry\/politique\/exclusif-affaire-28-septembre-linculpation-du-col-bienvenu-lamah-annulee-avocat#breadcrumb\"},\"inLanguage\":\"fr-FR\",\"potentialAction\":[{\"@type\":\"ReadAction\",\"target\":[\"https:\/\/www.africa-press.net\/guinee-conakry\/politique\/exclusif-affaire-28-septembre-linculpation-du-col-bienvenu-lamah-annulee-avocat\"]}]},{\"@type\":\"ImageObject\",\"inLanguage\":\"fr-FR\",\"@id\":\"https:\/\/www.africa-press.net\/guinee-conakry\/politique\/exclusif-affaire-28-septembre-linculpation-du-col-bienvenu-lamah-annulee-avocat#primaryimage\",\"url\":\"https:\/\/static.africa-press.net\/conakry\/sites\/63\/2023\/01\/Jokar1672768032.110065.jpg\",\"contentUrl\":\"https:\/\/static.africa-press.net\/conakry\/sites\/63\/2023\/01\/Jokar1672768032.110065.jpg\",\"width\":708,\"height\":514,\"caption\":\"Exclusif\/ affaire 28 septembre : l\u2019inculpation du col Bienvenu Lamah annul\u00e9e (avocat)\"},{\"@type\":\"BreadcrumbList\",\"@id\":\"https:\/\/www.africa-press.net\/guinee-conakry\/politique\/exclusif-affaire-28-septembre-linculpation-du-col-bienvenu-lamah-annulee-avocat#breadcrumb\",\"itemListElement\":[{\"@type\":\"ListItem\",\"position\":1,\"name\":\"Accueil\",\"item\":\"https:\/\/www.africa-press.net\/guinee-conakry\/\"},{\"@type\":\"ListItem\",\"position\":2,\"name\":\"Exclusif\/ affaire 28 septembre : l\u2019inculpation du col Bienvenu Lamah annul\u00e9e (avocat)\"}]},{\"@type\":\"WebSite\",\"@id\":\"https:\/\/www.africa-press.net\/guinee-conakry\/#website\",\"url\":\"https:\/\/www.africa-press.net\/guinee-conakry\/\",\"name\":\"guinee Conakry\",\"description\":\"Just another Africa News Agency Sites site\",\"potentialAction\":[{\"@type\":\"SearchAction\",\"target\":{\"@type\":\"EntryPoint\",\"urlTemplate\":\"https:\/\/www.africa-press.net\/guinee-conakry\/?s={search_term_string}\"},\"query-input\":{\"@type\":\"PropertyValueSpecification\",\"valueRequired\":true,\"valueName\":\"search_term_string\"}}],\"inLanguage\":\"fr-FR\"},{\"@type\":\"Person\",\"@id\":\"https:\/\/www.africa-press.net\/guinee-conakry\/#\/schema\/person\/2b1cf3cd81a31e3cd26889ca66d677f1\",\"name\":\"cfeditorfr\"}]}<\/script>\n<!-- \/ Yoast SEO Premium plugin. -->","yoast_head_json":{"title":"Exclusif\/ affaire 28 septembre : l\u2019inculpation du col Bienvenu Lamah annul\u00e9e (avocat) - guinee Conakry","robots":{"index":"index","follow":"follow","max-snippet":"max-snippet:-1","max-image-preview":"max-image-preview:large","max-video-preview":"max-video-preview:-1"},"canonical":"https:\/\/www.africa-press.net\/guinee-conakry\/politique\/exclusif-affaire-28-septembre-linculpation-du-col-bienvenu-lamah-annulee-avocat","og_locale":"fr_FR","og_type":"article","og_title":"Exclusif\/ affaire 28 septembre : l\u2019inculpation du col Bienvenu Lamah annul\u00e9e (avocat)","og_description":"Africa-Press &#8211; Guin\u00e9e. La premie\u0300re chambre de contro\u0302le de l\u2019instruction de la Cour d\u2019Appel de Conakry vient d\u2019annuler purement et simplement l\u2019inculpation du Colonel Bienvenu Lamah avant d\u2019ordonner sa mise en liberte\u0301 imme\u0301diate ce mardi 3 janvier 2023. En effet, c\u2019est son avocat, Me Ze\u0301ze\u0301 Kalivogui qui a annonce\u0301 la nouvelle au sortir de la [&hellip;]","og_url":"https:\/\/www.africa-press.net\/guinee-conakry\/politique\/exclusif-affaire-28-septembre-linculpation-du-col-bienvenu-lamah-annulee-avocat","og_site_name":"guinee Conakry","article_published_time":"2023-01-03T21:17:00+00:00","author":"cfeditorfr","twitter_card":"summary_large_image","twitter_misc":{"\u00c9crit par":"cfeditorfr","Dur\u00e9e de lecture estim\u00e9e":"2 minutes"},"schema":{"@context":"https:\/\/schema.org","@graph":[{"@type":"Article","@id":"https:\/\/www.africa-press.net\/guinee-conakry\/politique\/exclusif-affaire-28-septembre-linculpation-du-col-bienvenu-lamah-annulee-avocat#article","isPartOf":{"@id":"https:\/\/www.africa-press.net\/guinee-conakry\/politique\/exclusif-affaire-28-septembre-linculpation-du-col-bienvenu-lamah-annulee-avocat"},"author":{"name":"cfeditorfr","@id":"https:\/\/www.africa-press.net\/guinee-conakry\/#\/schema\/person\/2b1cf3cd81a31e3cd26889ca66d677f1"},"headline":"Exclusif\/ affaire 28 septembre : l\u2019inculpation du col Bienvenu Lamah annul\u00e9e (avocat)","datePublished":"2023-01-03T21:17:00+00:00","mainEntityOfPage":{"@id":"https:\/\/www.africa-press.net\/guinee-conakry\/politique\/exclusif-affaire-28-septembre-linculpation-du-col-bienvenu-lamah-annulee-avocat"},"wordCount":450,"commentCount":0,"image":{"@id":"https:\/\/www.africa-press.net\/guinee-conakry\/politique\/exclusif-affaire-28-septembre-linculpation-du-col-bienvenu-lamah-annulee-avocat#primaryimage"},"thumbnailUrl":"https:\/\/static.africa-press.net\/conakry\/sites\/63\/2023\/01\/Jokar1672768032.110065.jpg","keywords":["Africa Press","Africa Press-Guin\u00e9e","Guin\u00e9e"],"articleSection":["Politique","Toutes les actualit\u00e9s"],"inLanguage":"fr-FR","potentialAction":[{"@type":"CommentAction","name":"Comment","target":["https:\/\/www.africa-press.net\/guinee-conakry\/politique\/exclusif-affaire-28-septembre-linculpation-du-col-bienvenu-lamah-annulee-avocat#respond"]}]},{"@type":"WebPage","@id":"https:\/\/www.africa-press.net\/guinee-conakry\/politique\/exclusif-affaire-28-septembre-linculpation-du-col-bienvenu-lamah-annulee-avocat","url":"https:\/\/www.africa-press.net\/guinee-conakry\/politique\/exclusif-affaire-28-septembre-linculpation-du-col-bienvenu-lamah-annulee-avocat","name":"Exclusif\/ affaire 28 septembre : l\u2019inculpation du col Bienvenu Lamah annul\u00e9e (avocat) - guinee Conakry","isPartOf":{"@id":"https:\/\/www.africa-press.net\/guinee-conakry\/#website"},"primaryImageOfPage":{"@id":"https:\/\/www.africa-press.net\/guinee-conakry\/politique\/exclusif-affaire-28-septembre-linculpation-du-col-bienvenu-lamah-annulee-avocat#primaryimage"},"image":{"@id":"https:\/\/www.africa-press.net\/guinee-conakry\/politique\/exclusif-affaire-28-septembre-linculpation-du-col-bienvenu-lamah-annulee-avocat#primaryimage"},"thumbnailUrl":"https:\/\/static.africa-press.net\/conakry\/sites\/63\/2023\/01\/Jokar1672768032.110065.jpg","datePublished":"2023-01-03T21:17:00+00:00","author":{"@id":"https:\/\/www.africa-press.net\/guinee-conakry\/#\/schema\/person\/2b1cf3cd81a31e3cd26889ca66d677f1"},"breadcrumb":{"@id":"https:\/\/www.africa-press.net\/guinee-conakry\/politique\/exclusif-affaire-28-septembre-linculpation-du-col-bienvenu-lamah-annulee-avocat#breadcrumb"},"inLanguage":"fr-FR","potentialAction":[{"@type":"ReadAction","target":["https:\/\/www.africa-press.net\/guinee-conakry\/politique\/exclusif-affaire-28-septembre-linculpation-du-col-bienvenu-lamah-annulee-avocat"]}]},{"@type":"ImageObject","inLanguage":"fr-FR","@id":"https:\/\/www.africa-press.net\/guinee-conakry\/politique\/exclusif-affaire-28-septembre-linculpation-du-col-bienvenu-lamah-annulee-avocat#primaryimage","url":"https:\/\/static.africa-press.net\/conakry\/sites\/63\/2023\/01\/Jokar1672768032.110065.jpg","contentUrl":"https:\/\/static.africa-press.net\/conakry\/sites\/63\/2023\/01\/Jokar1672768032.110065.jpg","width":708,"height":514,"caption":"Exclusif\/ affaire 28 septembre : l\u2019inculpation du col Bienvenu Lamah annul\u00e9e (avocat)"},{"@type":"BreadcrumbList","@id":"https:\/\/www.africa-press.net\/guinee-conakry\/politique\/exclusif-affaire-28-septembre-linculpation-du-col-bienvenu-lamah-annulee-avocat#breadcrumb","itemListElement":[{"@type":"ListItem","position":1,"name":"Accueil","item":"https:\/\/www.africa-press.net\/guinee-conakry\/"},{"@type":"ListItem","position":2,"name":"Exclusif\/ affaire 28 septembre : l\u2019inculpation du col Bienvenu Lamah annul\u00e9e (avocat)"}]},{"@type":"WebSite","@id":"https:\/\/www.africa-press.net\/guinee-conakry\/#website","url":"https:\/\/www.africa-press.net\/guinee-conakry\/","name":"guinee Conakry","description":"Just another Africa News Agency Sites site","potentialAction":[{"@type":"SearchAction","target":{"@type":"EntryPoint","urlTemplate":"https:\/\/www.africa-press.net\/guinee-conakry\/?s={search_term_string}"},"query-input":{"@type":"PropertyValueSpecification","valueRequired":true,"valueName":"search_term_string"}}],"inLanguage":"fr-FR"},{"@type":"Person","@id":"https:\/\/www.africa-press.net\/guinee-conakry\/#\/schema\/person\/2b1cf3cd81a31e3cd26889ca66d677f1","name":"cfeditorfr"}]}},"_links":{"self":[{"href":"https:\/\/www.africa-press.net\/guinee-conakry\/wp-json\/wp\/v2\/posts\/11186","targetHints":{"allow":["GET"]}}],"collection":[{"href":"https:\/\/www.africa-press.net\/guinee-conakry\/wp-json\/wp\/v2\/posts"}],"about":[{"href":"https:\/\/www.africa-press.net\/guinee-conakry\/wp-json\/wp\/v2\/types\/post"}],"author":[{"embeddable":true,"href":"https:\/\/www.africa-press.net\/guinee-conakry\/wp-json\/wp\/v2\/users\/82"}],"replies":[{"embeddable":true,"href":"https:\/\/www.africa-press.net\/guinee-conakry\/wp-json\/wp\/v2\/comments?post=11186"}],"version-history":[{"count":0,"href":"https:\/\/www.africa-press.net\/guinee-conakry\/wp-json\/wp\/v2\/posts\/11186\/revisions"}],"wp:featuredmedia":[{"embeddable":true,"href":"https:\/\/www.africa-press.net\/guinee-conakry\/wp-json\/wp\/v2\/media\/11185"}],"wp:attachment":[{"href":"https:\/\/www.africa-press.net\/guinee-conakry\/wp-json\/wp\/v2\/media?parent=11186"}],"wp:term":[{"taxonomy":"category","embeddable":true,"href":"https:\/\/www.africa-press.net\/guinee-conakry\/wp-json\/wp\/v2\/categories?post=11186"},{"taxonomy":"post_tag","embeddable":true,"href":"https:\/\/www.africa-press.net\/guinee-conakry\/wp-json\/wp\/v2\/tags?post=11186"}],"curies":[{"name":"wp","href":"https:\/\/api.w.org\/{rel}","templated":true}]}}