{"id":11192,"date":"2023-01-05T17:49:00","date_gmt":"2023-01-05T17:49:00","guid":{"rendered":"https:\/\/www.africa-press.net\/guinee-conakry\/politique\/ahmed-kourouma-recoit-les-hommages-des-siens-avant-son-dernier-voyage-pour-paris"},"modified":"2023-01-05T17:49:00","modified_gmt":"2023-01-05T17:49:00","slug":"ahmed-kourouma-recoit-les-hommages-des-siens-avant-son-dernier-voyage-pour-paris","status":"publish","type":"post","link":"https:\/\/www.africa-press.net\/guinee-conakry\/culture-et-art\/ahmed-kourouma-recoit-les-hommages-des-siens-avant-son-dernier-voyage-pour-paris","title":{"rendered":"Ahmed Kourouma re\u00e7oit les hommages des siens avant son dernier voyage pour Paris"},"content":{"rendered":"<p><span style=\"color: #ff6600\"><strong>Africa-Press &#8211; Guin\u00e9e. <\/strong><\/span>Ce jeudi 5 janvier 2023, le monde de la presse guine\u0301enne a rendu un dernier hommage au journaliste du groupe Hadafo me\u0301dia, Ahmed Kourouma. La ce\u0301re\u0301monie s\u2019est de\u0301roule\u0301e a\u0300 Conakry en pre\u0301sence des membres du gouvernement, du CNT, des leaders politiques et professionnels des me\u0301dias du pays. Les te\u0301moignages particulie\u0300rement emprunts de fortes e\u0301motions sur la personnalite\u0301 de l\u2019illustre disparu ont marque\u0301 ces moments.<\/p>\n<p>\u00ab Nous ne perdons pas que seulement un confre\u0300re qui, de par son inde\u0301pendance d\u2019esprit, sa vitalite\u0301 et sa grande culture rajoutait a\u0300 la lumie\u0300re qui faisait rayonner le groupe Hadafo Me\u0301dias. Que jamais le temps ne re\u0301ussira ni a\u0300 diminuer, ni a\u0300 effacer. Cher Ahmed, nous sommes-la\u0300 pour te rendre un dernier hommage. C\u2019est donc avec beaucoup de tristesse et de compassion que le groupe Hadafo me\u0301dia et son fondateur pre\u0301sentent leurs since\u0300res condole\u0301ances a\u0300 la famille de Ahmed Kourouma et au peuple de Guine\u0301e \u00bb, a te\u0301moigne\u0301 le Directeur d\u2019Hadafo, Kabinet Conde\u0301.<\/p>\n<p>Pour le repre\u0301sentant de sa famille politique, il a toujours de\u0301fendu la bonne cause. \u00ab Pour le parti GRUP ( Ge\u0301ne\u0301ration pour Re\u0301conciliation, l\u2019Union et la Prospe\u0301rite\u0301) que dirige Papa Koly Kourouma, et au nom de tous les autres compagnons se joignent a\u0300 moi pour dire : A biento\u0302t ! Ahmed Kourouma, tu es venu, tu as fait ton travail et je pense que tu l\u2019as bien fait. Parce que tu l\u2019as fait avec conviction, sans de\u0301magogie. Tu l\u2019as fait avec attachement, avec beaucoup de jovialite\u0301 et tu as aime\u0301 Hadafo. Que Dieu te rec\u0327oive dans son Paradis ! Amine \u00bb a, a te\u0301moigne\u0301 le Secre\u0301taire ge\u0301ne\u0301ral du parti GRUP.<\/p>\n<p>La famille biologique du de\u0301funt a aussi exprime\u0301 sa gratitude pour les services qu\u2019il a rendus. \u00ab Avec la main sur le c\u0153ur, tu te plais a\u0300 e\u0302tre le confident de tous, politicien ou tout autre citoyen. Tes messages sur les re\u0301seaux e\u0301taient tre\u0300s appre\u0301cie\u0301s par des Guine\u0301ens, en Me\u0301tropole ainsi qu\u2019a\u0300 l\u2019e\u0301tranger. La grande famille de Kissidougou, Conakry, les parents du Se\u0301ne\u0301gal, de la Co\u0302te d\u2019Ivoire et de la France, remercient infiniment les amis du de\u0301funt, les me\u0301dias nationaux et tous ceux qui, de pre\u0300s ou de loin, nous ont apporte\u0301 leur soutien pendant ces moments difficiles \u00bb, a te\u0301moigne\u0301 Hawa Keita, porte-parole de la grande famille de feu Ahmed Kourouma.<\/p>\n<p>Pour sa part, la ministre de l\u2019Information et de la Communication a pris la parole pour saluer la me\u0301moire de ce journaliste, pour son franc-parler.<\/p>\n<p>De\u0301ce\u0301de\u0301 le 2 janvier 2023 a\u0300 la clinique Ambroise Pare\u0301 a\u0300 Conakry, la de\u0301pouille d\u2019Ahmed Kourouma sera rapatrie\u0301e en France pour l\u2019inhumation, nous apprend une source proche de la famille.<\/p>\n<p><strong>Pour plus d&rsquo;informations et d&rsquo;analyses sur la <a href=\"https:\/\/www.africa-press.net\/guinee-conakry\">Guin\u00e9e<\/a>, suivez <a href=\"https:\/\/www.africa-press.net\/\">Africa-Press<\/a><\/strong><\/p>\n","protected":false},"excerpt":{"rendered":"<p>Africa-Press &#8211; Guin\u00e9e. Ce jeudi 5 janvier 2023, le monde de la presse guine\u0301enne a rendu un dernier hommage au journaliste du groupe Hadafo me\u0301dia, Ahmed Kourouma. La ce\u0301re\u0301monie s\u2019est de\u0301roule\u0301e a\u0300 Conakry en pre\u0301sence des membres du gouvernement, du CNT, des leaders politiques et professionnels des me\u0301dias du pays. Les te\u0301moignages particulie\u0300rement emprunts de [&hellip;]<\/p>\n","protected":false},"author":82,"featured_media":11191,"comment_status":"open","ping_status":"closed","sticky":false,"template":"","format":"standard","meta":{"footnotes":""},"categories":[21,5,10],"tags":[36,57,58],"class_list":["post-11192","post","type-post","status-publish","format-standard","has-post-thumbnail","hentry","category-communaute","category-culture-et-art","category-toutes-les-actualites","tag-africa-press","tag-africa-press-guinee","tag-guinee"],"yoast_head":"<!-- This site is optimized with the Yoast SEO Premium plugin v26.1 (Yoast SEO v27.0) - https:\/\/yoast.com\/product\/yoast-seo-premium-wordpress\/ -->\n<title>Ahmed Kourouma re\u00e7oit les hommages des siens avant son dernier voyage pour Paris - guinee Conakry<\/title>\n<meta name=\"robots\" content=\"index, follow, max-snippet:-1, max-image-preview:large, max-video-preview:-1\" \/>\n<link rel=\"canonical\" href=\"https:\/\/www.africa-press.net\/guinee-conakry\/politique\/ahmed-kourouma-recoit-les-hommages-des-siens-avant-son-dernier-voyage-pour-paris\" \/>\n<meta property=\"og:locale\" content=\"fr_FR\" \/>\n<meta property=\"og:type\" content=\"article\" \/>\n<meta property=\"og:title\" content=\"Ahmed Kourouma re\u00e7oit les hommages des siens avant son dernier voyage pour Paris\" \/>\n<meta property=\"og:description\" content=\"Africa-Press &#8211; Guin\u00e9e. Ce jeudi 5 janvier 2023, le monde de la presse guine\u0301enne a rendu un dernier hommage au journaliste du groupe Hadafo me\u0301dia, Ahmed Kourouma. La ce\u0301re\u0301monie s\u2019est de\u0301roule\u0301e a\u0300 Conakry en pre\u0301sence des membres du gouvernement, du CNT, des leaders politiques et professionnels des me\u0301dias du pays. Les te\u0301moignages particulie\u0300rement emprunts de [&hellip;]\" \/>\n<meta property=\"og:url\" content=\"https:\/\/www.africa-press.net\/guinee-conakry\/politique\/ahmed-kourouma-recoit-les-hommages-des-siens-avant-son-dernier-voyage-pour-paris\" \/>\n<meta property=\"og:site_name\" content=\"guinee Conakry\" \/>\n<meta property=\"article:published_time\" content=\"2023-01-05T17:49:00+00:00\" \/>\n<meta name=\"author\" content=\"cfeditorfr\" \/>\n<meta name=\"twitter:card\" content=\"summary_large_image\" \/>\n<meta name=\"twitter:label1\" content=\"\u00c9crit par\" \/>\n\t<meta name=\"twitter:data1\" content=\"cfeditorfr\" \/>\n\t<meta name=\"twitter:label2\" content=\"Dur\u00e9e de lecture estim\u00e9e\" \/>\n\t<meta name=\"twitter:data2\" content=\"3 minutes\" \/>\n<script type=\"application\/ld+json\" class=\"yoast-schema-graph\">{\"@context\":\"https:\/\/schema.org\",\"@graph\":[{\"@type\":\"Article\",\"@id\":\"https:\/\/www.africa-press.net\/guinee-conakry\/politique\/ahmed-kourouma-recoit-les-hommages-des-siens-avant-son-dernier-voyage-pour-paris#article\",\"isPartOf\":{\"@id\":\"https:\/\/www.africa-press.net\/guinee-conakry\/politique\/ahmed-kourouma-recoit-les-hommages-des-siens-avant-son-dernier-voyage-pour-paris\"},\"author\":{\"name\":\"cfeditorfr\",\"@id\":\"https:\/\/www.africa-press.net\/guinee-conakry\/#\/schema\/person\/2b1cf3cd81a31e3cd26889ca66d677f1\"},\"headline\":\"Ahmed Kourouma re\u00e7oit les hommages des siens avant son dernier voyage pour Paris\",\"datePublished\":\"2023-01-05T17:49:00+00:00\",\"mainEntityOfPage\":{\"@id\":\"https:\/\/www.africa-press.net\/guinee-conakry\/politique\/ahmed-kourouma-recoit-les-hommages-des-siens-avant-son-dernier-voyage-pour-paris\"},\"wordCount\":526,\"commentCount\":0,\"image\":{\"@id\":\"https:\/\/www.africa-press.net\/guinee-conakry\/politique\/ahmed-kourouma-recoit-les-hommages-des-siens-avant-son-dernier-voyage-pour-paris#primaryimage\"},\"thumbnailUrl\":\"https:\/\/static.africa-press.net\/conakry\/sites\/63\/2023\/01\/Jokar1672928377.398125.jpg\",\"keywords\":[\"Africa Press\",\"Africa Press-Guin\u00e9e\",\"Guin\u00e9e\"],\"articleSection\":[\"Communaut\u00e9\",\"Culture et Art\",\"Toutes les actualit\u00e9s\"],\"inLanguage\":\"fr-FR\",\"potentialAction\":[{\"@type\":\"CommentAction\",\"name\":\"Comment\",\"target\":[\"https:\/\/www.africa-press.net\/guinee-conakry\/politique\/ahmed-kourouma-recoit-les-hommages-des-siens-avant-son-dernier-voyage-pour-paris#respond\"]}]},{\"@type\":\"WebPage\",\"@id\":\"https:\/\/www.africa-press.net\/guinee-conakry\/politique\/ahmed-kourouma-recoit-les-hommages-des-siens-avant-son-dernier-voyage-pour-paris\",\"url\":\"https:\/\/www.africa-press.net\/guinee-conakry\/politique\/ahmed-kourouma-recoit-les-hommages-des-siens-avant-son-dernier-voyage-pour-paris\",\"name\":\"Ahmed Kourouma re\u00e7oit les hommages des siens avant son dernier voyage pour Paris - guinee Conakry\",\"isPartOf\":{\"@id\":\"https:\/\/www.africa-press.net\/guinee-conakry\/#website\"},\"primaryImageOfPage\":{\"@id\":\"https:\/\/www.africa-press.net\/guinee-conakry\/politique\/ahmed-kourouma-recoit-les-hommages-des-siens-avant-son-dernier-voyage-pour-paris#primaryimage\"},\"image\":{\"@id\":\"https:\/\/www.africa-press.net\/guinee-conakry\/politique\/ahmed-kourouma-recoit-les-hommages-des-siens-avant-son-dernier-voyage-pour-paris#primaryimage\"},\"thumbnailUrl\":\"https:\/\/static.africa-press.net\/conakry\/sites\/63\/2023\/01\/Jokar1672928377.398125.jpg\",\"datePublished\":\"2023-01-05T17:49:00+00:00\",\"author\":{\"@id\":\"https:\/\/www.africa-press.net\/guinee-conakry\/#\/schema\/person\/2b1cf3cd81a31e3cd26889ca66d677f1\"},\"breadcrumb\":{\"@id\":\"https:\/\/www.africa-press.net\/guinee-conakry\/politique\/ahmed-kourouma-recoit-les-hommages-des-siens-avant-son-dernier-voyage-pour-paris#breadcrumb\"},\"inLanguage\":\"fr-FR\",\"potentialAction\":[{\"@type\":\"ReadAction\",\"target\":[\"https:\/\/www.africa-press.net\/guinee-conakry\/politique\/ahmed-kourouma-recoit-les-hommages-des-siens-avant-son-dernier-voyage-pour-paris\"]}]},{\"@type\":\"ImageObject\",\"inLanguage\":\"fr-FR\",\"@id\":\"https:\/\/www.africa-press.net\/guinee-conakry\/politique\/ahmed-kourouma-recoit-les-hommages-des-siens-avant-son-dernier-voyage-pour-paris#primaryimage\",\"url\":\"https:\/\/static.africa-press.net\/conakry\/sites\/63\/2023\/01\/Jokar1672928377.398125.jpg\",\"contentUrl\":\"https:\/\/static.africa-press.net\/conakry\/sites\/63\/2023\/01\/Jokar1672928377.398125.jpg\",\"width\":960,\"height\":541,\"caption\":\"Ahmed Kourouma re\u00e7oit les hommages des siens avant son dernier voyage pour Paris\"},{\"@type\":\"BreadcrumbList\",\"@id\":\"https:\/\/www.africa-press.net\/guinee-conakry\/politique\/ahmed-kourouma-recoit-les-hommages-des-siens-avant-son-dernier-voyage-pour-paris#breadcrumb\",\"itemListElement\":[{\"@type\":\"ListItem\",\"position\":1,\"name\":\"Accueil\",\"item\":\"https:\/\/www.africa-press.net\/guinee-conakry\/\"},{\"@type\":\"ListItem\",\"position\":2,\"name\":\"Ahmed Kourouma re\u00e7oit les hommages des siens avant son dernier voyage pour Paris\"}]},{\"@type\":\"WebSite\",\"@id\":\"https:\/\/www.africa-press.net\/guinee-conakry\/#website\",\"url\":\"https:\/\/www.africa-press.net\/guinee-conakry\/\",\"name\":\"guinee Conakry\",\"description\":\"Just another Africa News Agency Sites site\",\"potentialAction\":[{\"@type\":\"SearchAction\",\"target\":{\"@type\":\"EntryPoint\",\"urlTemplate\":\"https:\/\/www.africa-press.net\/guinee-conakry\/?s={search_term_string}\"},\"query-input\":{\"@type\":\"PropertyValueSpecification\",\"valueRequired\":true,\"valueName\":\"search_term_string\"}}],\"inLanguage\":\"fr-FR\"},{\"@type\":\"Person\",\"@id\":\"https:\/\/www.africa-press.net\/guinee-conakry\/#\/schema\/person\/2b1cf3cd81a31e3cd26889ca66d677f1\",\"name\":\"cfeditorfr\"}]}<\/script>\n<!-- \/ Yoast SEO Premium plugin. -->","yoast_head_json":{"title":"Ahmed Kourouma re\u00e7oit les hommages des siens avant son dernier voyage pour Paris - guinee Conakry","robots":{"index":"index","follow":"follow","max-snippet":"max-snippet:-1","max-image-preview":"max-image-preview:large","max-video-preview":"max-video-preview:-1"},"canonical":"https:\/\/www.africa-press.net\/guinee-conakry\/politique\/ahmed-kourouma-recoit-les-hommages-des-siens-avant-son-dernier-voyage-pour-paris","og_locale":"fr_FR","og_type":"article","og_title":"Ahmed Kourouma re\u00e7oit les hommages des siens avant son dernier voyage pour Paris","og_description":"Africa-Press &#8211; Guin\u00e9e. Ce jeudi 5 janvier 2023, le monde de la presse guine\u0301enne a rendu un dernier hommage au journaliste du groupe Hadafo me\u0301dia, Ahmed Kourouma. La ce\u0301re\u0301monie s\u2019est de\u0301roule\u0301e a\u0300 Conakry en pre\u0301sence des membres du gouvernement, du CNT, des leaders politiques et professionnels des me\u0301dias du pays. Les te\u0301moignages particulie\u0300rement emprunts de [&hellip;]","og_url":"https:\/\/www.africa-press.net\/guinee-conakry\/politique\/ahmed-kourouma-recoit-les-hommages-des-siens-avant-son-dernier-voyage-pour-paris","og_site_name":"guinee Conakry","article_published_time":"2023-01-05T17:49:00+00:00","author":"cfeditorfr","twitter_card":"summary_large_image","twitter_misc":{"\u00c9crit par":"cfeditorfr","Dur\u00e9e de lecture estim\u00e9e":"3 minutes"},"schema":{"@context":"https:\/\/schema.org","@graph":[{"@type":"Article","@id":"https:\/\/www.africa-press.net\/guinee-conakry\/politique\/ahmed-kourouma-recoit-les-hommages-des-siens-avant-son-dernier-voyage-pour-paris#article","isPartOf":{"@id":"https:\/\/www.africa-press.net\/guinee-conakry\/politique\/ahmed-kourouma-recoit-les-hommages-des-siens-avant-son-dernier-voyage-pour-paris"},"author":{"name":"cfeditorfr","@id":"https:\/\/www.africa-press.net\/guinee-conakry\/#\/schema\/person\/2b1cf3cd81a31e3cd26889ca66d677f1"},"headline":"Ahmed Kourouma re\u00e7oit les hommages des siens avant son dernier voyage pour Paris","datePublished":"2023-01-05T17:49:00+00:00","mainEntityOfPage":{"@id":"https:\/\/www.africa-press.net\/guinee-conakry\/politique\/ahmed-kourouma-recoit-les-hommages-des-siens-avant-son-dernier-voyage-pour-paris"},"wordCount":526,"commentCount":0,"image":{"@id":"https:\/\/www.africa-press.net\/guinee-conakry\/politique\/ahmed-kourouma-recoit-les-hommages-des-siens-avant-son-dernier-voyage-pour-paris#primaryimage"},"thumbnailUrl":"https:\/\/static.africa-press.net\/conakry\/sites\/63\/2023\/01\/Jokar1672928377.398125.jpg","keywords":["Africa Press","Africa Press-Guin\u00e9e","Guin\u00e9e"],"articleSection":["Communaut\u00e9","Culture et Art","Toutes les actualit\u00e9s"],"inLanguage":"fr-FR","potentialAction":[{"@type":"CommentAction","name":"Comment","target":["https:\/\/www.africa-press.net\/guinee-conakry\/politique\/ahmed-kourouma-recoit-les-hommages-des-siens-avant-son-dernier-voyage-pour-paris#respond"]}]},{"@type":"WebPage","@id":"https:\/\/www.africa-press.net\/guinee-conakry\/politique\/ahmed-kourouma-recoit-les-hommages-des-siens-avant-son-dernier-voyage-pour-paris","url":"https:\/\/www.africa-press.net\/guinee-conakry\/politique\/ahmed-kourouma-recoit-les-hommages-des-siens-avant-son-dernier-voyage-pour-paris","name":"Ahmed Kourouma re\u00e7oit les hommages des siens avant son dernier voyage pour Paris - guinee Conakry","isPartOf":{"@id":"https:\/\/www.africa-press.net\/guinee-conakry\/#website"},"primaryImageOfPage":{"@id":"https:\/\/www.africa-press.net\/guinee-conakry\/politique\/ahmed-kourouma-recoit-les-hommages-des-siens-avant-son-dernier-voyage-pour-paris#primaryimage"},"image":{"@id":"https:\/\/www.africa-press.net\/guinee-conakry\/politique\/ahmed-kourouma-recoit-les-hommages-des-siens-avant-son-dernier-voyage-pour-paris#primaryimage"},"thumbnailUrl":"https:\/\/static.africa-press.net\/conakry\/sites\/63\/2023\/01\/Jokar1672928377.398125.jpg","datePublished":"2023-01-05T17:49:00+00:00","author":{"@id":"https:\/\/www.africa-press.net\/guinee-conakry\/#\/schema\/person\/2b1cf3cd81a31e3cd26889ca66d677f1"},"breadcrumb":{"@id":"https:\/\/www.africa-press.net\/guinee-conakry\/politique\/ahmed-kourouma-recoit-les-hommages-des-siens-avant-son-dernier-voyage-pour-paris#breadcrumb"},"inLanguage":"fr-FR","potentialAction":[{"@type":"ReadAction","target":["https:\/\/www.africa-press.net\/guinee-conakry\/politique\/ahmed-kourouma-recoit-les-hommages-des-siens-avant-son-dernier-voyage-pour-paris"]}]},{"@type":"ImageObject","inLanguage":"fr-FR","@id":"https:\/\/www.africa-press.net\/guinee-conakry\/politique\/ahmed-kourouma-recoit-les-hommages-des-siens-avant-son-dernier-voyage-pour-paris#primaryimage","url":"https:\/\/static.africa-press.net\/conakry\/sites\/63\/2023\/01\/Jokar1672928377.398125.jpg","contentUrl":"https:\/\/static.africa-press.net\/conakry\/sites\/63\/2023\/01\/Jokar1672928377.398125.jpg","width":960,"height":541,"caption":"Ahmed Kourouma re\u00e7oit les hommages des siens avant son dernier voyage pour Paris"},{"@type":"BreadcrumbList","@id":"https:\/\/www.africa-press.net\/guinee-conakry\/politique\/ahmed-kourouma-recoit-les-hommages-des-siens-avant-son-dernier-voyage-pour-paris#breadcrumb","itemListElement":[{"@type":"ListItem","position":1,"name":"Accueil","item":"https:\/\/www.africa-press.net\/guinee-conakry\/"},{"@type":"ListItem","position":2,"name":"Ahmed Kourouma re\u00e7oit les hommages des siens avant son dernier voyage pour Paris"}]},{"@type":"WebSite","@id":"https:\/\/www.africa-press.net\/guinee-conakry\/#website","url":"https:\/\/www.africa-press.net\/guinee-conakry\/","name":"guinee Conakry","description":"Just another Africa News Agency Sites site","potentialAction":[{"@type":"SearchAction","target":{"@type":"EntryPoint","urlTemplate":"https:\/\/www.africa-press.net\/guinee-conakry\/?s={search_term_string}"},"query-input":{"@type":"PropertyValueSpecification","valueRequired":true,"valueName":"search_term_string"}}],"inLanguage":"fr-FR"},{"@type":"Person","@id":"https:\/\/www.africa-press.net\/guinee-conakry\/#\/schema\/person\/2b1cf3cd81a31e3cd26889ca66d677f1","name":"cfeditorfr"}]}},"_links":{"self":[{"href":"https:\/\/www.africa-press.net\/guinee-conakry\/wp-json\/wp\/v2\/posts\/11192","targetHints":{"allow":["GET"]}}],"collection":[{"href":"https:\/\/www.africa-press.net\/guinee-conakry\/wp-json\/wp\/v2\/posts"}],"about":[{"href":"https:\/\/www.africa-press.net\/guinee-conakry\/wp-json\/wp\/v2\/types\/post"}],"author":[{"embeddable":true,"href":"https:\/\/www.africa-press.net\/guinee-conakry\/wp-json\/wp\/v2\/users\/82"}],"replies":[{"embeddable":true,"href":"https:\/\/www.africa-press.net\/guinee-conakry\/wp-json\/wp\/v2\/comments?post=11192"}],"version-history":[{"count":0,"href":"https:\/\/www.africa-press.net\/guinee-conakry\/wp-json\/wp\/v2\/posts\/11192\/revisions"}],"wp:featuredmedia":[{"embeddable":true,"href":"https:\/\/www.africa-press.net\/guinee-conakry\/wp-json\/wp\/v2\/media\/11191"}],"wp:attachment":[{"href":"https:\/\/www.africa-press.net\/guinee-conakry\/wp-json\/wp\/v2\/media?parent=11192"}],"wp:term":[{"taxonomy":"category","embeddable":true,"href":"https:\/\/www.africa-press.net\/guinee-conakry\/wp-json\/wp\/v2\/categories?post=11192"},{"taxonomy":"post_tag","embeddable":true,"href":"https:\/\/www.africa-press.net\/guinee-conakry\/wp-json\/wp\/v2\/tags?post=11192"}],"curies":[{"name":"wp","href":"https:\/\/api.w.org\/{rel}","templated":true}]}}