{"id":11204,"date":"2023-01-06T22:54:00","date_gmt":"2023-01-06T22:54:00","guid":{"rendered":"https:\/\/www.africa-press.net\/guinee-conakry\/politique\/ordre-des-avocats-de-guinee-le-batonnier-me-mamadou-souare-diop-a-pris-fonction"},"modified":"2023-01-06T22:54:00","modified_gmt":"2023-01-06T22:54:00","slug":"ordre-des-avocats-de-guinee-le-batonnier-me-mamadou-souare-diop-a-pris-fonction","status":"publish","type":"post","link":"https:\/\/www.africa-press.net\/guinee-conakry\/politique\/ordre-des-avocats-de-guinee-le-batonnier-me-mamadou-souare-diop-a-pris-fonction","title":{"rendered":"Ordre des avocats de Guin\u00e9e : le B\u00e2tonnier, Me Mamadou Souar\u00e9 Diop a pris fonction"},"content":{"rendered":"<p><span style=\"color: #ff6600\"><strong>Africa-Press &#8211; Guin\u00e9e. <\/strong><\/span>Le nouveau Ba\u0302tonnier du conseil de l\u2019ordre des avocats de Guine\u0301e, mai\u0302tre Mamadou Souare\u0301 Diop, a pris fonction ce vendredi, 06 janvier 2023. La ce\u0301re\u0301monie de passation de service entre lui et son pre\u0301de\u0301cesseur, Me Djibril Kouyate\u0301, a eu lieu au Palais de justice de Conakry, situe\u0301 dans la commune Kaloum. Elle s\u2019est tenue en pre\u0301sence du Ministre de la Justice et des Droits de l\u2019Homme, des 19 membres du conseil de l\u2019ordre, des avocats, du Procureur ge\u0301ne\u0301ral pre\u0300s la Cour d\u2019Appel de Conakry, des procureurs des tribunaux de premie\u0300re instance.<\/p>\n<p>Le Ba\u0302tonnier sortant, Me Djibril Kouyate\u0301, a loue\u0301 les qualite\u0301s d\u2019inte\u0301grite\u0301, humaines mais aussi les compe\u0301tences de son successeur dont la ta\u0302che a\u0300 la te\u0302te de l\u2019ordre est passionnante mais lourde. \u00ab Votre mission d\u2019e\u0302tre le premier parmi nous s\u2019ave\u0300re honorable, passionnante, mais sera d\u2019une tre\u0300s lourde charge a\u0300 cumuler avec la gestion de votre e\u0301tude et le traitement des dossiers de vos nombreux clients. Votre inte\u0301grite\u0301, vos compe\u0301tences, votre sens de la justice ainsi que vos qualite\u0301s humaines sont reconnues par l\u2019ensemble de vos confre\u0300res. Il vous appartiendra de participer a\u0300 votre tour a\u0300 l\u2019\u0153uvre de consolidation et de de\u0301veloppement de notre ordre par toutes les re\u0301formes que le Conseil de l\u2019Ordre et vous- me\u0302me estimerez approprie\u0301es \u00bb, a fait savoir le Ba\u0302tonnier sortant.<\/p>\n<p>Dans son discours de circonstance, Me Mamadou Souare\u0301 Diop a salue\u0301 le travail fait par celui qu\u2019il vient de succe\u0301der, qui a dirige\u0301 avec responsabilite\u0301 et sagesse, soutient-il. \u00ab En tant que membre du Conseil de l\u2019Ordre sortant, j\u2019ai eu le plaisir de travailler avec vous et j\u2019ai beaucoup appris de vous comme des autres membres. J\u2019ai appris dans la conduite des affaires ordinales et dans les relations avec les autres. Pendant la dure\u0301e de votre mandat, vous avez e\u0301te\u0301 un meneur d\u2019hommes. Vous avez su prendre les de\u0301cisions qui s\u2019imposent avec responsabilite\u0301 et sagesse dans le respect de vous-me\u0302me, des membres du conseil de l\u2019ordre, des avocats tout entier et de la le\u0301galite\u0301 \u00bb, a dit le 13e\u0300me Ba\u0302tonnier de l\u2019Ordre des Avocats de Guine\u0301e.<\/p>\n<p>Par ailleurs, Me Mamadou Souare\u0301 Diop a interpelle\u0301 le ministre de la Justice sur la ne\u0301cessite\u0301 de reme\u0301dier a\u0300 certaines insuffisances re\u0301ve\u0301le\u0301es par le proce\u0300s du massacre du 28 septembre 2009 pour le bien du Barreau de Guine\u0301e. \u00ab Ce passage de te\u0301moin intervient aussi a\u0300 un moment ou\u0300 se tient dans cette belle salle le proce\u0300s longtemps attendu des e\u0301ve\u0300nements douloureux du 28 septembre 2009. Nous saluons les efforts que vous avez de\u0301ploye\u0301s avec d\u2019autres partenaires pour qu\u2019il ait lieu. Ce proce\u0300s met notre justice et notre pays au-devant de l\u2019actualite\u0301. S\u2019il faut s\u2019en re\u0301jouir, il re\u0301ve\u0300le cependant la ne\u0301cessite\u0301 impe\u0301rieuse de combler certaines insuffisances pour le bien de notre barreau, auxquelles il est urgent de reme\u0301dier. En effet, l\u2019article 1 du De\u0301cret 037\/PRG\/SGG du 24 juillet 2008 portant Organisation de l\u2019Enseignement en vue de l\u2019Examen du Certificat d\u2019Aptitude a\u0300 la Profession d\u2019Avocat (CAPA) cre\u0301e, a\u0300 titre transitoire, un centre pre\u0301paratoire au certificat d\u2019aptitude a\u0300 la profession d\u2019Avocat au sein de la Faculte\u0301 de Droit de CONAKRY, qui, aboutira a\u0300 la cre\u0301ation d\u2019un Institut du Barreau&#8230; \u00bb.<\/p>\n<p>De son co\u0302te\u0301, Alphonse Charles Wright a prie\u0301 pour le nouveau Ba\u0302tonnier afin qu\u2019il ait la force ne\u0301cessaire avec le soutien de ses colle\u0300gues pour atteindre ses objectifs. \u00ab Certes, vous venez avec des ambitions ; je prie Allah qu\u2019il vous donne la force, la sante\u0301 ne\u0301cessaire pour pouvoir atteindre ces re\u0301formes avec l\u2019adhe\u0301sion de tous vos colle\u0300gues qui e\u0301voluent avec vous dans la confraternite\u0301. Je prie pour qu\u2019il raffermisse les liens entre tous les acteurs de la justice \u00bb, a dit le ministre de la Justice et des Droits de l\u2019Homme.<\/p>\n<p><iframe loading=\"lazy\" title=\"Ordre des avocats de Guin\u00e9e : le B\u00e2tonnier, Me Mamadou Souar\u00e9 Diop a pris fonction\" width=\"696\" height=\"392\" src=\"https:\/\/www.youtube.com\/embed\/F4Pbhmfwhoo?feature=oembed\" frameborder=\"0\" allow=\"accelerometer; autoplay; clipboard-write; encrypted-media; gyroscope; picture-in-picture; web-share\" allowfullscreen><\/iframe><\/p>\n<p><strong>Pour plus d&rsquo;informations et d&rsquo;analyses sur la <a href=\"https:\/\/www.africa-press.net\/guinee-conakry\">Guin\u00e9e<\/a>, suivez <a href=\"https:\/\/www.africa-press.net\/\">Africa-Press<\/a><\/strong><\/p>\n","protected":false},"excerpt":{"rendered":"<p>Africa-Press &#8211; Guin\u00e9e. Le nouveau Ba\u0302tonnier du conseil de l\u2019ordre des avocats de Guine\u0301e, mai\u0302tre Mamadou Souare\u0301 Diop, a pris fonction ce vendredi, 06 janvier 2023. La ce\u0301re\u0301monie de passation de service entre lui et son pre\u0301de\u0301cesseur, Me Djibril Kouyate\u0301, a eu lieu au Palais de justice de Conakry, situe\u0301 dans la commune Kaloum. Elle [&hellip;]<\/p>\n","protected":false},"author":82,"featured_media":11203,"comment_status":"open","ping_status":"closed","sticky":false,"template":"","format":"standard","meta":{"footnotes":""},"categories":[2,10,9],"tags":[36,57,58],"class_list":["post-11204","post","type-post","status-publish","format-standard","has-post-thumbnail","hentry","category-politique","category-toutes-les-actualites","category-video","tag-africa-press","tag-africa-press-guinee","tag-guinee"],"yoast_head":"<!-- This site is optimized with the Yoast SEO Premium plugin v26.1 (Yoast SEO v27.0) - https:\/\/yoast.com\/product\/yoast-seo-premium-wordpress\/ -->\n<title>Ordre des avocats de Guin\u00e9e : le B\u00e2tonnier, Me Mamadou Souar\u00e9 Diop a pris fonction - guinee Conakry<\/title>\n<meta name=\"robots\" content=\"index, follow, max-snippet:-1, max-image-preview:large, max-video-preview:-1\" \/>\n<link rel=\"canonical\" href=\"https:\/\/www.africa-press.net\/guinee-conakry\/politique\/ordre-des-avocats-de-guinee-le-batonnier-me-mamadou-souare-diop-a-pris-fonction\" \/>\n<meta property=\"og:locale\" content=\"fr_FR\" \/>\n<meta property=\"og:type\" content=\"article\" \/>\n<meta property=\"og:title\" content=\"Ordre des avocats de Guin\u00e9e : le B\u00e2tonnier, Me Mamadou Souar\u00e9 Diop a pris fonction\" \/>\n<meta property=\"og:description\" content=\"Africa-Press &#8211; Guin\u00e9e. Le nouveau Ba\u0302tonnier du conseil de l\u2019ordre des avocats de Guine\u0301e, mai\u0302tre Mamadou Souare\u0301 Diop, a pris fonction ce vendredi, 06 janvier 2023. La ce\u0301re\u0301monie de passation de service entre lui et son pre\u0301de\u0301cesseur, Me Djibril Kouyate\u0301, a eu lieu au Palais de justice de Conakry, situe\u0301 dans la commune Kaloum. Elle [&hellip;]\" \/>\n<meta property=\"og:url\" content=\"https:\/\/www.africa-press.net\/guinee-conakry\/politique\/ordre-des-avocats-de-guinee-le-batonnier-me-mamadou-souare-diop-a-pris-fonction\" \/>\n<meta property=\"og:site_name\" content=\"guinee Conakry\" \/>\n<meta property=\"article:published_time\" content=\"2023-01-06T22:54:00+00:00\" \/>\n<meta name=\"author\" content=\"cfeditorfr\" \/>\n<meta name=\"twitter:card\" content=\"summary_large_image\" \/>\n<meta name=\"twitter:label1\" content=\"\u00c9crit par\" \/>\n\t<meta name=\"twitter:data1\" content=\"cfeditorfr\" \/>\n\t<meta name=\"twitter:label2\" content=\"Dur\u00e9e de lecture estim\u00e9e\" \/>\n\t<meta name=\"twitter:data2\" content=\"4 minutes\" \/>\n<script type=\"application\/ld+json\" class=\"yoast-schema-graph\">{\"@context\":\"https:\/\/schema.org\",\"@graph\":[{\"@type\":\"Article\",\"@id\":\"https:\/\/www.africa-press.net\/guinee-conakry\/politique\/ordre-des-avocats-de-guinee-le-batonnier-me-mamadou-souare-diop-a-pris-fonction#article\",\"isPartOf\":{\"@id\":\"https:\/\/www.africa-press.net\/guinee-conakry\/politique\/ordre-des-avocats-de-guinee-le-batonnier-me-mamadou-souare-diop-a-pris-fonction\"},\"author\":{\"name\":\"cfeditorfr\",\"@id\":\"https:\/\/www.africa-press.net\/guinee-conakry\/#\/schema\/person\/2b1cf3cd81a31e3cd26889ca66d677f1\"},\"headline\":\"Ordre des avocats de Guin\u00e9e : le B\u00e2tonnier, Me Mamadou Souar\u00e9 Diop a pris fonction\",\"datePublished\":\"2023-01-06T22:54:00+00:00\",\"mainEntityOfPage\":{\"@id\":\"https:\/\/www.africa-press.net\/guinee-conakry\/politique\/ordre-des-avocats-de-guinee-le-batonnier-me-mamadou-souare-diop-a-pris-fonction\"},\"wordCount\":748,\"commentCount\":0,\"image\":{\"@id\":\"https:\/\/www.africa-press.net\/guinee-conakry\/politique\/ordre-des-avocats-de-guinee-le-batonnier-me-mamadou-souare-diop-a-pris-fonction#primaryimage\"},\"thumbnailUrl\":\"https:\/\/static.africa-press.net\/conakry\/sites\/63\/2023\/01\/Jokar1673033071.375942.jpg\",\"keywords\":[\"Africa Press\",\"Africa Press-Guin\u00e9e\",\"Guin\u00e9e\"],\"articleSection\":[\"Politique\",\"Toutes les actualit\u00e9s\",\"vid\u00e9o\"],\"inLanguage\":\"fr-FR\",\"potentialAction\":[{\"@type\":\"CommentAction\",\"name\":\"Comment\",\"target\":[\"https:\/\/www.africa-press.net\/guinee-conakry\/politique\/ordre-des-avocats-de-guinee-le-batonnier-me-mamadou-souare-diop-a-pris-fonction#respond\"]}]},{\"@type\":\"WebPage\",\"@id\":\"https:\/\/www.africa-press.net\/guinee-conakry\/politique\/ordre-des-avocats-de-guinee-le-batonnier-me-mamadou-souare-diop-a-pris-fonction\",\"url\":\"https:\/\/www.africa-press.net\/guinee-conakry\/politique\/ordre-des-avocats-de-guinee-le-batonnier-me-mamadou-souare-diop-a-pris-fonction\",\"name\":\"Ordre des avocats de Guin\u00e9e : le B\u00e2tonnier, Me Mamadou Souar\u00e9 Diop a pris fonction - guinee Conakry\",\"isPartOf\":{\"@id\":\"https:\/\/www.africa-press.net\/guinee-conakry\/#website\"},\"primaryImageOfPage\":{\"@id\":\"https:\/\/www.africa-press.net\/guinee-conakry\/politique\/ordre-des-avocats-de-guinee-le-batonnier-me-mamadou-souare-diop-a-pris-fonction#primaryimage\"},\"image\":{\"@id\":\"https:\/\/www.africa-press.net\/guinee-conakry\/politique\/ordre-des-avocats-de-guinee-le-batonnier-me-mamadou-souare-diop-a-pris-fonction#primaryimage\"},\"thumbnailUrl\":\"https:\/\/static.africa-press.net\/conakry\/sites\/63\/2023\/01\/Jokar1673033071.375942.jpg\",\"datePublished\":\"2023-01-06T22:54:00+00:00\",\"author\":{\"@id\":\"https:\/\/www.africa-press.net\/guinee-conakry\/#\/schema\/person\/2b1cf3cd81a31e3cd26889ca66d677f1\"},\"breadcrumb\":{\"@id\":\"https:\/\/www.africa-press.net\/guinee-conakry\/politique\/ordre-des-avocats-de-guinee-le-batonnier-me-mamadou-souare-diop-a-pris-fonction#breadcrumb\"},\"inLanguage\":\"fr-FR\",\"potentialAction\":[{\"@type\":\"ReadAction\",\"target\":[\"https:\/\/www.africa-press.net\/guinee-conakry\/politique\/ordre-des-avocats-de-guinee-le-batonnier-me-mamadou-souare-diop-a-pris-fonction\"]}]},{\"@type\":\"ImageObject\",\"inLanguage\":\"fr-FR\",\"@id\":\"https:\/\/www.africa-press.net\/guinee-conakry\/politique\/ordre-des-avocats-de-guinee-le-batonnier-me-mamadou-souare-diop-a-pris-fonction#primaryimage\",\"url\":\"https:\/\/static.africa-press.net\/conakry\/sites\/63\/2023\/01\/Jokar1673033071.375942.jpg\",\"contentUrl\":\"https:\/\/static.africa-press.net\/conakry\/sites\/63\/2023\/01\/Jokar1673033071.375942.jpg\",\"width\":1280,\"height\":736,\"caption\":\"Ordre des avocats de Guin\u00e9e : le B\u00e2tonnier, Me Mamadou Souar\u00e9 Diop a pris fonction\"},{\"@type\":\"BreadcrumbList\",\"@id\":\"https:\/\/www.africa-press.net\/guinee-conakry\/politique\/ordre-des-avocats-de-guinee-le-batonnier-me-mamadou-souare-diop-a-pris-fonction#breadcrumb\",\"itemListElement\":[{\"@type\":\"ListItem\",\"position\":1,\"name\":\"Accueil\",\"item\":\"https:\/\/www.africa-press.net\/guinee-conakry\/\"},{\"@type\":\"ListItem\",\"position\":2,\"name\":\"Ordre des avocats de Guin\u00e9e : le B\u00e2tonnier, Me Mamadou Souar\u00e9 Diop a pris fonction\"}]},{\"@type\":\"WebSite\",\"@id\":\"https:\/\/www.africa-press.net\/guinee-conakry\/#website\",\"url\":\"https:\/\/www.africa-press.net\/guinee-conakry\/\",\"name\":\"guinee Conakry\",\"description\":\"Just another Africa News Agency Sites site\",\"potentialAction\":[{\"@type\":\"SearchAction\",\"target\":{\"@type\":\"EntryPoint\",\"urlTemplate\":\"https:\/\/www.africa-press.net\/guinee-conakry\/?s={search_term_string}\"},\"query-input\":{\"@type\":\"PropertyValueSpecification\",\"valueRequired\":true,\"valueName\":\"search_term_string\"}}],\"inLanguage\":\"fr-FR\"},{\"@type\":\"Person\",\"@id\":\"https:\/\/www.africa-press.net\/guinee-conakry\/#\/schema\/person\/2b1cf3cd81a31e3cd26889ca66d677f1\",\"name\":\"cfeditorfr\"}]}<\/script>\n<!-- \/ Yoast SEO Premium plugin. -->","yoast_head_json":{"title":"Ordre des avocats de Guin\u00e9e : le B\u00e2tonnier, Me Mamadou Souar\u00e9 Diop a pris fonction - guinee Conakry","robots":{"index":"index","follow":"follow","max-snippet":"max-snippet:-1","max-image-preview":"max-image-preview:large","max-video-preview":"max-video-preview:-1"},"canonical":"https:\/\/www.africa-press.net\/guinee-conakry\/politique\/ordre-des-avocats-de-guinee-le-batonnier-me-mamadou-souare-diop-a-pris-fonction","og_locale":"fr_FR","og_type":"article","og_title":"Ordre des avocats de Guin\u00e9e : le B\u00e2tonnier, Me Mamadou Souar\u00e9 Diop a pris fonction","og_description":"Africa-Press &#8211; Guin\u00e9e. Le nouveau Ba\u0302tonnier du conseil de l\u2019ordre des avocats de Guine\u0301e, mai\u0302tre Mamadou Souare\u0301 Diop, a pris fonction ce vendredi, 06 janvier 2023. La ce\u0301re\u0301monie de passation de service entre lui et son pre\u0301de\u0301cesseur, Me Djibril Kouyate\u0301, a eu lieu au Palais de justice de Conakry, situe\u0301 dans la commune Kaloum. Elle [&hellip;]","og_url":"https:\/\/www.africa-press.net\/guinee-conakry\/politique\/ordre-des-avocats-de-guinee-le-batonnier-me-mamadou-souare-diop-a-pris-fonction","og_site_name":"guinee Conakry","article_published_time":"2023-01-06T22:54:00+00:00","author":"cfeditorfr","twitter_card":"summary_large_image","twitter_misc":{"\u00c9crit par":"cfeditorfr","Dur\u00e9e de lecture estim\u00e9e":"4 minutes"},"schema":{"@context":"https:\/\/schema.org","@graph":[{"@type":"Article","@id":"https:\/\/www.africa-press.net\/guinee-conakry\/politique\/ordre-des-avocats-de-guinee-le-batonnier-me-mamadou-souare-diop-a-pris-fonction#article","isPartOf":{"@id":"https:\/\/www.africa-press.net\/guinee-conakry\/politique\/ordre-des-avocats-de-guinee-le-batonnier-me-mamadou-souare-diop-a-pris-fonction"},"author":{"name":"cfeditorfr","@id":"https:\/\/www.africa-press.net\/guinee-conakry\/#\/schema\/person\/2b1cf3cd81a31e3cd26889ca66d677f1"},"headline":"Ordre des avocats de Guin\u00e9e : le B\u00e2tonnier, Me Mamadou Souar\u00e9 Diop a pris fonction","datePublished":"2023-01-06T22:54:00+00:00","mainEntityOfPage":{"@id":"https:\/\/www.africa-press.net\/guinee-conakry\/politique\/ordre-des-avocats-de-guinee-le-batonnier-me-mamadou-souare-diop-a-pris-fonction"},"wordCount":748,"commentCount":0,"image":{"@id":"https:\/\/www.africa-press.net\/guinee-conakry\/politique\/ordre-des-avocats-de-guinee-le-batonnier-me-mamadou-souare-diop-a-pris-fonction#primaryimage"},"thumbnailUrl":"https:\/\/static.africa-press.net\/conakry\/sites\/63\/2023\/01\/Jokar1673033071.375942.jpg","keywords":["Africa Press","Africa Press-Guin\u00e9e","Guin\u00e9e"],"articleSection":["Politique","Toutes les actualit\u00e9s","vid\u00e9o"],"inLanguage":"fr-FR","potentialAction":[{"@type":"CommentAction","name":"Comment","target":["https:\/\/www.africa-press.net\/guinee-conakry\/politique\/ordre-des-avocats-de-guinee-le-batonnier-me-mamadou-souare-diop-a-pris-fonction#respond"]}]},{"@type":"WebPage","@id":"https:\/\/www.africa-press.net\/guinee-conakry\/politique\/ordre-des-avocats-de-guinee-le-batonnier-me-mamadou-souare-diop-a-pris-fonction","url":"https:\/\/www.africa-press.net\/guinee-conakry\/politique\/ordre-des-avocats-de-guinee-le-batonnier-me-mamadou-souare-diop-a-pris-fonction","name":"Ordre des avocats de Guin\u00e9e : le B\u00e2tonnier, Me Mamadou Souar\u00e9 Diop a pris fonction - guinee Conakry","isPartOf":{"@id":"https:\/\/www.africa-press.net\/guinee-conakry\/#website"},"primaryImageOfPage":{"@id":"https:\/\/www.africa-press.net\/guinee-conakry\/politique\/ordre-des-avocats-de-guinee-le-batonnier-me-mamadou-souare-diop-a-pris-fonction#primaryimage"},"image":{"@id":"https:\/\/www.africa-press.net\/guinee-conakry\/politique\/ordre-des-avocats-de-guinee-le-batonnier-me-mamadou-souare-diop-a-pris-fonction#primaryimage"},"thumbnailUrl":"https:\/\/static.africa-press.net\/conakry\/sites\/63\/2023\/01\/Jokar1673033071.375942.jpg","datePublished":"2023-01-06T22:54:00+00:00","author":{"@id":"https:\/\/www.africa-press.net\/guinee-conakry\/#\/schema\/person\/2b1cf3cd81a31e3cd26889ca66d677f1"},"breadcrumb":{"@id":"https:\/\/www.africa-press.net\/guinee-conakry\/politique\/ordre-des-avocats-de-guinee-le-batonnier-me-mamadou-souare-diop-a-pris-fonction#breadcrumb"},"inLanguage":"fr-FR","potentialAction":[{"@type":"ReadAction","target":["https:\/\/www.africa-press.net\/guinee-conakry\/politique\/ordre-des-avocats-de-guinee-le-batonnier-me-mamadou-souare-diop-a-pris-fonction"]}]},{"@type":"ImageObject","inLanguage":"fr-FR","@id":"https:\/\/www.africa-press.net\/guinee-conakry\/politique\/ordre-des-avocats-de-guinee-le-batonnier-me-mamadou-souare-diop-a-pris-fonction#primaryimage","url":"https:\/\/static.africa-press.net\/conakry\/sites\/63\/2023\/01\/Jokar1673033071.375942.jpg","contentUrl":"https:\/\/static.africa-press.net\/conakry\/sites\/63\/2023\/01\/Jokar1673033071.375942.jpg","width":1280,"height":736,"caption":"Ordre des avocats de Guin\u00e9e : le B\u00e2tonnier, Me Mamadou Souar\u00e9 Diop a pris fonction"},{"@type":"BreadcrumbList","@id":"https:\/\/www.africa-press.net\/guinee-conakry\/politique\/ordre-des-avocats-de-guinee-le-batonnier-me-mamadou-souare-diop-a-pris-fonction#breadcrumb","itemListElement":[{"@type":"ListItem","position":1,"name":"Accueil","item":"https:\/\/www.africa-press.net\/guinee-conakry\/"},{"@type":"ListItem","position":2,"name":"Ordre des avocats de Guin\u00e9e : le B\u00e2tonnier, Me Mamadou Souar\u00e9 Diop a pris fonction"}]},{"@type":"WebSite","@id":"https:\/\/www.africa-press.net\/guinee-conakry\/#website","url":"https:\/\/www.africa-press.net\/guinee-conakry\/","name":"guinee Conakry","description":"Just another Africa News Agency Sites site","potentialAction":[{"@type":"SearchAction","target":{"@type":"EntryPoint","urlTemplate":"https:\/\/www.africa-press.net\/guinee-conakry\/?s={search_term_string}"},"query-input":{"@type":"PropertyValueSpecification","valueRequired":true,"valueName":"search_term_string"}}],"inLanguage":"fr-FR"},{"@type":"Person","@id":"https:\/\/www.africa-press.net\/guinee-conakry\/#\/schema\/person\/2b1cf3cd81a31e3cd26889ca66d677f1","name":"cfeditorfr"}]}},"_links":{"self":[{"href":"https:\/\/www.africa-press.net\/guinee-conakry\/wp-json\/wp\/v2\/posts\/11204","targetHints":{"allow":["GET"]}}],"collection":[{"href":"https:\/\/www.africa-press.net\/guinee-conakry\/wp-json\/wp\/v2\/posts"}],"about":[{"href":"https:\/\/www.africa-press.net\/guinee-conakry\/wp-json\/wp\/v2\/types\/post"}],"author":[{"embeddable":true,"href":"https:\/\/www.africa-press.net\/guinee-conakry\/wp-json\/wp\/v2\/users\/82"}],"replies":[{"embeddable":true,"href":"https:\/\/www.africa-press.net\/guinee-conakry\/wp-json\/wp\/v2\/comments?post=11204"}],"version-history":[{"count":0,"href":"https:\/\/www.africa-press.net\/guinee-conakry\/wp-json\/wp\/v2\/posts\/11204\/revisions"}],"wp:featuredmedia":[{"embeddable":true,"href":"https:\/\/www.africa-press.net\/guinee-conakry\/wp-json\/wp\/v2\/media\/11203"}],"wp:attachment":[{"href":"https:\/\/www.africa-press.net\/guinee-conakry\/wp-json\/wp\/v2\/media?parent=11204"}],"wp:term":[{"taxonomy":"category","embeddable":true,"href":"https:\/\/www.africa-press.net\/guinee-conakry\/wp-json\/wp\/v2\/categories?post=11204"},{"taxonomy":"post_tag","embeddable":true,"href":"https:\/\/www.africa-press.net\/guinee-conakry\/wp-json\/wp\/v2\/tags?post=11204"}],"curies":[{"name":"wp","href":"https:\/\/api.w.org\/{rel}","templated":true}]}}