{"id":11208,"date":"2023-01-06T23:06:00","date_gmt":"2023-01-06T23:06:00","guid":{"rendered":"https:\/\/www.africa-press.net\/guinee-conakry\/politique\/a-linstigation-de-rsf-78-journalistes-africains-appellent-a-la-liberation-du-journaliste-pape-ale-niang-et-le-respect-de-la-liberte-de-la-presse-au-senegal-2"},"modified":"2023-01-06T23:06:00","modified_gmt":"2023-01-06T23:06:00","slug":"a-linstigation-de-rsf-78-journalistes-africains-appellent-a-la-liberation-du-journaliste-pape-ale-niang-et-le-respect-de-la-liberte-de-la-presse-au-senegal-2","status":"publish","type":"post","link":"https:\/\/www.africa-press.net\/guinee-conakry\/politique\/a-linstigation-de-rsf-78-journalistes-africains-appellent-a-la-liberation-du-journaliste-pape-ale-niang-et-le-respect-de-la-liberte-de-la-presse-au-senegal-2","title":{"rendered":"\u00c0 l\u2019instigation de RSF, 78 journalistes africains appellent \u00e0 la lib\u00e9ration du journaliste Pape Al\u00e9 Niang et le respect de la libert\u00e9 de la presse au S\u00e9n\u00e9gal"},"content":{"rendered":"<p><span style=\"color: #ff6600\"><strong>Africa-Press &#8211; Guin\u00e9e. <\/strong><\/span><b>Rassemble\u0301s par Reporters sans frontie\u0300res (RSF), 78 journalistes africains se mobilisent autour d\u2019un appel pour le respect de la Constitution se\u0301ne\u0301galaise qui consacre la liberte\u0301 de la presse. Ils re\u0301clament la libe\u0301ration du journaliste de Dakar Matin Pape Ale\u0301 Niang, arre\u0302te\u0301 le 6 novembre 2022. <\/b><\/p>\n<p>Soixante-dix-huit professionnels des me\u0301dias africains demandent la libe\u0301ration imme\u0301diate de Pape Ale\u0301 Niang et l\u2019abandon des charges fallacieuses qui pe\u0300sent contre le journaliste, hospitalise\u0301 en raison de sa gre\u0300ve de la faim et dont la sante\u0301 commence a\u0300 se de\u0301grader.<\/p>\n<p>La liste des signataires comprend des grandes figures de la presse africaine, comme Pape Saine, directeur de publication du journal gambien The Point, Seidik Abba, analyste et spe\u0301cialiste des questions africaines dans des me\u0301dias internationaux, Hopewell Chin\u2019ono, ce\u0301le\u0300bre journaliste d\u2019investigation zimbabwe\u0301en, ou Ignace Sossou, journaliste be\u0301ninois de Be\u0301nin Web TV ayant injustement passe\u0301 six mois en prison.<\/p>\n<p>Des organisations de de\u0301fense des droits des journalistes ont e\u0301galement signe\u0301 et apporte\u0301 leur soutien, comme la Fe\u0301de\u0301ration des journalistes africains (FAJ), la Fondation des me\u0301dias pour l\u2019Afrique de l\u2019Ouest (MFWA) ou le Comite\u0301 pour la Protection des Journalistes (CPJ).<\/p>\n<p>\u201cCet appel est une action solidaire envers notre confre\u0300re Pape Ale\u0301 Niang, de\u0301clare le secre\u0301taire ge\u0301ne\u0301ral de RSF, Christophe Deloire. Il est remarquable que tant de grands noms de la presse africaine se mobilisent, et c\u2019est un message qui doit e\u0302tre entendu par les autorite\u0301s se\u0301ne\u0301galaises. Ces arrestations multiples constituent une violation flagrante de la Constitution se\u0301ne\u0301galaise. Suite a\u0300 celles-ci et a\u0300 sa gre\u0300ve de la faim, l\u2019e\u0301tat physique de Pape Ale\u0301 Niang est tre\u0300s pre\u0301occupant, de me\u0302me que la de\u0301gradation de la liberte\u0301 de la presse dans le pays.\u201d<\/p>\n<p>Adresse\u0301 aux autorite\u0301s et a\u0300 la justice se\u0301ne\u0301galaises, l\u2019appel souligne e\u0301galement l\u2019importance de la liberte\u0301 d\u2019informer au Se\u0301ne\u0301gal, pays longtemps re\u0301pute\u0301 pour sa pluralite\u0301 me\u0301diatique et son respect de la presse.<\/p>\n<p>Dans un pays de\u0301mocratique, la presse ne peut e\u0302tre la cible d\u2019attaques et d\u2019intimidations. Accuse\u0301 de \u201cdivulgation d\u2019informations de nature a\u0300 nuire a\u0300 la de\u0301fense nationale\u201d, \u201crecel de documents administratifs et militaires\u201d et \u201cdiffusion de fausses nouvelles\u201d, Pape Ale\u0301 Niang est de nouveau en prison depuis le 20 de\u0301cembre.<\/p>\n<p>Lors de sa prise de fonction en 2012, le pre\u0301sident actuel Macky Sall avait pourtant promis \u201cqu\u2019aucun journaliste ne serait emprisonne\u0301 lors de son mandat\u201d.<\/p>\n<p>Le Se\u0301ne\u0301gal a perdu 24 places et occupe la 73e place sur 180 pays au classement mondial de la liberte\u0301 de la presse e\u0301tabli par RSF en 2022.<\/p>\n<p>\u201cNous, journalistes du continent africain, alarme\u0301s par la situation de notre confre\u0300re Pape Ale\u0301 Niang, tre\u0300s pre\u0301occupe\u0301s par les conse\u0301quences de son incarce\u0301ration sur sa sante\u0301, sur la liberte\u0301 de la presse et le droit a\u0300 l\u2019information de l\u2019ensemble des citoyens, lanc\u0327ons un appel aux autorite\u0301s se\u0301ne\u0301galaises pour libe\u0301rer le journaliste Pape Ale\u0301 Niang.<\/p>\n<p>La libe\u0301ration de Pape Ale\u0301 Niang par la justice mettra fin a\u0300 une infraction grave aux principes de la liberte\u0301 de la presse dans un pays qui a ratifie\u0301 la Charte africaine des droits de l\u2019homme et des peuples, et qui reconnai\u0302t le droit a\u0300 l\u2019information et le droit de s\u2019exprimer et de diffuser ses opinions.<\/p>\n<p>A\u0300 moins que les autorite\u0301s judiciaires ne veuillent de\u0301montrer a\u0300 la communaute\u0301 internationale une volonte\u0301 de re\u0301duire Pape Ale\u0301 Niang au silence, et de limiter le droit des Se\u0301ne\u0301galais a\u0300 e\u0302tre informe\u0301s, elles doivent le libe\u0301rer imme\u0301diatement et abandonner toutes les charges qui pe\u0300sent contre lui.<\/p>\n<p>Cette incarce\u0301ration soule\u0300ve d\u2019autres enjeux pour les me\u0301dias au Se\u0301ne\u0301gal, jadis fleuron de la liberte\u0301 de la presse en Afrique. Nous rappelons que malgre\u0301 l\u2019existence d\u2019un projet de loi, le Se\u0301ne\u0301gal ne dispose pas d\u2019une loi sur l\u2019acce\u0300s a\u0300 l\u2019information, ce qui empe\u0302che les journalistes et les citoyens d\u2019acce\u0301der a\u0300 des informations publiques. Il est temps d\u2019y reme\u0301dier sans de\u0301lai et d\u2019amender le Code de la presse afin de de\u0301pe\u0301naliser les de\u0301lits de presse.<\/p>\n<p>Nous rappelons aux autorite\u0301s se\u0301ne\u0301galaises que les journalistes, dont Pape Ale\u0301 Niang, informent sur des sujets d\u2019inte\u0301re\u0302t public. Le Se\u0301ne\u0301gal se pre\u0301vaut d\u2019e\u0302tre une de\u0301mocratie et le journalisme est une pierre angulaire de la de\u0301mocratie. Il est anachronique dans une de\u0301mocratie comme celle du Se\u0301ne\u0301gal de mettre un journaliste en prison.<\/p>\n<p>Le Se\u0301ne\u0301gal est passe\u0301 de la 49e place en 2021 a\u0300 la 73e place sur 180 pays en 2022 au Classement de la liberte\u0301 de la presse publie\u0301 par RSF. Nous ne voudrions pas le voir de\u0301cliner plus encore.<\/p>\n<p><b>SIGNATAIRES<\/b><\/p>\n<p><b>N\u00b0 <\/b><\/p>\n<p><b>Pre\u0301nom et Nom <\/b><\/p>\n<p><b>Fonction <\/b><\/p>\n<p><b>Pays de re\u0301sidence <\/b><\/p>\n<p><b>1<\/b><\/p>\n<p>Reporters sans Frontie\u0300res (RSF) bureau Afrique<\/p>\n<p>Organisation de de\u0301fense de la liberte\u0301 de la presse en Afrique<\/p>\n<p>Se\u0301ne\u0301gal<\/p>\n<p><b>2<\/b><\/p>\n<p>Comite\u0301 pour la Protection des Journalistes (CPJ Africa)<\/p>\n<p>Organisation de de\u0301fense de la liberte\u0301 de la presse en Afrique<\/p>\n<p>Etats-Unis<\/p>\n<p><b>3<\/b><\/p>\n<p>Fe\u0301de\u0301ration des Journalistes Africains (FAJ)<\/p>\n<p>Organisation de de\u0301fense des journalistes en Afrique<\/p>\n<p>Se\u0301ne\u0301gal<\/p>\n<p><b>4<\/b><\/p>\n<p>Fe\u0301de\u0301ration Internationale des Journalistes Bureau Afrique<\/p>\n<p>Organisation de de\u0301fense des journalistes<\/p>\n<p>Se\u0301ne\u0301gal<\/p>\n<p><b>5<\/b><\/p>\n<p>Fondation des Me\u0301dias pour l\u2019Afrique de l\u2019Ouest (MFWA)<\/p>\n<p>Organisation de de\u0301fense de la liberte\u0301 de la presse en Afrique de l\u2019Ouest<\/p>\n<p>Ghana<\/p>\n<p><b>6<\/b><\/p>\n<p>Cellule Norbert Zongo pour le journalisme d\u2019investigation en Afrique de l\u2019Ouest (CENOZO)<\/p>\n<p>Re\u0301seau de journalistes d\u2019investigation en Afrique de l\u2019Ouest<\/p>\n<p>Burkina Faso<\/p>\n<p><b>7<\/b><\/p>\n<p>Union des journalistes d\u2019Afrique de l\u2019Ouest (UJAO)<\/p>\n<p>Organisation de de\u0301fense de la liberte\u0301 de la presse en Afrique de l\u2019Ouest<\/p>\n<p>Se\u0301ne\u0301gal<\/p>\n<p><b>8<\/b><\/p>\n<p>Coordination des Associations de Presse (CAP) du Se\u0301ne\u0301gal<\/p>\n<p>Regroupe les Associations de presse : (Synpics, Appel, CDEPS, CJRS, CTPAS, UNPJS, URAC)<\/p>\n<p>Se\u0301ne\u0301gal<\/p>\n<p><b>9<\/b><\/p>\n<p>National Union of Somali Journalists (NUSOJ)<\/p>\n<p>Organisation de journalistes<\/p>\n<p>Somalie<\/p>\n<p><b>10<\/b><\/p>\n<p>Journalistes en Danger (JED)<\/p>\n<p>Organisation de journalistes<\/p>\n<p>RDC<\/p>\n<p><b>11<\/b><\/p>\n<p>EKO\u0302LAB Journalism Project<\/p>\n<p>Association pour le de\u0301veloppement du journalisme<\/p>\n<p>Benin<\/p>\n<p><b>12<\/b><\/p>\n<p>Zubaida Afua Mabuno Ismail<\/p>\n<p>Journaliste d\u2019investigation<\/p>\n<p>Ghana<\/p>\n<p><b>13<\/b><\/p>\n<p>Moussa Aksar<\/p>\n<p>Journaliste d\u2019Investigation<\/p>\n<p>Niger<\/p>\n<p>1<b>4<\/b><\/p>\n<p>Diallo Ibrahim Manzo<\/p>\n<p>Journaliste<\/p>\n<p>Niger<\/p>\n<p><b>15<\/b><\/p>\n<p>Seidik Abba<\/p>\n<p>Journaliste, Ecrivain<\/p>\n<p>France<\/p>\n<p><b>16<\/b><\/p>\n<p>Francis Laloupo<\/p>\n<p>Journaliste, Formateur<\/p>\n<p>France<\/p>\n<p><b>17<\/b><\/p>\n<p>Stephen Douglas<\/p>\n<p>Journaliste Media de\u0301veloppement<\/p>\n<p>Sierra Leone<\/p>\n<p><b>18<\/b><\/p>\n<p>Mohamed Kabba<\/p>\n<p>Journaliste, Directeur de Publication<\/p>\n<p>Sierra Leone<\/p>\n<p>1<b>9<\/b><\/p>\n<p>Peter Quaqua<\/p>\n<p>Journaliste<\/p>\n<p>Libe\u0301ria<\/p>\n<p><b>20<\/b><\/p>\n<p>Dunbar Alline<\/p>\n<p>Journaliste<\/p>\n<p>Libe\u0301ria<\/p>\n<p><b>21<\/b><\/p>\n<p>David Alloycious<\/p>\n<p>Journaliste<\/p>\n<p>Libe\u0301ria<\/p>\n<p><b>22<\/b><\/p>\n<p>Silva Filomena<\/p>\n<p>Journaliste, directrice de publication<\/p>\n<p>Cap Vert<\/p>\n<p><b>23<\/b><\/p>\n<p>Nouhou Balde\u0301<\/p>\n<p>Journaliste, Fondateur et Administrateur Ge\u0301ne\u0301ral de guineematin.com<\/p>\n<p>Guine\u0301e<\/p>\n<p><b>24<\/b><\/p>\n<p>Se\u0301kou Pendissa Jamal<\/p>\n<p>Journaliste, pre\u0301sident du Syndicat des journalistes de Guine\u0301e<\/p>\n<p>Guine\u0301e<\/p>\n<p><b>25<\/b><\/p>\n<p>Hadja Kade\u0301 Barry<\/p>\n<p>Journaliste<\/p>\n<p>Guine\u0301e<\/p>\n<p><b>26<\/b><\/p>\n<p>Ignace Sossou<\/p>\n<p>Journaliste d\u2019investigation<\/p>\n<p>Be\u0301nin<\/p>\n<p><b>27<\/b><\/p>\n<p>Badarou Aziz<\/p>\n<p>Journaliste<\/p>\n<p>Be\u0301nin<\/p>\n<p><b>28<\/b><\/p>\n<p>Worou Tchehou Loukoumane<\/p>\n<p>Journaliste, Re\u0301dacteur en chef<\/p>\n<p>Be\u0301nin<\/p>\n<p><b>29<\/b><\/p>\n<p>Assogbadjo Maryse<\/p>\n<p>Jounaliste<\/p>\n<p>Be\u0301nin<\/p>\n<p><b>30<\/b><\/p>\n<p>Sandrine Oue\u0301draogo<\/p>\n<p>Journaliste d\u2019investigation<\/p>\n<p>Burkina Faso<\/p>\n<p><b>31<\/b><\/p>\n<p>Aime\u0301 Nabaloum ,<\/p>\n<p>Journaliste Re\u0301dacteur en chef<\/p>\n<p>Burkina Faso<\/p>\n<p><b>32<\/b><\/p>\n<p>Vincent Kabore\u0301<\/p>\n<p>Journaliste<\/p>\n<p>Burkina Faso<\/p>\n<p><b>33<\/b><\/p>\n<p>Ouattara Abdoulaye<\/p>\n<p>Journaliste<\/p>\n<p>Burkina Faso<\/p>\n<p><b>34<\/b><\/p>\n<p>Aminata Sanou<\/p>\n<p>Journaliste<\/p>\n<p>Burkina Faso<\/p>\n<p><b>35<\/b><\/p>\n<p>Sagnon Mariam<\/p>\n<p>Journaliste<\/p>\n<p>Burkina Faso<\/p>\n<p><b>36<\/b><\/p>\n<p>Toe jean Marie<\/p>\n<p>Journaliste<\/p>\n<p>Burkina Faso<\/p>\n<p><b>37<\/b><\/p>\n<p>Thienon Jean Michel Boudayinga<\/p>\n<p>Journaliste<\/p>\n<p>Burkina Faso<\/p>\n<p><b>38<\/b><\/p>\n<p>Oue\u0301draogo Arnaud<\/p>\n<p>Journaliste<\/p>\n<p>Burkina Faso<\/p>\n<p><b>39<\/b><\/p>\n<p>Barry Oue\u0301draogo Djenaba<\/p>\n<p>Journaliste<\/p>\n<p>Burkina Faso<\/p>\n<p><b>40<\/b><\/p>\n<p>Sanou Aminata<\/p>\n<p>Journaliste<\/p>\n<p>Burkina Faso<\/p>\n<p><b>41<\/b><\/p>\n<p>Taoko Herve\u0301<\/p>\n<p>Journaliste, directeur de publication<\/p>\n<p>Burkina Faso<\/p>\n<p><b>42<\/b><\/p>\n<p>Fatu Camara<\/p>\n<p>Journaliste, Directrice de Fatu Network<\/p>\n<p>Gambie<\/p>\n<p><b>43<\/b><\/p>\n<p>Muhammed S Bah<\/p>\n<p>Journaliste , Pre\u0301sident de GPU<\/p>\n<p>Gambie<\/p>\n<p>44<\/p>\n<p>Pap Saine<\/p>\n<p>Journaliste, Publisher The Point<\/p>\n<p>Gambie<\/p>\n<p><b>45<\/b><\/p>\n<p>Baba Hydara<\/p>\n<p>Journaliste, Co-Publisher The Point<\/p>\n<p>Gambie<\/p>\n<p><b>46<\/b><\/p>\n<p>Sosseh Ndey Tapha<\/p>\n<p>Journaliste<\/p>\n<p>Gambie<\/p>\n<p><b>47<\/b><\/p>\n<p>Jahatey Lamin<\/p>\n<p>Journaliste<\/p>\n<p>Gambie<\/p>\n<p><b>48<\/b><\/p>\n<p>Kodmadjingar Andre\u0301<\/p>\n<p>Journaliste, FM Liberte\u0301<\/p>\n<p>Tchad<\/p>\n<p><b>49<\/b><\/p>\n<p>Wiche Djimet<\/p>\n<p>Journaliste, directeur de publication d\u2019Alwihda Info<\/p>\n<p>Tchad<\/p>\n<p><b>50<\/b><\/p>\n<p>Eric Topona<\/p>\n<p>Journaliste\u200b\u200b<\/p>\n<p>Re\u0301daction francophone, Deutsche Welle (DW)<\/p>\n<p>Allemagne<\/p>\n<p><b>51<\/b><\/p>\n<p>Noe\u0308l Konan<\/p>\n<p>Journaliste d\u2019investigation<\/p>\n<p>Co\u0302te d\u2019Ivoire<\/p>\n<p><b>52<\/b><\/p>\n<p>Diedri Anderson<\/p>\n<p>Journaliste<\/p>\n<p>Co\u0302te d\u2019Ivoire<\/p>\n<p><b>53<\/b><\/p>\n<p>Mamoudou Ibra Kane<\/p>\n<p>Journaliste, directeur ge\u0301ne\u0301ral E-media<\/p>\n<p>Se\u0301ne\u0301gal<\/p>\n<p><b>54<\/b><\/p>\n<p>Assane Diagne<\/p>\n<p>Journaliste, Re\u0301dacteur en chef francophone de The Conversation Afrique<\/p>\n<p>Se\u0301ne\u0301gal<\/p>\n<p><b>55<\/b><\/p>\n<p>Mamadou Thior<\/p>\n<p>Journaliste, Coordonnateur CORED<\/p>\n<p>Se\u0301ne\u0301gal<\/p>\n<p><b>56<\/b><\/p>\n<p>Birame Faye<\/p>\n<p>Journaliste, Coordonnateur Me\u0301dia IPAO<\/p>\n<p>Se\u0301ne\u0301gal<\/p>\n<p><b>57<\/b><\/p>\n<p>Ibrahima Lissa faye<\/p>\n<p>Journaliste, Directeur de Pressafrik<\/p>\n<p>Se\u0301ne\u0301gal<\/p>\n<p><b>58<\/b><\/p>\n<p>Massaer Dia<\/p>\n<p>Journaliste<\/p>\n<p>Se\u0301ne\u0301gal<\/p>\n<p><b>59<\/b><\/p>\n<p>Momar Dieng<\/p>\n<p>Journaliste d\u2019investigation<\/p>\n<p>Se\u0301ne\u0301gal<\/p>\n<p><b>60<\/b><\/p>\n<p>Momar Diongue<\/p>\n<p>Journaliste, directeur de publication<\/p>\n<p>Se\u0301ne\u0301gal<\/p>\n<p><b>61<\/b><\/p>\n<p>Samba Dialimpa Badji<\/p>\n<p>Journaliste<\/p>\n<p>Se\u0301ne\u0301gal<\/p>\n<p><b>62<\/b><\/p>\n<p>Bamba Kasse\u0301<\/p>\n<p>Journaliste, Secre\u0301taire ge\u0301ne\u0301ral du Synpics<\/p>\n<p>Se\u0301ne\u0301gal<\/p>\n<p><b>63<\/b><\/p>\n<p>Jacques Ngor Sarr<\/p>\n<p>Journaliste, directeur de publication<\/p>\n<p>Se\u0301ne\u0301gal<\/p>\n<p><b>64<\/b><\/p>\n<p>Adama Gaye<\/p>\n<p>Journaliste-e\u0301crivain, ancien directeur de la Communication de la CEDEAO<\/p>\n<p>Se\u0301ne\u0301gal<\/p>\n<p><b>65<\/b><\/p>\n<p>Maxime Dome\u0301gni<\/p>\n<p>Journaliste d\u2019investigation et formateur<\/p>\n<p>Togo<\/p>\n<p><b>66<\/b><\/p>\n<p>Sossou Yewa Etoname<\/p>\n<p>Journaliste<\/p>\n<p>Togo<\/p>\n<p><b>67<\/b><\/p>\n<p>Kuvo Pierre Claver<\/p>\n<p>Journaliste<\/p>\n<p>Togo<\/p>\n<p><b>68<\/b><\/p>\n<p>Silva Filomena<\/p>\n<p>Journaliste, Directrice de publication<\/p>\n<p>Cap Vert<\/p>\n<p><b>69<\/b><\/p>\n<p>Omar Faruk Osman<\/p>\n<p>Journaliste<\/p>\n<p>Somalie<\/p>\n<p><b>70<\/b><\/p>\n<p>Abubakar Mohamed Osman<\/p>\n<p>Journaliste, Shabelle Media Network<\/p>\n<p>Somalie<\/p>\n<p><b>71<\/b><\/p>\n<p>Boukary Daou<\/p>\n<p>Journaliste, directeur de publication Le Re\u0301publicain<\/p>\n<p>Mali<\/p>\n<p><b>72<\/b><\/p>\n<p>Diop Massire\u0301<\/p>\n<p>Journaliste<\/p>\n<p>Mali<\/p>\n<p><b>73<\/b><\/p>\n<p>Diallo Mariam<\/p>\n<p>Journaliste<\/p>\n<p>Mali<\/p>\n<p><b>74<\/b><\/p>\n<p>Traore\u0301 Seydou<\/p>\n<p>Journaliste<\/p>\n<p>Mali<\/p>\n<p><b>75<\/b><\/p>\n<p>Thsivis Tchivuadi<\/p>\n<p>Pre\u0301sident de Journalistes en Danger (JED<\/p>\n<p>RDC<\/p>\n<p><b>76<\/b><\/p>\n<p>Zeid Saleck<\/p>\n<p>Journaliste<\/p>\n<p>Mauritanie<\/p>\n<p><b>77<\/b><\/p>\n<p>Isine Ibanga<\/p>\n<p>Re\u0301dacteur en chef<\/p>\n<p>Nigeria<\/p>\n<p><b>78<\/b><\/p>\n<p>Hopewell Chin\u2019ono<\/p>\n<p>Journaliste d\u2019investigation<\/p>\n<p>Zimbabwe\u0301<\/p>\n<p>269<\/p>\n<p><strong>Pour plus d&rsquo;informations et d&rsquo;analyses sur la <a href=\"https:\/\/www.africa-press.net\/guinee-conakry\">Guin\u00e9e<\/a>, suivez <a href=\"https:\/\/www.africa-press.net\/\">Africa-Press<\/a><\/strong><\/p>\n","protected":false},"excerpt":{"rendered":"<p>Africa-Press &#8211; Guin\u00e9e. Rassemble\u0301s par Reporters sans frontie\u0300res (RSF), 78 journalistes africains se mobilisent autour d\u2019un appel pour le respect de la Constitution se\u0301ne\u0301galaise qui consacre la liberte\u0301 de la presse. Ils re\u0301clament la libe\u0301ration du journaliste de Dakar Matin Pape Ale\u0301 Niang, arre\u0302te\u0301 le 6 novembre 2022. Soixante-dix-huit professionnels des me\u0301dias africains demandent la [&hellip;]<\/p>\n","protected":false},"author":82,"featured_media":11207,"comment_status":"open","ping_status":"closed","sticky":false,"template":"","format":"standard","meta":{"footnotes":""},"categories":[2,10],"tags":[36,57,58],"class_list":["post-11208","post","type-post","status-publish","format-standard","has-post-thumbnail","hentry","category-politique","category-toutes-les-actualites","tag-africa-press","tag-africa-press-guinee","tag-guinee"],"yoast_head":"<!-- This site is optimized with the Yoast SEO Premium plugin v26.1 (Yoast SEO v27.0) - https:\/\/yoast.com\/product\/yoast-seo-premium-wordpress\/ -->\n<title>\u00c0 l\u2019instigation de RSF, 78 journalistes africains appellent \u00e0 la lib\u00e9ration du journaliste Pape Al\u00e9 Niang et le respect de la libert\u00e9 de la presse au S\u00e9n\u00e9gal - guinee Conakry<\/title>\n<meta name=\"robots\" content=\"index, follow, max-snippet:-1, max-image-preview:large, max-video-preview:-1\" \/>\n<link rel=\"canonical\" href=\"https:\/\/www.africa-press.net\/guinee-conakry\/politique\/a-linstigation-de-rsf-78-journalistes-africains-appellent-a-la-liberation-du-journaliste-pape-ale-niang-et-le-respect-de-la-liberte-de-la-presse-au-senegal-2\" \/>\n<meta property=\"og:locale\" content=\"fr_FR\" \/>\n<meta property=\"og:type\" content=\"article\" \/>\n<meta property=\"og:title\" content=\"\u00c0 l\u2019instigation de RSF, 78 journalistes africains appellent \u00e0 la lib\u00e9ration du journaliste Pape Al\u00e9 Niang et le respect de la libert\u00e9 de la presse au S\u00e9n\u00e9gal\" \/>\n<meta property=\"og:description\" content=\"Africa-Press &#8211; Guin\u00e9e. Rassemble\u0301s par Reporters sans frontie\u0300res (RSF), 78 journalistes africains se mobilisent autour d\u2019un appel pour le respect de la Constitution se\u0301ne\u0301galaise qui consacre la liberte\u0301 de la presse. Ils re\u0301clament la libe\u0301ration du journaliste de Dakar Matin Pape Ale\u0301 Niang, arre\u0302te\u0301 le 6 novembre 2022. Soixante-dix-huit professionnels des me\u0301dias africains demandent la [&hellip;]\" \/>\n<meta property=\"og:url\" content=\"https:\/\/www.africa-press.net\/guinee-conakry\/politique\/a-linstigation-de-rsf-78-journalistes-africains-appellent-a-la-liberation-du-journaliste-pape-ale-niang-et-le-respect-de-la-liberte-de-la-presse-au-senegal-2\" \/>\n<meta property=\"og:site_name\" content=\"guinee Conakry\" \/>\n<meta property=\"article:published_time\" content=\"2023-01-06T23:06:00+00:00\" \/>\n<meta name=\"author\" content=\"cfeditorfr\" \/>\n<meta name=\"twitter:card\" content=\"summary_large_image\" \/>\n<meta name=\"twitter:label1\" content=\"\u00c9crit par\" \/>\n\t<meta name=\"twitter:data1\" content=\"cfeditorfr\" \/>\n\t<meta name=\"twitter:label2\" content=\"Dur\u00e9e de lecture estim\u00e9e\" \/>\n\t<meta name=\"twitter:data2\" content=\"8 minutes\" \/>\n<script type=\"application\/ld+json\" class=\"yoast-schema-graph\">{\"@context\":\"https:\/\/schema.org\",\"@graph\":[{\"@type\":\"Article\",\"@id\":\"https:\/\/www.africa-press.net\/guinee-conakry\/politique\/a-linstigation-de-rsf-78-journalistes-africains-appellent-a-la-liberation-du-journaliste-pape-ale-niang-et-le-respect-de-la-liberte-de-la-presse-au-senegal-2#article\",\"isPartOf\":{\"@id\":\"https:\/\/www.africa-press.net\/guinee-conakry\/politique\/a-linstigation-de-rsf-78-journalistes-africains-appellent-a-la-liberation-du-journaliste-pape-ale-niang-et-le-respect-de-la-liberte-de-la-presse-au-senegal-2\"},\"author\":{\"name\":\"cfeditorfr\",\"@id\":\"https:\/\/www.africa-press.net\/guinee-conakry\/#\/schema\/person\/2b1cf3cd81a31e3cd26889ca66d677f1\"},\"headline\":\"\u00c0 l\u2019instigation de RSF, 78 journalistes africains appellent \u00e0 la lib\u00e9ration du journaliste Pape Al\u00e9 Niang et le respect de la libert\u00e9 de la presse au S\u00e9n\u00e9gal\",\"datePublished\":\"2023-01-06T23:06:00+00:00\",\"mainEntityOfPage\":{\"@id\":\"https:\/\/www.africa-press.net\/guinee-conakry\/politique\/a-linstigation-de-rsf-78-journalistes-africains-appellent-a-la-liberation-du-journaliste-pape-ale-niang-et-le-respect-de-la-liberte-de-la-presse-au-senegal-2\"},\"wordCount\":1632,\"commentCount\":0,\"image\":{\"@id\":\"https:\/\/www.africa-press.net\/guinee-conakry\/politique\/a-linstigation-de-rsf-78-journalistes-africains-appellent-a-la-liberation-du-journaliste-pape-ale-niang-et-le-respect-de-la-liberte-de-la-presse-au-senegal-2#primaryimage\"},\"thumbnailUrl\":\"https:\/\/static.africa-press.net\/conakry\/sites\/63\/2023\/01\/Jokar1673033791.781453.jpg\",\"keywords\":[\"Africa Press\",\"Africa Press-Guin\u00e9e\",\"Guin\u00e9e\"],\"articleSection\":[\"Politique\",\"Toutes les actualit\u00e9s\"],\"inLanguage\":\"fr-FR\",\"potentialAction\":[{\"@type\":\"CommentAction\",\"name\":\"Comment\",\"target\":[\"https:\/\/www.africa-press.net\/guinee-conakry\/politique\/a-linstigation-de-rsf-78-journalistes-africains-appellent-a-la-liberation-du-journaliste-pape-ale-niang-et-le-respect-de-la-liberte-de-la-presse-au-senegal-2#respond\"]}]},{\"@type\":\"WebPage\",\"@id\":\"https:\/\/www.africa-press.net\/guinee-conakry\/politique\/a-linstigation-de-rsf-78-journalistes-africains-appellent-a-la-liberation-du-journaliste-pape-ale-niang-et-le-respect-de-la-liberte-de-la-presse-au-senegal-2\",\"url\":\"https:\/\/www.africa-press.net\/guinee-conakry\/politique\/a-linstigation-de-rsf-78-journalistes-africains-appellent-a-la-liberation-du-journaliste-pape-ale-niang-et-le-respect-de-la-liberte-de-la-presse-au-senegal-2\",\"name\":\"\u00c0 l\u2019instigation de RSF, 78 journalistes africains appellent \u00e0 la lib\u00e9ration du journaliste Pape Al\u00e9 Niang et le respect de la libert\u00e9 de la presse au S\u00e9n\u00e9gal - guinee Conakry\",\"isPartOf\":{\"@id\":\"https:\/\/www.africa-press.net\/guinee-conakry\/#website\"},\"primaryImageOfPage\":{\"@id\":\"https:\/\/www.africa-press.net\/guinee-conakry\/politique\/a-linstigation-de-rsf-78-journalistes-africains-appellent-a-la-liberation-du-journaliste-pape-ale-niang-et-le-respect-de-la-liberte-de-la-presse-au-senegal-2#primaryimage\"},\"image\":{\"@id\":\"https:\/\/www.africa-press.net\/guinee-conakry\/politique\/a-linstigation-de-rsf-78-journalistes-africains-appellent-a-la-liberation-du-journaliste-pape-ale-niang-et-le-respect-de-la-liberte-de-la-presse-au-senegal-2#primaryimage\"},\"thumbnailUrl\":\"https:\/\/static.africa-press.net\/conakry\/sites\/63\/2023\/01\/Jokar1673033791.781453.jpg\",\"datePublished\":\"2023-01-06T23:06:00+00:00\",\"author\":{\"@id\":\"https:\/\/www.africa-press.net\/guinee-conakry\/#\/schema\/person\/2b1cf3cd81a31e3cd26889ca66d677f1\"},\"breadcrumb\":{\"@id\":\"https:\/\/www.africa-press.net\/guinee-conakry\/politique\/a-linstigation-de-rsf-78-journalistes-africains-appellent-a-la-liberation-du-journaliste-pape-ale-niang-et-le-respect-de-la-liberte-de-la-presse-au-senegal-2#breadcrumb\"},\"inLanguage\":\"fr-FR\",\"potentialAction\":[{\"@type\":\"ReadAction\",\"target\":[\"https:\/\/www.africa-press.net\/guinee-conakry\/politique\/a-linstigation-de-rsf-78-journalistes-africains-appellent-a-la-liberation-du-journaliste-pape-ale-niang-et-le-respect-de-la-liberte-de-la-presse-au-senegal-2\"]}]},{\"@type\":\"ImageObject\",\"inLanguage\":\"fr-FR\",\"@id\":\"https:\/\/www.africa-press.net\/guinee-conakry\/politique\/a-linstigation-de-rsf-78-journalistes-africains-appellent-a-la-liberation-du-journaliste-pape-ale-niang-et-le-respect-de-la-liberte-de-la-presse-au-senegal-2#primaryimage\",\"url\":\"https:\/\/static.africa-press.net\/conakry\/sites\/63\/2023\/01\/Jokar1673033791.781453.jpg\",\"contentUrl\":\"https:\/\/static.africa-press.net\/conakry\/sites\/63\/2023\/01\/Jokar1673033791.781453.jpg\",\"width\":567,\"height\":434,\"caption\":\"\u00c0 l\u2019instigation de RSF, 78 journalistes africains appellent \u00e0 la lib\u00e9ration du journaliste Pape Al\u00e9 Niang et le respect de la libert\u00e9 de la presse au S\u00e9n\u00e9gal\"},{\"@type\":\"BreadcrumbList\",\"@id\":\"https:\/\/www.africa-press.net\/guinee-conakry\/politique\/a-linstigation-de-rsf-78-journalistes-africains-appellent-a-la-liberation-du-journaliste-pape-ale-niang-et-le-respect-de-la-liberte-de-la-presse-au-senegal-2#breadcrumb\",\"itemListElement\":[{\"@type\":\"ListItem\",\"position\":1,\"name\":\"Accueil\",\"item\":\"https:\/\/www.africa-press.net\/guinee-conakry\/\"},{\"@type\":\"ListItem\",\"position\":2,\"name\":\"\u00c0 l\u2019instigation de RSF, 78 journalistes africains appellent \u00e0 la lib\u00e9ration du journaliste Pape Al\u00e9 Niang et le respect de la libert\u00e9 de la presse au S\u00e9n\u00e9gal\"}]},{\"@type\":\"WebSite\",\"@id\":\"https:\/\/www.africa-press.net\/guinee-conakry\/#website\",\"url\":\"https:\/\/www.africa-press.net\/guinee-conakry\/\",\"name\":\"guinee Conakry\",\"description\":\"Just another Africa News Agency Sites site\",\"potentialAction\":[{\"@type\":\"SearchAction\",\"target\":{\"@type\":\"EntryPoint\",\"urlTemplate\":\"https:\/\/www.africa-press.net\/guinee-conakry\/?s={search_term_string}\"},\"query-input\":{\"@type\":\"PropertyValueSpecification\",\"valueRequired\":true,\"valueName\":\"search_term_string\"}}],\"inLanguage\":\"fr-FR\"},{\"@type\":\"Person\",\"@id\":\"https:\/\/www.africa-press.net\/guinee-conakry\/#\/schema\/person\/2b1cf3cd81a31e3cd26889ca66d677f1\",\"name\":\"cfeditorfr\"}]}<\/script>\n<!-- \/ Yoast SEO Premium plugin. -->","yoast_head_json":{"title":"\u00c0 l\u2019instigation de RSF, 78 journalistes africains appellent \u00e0 la lib\u00e9ration du journaliste Pape Al\u00e9 Niang et le respect de la libert\u00e9 de la presse au S\u00e9n\u00e9gal - guinee Conakry","robots":{"index":"index","follow":"follow","max-snippet":"max-snippet:-1","max-image-preview":"max-image-preview:large","max-video-preview":"max-video-preview:-1"},"canonical":"https:\/\/www.africa-press.net\/guinee-conakry\/politique\/a-linstigation-de-rsf-78-journalistes-africains-appellent-a-la-liberation-du-journaliste-pape-ale-niang-et-le-respect-de-la-liberte-de-la-presse-au-senegal-2","og_locale":"fr_FR","og_type":"article","og_title":"\u00c0 l\u2019instigation de RSF, 78 journalistes africains appellent \u00e0 la lib\u00e9ration du journaliste Pape Al\u00e9 Niang et le respect de la libert\u00e9 de la presse au S\u00e9n\u00e9gal","og_description":"Africa-Press &#8211; Guin\u00e9e. Rassemble\u0301s par Reporters sans frontie\u0300res (RSF), 78 journalistes africains se mobilisent autour d\u2019un appel pour le respect de la Constitution se\u0301ne\u0301galaise qui consacre la liberte\u0301 de la presse. Ils re\u0301clament la libe\u0301ration du journaliste de Dakar Matin Pape Ale\u0301 Niang, arre\u0302te\u0301 le 6 novembre 2022. Soixante-dix-huit professionnels des me\u0301dias africains demandent la [&hellip;]","og_url":"https:\/\/www.africa-press.net\/guinee-conakry\/politique\/a-linstigation-de-rsf-78-journalistes-africains-appellent-a-la-liberation-du-journaliste-pape-ale-niang-et-le-respect-de-la-liberte-de-la-presse-au-senegal-2","og_site_name":"guinee Conakry","article_published_time":"2023-01-06T23:06:00+00:00","author":"cfeditorfr","twitter_card":"summary_large_image","twitter_misc":{"\u00c9crit par":"cfeditorfr","Dur\u00e9e de lecture estim\u00e9e":"8 minutes"},"schema":{"@context":"https:\/\/schema.org","@graph":[{"@type":"Article","@id":"https:\/\/www.africa-press.net\/guinee-conakry\/politique\/a-linstigation-de-rsf-78-journalistes-africains-appellent-a-la-liberation-du-journaliste-pape-ale-niang-et-le-respect-de-la-liberte-de-la-presse-au-senegal-2#article","isPartOf":{"@id":"https:\/\/www.africa-press.net\/guinee-conakry\/politique\/a-linstigation-de-rsf-78-journalistes-africains-appellent-a-la-liberation-du-journaliste-pape-ale-niang-et-le-respect-de-la-liberte-de-la-presse-au-senegal-2"},"author":{"name":"cfeditorfr","@id":"https:\/\/www.africa-press.net\/guinee-conakry\/#\/schema\/person\/2b1cf3cd81a31e3cd26889ca66d677f1"},"headline":"\u00c0 l\u2019instigation de RSF, 78 journalistes africains appellent \u00e0 la lib\u00e9ration du journaliste Pape Al\u00e9 Niang et le respect de la libert\u00e9 de la presse au S\u00e9n\u00e9gal","datePublished":"2023-01-06T23:06:00+00:00","mainEntityOfPage":{"@id":"https:\/\/www.africa-press.net\/guinee-conakry\/politique\/a-linstigation-de-rsf-78-journalistes-africains-appellent-a-la-liberation-du-journaliste-pape-ale-niang-et-le-respect-de-la-liberte-de-la-presse-au-senegal-2"},"wordCount":1632,"commentCount":0,"image":{"@id":"https:\/\/www.africa-press.net\/guinee-conakry\/politique\/a-linstigation-de-rsf-78-journalistes-africains-appellent-a-la-liberation-du-journaliste-pape-ale-niang-et-le-respect-de-la-liberte-de-la-presse-au-senegal-2#primaryimage"},"thumbnailUrl":"https:\/\/static.africa-press.net\/conakry\/sites\/63\/2023\/01\/Jokar1673033791.781453.jpg","keywords":["Africa Press","Africa Press-Guin\u00e9e","Guin\u00e9e"],"articleSection":["Politique","Toutes les actualit\u00e9s"],"inLanguage":"fr-FR","potentialAction":[{"@type":"CommentAction","name":"Comment","target":["https:\/\/www.africa-press.net\/guinee-conakry\/politique\/a-linstigation-de-rsf-78-journalistes-africains-appellent-a-la-liberation-du-journaliste-pape-ale-niang-et-le-respect-de-la-liberte-de-la-presse-au-senegal-2#respond"]}]},{"@type":"WebPage","@id":"https:\/\/www.africa-press.net\/guinee-conakry\/politique\/a-linstigation-de-rsf-78-journalistes-africains-appellent-a-la-liberation-du-journaliste-pape-ale-niang-et-le-respect-de-la-liberte-de-la-presse-au-senegal-2","url":"https:\/\/www.africa-press.net\/guinee-conakry\/politique\/a-linstigation-de-rsf-78-journalistes-africains-appellent-a-la-liberation-du-journaliste-pape-ale-niang-et-le-respect-de-la-liberte-de-la-presse-au-senegal-2","name":"\u00c0 l\u2019instigation de RSF, 78 journalistes africains appellent \u00e0 la lib\u00e9ration du journaliste Pape Al\u00e9 Niang et le respect de la libert\u00e9 de la presse au S\u00e9n\u00e9gal - guinee Conakry","isPartOf":{"@id":"https:\/\/www.africa-press.net\/guinee-conakry\/#website"},"primaryImageOfPage":{"@id":"https:\/\/www.africa-press.net\/guinee-conakry\/politique\/a-linstigation-de-rsf-78-journalistes-africains-appellent-a-la-liberation-du-journaliste-pape-ale-niang-et-le-respect-de-la-liberte-de-la-presse-au-senegal-2#primaryimage"},"image":{"@id":"https:\/\/www.africa-press.net\/guinee-conakry\/politique\/a-linstigation-de-rsf-78-journalistes-africains-appellent-a-la-liberation-du-journaliste-pape-ale-niang-et-le-respect-de-la-liberte-de-la-presse-au-senegal-2#primaryimage"},"thumbnailUrl":"https:\/\/static.africa-press.net\/conakry\/sites\/63\/2023\/01\/Jokar1673033791.781453.jpg","datePublished":"2023-01-06T23:06:00+00:00","author":{"@id":"https:\/\/www.africa-press.net\/guinee-conakry\/#\/schema\/person\/2b1cf3cd81a31e3cd26889ca66d677f1"},"breadcrumb":{"@id":"https:\/\/www.africa-press.net\/guinee-conakry\/politique\/a-linstigation-de-rsf-78-journalistes-africains-appellent-a-la-liberation-du-journaliste-pape-ale-niang-et-le-respect-de-la-liberte-de-la-presse-au-senegal-2#breadcrumb"},"inLanguage":"fr-FR","potentialAction":[{"@type":"ReadAction","target":["https:\/\/www.africa-press.net\/guinee-conakry\/politique\/a-linstigation-de-rsf-78-journalistes-africains-appellent-a-la-liberation-du-journaliste-pape-ale-niang-et-le-respect-de-la-liberte-de-la-presse-au-senegal-2"]}]},{"@type":"ImageObject","inLanguage":"fr-FR","@id":"https:\/\/www.africa-press.net\/guinee-conakry\/politique\/a-linstigation-de-rsf-78-journalistes-africains-appellent-a-la-liberation-du-journaliste-pape-ale-niang-et-le-respect-de-la-liberte-de-la-presse-au-senegal-2#primaryimage","url":"https:\/\/static.africa-press.net\/conakry\/sites\/63\/2023\/01\/Jokar1673033791.781453.jpg","contentUrl":"https:\/\/static.africa-press.net\/conakry\/sites\/63\/2023\/01\/Jokar1673033791.781453.jpg","width":567,"height":434,"caption":"\u00c0 l\u2019instigation de RSF, 78 journalistes africains appellent \u00e0 la lib\u00e9ration du journaliste Pape Al\u00e9 Niang et le respect de la libert\u00e9 de la presse au S\u00e9n\u00e9gal"},{"@type":"BreadcrumbList","@id":"https:\/\/www.africa-press.net\/guinee-conakry\/politique\/a-linstigation-de-rsf-78-journalistes-africains-appellent-a-la-liberation-du-journaliste-pape-ale-niang-et-le-respect-de-la-liberte-de-la-presse-au-senegal-2#breadcrumb","itemListElement":[{"@type":"ListItem","position":1,"name":"Accueil","item":"https:\/\/www.africa-press.net\/guinee-conakry\/"},{"@type":"ListItem","position":2,"name":"\u00c0 l\u2019instigation de RSF, 78 journalistes africains appellent \u00e0 la lib\u00e9ration du journaliste Pape Al\u00e9 Niang et le respect de la libert\u00e9 de la presse au S\u00e9n\u00e9gal"}]},{"@type":"WebSite","@id":"https:\/\/www.africa-press.net\/guinee-conakry\/#website","url":"https:\/\/www.africa-press.net\/guinee-conakry\/","name":"guinee Conakry","description":"Just another Africa News Agency Sites site","potentialAction":[{"@type":"SearchAction","target":{"@type":"EntryPoint","urlTemplate":"https:\/\/www.africa-press.net\/guinee-conakry\/?s={search_term_string}"},"query-input":{"@type":"PropertyValueSpecification","valueRequired":true,"valueName":"search_term_string"}}],"inLanguage":"fr-FR"},{"@type":"Person","@id":"https:\/\/www.africa-press.net\/guinee-conakry\/#\/schema\/person\/2b1cf3cd81a31e3cd26889ca66d677f1","name":"cfeditorfr"}]}},"_links":{"self":[{"href":"https:\/\/www.africa-press.net\/guinee-conakry\/wp-json\/wp\/v2\/posts\/11208","targetHints":{"allow":["GET"]}}],"collection":[{"href":"https:\/\/www.africa-press.net\/guinee-conakry\/wp-json\/wp\/v2\/posts"}],"about":[{"href":"https:\/\/www.africa-press.net\/guinee-conakry\/wp-json\/wp\/v2\/types\/post"}],"author":[{"embeddable":true,"href":"https:\/\/www.africa-press.net\/guinee-conakry\/wp-json\/wp\/v2\/users\/82"}],"replies":[{"embeddable":true,"href":"https:\/\/www.africa-press.net\/guinee-conakry\/wp-json\/wp\/v2\/comments?post=11208"}],"version-history":[{"count":0,"href":"https:\/\/www.africa-press.net\/guinee-conakry\/wp-json\/wp\/v2\/posts\/11208\/revisions"}],"wp:featuredmedia":[{"embeddable":true,"href":"https:\/\/www.africa-press.net\/guinee-conakry\/wp-json\/wp\/v2\/media\/11207"}],"wp:attachment":[{"href":"https:\/\/www.africa-press.net\/guinee-conakry\/wp-json\/wp\/v2\/media?parent=11208"}],"wp:term":[{"taxonomy":"category","embeddable":true,"href":"https:\/\/www.africa-press.net\/guinee-conakry\/wp-json\/wp\/v2\/categories?post=11208"},{"taxonomy":"post_tag","embeddable":true,"href":"https:\/\/www.africa-press.net\/guinee-conakry\/wp-json\/wp\/v2\/tags?post=11208"}],"curies":[{"name":"wp","href":"https:\/\/api.w.org\/{rel}","templated":true}]}}