{"id":11210,"date":"2023-01-06T23:09:00","date_gmt":"2023-01-06T23:09:00","guid":{"rendered":"https:\/\/www.africa-press.net\/guinee-conakry\/politique\/transition-en-guinee-abdourahmane-sanoh-sera-juge-lundi-pour-participation-delictueuse-a-une-reunion"},"modified":"2023-01-06T23:09:00","modified_gmt":"2023-01-06T23:09:00","slug":"transition-en-guinee-abdourahmane-sanoh-sera-juge-lundi-pour-participation-delictueuse-a-une-reunion","status":"publish","type":"post","link":"https:\/\/www.africa-press.net\/guinee-conakry\/politique\/transition-en-guinee-abdourahmane-sanoh-sera-juge-lundi-pour-participation-delictueuse-a-une-reunion","title":{"rendered":"Transition en Guin\u00e9e : Abdourahmane Sanoh sera jug\u00e9 lundi pour participation d\u00e9lictueuse \u00e0 une r\u00e9union"},"content":{"rendered":"<p><span style=\"color: #ff6600\"><strong>Africa-Press &#8211; Guin\u00e9e. <\/strong><\/span>l\u2019ancien ministre Abdourahmane Sanoh, ancien coordinateur du Front national pour la de\u0301fense de la constitution et Pre\u0301sident de la Plateforme des citoyens unis pour le de\u0301veloppement (PCUD), apre\u0300s avoir passe\u0301 une bonne partie de journe\u0301e de ce vendredi, 6 janvier 2023, dans les locaux de la Direction centrale des investigations judiciaires de la gendarmerie nationale (DCIJ\/GN) a e\u0301te\u0301 autorise\u0301 a\u0300 rentrer chez lui, a\u0300 la maison.<\/p>\n<p>Mais, son dossier, qui a e\u0301te\u0301 boucle\u0301 a\u0300 la DCIJ\/GN, a e\u0301te\u0301 transfe\u0301re\u0301 au tribunal de Mafanco. L\u2019ancien ministre de l\u2019Agriculture a e\u0301te\u0301 inculpe\u0301 pour participation de\u0301lictueuse a\u0300 une re\u0301union.<\/p>\n<p>L\u2019audience est programme\u0301e lundi prochain, 9 janvier 2023, selon monsieur Abdourahmane Sanoh, qui continue de garder la se\u0301re\u0301nite\u0301 qu\u2019on lui connait.<\/p>\n<p><strong>Pour plus d&rsquo;informations et d&rsquo;analyses sur la <a href=\"https:\/\/www.africa-press.net\/guinee-conakry\">Guin\u00e9e<\/a>, suivez <a href=\"https:\/\/www.africa-press.net\/\">Africa-Press<\/a><\/strong><\/p>\n","protected":false},"excerpt":{"rendered":"<p>Africa-Press &#8211; Guin\u00e9e. l\u2019ancien ministre Abdourahmane Sanoh, ancien coordinateur du Front national pour la de\u0301fense de la constitution et Pre\u0301sident de la Plateforme des citoyens unis pour le de\u0301veloppement (PCUD), apre\u0300s avoir passe\u0301 une bonne partie de journe\u0301e de ce vendredi, 6 janvier 2023, dans les locaux de la Direction centrale des investigations judiciaires de [&hellip;]<\/p>\n","protected":false},"author":82,"featured_media":11209,"comment_status":"open","ping_status":"closed","sticky":false,"template":"","format":"standard","meta":{"footnotes":""},"categories":[2,10],"tags":[36,57,58],"class_list":["post-11210","post","type-post","status-publish","format-standard","has-post-thumbnail","hentry","category-politique","category-toutes-les-actualites","tag-africa-press","tag-africa-press-guinee","tag-guinee"],"yoast_head":"<!-- This site is optimized with the Yoast SEO Premium plugin v26.1 (Yoast SEO v27.0) - https:\/\/yoast.com\/product\/yoast-seo-premium-wordpress\/ -->\n<title>Transition en Guin\u00e9e : Abdourahmane Sanoh sera jug\u00e9 lundi pour participation d\u00e9lictueuse \u00e0 une r\u00e9union - guinee Conakry<\/title>\n<meta name=\"robots\" content=\"index, follow, max-snippet:-1, max-image-preview:large, max-video-preview:-1\" \/>\n<link rel=\"canonical\" href=\"https:\/\/www.africa-press.net\/guinee-conakry\/politique\/transition-en-guinee-abdourahmane-sanoh-sera-juge-lundi-pour-participation-delictueuse-a-une-reunion\" \/>\n<meta property=\"og:locale\" content=\"fr_FR\" \/>\n<meta property=\"og:type\" content=\"article\" \/>\n<meta property=\"og:title\" content=\"Transition en Guin\u00e9e : Abdourahmane Sanoh sera jug\u00e9 lundi pour participation d\u00e9lictueuse \u00e0 une r\u00e9union\" \/>\n<meta property=\"og:description\" content=\"Africa-Press &#8211; Guin\u00e9e. l\u2019ancien ministre Abdourahmane Sanoh, ancien coordinateur du Front national pour la de\u0301fense de la constitution et Pre\u0301sident de la Plateforme des citoyens unis pour le de\u0301veloppement (PCUD), apre\u0300s avoir passe\u0301 une bonne partie de journe\u0301e de ce vendredi, 6 janvier 2023, dans les locaux de la Direction centrale des investigations judiciaires de [&hellip;]\" \/>\n<meta property=\"og:url\" content=\"https:\/\/www.africa-press.net\/guinee-conakry\/politique\/transition-en-guinee-abdourahmane-sanoh-sera-juge-lundi-pour-participation-delictueuse-a-une-reunion\" \/>\n<meta property=\"og:site_name\" content=\"guinee Conakry\" \/>\n<meta property=\"article:published_time\" content=\"2023-01-06T23:09:00+00:00\" \/>\n<meta name=\"author\" content=\"cfeditorfr\" \/>\n<meta name=\"twitter:card\" content=\"summary_large_image\" \/>\n<meta name=\"twitter:label1\" content=\"\u00c9crit par\" \/>\n\t<meta name=\"twitter:data1\" content=\"cfeditorfr\" \/>\n\t<meta name=\"twitter:label2\" content=\"Dur\u00e9e de lecture estim\u00e9e\" \/>\n\t<meta name=\"twitter:data2\" content=\"1 minute\" \/>\n<script type=\"application\/ld+json\" class=\"yoast-schema-graph\">{\"@context\":\"https:\/\/schema.org\",\"@graph\":[{\"@type\":\"Article\",\"@id\":\"https:\/\/www.africa-press.net\/guinee-conakry\/politique\/transition-en-guinee-abdourahmane-sanoh-sera-juge-lundi-pour-participation-delictueuse-a-une-reunion#article\",\"isPartOf\":{\"@id\":\"https:\/\/www.africa-press.net\/guinee-conakry\/politique\/transition-en-guinee-abdourahmane-sanoh-sera-juge-lundi-pour-participation-delictueuse-a-une-reunion\"},\"author\":{\"name\":\"cfeditorfr\",\"@id\":\"https:\/\/www.africa-press.net\/guinee-conakry\/#\/schema\/person\/2b1cf3cd81a31e3cd26889ca66d677f1\"},\"headline\":\"Transition en Guin\u00e9e : Abdourahmane Sanoh sera jug\u00e9 lundi pour participation d\u00e9lictueuse \u00e0 une r\u00e9union\",\"datePublished\":\"2023-01-06T23:09:00+00:00\",\"mainEntityOfPage\":{\"@id\":\"https:\/\/www.africa-press.net\/guinee-conakry\/politique\/transition-en-guinee-abdourahmane-sanoh-sera-juge-lundi-pour-participation-delictueuse-a-une-reunion\"},\"wordCount\":168,\"commentCount\":0,\"image\":{\"@id\":\"https:\/\/www.africa-press.net\/guinee-conakry\/politique\/transition-en-guinee-abdourahmane-sanoh-sera-juge-lundi-pour-participation-delictueuse-a-une-reunion#primaryimage\"},\"thumbnailUrl\":\"https:\/\/static.africa-press.net\/conakry\/sites\/63\/2023\/01\/Jokar1673033971.035779.jpg\",\"keywords\":[\"Africa Press\",\"Africa Press-Guin\u00e9e\",\"Guin\u00e9e\"],\"articleSection\":[\"Politique\",\"Toutes les actualit\u00e9s\"],\"inLanguage\":\"fr-FR\",\"potentialAction\":[{\"@type\":\"CommentAction\",\"name\":\"Comment\",\"target\":[\"https:\/\/www.africa-press.net\/guinee-conakry\/politique\/transition-en-guinee-abdourahmane-sanoh-sera-juge-lundi-pour-participation-delictueuse-a-une-reunion#respond\"]}]},{\"@type\":\"WebPage\",\"@id\":\"https:\/\/www.africa-press.net\/guinee-conakry\/politique\/transition-en-guinee-abdourahmane-sanoh-sera-juge-lundi-pour-participation-delictueuse-a-une-reunion\",\"url\":\"https:\/\/www.africa-press.net\/guinee-conakry\/politique\/transition-en-guinee-abdourahmane-sanoh-sera-juge-lundi-pour-participation-delictueuse-a-une-reunion\",\"name\":\"Transition en Guin\u00e9e : Abdourahmane Sanoh sera jug\u00e9 lundi pour participation d\u00e9lictueuse \u00e0 une r\u00e9union - guinee Conakry\",\"isPartOf\":{\"@id\":\"https:\/\/www.africa-press.net\/guinee-conakry\/#website\"},\"primaryImageOfPage\":{\"@id\":\"https:\/\/www.africa-press.net\/guinee-conakry\/politique\/transition-en-guinee-abdourahmane-sanoh-sera-juge-lundi-pour-participation-delictueuse-a-une-reunion#primaryimage\"},\"image\":{\"@id\":\"https:\/\/www.africa-press.net\/guinee-conakry\/politique\/transition-en-guinee-abdourahmane-sanoh-sera-juge-lundi-pour-participation-delictueuse-a-une-reunion#primaryimage\"},\"thumbnailUrl\":\"https:\/\/static.africa-press.net\/conakry\/sites\/63\/2023\/01\/Jokar1673033971.035779.jpg\",\"datePublished\":\"2023-01-06T23:09:00+00:00\",\"author\":{\"@id\":\"https:\/\/www.africa-press.net\/guinee-conakry\/#\/schema\/person\/2b1cf3cd81a31e3cd26889ca66d677f1\"},\"breadcrumb\":{\"@id\":\"https:\/\/www.africa-press.net\/guinee-conakry\/politique\/transition-en-guinee-abdourahmane-sanoh-sera-juge-lundi-pour-participation-delictueuse-a-une-reunion#breadcrumb\"},\"inLanguage\":\"fr-FR\",\"potentialAction\":[{\"@type\":\"ReadAction\",\"target\":[\"https:\/\/www.africa-press.net\/guinee-conakry\/politique\/transition-en-guinee-abdourahmane-sanoh-sera-juge-lundi-pour-participation-delictueuse-a-une-reunion\"]}]},{\"@type\":\"ImageObject\",\"inLanguage\":\"fr-FR\",\"@id\":\"https:\/\/www.africa-press.net\/guinee-conakry\/politique\/transition-en-guinee-abdourahmane-sanoh-sera-juge-lundi-pour-participation-delictueuse-a-une-reunion#primaryimage\",\"url\":\"https:\/\/static.africa-press.net\/conakry\/sites\/63\/2023\/01\/Jokar1673033971.035779.jpg\",\"contentUrl\":\"https:\/\/static.africa-press.net\/conakry\/sites\/63\/2023\/01\/Jokar1673033971.035779.jpg\",\"width\":712,\"height\":693,\"caption\":\"Transition en Guin\u00e9e : Abdourahmane Sanoh sera jug\u00e9 lundi pour participation d\u00e9lictueuse \u00e0 une r\u00e9union\"},{\"@type\":\"BreadcrumbList\",\"@id\":\"https:\/\/www.africa-press.net\/guinee-conakry\/politique\/transition-en-guinee-abdourahmane-sanoh-sera-juge-lundi-pour-participation-delictueuse-a-une-reunion#breadcrumb\",\"itemListElement\":[{\"@type\":\"ListItem\",\"position\":1,\"name\":\"Accueil\",\"item\":\"https:\/\/www.africa-press.net\/guinee-conakry\/\"},{\"@type\":\"ListItem\",\"position\":2,\"name\":\"Transition en Guin\u00e9e : Abdourahmane Sanoh sera jug\u00e9 lundi pour participation d\u00e9lictueuse \u00e0 une r\u00e9union\"}]},{\"@type\":\"WebSite\",\"@id\":\"https:\/\/www.africa-press.net\/guinee-conakry\/#website\",\"url\":\"https:\/\/www.africa-press.net\/guinee-conakry\/\",\"name\":\"guinee Conakry\",\"description\":\"Just another Africa News Agency Sites site\",\"potentialAction\":[{\"@type\":\"SearchAction\",\"target\":{\"@type\":\"EntryPoint\",\"urlTemplate\":\"https:\/\/www.africa-press.net\/guinee-conakry\/?s={search_term_string}\"},\"query-input\":{\"@type\":\"PropertyValueSpecification\",\"valueRequired\":true,\"valueName\":\"search_term_string\"}}],\"inLanguage\":\"fr-FR\"},{\"@type\":\"Person\",\"@id\":\"https:\/\/www.africa-press.net\/guinee-conakry\/#\/schema\/person\/2b1cf3cd81a31e3cd26889ca66d677f1\",\"name\":\"cfeditorfr\"}]}<\/script>\n<!-- \/ Yoast SEO Premium plugin. -->","yoast_head_json":{"title":"Transition en Guin\u00e9e : Abdourahmane Sanoh sera jug\u00e9 lundi pour participation d\u00e9lictueuse \u00e0 une r\u00e9union - guinee Conakry","robots":{"index":"index","follow":"follow","max-snippet":"max-snippet:-1","max-image-preview":"max-image-preview:large","max-video-preview":"max-video-preview:-1"},"canonical":"https:\/\/www.africa-press.net\/guinee-conakry\/politique\/transition-en-guinee-abdourahmane-sanoh-sera-juge-lundi-pour-participation-delictueuse-a-une-reunion","og_locale":"fr_FR","og_type":"article","og_title":"Transition en Guin\u00e9e : Abdourahmane Sanoh sera jug\u00e9 lundi pour participation d\u00e9lictueuse \u00e0 une r\u00e9union","og_description":"Africa-Press &#8211; Guin\u00e9e. l\u2019ancien ministre Abdourahmane Sanoh, ancien coordinateur du Front national pour la de\u0301fense de la constitution et Pre\u0301sident de la Plateforme des citoyens unis pour le de\u0301veloppement (PCUD), apre\u0300s avoir passe\u0301 une bonne partie de journe\u0301e de ce vendredi, 6 janvier 2023, dans les locaux de la Direction centrale des investigations judiciaires de [&hellip;]","og_url":"https:\/\/www.africa-press.net\/guinee-conakry\/politique\/transition-en-guinee-abdourahmane-sanoh-sera-juge-lundi-pour-participation-delictueuse-a-une-reunion","og_site_name":"guinee Conakry","article_published_time":"2023-01-06T23:09:00+00:00","author":"cfeditorfr","twitter_card":"summary_large_image","twitter_misc":{"\u00c9crit par":"cfeditorfr","Dur\u00e9e de lecture estim\u00e9e":"1 minute"},"schema":{"@context":"https:\/\/schema.org","@graph":[{"@type":"Article","@id":"https:\/\/www.africa-press.net\/guinee-conakry\/politique\/transition-en-guinee-abdourahmane-sanoh-sera-juge-lundi-pour-participation-delictueuse-a-une-reunion#article","isPartOf":{"@id":"https:\/\/www.africa-press.net\/guinee-conakry\/politique\/transition-en-guinee-abdourahmane-sanoh-sera-juge-lundi-pour-participation-delictueuse-a-une-reunion"},"author":{"name":"cfeditorfr","@id":"https:\/\/www.africa-press.net\/guinee-conakry\/#\/schema\/person\/2b1cf3cd81a31e3cd26889ca66d677f1"},"headline":"Transition en Guin\u00e9e : Abdourahmane Sanoh sera jug\u00e9 lundi pour participation d\u00e9lictueuse \u00e0 une r\u00e9union","datePublished":"2023-01-06T23:09:00+00:00","mainEntityOfPage":{"@id":"https:\/\/www.africa-press.net\/guinee-conakry\/politique\/transition-en-guinee-abdourahmane-sanoh-sera-juge-lundi-pour-participation-delictueuse-a-une-reunion"},"wordCount":168,"commentCount":0,"image":{"@id":"https:\/\/www.africa-press.net\/guinee-conakry\/politique\/transition-en-guinee-abdourahmane-sanoh-sera-juge-lundi-pour-participation-delictueuse-a-une-reunion#primaryimage"},"thumbnailUrl":"https:\/\/static.africa-press.net\/conakry\/sites\/63\/2023\/01\/Jokar1673033971.035779.jpg","keywords":["Africa Press","Africa Press-Guin\u00e9e","Guin\u00e9e"],"articleSection":["Politique","Toutes les actualit\u00e9s"],"inLanguage":"fr-FR","potentialAction":[{"@type":"CommentAction","name":"Comment","target":["https:\/\/www.africa-press.net\/guinee-conakry\/politique\/transition-en-guinee-abdourahmane-sanoh-sera-juge-lundi-pour-participation-delictueuse-a-une-reunion#respond"]}]},{"@type":"WebPage","@id":"https:\/\/www.africa-press.net\/guinee-conakry\/politique\/transition-en-guinee-abdourahmane-sanoh-sera-juge-lundi-pour-participation-delictueuse-a-une-reunion","url":"https:\/\/www.africa-press.net\/guinee-conakry\/politique\/transition-en-guinee-abdourahmane-sanoh-sera-juge-lundi-pour-participation-delictueuse-a-une-reunion","name":"Transition en Guin\u00e9e : Abdourahmane Sanoh sera jug\u00e9 lundi pour participation d\u00e9lictueuse \u00e0 une r\u00e9union - guinee Conakry","isPartOf":{"@id":"https:\/\/www.africa-press.net\/guinee-conakry\/#website"},"primaryImageOfPage":{"@id":"https:\/\/www.africa-press.net\/guinee-conakry\/politique\/transition-en-guinee-abdourahmane-sanoh-sera-juge-lundi-pour-participation-delictueuse-a-une-reunion#primaryimage"},"image":{"@id":"https:\/\/www.africa-press.net\/guinee-conakry\/politique\/transition-en-guinee-abdourahmane-sanoh-sera-juge-lundi-pour-participation-delictueuse-a-une-reunion#primaryimage"},"thumbnailUrl":"https:\/\/static.africa-press.net\/conakry\/sites\/63\/2023\/01\/Jokar1673033971.035779.jpg","datePublished":"2023-01-06T23:09:00+00:00","author":{"@id":"https:\/\/www.africa-press.net\/guinee-conakry\/#\/schema\/person\/2b1cf3cd81a31e3cd26889ca66d677f1"},"breadcrumb":{"@id":"https:\/\/www.africa-press.net\/guinee-conakry\/politique\/transition-en-guinee-abdourahmane-sanoh-sera-juge-lundi-pour-participation-delictueuse-a-une-reunion#breadcrumb"},"inLanguage":"fr-FR","potentialAction":[{"@type":"ReadAction","target":["https:\/\/www.africa-press.net\/guinee-conakry\/politique\/transition-en-guinee-abdourahmane-sanoh-sera-juge-lundi-pour-participation-delictueuse-a-une-reunion"]}]},{"@type":"ImageObject","inLanguage":"fr-FR","@id":"https:\/\/www.africa-press.net\/guinee-conakry\/politique\/transition-en-guinee-abdourahmane-sanoh-sera-juge-lundi-pour-participation-delictueuse-a-une-reunion#primaryimage","url":"https:\/\/static.africa-press.net\/conakry\/sites\/63\/2023\/01\/Jokar1673033971.035779.jpg","contentUrl":"https:\/\/static.africa-press.net\/conakry\/sites\/63\/2023\/01\/Jokar1673033971.035779.jpg","width":712,"height":693,"caption":"Transition en Guin\u00e9e : Abdourahmane Sanoh sera jug\u00e9 lundi pour participation d\u00e9lictueuse \u00e0 une r\u00e9union"},{"@type":"BreadcrumbList","@id":"https:\/\/www.africa-press.net\/guinee-conakry\/politique\/transition-en-guinee-abdourahmane-sanoh-sera-juge-lundi-pour-participation-delictueuse-a-une-reunion#breadcrumb","itemListElement":[{"@type":"ListItem","position":1,"name":"Accueil","item":"https:\/\/www.africa-press.net\/guinee-conakry\/"},{"@type":"ListItem","position":2,"name":"Transition en Guin\u00e9e : Abdourahmane Sanoh sera jug\u00e9 lundi pour participation d\u00e9lictueuse \u00e0 une r\u00e9union"}]},{"@type":"WebSite","@id":"https:\/\/www.africa-press.net\/guinee-conakry\/#website","url":"https:\/\/www.africa-press.net\/guinee-conakry\/","name":"guinee Conakry","description":"Just another Africa News Agency Sites site","potentialAction":[{"@type":"SearchAction","target":{"@type":"EntryPoint","urlTemplate":"https:\/\/www.africa-press.net\/guinee-conakry\/?s={search_term_string}"},"query-input":{"@type":"PropertyValueSpecification","valueRequired":true,"valueName":"search_term_string"}}],"inLanguage":"fr-FR"},{"@type":"Person","@id":"https:\/\/www.africa-press.net\/guinee-conakry\/#\/schema\/person\/2b1cf3cd81a31e3cd26889ca66d677f1","name":"cfeditorfr"}]}},"_links":{"self":[{"href":"https:\/\/www.africa-press.net\/guinee-conakry\/wp-json\/wp\/v2\/posts\/11210","targetHints":{"allow":["GET"]}}],"collection":[{"href":"https:\/\/www.africa-press.net\/guinee-conakry\/wp-json\/wp\/v2\/posts"}],"about":[{"href":"https:\/\/www.africa-press.net\/guinee-conakry\/wp-json\/wp\/v2\/types\/post"}],"author":[{"embeddable":true,"href":"https:\/\/www.africa-press.net\/guinee-conakry\/wp-json\/wp\/v2\/users\/82"}],"replies":[{"embeddable":true,"href":"https:\/\/www.africa-press.net\/guinee-conakry\/wp-json\/wp\/v2\/comments?post=11210"}],"version-history":[{"count":0,"href":"https:\/\/www.africa-press.net\/guinee-conakry\/wp-json\/wp\/v2\/posts\/11210\/revisions"}],"wp:featuredmedia":[{"embeddable":true,"href":"https:\/\/www.africa-press.net\/guinee-conakry\/wp-json\/wp\/v2\/media\/11209"}],"wp:attachment":[{"href":"https:\/\/www.africa-press.net\/guinee-conakry\/wp-json\/wp\/v2\/media?parent=11210"}],"wp:term":[{"taxonomy":"category","embeddable":true,"href":"https:\/\/www.africa-press.net\/guinee-conakry\/wp-json\/wp\/v2\/categories?post=11210"},{"taxonomy":"post_tag","embeddable":true,"href":"https:\/\/www.africa-press.net\/guinee-conakry\/wp-json\/wp\/v2\/tags?post=11210"}],"curies":[{"name":"wp","href":"https:\/\/api.w.org\/{rel}","templated":true}]}}