{"id":11218,"date":"2023-01-07T17:33:00","date_gmt":"2023-01-07T17:33:00","guid":{"rendered":"https:\/\/www.africa-press.net\/guinee-conakry\/politique\/cellou-balde-2022-na-pas-ete-facile-nous-avons-ete-baillonnes-a-lufdg"},"modified":"2023-01-07T17:33:00","modified_gmt":"2023-01-07T17:33:00","slug":"cellou-balde-2022-na-pas-ete-facile-nous-avons-ete-baillonnes-a-lufdg","status":"publish","type":"post","link":"https:\/\/www.africa-press.net\/guinee-conakry\/parties\/cellou-balde-2022-na-pas-ete-facile-nous-avons-ete-baillonnes-a-lufdg","title":{"rendered":"Cellou Bald\u00e9 : \u00ab 2022 n\u2019a pas \u00e9t\u00e9 facile\u2026 Nous avons \u00e9t\u00e9 b\u00e2illonn\u00e9s \u00e0 l\u2019UFDG \u00bb"},"content":{"rendered":"<p><span style=\"color: #ff6600\"><strong>Africa-Press &#8211; Guin\u00e9e. <\/strong><\/span>Ces propos sonnent plus comme un agacement, mais ils sont aussi l\u2019expression de \u2018\u2019l\u2019oppression\u2019\u2019 dont l\u2019Union des forces de\u0301mocratiques de Guine\u0301e (UFDG) a e\u0301te\u0301 victime au cours de l\u2019anne\u0301e 2022. Une anne\u0301e \u00ab difficile \u00bb que Cellou Balde\u0301, le coordinateur des fe\u0301de\u0301rations UFDG de l\u2019inte\u0301rieur, a tenu a\u0300 rappeler ce samedi, 07 janvier 2023, aux militants et sympathisants re\u0301unis a\u0300 l\u2019assemble\u0301e ge\u0301ne\u0301rale hebdomadaire de ce parti dirige\u0301 par Cellou Dalein Diallo. Ce haut cadre de l\u2019UFDG a aussi rassure\u0301 sur la victoire dudit parti a\u0300 la prochaine e\u0301lection pre\u0301sidentielle en Guine\u0301e.<\/p>\n<p>\u00ab Nous savons que l\u2019anne\u0301e 2022 n\u2019a pas e\u0301te\u0301 facile pour nous. Nous avons e\u0301te\u0301 ba\u0302illonne\u0301s a\u0300 l\u2019UFDG. Notre pre\u0301sident contraint a\u0300 l\u2019exil, beaucoup de cadres se\u0301questre\u0301s et mis sous contro\u0302le judiciaire, nos collaborateurs et non les moindres mis en prison. Mais, monsieur le pre\u0301sident, en de\u0301pit de toutes ces difficulte\u0301s, comme nous en avons l\u2019expe\u0301rience d\u2019ailleurs et nous en avons traverse\u0301 pendant une dizaine d\u2019anne\u0301es, cela ne nous e\u0301branle point. La lutte va continuer, le combat va continuer, les e\u0301lections seront organise\u0301es (&#8230;) et l\u2019UFDG sera a\u0300 la magistrature supre\u0302me du pays avec Elhadj Mamadou Cellou Dalein Diallo comme pre\u0301sident de la Re\u0301publique \u00bb, a de\u0301clare\u0301 Cellou Balde\u0301.<\/p>\n<p>Abondant dans le me\u0302me sens depuis l\u2019e\u0301tranger ou\u0300 il vit en \u00ab exil \u00bb depuis plusieurs mois de\u0301ja\u0300, Cellou Dalein Diallo a appele\u0301 ses militants a\u0300 plus de \u00ab courage \u00bb pour que l\u2019UFDG triomphe des e\u0301preuves et acce\u0300de au pouvoir en Guine\u0301e.<\/p>\n<p>\u00ab Du courage, on va y arriver. La lutte est dure, mais soyez convaincus qu\u2019on va y arriver. Avec votre de\u0301termination, c\u0327a ne peut pas e\u0302tre autrement \u00bb, a-t-il dit dans une bre\u0300ve intervention te\u0301le\u0301phonique.<\/p>\n<p><iframe loading=\"lazy\" title=\"Cellou Bald\u00e9 : \u00ab 2022 n&#039;a pas \u00e9t\u00e9 facile\u2026 Nous avons \u00e9t\u00e9 b\u00e2illonn\u00e9s \u00e0 l&#039;UFDG \u00bb\" width=\"696\" height=\"392\" src=\"https:\/\/www.youtube.com\/embed\/yG5-RGpbbMM?feature=oembed\" frameborder=\"0\" allow=\"accelerometer; autoplay; clipboard-write; encrypted-media; gyroscope; picture-in-picture; web-share\" allowfullscreen><\/iframe><\/p>\n<p><strong>Pour plus d&rsquo;informations et d&rsquo;analyses sur la <a href=\"https:\/\/www.africa-press.net\/guinee-conakry\">Guin\u00e9e<\/a>, suivez <a href=\"https:\/\/www.africa-press.net\/\">Africa-Press<\/a><\/strong><\/p>\n","protected":false},"excerpt":{"rendered":"<p>Africa-Press &#8211; Guin\u00e9e. Ces propos sonnent plus comme un agacement, mais ils sont aussi l\u2019expression de \u2018\u2019l\u2019oppression\u2019\u2019 dont l\u2019Union des forces de\u0301mocratiques de Guine\u0301e (UFDG) a e\u0301te\u0301 victime au cours de l\u2019anne\u0301e 2022. Une anne\u0301e \u00ab difficile \u00bb que Cellou Balde\u0301, le coordinateur des fe\u0301de\u0301rations UFDG de l\u2019inte\u0301rieur, a tenu a\u0300 rappeler ce samedi, 07 [&hellip;]<\/p>\n","protected":false},"author":82,"featured_media":11217,"comment_status":"open","ping_status":"closed","sticky":false,"template":"","format":"standard","meta":{"footnotes":""},"categories":[4,10,9],"tags":[36,57,58],"class_list":["post-11218","post","type-post","status-publish","format-standard","has-post-thumbnail","hentry","category-parties","category-toutes-les-actualites","category-video","tag-africa-press","tag-africa-press-guinee","tag-guinee"],"yoast_head":"<!-- This site is optimized with the Yoast SEO Premium plugin v26.1 (Yoast SEO v27.0) - https:\/\/yoast.com\/product\/yoast-seo-premium-wordpress\/ -->\n<title>Cellou Bald\u00e9 : \u00ab 2022 n\u2019a pas \u00e9t\u00e9 facile\u2026 Nous avons \u00e9t\u00e9 b\u00e2illonn\u00e9s \u00e0 l\u2019UFDG \u00bb - guinee Conakry<\/title>\n<meta name=\"robots\" content=\"index, follow, max-snippet:-1, max-image-preview:large, max-video-preview:-1\" \/>\n<link rel=\"canonical\" href=\"https:\/\/www.africa-press.net\/guinee-conakry\/politique\/cellou-balde-2022-na-pas-ete-facile-nous-avons-ete-baillonnes-a-lufdg\" \/>\n<meta property=\"og:locale\" content=\"fr_FR\" \/>\n<meta property=\"og:type\" content=\"article\" \/>\n<meta property=\"og:title\" content=\"Cellou Bald\u00e9 : \u00ab 2022 n\u2019a pas \u00e9t\u00e9 facile\u2026 Nous avons \u00e9t\u00e9 b\u00e2illonn\u00e9s \u00e0 l\u2019UFDG \u00bb\" \/>\n<meta property=\"og:description\" content=\"Africa-Press &#8211; Guin\u00e9e. Ces propos sonnent plus comme un agacement, mais ils sont aussi l\u2019expression de \u2018\u2019l\u2019oppression\u2019\u2019 dont l\u2019Union des forces de\u0301mocratiques de Guine\u0301e (UFDG) a e\u0301te\u0301 victime au cours de l\u2019anne\u0301e 2022. Une anne\u0301e \u00ab difficile \u00bb que Cellou Balde\u0301, le coordinateur des fe\u0301de\u0301rations UFDG de l\u2019inte\u0301rieur, a tenu a\u0300 rappeler ce samedi, 07 [&hellip;]\" \/>\n<meta property=\"og:url\" content=\"https:\/\/www.africa-press.net\/guinee-conakry\/politique\/cellou-balde-2022-na-pas-ete-facile-nous-avons-ete-baillonnes-a-lufdg\" \/>\n<meta property=\"og:site_name\" content=\"guinee Conakry\" \/>\n<meta property=\"article:published_time\" content=\"2023-01-07T17:33:00+00:00\" \/>\n<meta name=\"author\" content=\"cfeditorfr\" \/>\n<meta name=\"twitter:card\" content=\"summary_large_image\" \/>\n<meta name=\"twitter:label1\" content=\"\u00c9crit par\" \/>\n\t<meta name=\"twitter:data1\" content=\"cfeditorfr\" \/>\n\t<meta name=\"twitter:label2\" content=\"Dur\u00e9e de lecture estim\u00e9e\" \/>\n\t<meta name=\"twitter:data2\" content=\"2 minutes\" \/>\n<script type=\"application\/ld+json\" class=\"yoast-schema-graph\">{\"@context\":\"https:\/\/schema.org\",\"@graph\":[{\"@type\":\"Article\",\"@id\":\"https:\/\/www.africa-press.net\/guinee-conakry\/politique\/cellou-balde-2022-na-pas-ete-facile-nous-avons-ete-baillonnes-a-lufdg#article\",\"isPartOf\":{\"@id\":\"https:\/\/www.africa-press.net\/guinee-conakry\/politique\/cellou-balde-2022-na-pas-ete-facile-nous-avons-ete-baillonnes-a-lufdg\"},\"author\":{\"name\":\"cfeditorfr\",\"@id\":\"https:\/\/www.africa-press.net\/guinee-conakry\/#\/schema\/person\/2b1cf3cd81a31e3cd26889ca66d677f1\"},\"headline\":\"Cellou Bald\u00e9 : \u00ab 2022 n\u2019a pas \u00e9t\u00e9 facile\u2026 Nous avons \u00e9t\u00e9 b\u00e2illonn\u00e9s \u00e0 l\u2019UFDG \u00bb\",\"datePublished\":\"2023-01-07T17:33:00+00:00\",\"mainEntityOfPage\":{\"@id\":\"https:\/\/www.africa-press.net\/guinee-conakry\/politique\/cellou-balde-2022-na-pas-ete-facile-nous-avons-ete-baillonnes-a-lufdg\"},\"wordCount\":369,\"commentCount\":0,\"image\":{\"@id\":\"https:\/\/www.africa-press.net\/guinee-conakry\/politique\/cellou-balde-2022-na-pas-ete-facile-nous-avons-ete-baillonnes-a-lufdg#primaryimage\"},\"thumbnailUrl\":\"https:\/\/static.africa-press.net\/conakry\/sites\/63\/2023\/01\/Jokar1673100184.324489.jpg\",\"keywords\":[\"Africa Press\",\"Africa Press-Guin\u00e9e\",\"Guin\u00e9e\"],\"articleSection\":[\"Parties\",\"Toutes les actualit\u00e9s\",\"vid\u00e9o\"],\"inLanguage\":\"fr-FR\",\"potentialAction\":[{\"@type\":\"CommentAction\",\"name\":\"Comment\",\"target\":[\"https:\/\/www.africa-press.net\/guinee-conakry\/politique\/cellou-balde-2022-na-pas-ete-facile-nous-avons-ete-baillonnes-a-lufdg#respond\"]}]},{\"@type\":\"WebPage\",\"@id\":\"https:\/\/www.africa-press.net\/guinee-conakry\/politique\/cellou-balde-2022-na-pas-ete-facile-nous-avons-ete-baillonnes-a-lufdg\",\"url\":\"https:\/\/www.africa-press.net\/guinee-conakry\/politique\/cellou-balde-2022-na-pas-ete-facile-nous-avons-ete-baillonnes-a-lufdg\",\"name\":\"Cellou Bald\u00e9 : \u00ab 2022 n\u2019a pas \u00e9t\u00e9 facile\u2026 Nous avons \u00e9t\u00e9 b\u00e2illonn\u00e9s \u00e0 l\u2019UFDG \u00bb - guinee Conakry\",\"isPartOf\":{\"@id\":\"https:\/\/www.africa-press.net\/guinee-conakry\/#website\"},\"primaryImageOfPage\":{\"@id\":\"https:\/\/www.africa-press.net\/guinee-conakry\/politique\/cellou-balde-2022-na-pas-ete-facile-nous-avons-ete-baillonnes-a-lufdg#primaryimage\"},\"image\":{\"@id\":\"https:\/\/www.africa-press.net\/guinee-conakry\/politique\/cellou-balde-2022-na-pas-ete-facile-nous-avons-ete-baillonnes-a-lufdg#primaryimage\"},\"thumbnailUrl\":\"https:\/\/static.africa-press.net\/conakry\/sites\/63\/2023\/01\/Jokar1673100184.324489.jpg\",\"datePublished\":\"2023-01-07T17:33:00+00:00\",\"author\":{\"@id\":\"https:\/\/www.africa-press.net\/guinee-conakry\/#\/schema\/person\/2b1cf3cd81a31e3cd26889ca66d677f1\"},\"breadcrumb\":{\"@id\":\"https:\/\/www.africa-press.net\/guinee-conakry\/politique\/cellou-balde-2022-na-pas-ete-facile-nous-avons-ete-baillonnes-a-lufdg#breadcrumb\"},\"inLanguage\":\"fr-FR\",\"potentialAction\":[{\"@type\":\"ReadAction\",\"target\":[\"https:\/\/www.africa-press.net\/guinee-conakry\/politique\/cellou-balde-2022-na-pas-ete-facile-nous-avons-ete-baillonnes-a-lufdg\"]}]},{\"@type\":\"ImageObject\",\"inLanguage\":\"fr-FR\",\"@id\":\"https:\/\/www.africa-press.net\/guinee-conakry\/politique\/cellou-balde-2022-na-pas-ete-facile-nous-avons-ete-baillonnes-a-lufdg#primaryimage\",\"url\":\"https:\/\/static.africa-press.net\/conakry\/sites\/63\/2023\/01\/Jokar1673100184.324489.jpg\",\"contentUrl\":\"https:\/\/static.africa-press.net\/conakry\/sites\/63\/2023\/01\/Jokar1673100184.324489.jpg\",\"width\":1280,\"height\":1042,\"caption\":\"Cellou Bald\u00e9 : \u00ab 2022 n\u2019a pas \u00e9t\u00e9 facile\u2026 Nous avons \u00e9t\u00e9 b\u00e2illonn\u00e9s \u00e0 l\u2019UFDG \u00bb\"},{\"@type\":\"BreadcrumbList\",\"@id\":\"https:\/\/www.africa-press.net\/guinee-conakry\/politique\/cellou-balde-2022-na-pas-ete-facile-nous-avons-ete-baillonnes-a-lufdg#breadcrumb\",\"itemListElement\":[{\"@type\":\"ListItem\",\"position\":1,\"name\":\"Accueil\",\"item\":\"https:\/\/www.africa-press.net\/guinee-conakry\/\"},{\"@type\":\"ListItem\",\"position\":2,\"name\":\"Cellou Bald\u00e9 : \u00ab 2022 n\u2019a pas \u00e9t\u00e9 facile\u2026 Nous avons \u00e9t\u00e9 b\u00e2illonn\u00e9s \u00e0 l\u2019UFDG \u00bb\"}]},{\"@type\":\"WebSite\",\"@id\":\"https:\/\/www.africa-press.net\/guinee-conakry\/#website\",\"url\":\"https:\/\/www.africa-press.net\/guinee-conakry\/\",\"name\":\"guinee Conakry\",\"description\":\"Just another Africa News Agency Sites site\",\"potentialAction\":[{\"@type\":\"SearchAction\",\"target\":{\"@type\":\"EntryPoint\",\"urlTemplate\":\"https:\/\/www.africa-press.net\/guinee-conakry\/?s={search_term_string}\"},\"query-input\":{\"@type\":\"PropertyValueSpecification\",\"valueRequired\":true,\"valueName\":\"search_term_string\"}}],\"inLanguage\":\"fr-FR\"},{\"@type\":\"Person\",\"@id\":\"https:\/\/www.africa-press.net\/guinee-conakry\/#\/schema\/person\/2b1cf3cd81a31e3cd26889ca66d677f1\",\"name\":\"cfeditorfr\"}]}<\/script>\n<!-- \/ Yoast SEO Premium plugin. -->","yoast_head_json":{"title":"Cellou Bald\u00e9 : \u00ab 2022 n\u2019a pas \u00e9t\u00e9 facile\u2026 Nous avons \u00e9t\u00e9 b\u00e2illonn\u00e9s \u00e0 l\u2019UFDG \u00bb - guinee Conakry","robots":{"index":"index","follow":"follow","max-snippet":"max-snippet:-1","max-image-preview":"max-image-preview:large","max-video-preview":"max-video-preview:-1"},"canonical":"https:\/\/www.africa-press.net\/guinee-conakry\/politique\/cellou-balde-2022-na-pas-ete-facile-nous-avons-ete-baillonnes-a-lufdg","og_locale":"fr_FR","og_type":"article","og_title":"Cellou Bald\u00e9 : \u00ab 2022 n\u2019a pas \u00e9t\u00e9 facile\u2026 Nous avons \u00e9t\u00e9 b\u00e2illonn\u00e9s \u00e0 l\u2019UFDG \u00bb","og_description":"Africa-Press &#8211; Guin\u00e9e. Ces propos sonnent plus comme un agacement, mais ils sont aussi l\u2019expression de \u2018\u2019l\u2019oppression\u2019\u2019 dont l\u2019Union des forces de\u0301mocratiques de Guine\u0301e (UFDG) a e\u0301te\u0301 victime au cours de l\u2019anne\u0301e 2022. Une anne\u0301e \u00ab difficile \u00bb que Cellou Balde\u0301, le coordinateur des fe\u0301de\u0301rations UFDG de l\u2019inte\u0301rieur, a tenu a\u0300 rappeler ce samedi, 07 [&hellip;]","og_url":"https:\/\/www.africa-press.net\/guinee-conakry\/politique\/cellou-balde-2022-na-pas-ete-facile-nous-avons-ete-baillonnes-a-lufdg","og_site_name":"guinee Conakry","article_published_time":"2023-01-07T17:33:00+00:00","author":"cfeditorfr","twitter_card":"summary_large_image","twitter_misc":{"\u00c9crit par":"cfeditorfr","Dur\u00e9e de lecture estim\u00e9e":"2 minutes"},"schema":{"@context":"https:\/\/schema.org","@graph":[{"@type":"Article","@id":"https:\/\/www.africa-press.net\/guinee-conakry\/politique\/cellou-balde-2022-na-pas-ete-facile-nous-avons-ete-baillonnes-a-lufdg#article","isPartOf":{"@id":"https:\/\/www.africa-press.net\/guinee-conakry\/politique\/cellou-balde-2022-na-pas-ete-facile-nous-avons-ete-baillonnes-a-lufdg"},"author":{"name":"cfeditorfr","@id":"https:\/\/www.africa-press.net\/guinee-conakry\/#\/schema\/person\/2b1cf3cd81a31e3cd26889ca66d677f1"},"headline":"Cellou Bald\u00e9 : \u00ab 2022 n\u2019a pas \u00e9t\u00e9 facile\u2026 Nous avons \u00e9t\u00e9 b\u00e2illonn\u00e9s \u00e0 l\u2019UFDG \u00bb","datePublished":"2023-01-07T17:33:00+00:00","mainEntityOfPage":{"@id":"https:\/\/www.africa-press.net\/guinee-conakry\/politique\/cellou-balde-2022-na-pas-ete-facile-nous-avons-ete-baillonnes-a-lufdg"},"wordCount":369,"commentCount":0,"image":{"@id":"https:\/\/www.africa-press.net\/guinee-conakry\/politique\/cellou-balde-2022-na-pas-ete-facile-nous-avons-ete-baillonnes-a-lufdg#primaryimage"},"thumbnailUrl":"https:\/\/static.africa-press.net\/conakry\/sites\/63\/2023\/01\/Jokar1673100184.324489.jpg","keywords":["Africa Press","Africa Press-Guin\u00e9e","Guin\u00e9e"],"articleSection":["Parties","Toutes les actualit\u00e9s","vid\u00e9o"],"inLanguage":"fr-FR","potentialAction":[{"@type":"CommentAction","name":"Comment","target":["https:\/\/www.africa-press.net\/guinee-conakry\/politique\/cellou-balde-2022-na-pas-ete-facile-nous-avons-ete-baillonnes-a-lufdg#respond"]}]},{"@type":"WebPage","@id":"https:\/\/www.africa-press.net\/guinee-conakry\/politique\/cellou-balde-2022-na-pas-ete-facile-nous-avons-ete-baillonnes-a-lufdg","url":"https:\/\/www.africa-press.net\/guinee-conakry\/politique\/cellou-balde-2022-na-pas-ete-facile-nous-avons-ete-baillonnes-a-lufdg","name":"Cellou Bald\u00e9 : \u00ab 2022 n\u2019a pas \u00e9t\u00e9 facile\u2026 Nous avons \u00e9t\u00e9 b\u00e2illonn\u00e9s \u00e0 l\u2019UFDG \u00bb - guinee Conakry","isPartOf":{"@id":"https:\/\/www.africa-press.net\/guinee-conakry\/#website"},"primaryImageOfPage":{"@id":"https:\/\/www.africa-press.net\/guinee-conakry\/politique\/cellou-balde-2022-na-pas-ete-facile-nous-avons-ete-baillonnes-a-lufdg#primaryimage"},"image":{"@id":"https:\/\/www.africa-press.net\/guinee-conakry\/politique\/cellou-balde-2022-na-pas-ete-facile-nous-avons-ete-baillonnes-a-lufdg#primaryimage"},"thumbnailUrl":"https:\/\/static.africa-press.net\/conakry\/sites\/63\/2023\/01\/Jokar1673100184.324489.jpg","datePublished":"2023-01-07T17:33:00+00:00","author":{"@id":"https:\/\/www.africa-press.net\/guinee-conakry\/#\/schema\/person\/2b1cf3cd81a31e3cd26889ca66d677f1"},"breadcrumb":{"@id":"https:\/\/www.africa-press.net\/guinee-conakry\/politique\/cellou-balde-2022-na-pas-ete-facile-nous-avons-ete-baillonnes-a-lufdg#breadcrumb"},"inLanguage":"fr-FR","potentialAction":[{"@type":"ReadAction","target":["https:\/\/www.africa-press.net\/guinee-conakry\/politique\/cellou-balde-2022-na-pas-ete-facile-nous-avons-ete-baillonnes-a-lufdg"]}]},{"@type":"ImageObject","inLanguage":"fr-FR","@id":"https:\/\/www.africa-press.net\/guinee-conakry\/politique\/cellou-balde-2022-na-pas-ete-facile-nous-avons-ete-baillonnes-a-lufdg#primaryimage","url":"https:\/\/static.africa-press.net\/conakry\/sites\/63\/2023\/01\/Jokar1673100184.324489.jpg","contentUrl":"https:\/\/static.africa-press.net\/conakry\/sites\/63\/2023\/01\/Jokar1673100184.324489.jpg","width":1280,"height":1042,"caption":"Cellou Bald\u00e9 : \u00ab 2022 n\u2019a pas \u00e9t\u00e9 facile\u2026 Nous avons \u00e9t\u00e9 b\u00e2illonn\u00e9s \u00e0 l\u2019UFDG \u00bb"},{"@type":"BreadcrumbList","@id":"https:\/\/www.africa-press.net\/guinee-conakry\/politique\/cellou-balde-2022-na-pas-ete-facile-nous-avons-ete-baillonnes-a-lufdg#breadcrumb","itemListElement":[{"@type":"ListItem","position":1,"name":"Accueil","item":"https:\/\/www.africa-press.net\/guinee-conakry\/"},{"@type":"ListItem","position":2,"name":"Cellou Bald\u00e9 : \u00ab 2022 n\u2019a pas \u00e9t\u00e9 facile\u2026 Nous avons \u00e9t\u00e9 b\u00e2illonn\u00e9s \u00e0 l\u2019UFDG \u00bb"}]},{"@type":"WebSite","@id":"https:\/\/www.africa-press.net\/guinee-conakry\/#website","url":"https:\/\/www.africa-press.net\/guinee-conakry\/","name":"guinee Conakry","description":"Just another Africa News Agency Sites site","potentialAction":[{"@type":"SearchAction","target":{"@type":"EntryPoint","urlTemplate":"https:\/\/www.africa-press.net\/guinee-conakry\/?s={search_term_string}"},"query-input":{"@type":"PropertyValueSpecification","valueRequired":true,"valueName":"search_term_string"}}],"inLanguage":"fr-FR"},{"@type":"Person","@id":"https:\/\/www.africa-press.net\/guinee-conakry\/#\/schema\/person\/2b1cf3cd81a31e3cd26889ca66d677f1","name":"cfeditorfr"}]}},"_links":{"self":[{"href":"https:\/\/www.africa-press.net\/guinee-conakry\/wp-json\/wp\/v2\/posts\/11218","targetHints":{"allow":["GET"]}}],"collection":[{"href":"https:\/\/www.africa-press.net\/guinee-conakry\/wp-json\/wp\/v2\/posts"}],"about":[{"href":"https:\/\/www.africa-press.net\/guinee-conakry\/wp-json\/wp\/v2\/types\/post"}],"author":[{"embeddable":true,"href":"https:\/\/www.africa-press.net\/guinee-conakry\/wp-json\/wp\/v2\/users\/82"}],"replies":[{"embeddable":true,"href":"https:\/\/www.africa-press.net\/guinee-conakry\/wp-json\/wp\/v2\/comments?post=11218"}],"version-history":[{"count":0,"href":"https:\/\/www.africa-press.net\/guinee-conakry\/wp-json\/wp\/v2\/posts\/11218\/revisions"}],"wp:featuredmedia":[{"embeddable":true,"href":"https:\/\/www.africa-press.net\/guinee-conakry\/wp-json\/wp\/v2\/media\/11217"}],"wp:attachment":[{"href":"https:\/\/www.africa-press.net\/guinee-conakry\/wp-json\/wp\/v2\/media?parent=11218"}],"wp:term":[{"taxonomy":"category","embeddable":true,"href":"https:\/\/www.africa-press.net\/guinee-conakry\/wp-json\/wp\/v2\/categories?post=11218"},{"taxonomy":"post_tag","embeddable":true,"href":"https:\/\/www.africa-press.net\/guinee-conakry\/wp-json\/wp\/v2\/tags?post=11218"}],"curies":[{"name":"wp","href":"https:\/\/api.w.org\/{rel}","templated":true}]}}