{"id":11220,"date":"2023-01-07T17:40:00","date_gmt":"2023-01-07T17:40:00","guid":{"rendered":"https:\/\/www.africa-press.net\/guinee-conakry\/politique\/assainissement-a-conakry-les-ministres-julien-yombouno-nagnalen-et-le-maire-ismael-conde-sur-le-terrain-a-mafanco"},"modified":"2023-01-07T17:40:00","modified_gmt":"2023-01-07T17:40:00","slug":"assainissement-a-conakry-les-ministres-julien-yombouno-nagnalen-et-le-maire-ismael-conde-sur-le-terrain-a-mafanco","status":"publish","type":"post","link":"https:\/\/www.africa-press.net\/guinee-conakry\/toutes-les-actualites\/assainissement-a-conakry-les-ministres-julien-yombouno-nagnalen-et-le-maire-ismael-conde-sur-le-terrain-a-mafanco","title":{"rendered":"Assainissement \u00e0 Conakry : les ministres Julien Yombouno, Nagnalen et le maire Isma\u00ebl Cond\u00e9 sur le terrain \u00e0 Mafanco"},"content":{"rendered":"<p><span style=\"color: #ff6600\"><strong>Africa-Press &#8211; Guin\u00e9e. <\/strong><\/span>C\u2019est la premie\u0300re journe\u0301e d\u2019assainissement au compte de l\u2019anne\u0301e 2023 a\u0300 Conakry. Dans la commune de Matam, le maire Ismae\u0308l Conde\u0301 e\u0301tait accompagne\u0301 de deux membres du Gouvernement pour assainir sa commune. Il s\u2019agit de Julien Yombouno, ministre du Travail et de la Fonction publique ; et Mamadou Nagnalen Barry, ministre de l\u2019Agriculture et l\u2019e\u0301levage. C\u2019est le quartier Mafanco, qui abrite une partie du marche\u0301 de Madina, qui a e\u0301te\u0301 assaini ce samedi, 7 janvier 2023, avec une faible mobilisation des riverains de cette zone.<\/p>\n<p>Lance\u0301e le 06 aou\u0302t dernier 2022, l\u2019ope\u0301ration d\u2019assainissement initie\u0301e par les autorite\u0301s de la transition s\u2019est poursuivie ce samedi tant a\u0300 Conakry qu\u2019a\u0300 l\u2019inte\u0301rieur du pays. Comme d\u2019habitude, les autorite\u0301s des diffe\u0301rents de\u0301partements ministe\u0301riels se sont mobilise\u0301s dans les rues de la capitale avec des pelles, des balais, des ra\u0302teaux en mains pour rendre propre la ville.<\/p>\n<p>Julien Yombouno, ministre du Travail et de la fonction publique, venu donner main forte au maire de Matam, a rappele\u0301 le bien fonde\u0301 de cet exercice. \u00ab L\u2019objectif de notre pre\u0301sence sur le terrain, c\u2019est de participer aux co\u0302te\u0301s du maire et de sa population a\u0300 l\u2019assainissement de leur quartier et de leur commune, dont nous sommes en charge, le ministre de l\u2019Agriculture, moi et d\u2019autres. C\u2019est de donner l\u2019exemple, c\u2019est de rendre la commune propre. Quand nous venons, c\u2019est aussi pour galvaniser les jeunes, les sensibiliser en faisant passer des messages forts pour que tous, on se donne la main pour rendre notre habitat propre. Vous avez vu les caniveaux qui e\u0301taient bouche\u0301s. De fac\u0327on tre\u0300s simple, avec les ra\u0302teaux, les pelles, nous avons pu de\u0301gager tout ce qui obstruait le passage de l\u2019eau \u00bb, a-t-il explique\u0301.<\/p>\n<p>Poursuivant, le ministre Yombouno a dit avoir constate\u0301 peu de mobilisation. Il a mis l\u2019occasion a\u0300 profit pour lancer un appel au maire et aux citoyens de Matam. \u00ab Nous avons sugge\u0301re\u0301, comme recommandations au maire, d\u2019envoyer les machines, de soulever les dalles afin de de\u0301boucher les endroits qui sont obstrue\u0301s par les ordures pour que l\u2019eau puisse trouver son chemin et que la zone soit plus propre. On est le 7 janvier aujourd\u2019hui. Normalement a\u0300 la veille, tous les quartiers auraient du\u0302 se mobiliser pour ramasser tout ce qu\u2019il y a autour d\u2019eux, entasser et nous, quand nous venons avec des machines, c\u0327a va faciliter le boulot. Je pense qu\u2019il n\u2019y a pas eu suffisamment de mobilisation aujourd\u2019hui. C\u0327a peut arriver. La dernie\u0300re fois, il y a eu une grande mobilisation au lyce\u0301e colle\u0300ge de Matam. Mais parfois aussi, il ne faut pas voir la quantite\u0301 mais la qualite\u0301. Ceux qui nous ont suivi aujourd\u2019hui n\u2019e\u0301taient pas tre\u0300s nombreux mais tre\u0300s engage\u0301s. C\u0327a a permis de donner une bonne respiration a\u0300 ce caniveau. Donc, nous demandons encore plus de mobilisation aux jeunes et de tous les riverains qui habitent les zones les plus malpropres, de se lever comme un seul homme. Mais nous conseillons aussi aux vendeurs de pneus, quand un pneu ne peut plus servir, au lieu de le mettre dans les caniveaux, on va identifier des points de stockage pour les mettre quelque part \u00bb.<\/p>\n<p>De son co\u0302te\u0301, Ismae\u0308l Conde\u0301, maire de Matam, s\u2019est re\u0301joui de la pre\u0301sence des membres du Gouvernement et a qualifie\u0301 cette journe\u0301e de re\u0301ussie. \u00ab Nous avons re\u0301parti cette commune en trois zones aujourd\u2019hui. Nous avons commence\u0301 d\u2019abord par les arte\u0300res et nous avons des ONG qui nous ont accompagne\u0301s en envoyant des camions et des hommes. Nous avons aussi fait le curage des caniveaux. Je suis tre\u0300s heureux d\u2019avoir a\u0300 mes co\u0302te\u0301s les ministres de l\u2019Agriculture et de la Fonction publique. Ils nous ont e\u0301paule\u0301s pour pouvoir ramasser les ordures. Me\u0302me les artistes se sont implique\u0301s cette fois-ci. Lil Saako pour pouvoir apporter son grain de sel. Je peux dire que c\u0327a a e\u0301te\u0301 une re\u0301ussite cette journe\u0301e sur le plan ope\u0301rationnel. C\u2019est le moment pour moi de remercier le ministre de l\u2019administration qui est l\u2019initiateur de cette journe\u0301e d\u2019assainissement. Parce que cette journe\u0301e est faite pour la population. C\u2019est pour e\u0301viter la propagation des maladies \u00bb, a lance\u0301 le maire.<\/p>\n<p>Selon lui, des strate\u0301gies seront mises en place par sa commune pour lutter contre les pneus use\u0301s qui obstruent souvent la circulation des eaux dans les caniveaux. \u00ab Dans cette zone spe\u0301cifique de Mafanco, c\u2019est la pre\u0301sence abusive des pneus use\u0301s qui nous fatigue. Nous voulons mettre en place une journe\u0301e de ramassage des pneus use\u0301s. Ce sont des objets qui nous posent beaucoup de proble\u0300mes au niveau des tunnels. C\u0327a empe\u0302che l\u2019eau de circuler normalement. Les ministres nous ont donne\u0301 des conseils de mettre des containers exclusivement de\u0301die\u0301s aux pneus et de choisir un jour par semaine pour ramasser ces pneus. Je pense que, quand ces strate\u0301gies sont expe\u0301rimente\u0301es, c\u0327a pourra encore faciliter la ta\u0302che dans les derniers samedis d\u2019assainissement. Il va falloir que nous continuions a\u0300 s\u2019abonner au niveau des PME de ramassage d\u2019ordure \u00bb.<\/p>\n<p><strong>Pour plus d&rsquo;informations et d&rsquo;analyses sur la <a href=\"https:\/\/www.africa-press.net\/guinee-conakry\">Guin\u00e9e<\/a>, suivez <a href=\"https:\/\/www.africa-press.net\/\">Africa-Press<\/a><\/strong><\/p>\n","protected":false},"excerpt":{"rendered":"<p>Africa-Press &#8211; Guin\u00e9e. C\u2019est la premie\u0300re journe\u0301e d\u2019assainissement au compte de l\u2019anne\u0301e 2023 a\u0300 Conakry. Dans la commune de Matam, le maire Ismae\u0308l Conde\u0301 e\u0301tait accompagne\u0301 de deux membres du Gouvernement pour assainir sa commune. Il s\u2019agit de Julien Yombouno, ministre du Travail et de la Fonction publique ; et Mamadou Nagnalen Barry, ministre de [&hellip;]<\/p>\n","protected":false},"author":82,"featured_media":11219,"comment_status":"open","ping_status":"closed","sticky":false,"template":"","format":"standard","meta":{"footnotes":""},"categories":[21,10],"tags":[36,57,58],"class_list":["post-11220","post","type-post","status-publish","format-standard","has-post-thumbnail","hentry","category-communaute","category-toutes-les-actualites","tag-africa-press","tag-africa-press-guinee","tag-guinee"],"yoast_head":"<!-- This site is optimized with the Yoast SEO Premium plugin v26.1 (Yoast SEO v27.0) - https:\/\/yoast.com\/product\/yoast-seo-premium-wordpress\/ -->\n<title>Assainissement \u00e0 Conakry : les ministres Julien Yombouno, Nagnalen et le maire Isma\u00ebl Cond\u00e9 sur le terrain \u00e0 Mafanco - guinee Conakry<\/title>\n<meta name=\"robots\" content=\"index, follow, max-snippet:-1, max-image-preview:large, max-video-preview:-1\" \/>\n<link rel=\"canonical\" href=\"https:\/\/www.africa-press.net\/guinee-conakry\/politique\/assainissement-a-conakry-les-ministres-julien-yombouno-nagnalen-et-le-maire-ismael-conde-sur-le-terrain-a-mafanco\" \/>\n<meta property=\"og:locale\" content=\"fr_FR\" \/>\n<meta property=\"og:type\" content=\"article\" \/>\n<meta property=\"og:title\" content=\"Assainissement \u00e0 Conakry : les ministres Julien Yombouno, Nagnalen et le maire Isma\u00ebl Cond\u00e9 sur le terrain \u00e0 Mafanco\" \/>\n<meta property=\"og:description\" content=\"Africa-Press &#8211; Guin\u00e9e. C\u2019est la premie\u0300re journe\u0301e d\u2019assainissement au compte de l\u2019anne\u0301e 2023 a\u0300 Conakry. Dans la commune de Matam, le maire Ismae\u0308l Conde\u0301 e\u0301tait accompagne\u0301 de deux membres du Gouvernement pour assainir sa commune. Il s\u2019agit de Julien Yombouno, ministre du Travail et de la Fonction publique ; et Mamadou Nagnalen Barry, ministre de [&hellip;]\" \/>\n<meta property=\"og:url\" content=\"https:\/\/www.africa-press.net\/guinee-conakry\/politique\/assainissement-a-conakry-les-ministres-julien-yombouno-nagnalen-et-le-maire-ismael-conde-sur-le-terrain-a-mafanco\" \/>\n<meta property=\"og:site_name\" content=\"guinee Conakry\" \/>\n<meta property=\"article:published_time\" content=\"2023-01-07T17:40:00+00:00\" \/>\n<meta name=\"author\" content=\"cfeditorfr\" \/>\n<meta name=\"twitter:card\" content=\"summary_large_image\" \/>\n<meta name=\"twitter:label1\" content=\"\u00c9crit par\" \/>\n\t<meta name=\"twitter:data1\" content=\"cfeditorfr\" \/>\n\t<meta name=\"twitter:label2\" content=\"Dur\u00e9e de lecture estim\u00e9e\" \/>\n\t<meta name=\"twitter:data2\" content=\"5 minutes\" \/>\n<script type=\"application\/ld+json\" class=\"yoast-schema-graph\">{\"@context\":\"https:\/\/schema.org\",\"@graph\":[{\"@type\":\"Article\",\"@id\":\"https:\/\/www.africa-press.net\/guinee-conakry\/politique\/assainissement-a-conakry-les-ministres-julien-yombouno-nagnalen-et-le-maire-ismael-conde-sur-le-terrain-a-mafanco#article\",\"isPartOf\":{\"@id\":\"https:\/\/www.africa-press.net\/guinee-conakry\/politique\/assainissement-a-conakry-les-ministres-julien-yombouno-nagnalen-et-le-maire-ismael-conde-sur-le-terrain-a-mafanco\"},\"author\":{\"name\":\"cfeditorfr\",\"@id\":\"https:\/\/www.africa-press.net\/guinee-conakry\/#\/schema\/person\/2b1cf3cd81a31e3cd26889ca66d677f1\"},\"headline\":\"Assainissement \u00e0 Conakry : les ministres Julien Yombouno, Nagnalen et le maire Isma\u00ebl Cond\u00e9 sur le terrain \u00e0 Mafanco\",\"datePublished\":\"2023-01-07T17:40:00+00:00\",\"mainEntityOfPage\":{\"@id\":\"https:\/\/www.africa-press.net\/guinee-conakry\/politique\/assainissement-a-conakry-les-ministres-julien-yombouno-nagnalen-et-le-maire-ismael-conde-sur-le-terrain-a-mafanco\"},\"wordCount\":967,\"commentCount\":0,\"image\":{\"@id\":\"https:\/\/www.africa-press.net\/guinee-conakry\/politique\/assainissement-a-conakry-les-ministres-julien-yombouno-nagnalen-et-le-maire-ismael-conde-sur-le-terrain-a-mafanco#primaryimage\"},\"thumbnailUrl\":\"https:\/\/static.africa-press.net\/conakry\/sites\/63\/2023\/01\/Jokar1673100607.359678.jpg\",\"keywords\":[\"Africa Press\",\"Africa Press-Guin\u00e9e\",\"Guin\u00e9e\"],\"articleSection\":[\"Communaut\u00e9\",\"Toutes les actualit\u00e9s\"],\"inLanguage\":\"fr-FR\",\"potentialAction\":[{\"@type\":\"CommentAction\",\"name\":\"Comment\",\"target\":[\"https:\/\/www.africa-press.net\/guinee-conakry\/politique\/assainissement-a-conakry-les-ministres-julien-yombouno-nagnalen-et-le-maire-ismael-conde-sur-le-terrain-a-mafanco#respond\"]}]},{\"@type\":\"WebPage\",\"@id\":\"https:\/\/www.africa-press.net\/guinee-conakry\/politique\/assainissement-a-conakry-les-ministres-julien-yombouno-nagnalen-et-le-maire-ismael-conde-sur-le-terrain-a-mafanco\",\"url\":\"https:\/\/www.africa-press.net\/guinee-conakry\/politique\/assainissement-a-conakry-les-ministres-julien-yombouno-nagnalen-et-le-maire-ismael-conde-sur-le-terrain-a-mafanco\",\"name\":\"Assainissement \u00e0 Conakry : les ministres Julien Yombouno, Nagnalen et le maire Isma\u00ebl Cond\u00e9 sur le terrain \u00e0 Mafanco - guinee Conakry\",\"isPartOf\":{\"@id\":\"https:\/\/www.africa-press.net\/guinee-conakry\/#website\"},\"primaryImageOfPage\":{\"@id\":\"https:\/\/www.africa-press.net\/guinee-conakry\/politique\/assainissement-a-conakry-les-ministres-julien-yombouno-nagnalen-et-le-maire-ismael-conde-sur-le-terrain-a-mafanco#primaryimage\"},\"image\":{\"@id\":\"https:\/\/www.africa-press.net\/guinee-conakry\/politique\/assainissement-a-conakry-les-ministres-julien-yombouno-nagnalen-et-le-maire-ismael-conde-sur-le-terrain-a-mafanco#primaryimage\"},\"thumbnailUrl\":\"https:\/\/static.africa-press.net\/conakry\/sites\/63\/2023\/01\/Jokar1673100607.359678.jpg\",\"datePublished\":\"2023-01-07T17:40:00+00:00\",\"author\":{\"@id\":\"https:\/\/www.africa-press.net\/guinee-conakry\/#\/schema\/person\/2b1cf3cd81a31e3cd26889ca66d677f1\"},\"breadcrumb\":{\"@id\":\"https:\/\/www.africa-press.net\/guinee-conakry\/politique\/assainissement-a-conakry-les-ministres-julien-yombouno-nagnalen-et-le-maire-ismael-conde-sur-le-terrain-a-mafanco#breadcrumb\"},\"inLanguage\":\"fr-FR\",\"potentialAction\":[{\"@type\":\"ReadAction\",\"target\":[\"https:\/\/www.africa-press.net\/guinee-conakry\/politique\/assainissement-a-conakry-les-ministres-julien-yombouno-nagnalen-et-le-maire-ismael-conde-sur-le-terrain-a-mafanco\"]}]},{\"@type\":\"ImageObject\",\"inLanguage\":\"fr-FR\",\"@id\":\"https:\/\/www.africa-press.net\/guinee-conakry\/politique\/assainissement-a-conakry-les-ministres-julien-yombouno-nagnalen-et-le-maire-ismael-conde-sur-le-terrain-a-mafanco#primaryimage\",\"url\":\"https:\/\/static.africa-press.net\/conakry\/sites\/63\/2023\/01\/Jokar1673100607.359678.jpg\",\"contentUrl\":\"https:\/\/static.africa-press.net\/conakry\/sites\/63\/2023\/01\/Jokar1673100607.359678.jpg\",\"width\":1277,\"height\":909,\"caption\":\"Assainissement \u00e0 Conakry : les ministres Julien Yombouno, Nagnalen et le maire Isma\u00ebl Cond\u00e9 sur le terrain \u00e0 Mafanco\"},{\"@type\":\"BreadcrumbList\",\"@id\":\"https:\/\/www.africa-press.net\/guinee-conakry\/politique\/assainissement-a-conakry-les-ministres-julien-yombouno-nagnalen-et-le-maire-ismael-conde-sur-le-terrain-a-mafanco#breadcrumb\",\"itemListElement\":[{\"@type\":\"ListItem\",\"position\":1,\"name\":\"Accueil\",\"item\":\"https:\/\/www.africa-press.net\/guinee-conakry\/\"},{\"@type\":\"ListItem\",\"position\":2,\"name\":\"Assainissement \u00e0 Conakry : les ministres Julien Yombouno, Nagnalen et le maire Isma\u00ebl Cond\u00e9 sur le terrain \u00e0 Mafanco\"}]},{\"@type\":\"WebSite\",\"@id\":\"https:\/\/www.africa-press.net\/guinee-conakry\/#website\",\"url\":\"https:\/\/www.africa-press.net\/guinee-conakry\/\",\"name\":\"guinee Conakry\",\"description\":\"Just another Africa News Agency Sites site\",\"potentialAction\":[{\"@type\":\"SearchAction\",\"target\":{\"@type\":\"EntryPoint\",\"urlTemplate\":\"https:\/\/www.africa-press.net\/guinee-conakry\/?s={search_term_string}\"},\"query-input\":{\"@type\":\"PropertyValueSpecification\",\"valueRequired\":true,\"valueName\":\"search_term_string\"}}],\"inLanguage\":\"fr-FR\"},{\"@type\":\"Person\",\"@id\":\"https:\/\/www.africa-press.net\/guinee-conakry\/#\/schema\/person\/2b1cf3cd81a31e3cd26889ca66d677f1\",\"name\":\"cfeditorfr\"}]}<\/script>\n<!-- \/ Yoast SEO Premium plugin. -->","yoast_head_json":{"title":"Assainissement \u00e0 Conakry : les ministres Julien Yombouno, Nagnalen et le maire Isma\u00ebl Cond\u00e9 sur le terrain \u00e0 Mafanco - guinee Conakry","robots":{"index":"index","follow":"follow","max-snippet":"max-snippet:-1","max-image-preview":"max-image-preview:large","max-video-preview":"max-video-preview:-1"},"canonical":"https:\/\/www.africa-press.net\/guinee-conakry\/politique\/assainissement-a-conakry-les-ministres-julien-yombouno-nagnalen-et-le-maire-ismael-conde-sur-le-terrain-a-mafanco","og_locale":"fr_FR","og_type":"article","og_title":"Assainissement \u00e0 Conakry : les ministres Julien Yombouno, Nagnalen et le maire Isma\u00ebl Cond\u00e9 sur le terrain \u00e0 Mafanco","og_description":"Africa-Press &#8211; Guin\u00e9e. C\u2019est la premie\u0300re journe\u0301e d\u2019assainissement au compte de l\u2019anne\u0301e 2023 a\u0300 Conakry. Dans la commune de Matam, le maire Ismae\u0308l Conde\u0301 e\u0301tait accompagne\u0301 de deux membres du Gouvernement pour assainir sa commune. Il s\u2019agit de Julien Yombouno, ministre du Travail et de la Fonction publique ; et Mamadou Nagnalen Barry, ministre de [&hellip;]","og_url":"https:\/\/www.africa-press.net\/guinee-conakry\/politique\/assainissement-a-conakry-les-ministres-julien-yombouno-nagnalen-et-le-maire-ismael-conde-sur-le-terrain-a-mafanco","og_site_name":"guinee Conakry","article_published_time":"2023-01-07T17:40:00+00:00","author":"cfeditorfr","twitter_card":"summary_large_image","twitter_misc":{"\u00c9crit par":"cfeditorfr","Dur\u00e9e de lecture estim\u00e9e":"5 minutes"},"schema":{"@context":"https:\/\/schema.org","@graph":[{"@type":"Article","@id":"https:\/\/www.africa-press.net\/guinee-conakry\/politique\/assainissement-a-conakry-les-ministres-julien-yombouno-nagnalen-et-le-maire-ismael-conde-sur-le-terrain-a-mafanco#article","isPartOf":{"@id":"https:\/\/www.africa-press.net\/guinee-conakry\/politique\/assainissement-a-conakry-les-ministres-julien-yombouno-nagnalen-et-le-maire-ismael-conde-sur-le-terrain-a-mafanco"},"author":{"name":"cfeditorfr","@id":"https:\/\/www.africa-press.net\/guinee-conakry\/#\/schema\/person\/2b1cf3cd81a31e3cd26889ca66d677f1"},"headline":"Assainissement \u00e0 Conakry : les ministres Julien Yombouno, Nagnalen et le maire Isma\u00ebl Cond\u00e9 sur le terrain \u00e0 Mafanco","datePublished":"2023-01-07T17:40:00+00:00","mainEntityOfPage":{"@id":"https:\/\/www.africa-press.net\/guinee-conakry\/politique\/assainissement-a-conakry-les-ministres-julien-yombouno-nagnalen-et-le-maire-ismael-conde-sur-le-terrain-a-mafanco"},"wordCount":967,"commentCount":0,"image":{"@id":"https:\/\/www.africa-press.net\/guinee-conakry\/politique\/assainissement-a-conakry-les-ministres-julien-yombouno-nagnalen-et-le-maire-ismael-conde-sur-le-terrain-a-mafanco#primaryimage"},"thumbnailUrl":"https:\/\/static.africa-press.net\/conakry\/sites\/63\/2023\/01\/Jokar1673100607.359678.jpg","keywords":["Africa Press","Africa Press-Guin\u00e9e","Guin\u00e9e"],"articleSection":["Communaut\u00e9","Toutes les actualit\u00e9s"],"inLanguage":"fr-FR","potentialAction":[{"@type":"CommentAction","name":"Comment","target":["https:\/\/www.africa-press.net\/guinee-conakry\/politique\/assainissement-a-conakry-les-ministres-julien-yombouno-nagnalen-et-le-maire-ismael-conde-sur-le-terrain-a-mafanco#respond"]}]},{"@type":"WebPage","@id":"https:\/\/www.africa-press.net\/guinee-conakry\/politique\/assainissement-a-conakry-les-ministres-julien-yombouno-nagnalen-et-le-maire-ismael-conde-sur-le-terrain-a-mafanco","url":"https:\/\/www.africa-press.net\/guinee-conakry\/politique\/assainissement-a-conakry-les-ministres-julien-yombouno-nagnalen-et-le-maire-ismael-conde-sur-le-terrain-a-mafanco","name":"Assainissement \u00e0 Conakry : les ministres Julien Yombouno, Nagnalen et le maire Isma\u00ebl Cond\u00e9 sur le terrain \u00e0 Mafanco - guinee Conakry","isPartOf":{"@id":"https:\/\/www.africa-press.net\/guinee-conakry\/#website"},"primaryImageOfPage":{"@id":"https:\/\/www.africa-press.net\/guinee-conakry\/politique\/assainissement-a-conakry-les-ministres-julien-yombouno-nagnalen-et-le-maire-ismael-conde-sur-le-terrain-a-mafanco#primaryimage"},"image":{"@id":"https:\/\/www.africa-press.net\/guinee-conakry\/politique\/assainissement-a-conakry-les-ministres-julien-yombouno-nagnalen-et-le-maire-ismael-conde-sur-le-terrain-a-mafanco#primaryimage"},"thumbnailUrl":"https:\/\/static.africa-press.net\/conakry\/sites\/63\/2023\/01\/Jokar1673100607.359678.jpg","datePublished":"2023-01-07T17:40:00+00:00","author":{"@id":"https:\/\/www.africa-press.net\/guinee-conakry\/#\/schema\/person\/2b1cf3cd81a31e3cd26889ca66d677f1"},"breadcrumb":{"@id":"https:\/\/www.africa-press.net\/guinee-conakry\/politique\/assainissement-a-conakry-les-ministres-julien-yombouno-nagnalen-et-le-maire-ismael-conde-sur-le-terrain-a-mafanco#breadcrumb"},"inLanguage":"fr-FR","potentialAction":[{"@type":"ReadAction","target":["https:\/\/www.africa-press.net\/guinee-conakry\/politique\/assainissement-a-conakry-les-ministres-julien-yombouno-nagnalen-et-le-maire-ismael-conde-sur-le-terrain-a-mafanco"]}]},{"@type":"ImageObject","inLanguage":"fr-FR","@id":"https:\/\/www.africa-press.net\/guinee-conakry\/politique\/assainissement-a-conakry-les-ministres-julien-yombouno-nagnalen-et-le-maire-ismael-conde-sur-le-terrain-a-mafanco#primaryimage","url":"https:\/\/static.africa-press.net\/conakry\/sites\/63\/2023\/01\/Jokar1673100607.359678.jpg","contentUrl":"https:\/\/static.africa-press.net\/conakry\/sites\/63\/2023\/01\/Jokar1673100607.359678.jpg","width":1277,"height":909,"caption":"Assainissement \u00e0 Conakry : les ministres Julien Yombouno, Nagnalen et le maire Isma\u00ebl Cond\u00e9 sur le terrain \u00e0 Mafanco"},{"@type":"BreadcrumbList","@id":"https:\/\/www.africa-press.net\/guinee-conakry\/politique\/assainissement-a-conakry-les-ministres-julien-yombouno-nagnalen-et-le-maire-ismael-conde-sur-le-terrain-a-mafanco#breadcrumb","itemListElement":[{"@type":"ListItem","position":1,"name":"Accueil","item":"https:\/\/www.africa-press.net\/guinee-conakry\/"},{"@type":"ListItem","position":2,"name":"Assainissement \u00e0 Conakry : les ministres Julien Yombouno, Nagnalen et le maire Isma\u00ebl Cond\u00e9 sur le terrain \u00e0 Mafanco"}]},{"@type":"WebSite","@id":"https:\/\/www.africa-press.net\/guinee-conakry\/#website","url":"https:\/\/www.africa-press.net\/guinee-conakry\/","name":"guinee Conakry","description":"Just another Africa News Agency Sites site","potentialAction":[{"@type":"SearchAction","target":{"@type":"EntryPoint","urlTemplate":"https:\/\/www.africa-press.net\/guinee-conakry\/?s={search_term_string}"},"query-input":{"@type":"PropertyValueSpecification","valueRequired":true,"valueName":"search_term_string"}}],"inLanguage":"fr-FR"},{"@type":"Person","@id":"https:\/\/www.africa-press.net\/guinee-conakry\/#\/schema\/person\/2b1cf3cd81a31e3cd26889ca66d677f1","name":"cfeditorfr"}]}},"_links":{"self":[{"href":"https:\/\/www.africa-press.net\/guinee-conakry\/wp-json\/wp\/v2\/posts\/11220","targetHints":{"allow":["GET"]}}],"collection":[{"href":"https:\/\/www.africa-press.net\/guinee-conakry\/wp-json\/wp\/v2\/posts"}],"about":[{"href":"https:\/\/www.africa-press.net\/guinee-conakry\/wp-json\/wp\/v2\/types\/post"}],"author":[{"embeddable":true,"href":"https:\/\/www.africa-press.net\/guinee-conakry\/wp-json\/wp\/v2\/users\/82"}],"replies":[{"embeddable":true,"href":"https:\/\/www.africa-press.net\/guinee-conakry\/wp-json\/wp\/v2\/comments?post=11220"}],"version-history":[{"count":0,"href":"https:\/\/www.africa-press.net\/guinee-conakry\/wp-json\/wp\/v2\/posts\/11220\/revisions"}],"wp:featuredmedia":[{"embeddable":true,"href":"https:\/\/www.africa-press.net\/guinee-conakry\/wp-json\/wp\/v2\/media\/11219"}],"wp:attachment":[{"href":"https:\/\/www.africa-press.net\/guinee-conakry\/wp-json\/wp\/v2\/media?parent=11220"}],"wp:term":[{"taxonomy":"category","embeddable":true,"href":"https:\/\/www.africa-press.net\/guinee-conakry\/wp-json\/wp\/v2\/categories?post=11220"},{"taxonomy":"post_tag","embeddable":true,"href":"https:\/\/www.africa-press.net\/guinee-conakry\/wp-json\/wp\/v2\/tags?post=11220"}],"curies":[{"name":"wp","href":"https:\/\/api.w.org\/{rel}","templated":true}]}}