{"id":11224,"date":"2023-01-07T18:21:00","date_gmt":"2023-01-07T18:21:00","guid":{"rendered":"https:\/\/www.africa-press.net\/guinee-conakry\/politique\/samedis-dassainissement-forte-mobilisation-pour-debarrasser-faranah-de-ses-ordures"},"modified":"2023-01-07T18:21:00","modified_gmt":"2023-01-07T18:21:00","slug":"samedis-dassainissement-forte-mobilisation-pour-debarrasser-faranah-de-ses-ordures","status":"publish","type":"post","link":"https:\/\/www.africa-press.net\/guinee-conakry\/toutes-les-actualites\/samedis-dassainissement-forte-mobilisation-pour-debarrasser-faranah-de-ses-ordures","title":{"rendered":"Samedis d\u2019assainissement : forte mobilisation pour d\u00e9barrasser Faranah de ses ordures"},"content":{"rendered":"<p><span style=\"color: #ff6600\"><strong>Africa-Press &#8211; Guin\u00e9e. <\/strong><\/span>A l\u2019instar d\u2019autres localite\u0301s de la Guine\u0301e, la ville de Faranah a lance\u0301 ce samedi, 7 janvier 2023, les premie\u0300res ope\u0301rations d\u2019assainissement de la commune urbaine au compte de la nouvelle anne\u0301e. Autorite\u0301s locales, force de se\u0301curite\u0301 et de de\u0301fense, chefs de quartier et de jeunesse ainsi que des diffe\u0301rents corps de me\u0301tiers se sont massivement mobilise\u0301s pour participer a\u0300 cette ope\u0301ration.<\/p>\n<p>Le coup d\u2019envoi a e\u0301te\u0301 donne\u0301 a\u0300 partir de la devanture de la mairie en partant vers la pre\u0301fecture. Sur les lieux, le maire de la commune urbaine de Faranah, Oumar Camara, a explique\u0301 les inte\u0301re\u0302ts lie\u0301s a\u0300 cette ope\u0301ration.<\/p>\n<p>\u00ab Comme vous le savez, traditionnellement, depuis 2022, le chef de l\u2019Etat a pris l\u2019initiative, a\u0300 chaque premier samedi du mois, que les citoyens sortent pour assainir les villes. Et 2023 la\u0300, nous avons de\u0301bute\u0301 avec la pre\u0301fecture, la commune, l\u2019arme\u0301e, nous sommes tous sortis pour respecter les consignes donne\u0301es et aussi pour nettoyer la ville. Vous avez vu combien de fois les gens sont motive\u0301s, l\u2019arme\u0301e est la\u0300, les citoyens sont la\u0300 et aussi les autorite\u0301s au niveau pre\u0301fectoral que communal. Nous sommes tous mobilise\u0301s pour assainir notre ville. L\u2019appel que je lance aux citoyens, c\u2019est de faire tout pour respecter ce programme. C\u0327a y va dans notre propre inte\u0301re\u0302t. L\u2019autorite\u0301 ne peut qu\u2019afficher sa volonte\u0301. Si le pre\u0301sident dit, chaque premier samedi, sortez, nettoyez chez vous, c\u2019est dans notre propre inte\u0301re\u0302t. En nettoyant notre ville, en de\u0301barrassant notre ville des tas d\u2019immondices, des ordures, c\u0327a y va dans notre inte\u0301re\u0302t. Non seulement c\u0327a pre\u0301serve la sante\u0301, mais c\u0327a donne une tre\u0300s bonne image a\u0300 la ville. Et ceux qui n\u2019ont pas le temps de venir dans le lieu de regroupement, ils peuvent rester chez eux et nettoyer chez eux ; je crois que c\u0327a leur fait profiter dans le cadre de la sante\u0301. Je re\u0301ite\u0300re une fois encore, je demande a\u0300 la population de rester mobilise\u0301e a\u0300 chaque premier samedi du mois pour l\u2019assainissement \u00bb, a laisse\u0301 entendre Oumar Camara.<\/p>\n<p>Me\u0302me de\u0301termination pour les forces de de\u0301fense et de se\u0301curite\u0301. Le Colonel Karamoko Boke\u0301 Camara, Commandant du Bataillon Autonome de Faranah va justifier sa pre\u0301sence a\u0300 cette action civique.<\/p>\n<p>\u00ab C\u2019est une de nos priorite\u0301s, les actions civilo-militaires, c\u2019est pourquoi vous voyez beaucoup de militaires. Nous sortons pour nettoyer la ville, surtout que l\u2019appel a e\u0301te\u0301 fait par les autorite\u0301s, le premier samedi de chaque mois, de sortir massivement pour nettoyer la ville. Nous le faisons pour nous-me\u0302mes et pas pour quelqu\u2019un parce que vous savez ce que les ordures apportent. C\u0327a donne la maladie et beaucoup de choses. Donc, si nous nettoyons chez nous, c\u0327a apporte quelque chose, telle que la sante\u0301. C\u2019est pourquoi nous sommes venus pour nettoyer notre ville \u00bb, a-t-il pre\u0301cise\u0301.<\/p>\n<p>Structures de jeunesse, groupements de femmes et autres associations ne sont pas reste\u0301s en marge de l\u2019activite\u0301. Mamadou Habib Bah, citoyen et vice-pre\u0301sident de l\u2019Association des jeunes tontiniers de Faranah, a dit que la dynamique va se poursuivre.<\/p>\n<p>\u00ab Ce qui nous motive de sortir, c\u2019est non seulement participer au de\u0301veloppement local de la ville de Faranah, et laisser notre trace aussi dans les activite\u0301s de Faranah, surtout participer a\u0300 la proprete\u0301 de la ville. Nous appelons nos colle\u0300gues de participer a\u0300 ce genre d\u2019initiatives parce que la proprete\u0301, c\u2019est la vie. Nous allons continuer a\u0300 le faire, parce que chez nous, c\u2019est l\u2019esprit patriotique qui prend le dessus. Nous accompagnons les autorite\u0301s surtout dans la bonne voie \u00bb.<\/p>\n<p><strong>Pour plus d&rsquo;informations et d&rsquo;analyses sur la <a href=\"https:\/\/www.africa-press.net\/guinee-conakry\">Guin\u00e9e<\/a>, suivez <a href=\"https:\/\/www.africa-press.net\/\">Africa-Press<\/a><\/strong><\/p>\n","protected":false},"excerpt":{"rendered":"<p>Africa-Press &#8211; Guin\u00e9e. A l\u2019instar d\u2019autres localite\u0301s de la Guine\u0301e, la ville de Faranah a lance\u0301 ce samedi, 7 janvier 2023, les premie\u0300res ope\u0301rations d\u2019assainissement de la commune urbaine au compte de la nouvelle anne\u0301e. Autorite\u0301s locales, force de se\u0301curite\u0301 et de de\u0301fense, chefs de quartier et de jeunesse ainsi que des diffe\u0301rents corps de [&hellip;]<\/p>\n","protected":false},"author":82,"featured_media":11223,"comment_status":"open","ping_status":"closed","sticky":false,"template":"","format":"standard","meta":{"footnotes":""},"categories":[21,10],"tags":[36,57,58],"class_list":["post-11224","post","type-post","status-publish","format-standard","has-post-thumbnail","hentry","category-communaute","category-toutes-les-actualites","tag-africa-press","tag-africa-press-guinee","tag-guinee"],"yoast_head":"<!-- This site is optimized with the Yoast SEO Premium plugin v26.1 (Yoast SEO v27.0) - https:\/\/yoast.com\/product\/yoast-seo-premium-wordpress\/ -->\n<title>Samedis d\u2019assainissement : forte mobilisation pour d\u00e9barrasser Faranah de ses ordures - guinee Conakry<\/title>\n<meta name=\"robots\" content=\"index, follow, max-snippet:-1, max-image-preview:large, max-video-preview:-1\" \/>\n<link rel=\"canonical\" href=\"https:\/\/www.africa-press.net\/guinee-conakry\/politique\/samedis-dassainissement-forte-mobilisation-pour-debarrasser-faranah-de-ses-ordures\" \/>\n<meta property=\"og:locale\" content=\"fr_FR\" \/>\n<meta property=\"og:type\" content=\"article\" \/>\n<meta property=\"og:title\" content=\"Samedis d\u2019assainissement : forte mobilisation pour d\u00e9barrasser Faranah de ses ordures\" \/>\n<meta property=\"og:description\" content=\"Africa-Press &#8211; Guin\u00e9e. A l\u2019instar d\u2019autres localite\u0301s de la Guine\u0301e, la ville de Faranah a lance\u0301 ce samedi, 7 janvier 2023, les premie\u0300res ope\u0301rations d\u2019assainissement de la commune urbaine au compte de la nouvelle anne\u0301e. Autorite\u0301s locales, force de se\u0301curite\u0301 et de de\u0301fense, chefs de quartier et de jeunesse ainsi que des diffe\u0301rents corps de [&hellip;]\" \/>\n<meta property=\"og:url\" content=\"https:\/\/www.africa-press.net\/guinee-conakry\/politique\/samedis-dassainissement-forte-mobilisation-pour-debarrasser-faranah-de-ses-ordures\" \/>\n<meta property=\"og:site_name\" content=\"guinee Conakry\" \/>\n<meta property=\"article:published_time\" content=\"2023-01-07T18:21:00+00:00\" \/>\n<meta name=\"author\" content=\"cfeditorfr\" \/>\n<meta name=\"twitter:card\" content=\"summary_large_image\" \/>\n<meta name=\"twitter:label1\" content=\"\u00c9crit par\" \/>\n\t<meta name=\"twitter:data1\" content=\"cfeditorfr\" \/>\n\t<meta name=\"twitter:label2\" content=\"Dur\u00e9e de lecture estim\u00e9e\" \/>\n\t<meta name=\"twitter:data2\" content=\"3 minutes\" \/>\n<script type=\"application\/ld+json\" class=\"yoast-schema-graph\">{\"@context\":\"https:\/\/schema.org\",\"@graph\":[{\"@type\":\"Article\",\"@id\":\"https:\/\/www.africa-press.net\/guinee-conakry\/politique\/samedis-dassainissement-forte-mobilisation-pour-debarrasser-faranah-de-ses-ordures#article\",\"isPartOf\":{\"@id\":\"https:\/\/www.africa-press.net\/guinee-conakry\/politique\/samedis-dassainissement-forte-mobilisation-pour-debarrasser-faranah-de-ses-ordures\"},\"author\":{\"name\":\"cfeditorfr\",\"@id\":\"https:\/\/www.africa-press.net\/guinee-conakry\/#\/schema\/person\/2b1cf3cd81a31e3cd26889ca66d677f1\"},\"headline\":\"Samedis d\u2019assainissement : forte mobilisation pour d\u00e9barrasser Faranah de ses ordures\",\"datePublished\":\"2023-01-07T18:21:00+00:00\",\"mainEntityOfPage\":{\"@id\":\"https:\/\/www.africa-press.net\/guinee-conakry\/politique\/samedis-dassainissement-forte-mobilisation-pour-debarrasser-faranah-de-ses-ordures\"},\"wordCount\":687,\"commentCount\":0,\"image\":{\"@id\":\"https:\/\/www.africa-press.net\/guinee-conakry\/politique\/samedis-dassainissement-forte-mobilisation-pour-debarrasser-faranah-de-ses-ordures#primaryimage\"},\"thumbnailUrl\":\"https:\/\/static.africa-press.net\/conakry\/sites\/63\/2023\/01\/Jokar1673103085.321145.jpg\",\"keywords\":[\"Africa Press\",\"Africa Press-Guin\u00e9e\",\"Guin\u00e9e\"],\"articleSection\":[\"Communaut\u00e9\",\"Toutes les actualit\u00e9s\"],\"inLanguage\":\"fr-FR\",\"potentialAction\":[{\"@type\":\"CommentAction\",\"name\":\"Comment\",\"target\":[\"https:\/\/www.africa-press.net\/guinee-conakry\/politique\/samedis-dassainissement-forte-mobilisation-pour-debarrasser-faranah-de-ses-ordures#respond\"]}]},{\"@type\":\"WebPage\",\"@id\":\"https:\/\/www.africa-press.net\/guinee-conakry\/politique\/samedis-dassainissement-forte-mobilisation-pour-debarrasser-faranah-de-ses-ordures\",\"url\":\"https:\/\/www.africa-press.net\/guinee-conakry\/politique\/samedis-dassainissement-forte-mobilisation-pour-debarrasser-faranah-de-ses-ordures\",\"name\":\"Samedis d\u2019assainissement : forte mobilisation pour d\u00e9barrasser Faranah de ses ordures - guinee Conakry\",\"isPartOf\":{\"@id\":\"https:\/\/www.africa-press.net\/guinee-conakry\/#website\"},\"primaryImageOfPage\":{\"@id\":\"https:\/\/www.africa-press.net\/guinee-conakry\/politique\/samedis-dassainissement-forte-mobilisation-pour-debarrasser-faranah-de-ses-ordures#primaryimage\"},\"image\":{\"@id\":\"https:\/\/www.africa-press.net\/guinee-conakry\/politique\/samedis-dassainissement-forte-mobilisation-pour-debarrasser-faranah-de-ses-ordures#primaryimage\"},\"thumbnailUrl\":\"https:\/\/static.africa-press.net\/conakry\/sites\/63\/2023\/01\/Jokar1673103085.321145.jpg\",\"datePublished\":\"2023-01-07T18:21:00+00:00\",\"author\":{\"@id\":\"https:\/\/www.africa-press.net\/guinee-conakry\/#\/schema\/person\/2b1cf3cd81a31e3cd26889ca66d677f1\"},\"breadcrumb\":{\"@id\":\"https:\/\/www.africa-press.net\/guinee-conakry\/politique\/samedis-dassainissement-forte-mobilisation-pour-debarrasser-faranah-de-ses-ordures#breadcrumb\"},\"inLanguage\":\"fr-FR\",\"potentialAction\":[{\"@type\":\"ReadAction\",\"target\":[\"https:\/\/www.africa-press.net\/guinee-conakry\/politique\/samedis-dassainissement-forte-mobilisation-pour-debarrasser-faranah-de-ses-ordures\"]}]},{\"@type\":\"ImageObject\",\"inLanguage\":\"fr-FR\",\"@id\":\"https:\/\/www.africa-press.net\/guinee-conakry\/politique\/samedis-dassainissement-forte-mobilisation-pour-debarrasser-faranah-de-ses-ordures#primaryimage\",\"url\":\"https:\/\/static.africa-press.net\/conakry\/sites\/63\/2023\/01\/Jokar1673103085.321145.jpg\",\"contentUrl\":\"https:\/\/static.africa-press.net\/conakry\/sites\/63\/2023\/01\/Jokar1673103085.321145.jpg\",\"width\":1280,\"height\":751,\"caption\":\"Samedis d\u2019assainissement : forte mobilisation pour d\u00e9barrasser Faranah de ses ordures\"},{\"@type\":\"BreadcrumbList\",\"@id\":\"https:\/\/www.africa-press.net\/guinee-conakry\/politique\/samedis-dassainissement-forte-mobilisation-pour-debarrasser-faranah-de-ses-ordures#breadcrumb\",\"itemListElement\":[{\"@type\":\"ListItem\",\"position\":1,\"name\":\"Accueil\",\"item\":\"https:\/\/www.africa-press.net\/guinee-conakry\/\"},{\"@type\":\"ListItem\",\"position\":2,\"name\":\"Samedis d\u2019assainissement : forte mobilisation pour d\u00e9barrasser Faranah de ses ordures\"}]},{\"@type\":\"WebSite\",\"@id\":\"https:\/\/www.africa-press.net\/guinee-conakry\/#website\",\"url\":\"https:\/\/www.africa-press.net\/guinee-conakry\/\",\"name\":\"guinee Conakry\",\"description\":\"Just another Africa News Agency Sites site\",\"potentialAction\":[{\"@type\":\"SearchAction\",\"target\":{\"@type\":\"EntryPoint\",\"urlTemplate\":\"https:\/\/www.africa-press.net\/guinee-conakry\/?s={search_term_string}\"},\"query-input\":{\"@type\":\"PropertyValueSpecification\",\"valueRequired\":true,\"valueName\":\"search_term_string\"}}],\"inLanguage\":\"fr-FR\"},{\"@type\":\"Person\",\"@id\":\"https:\/\/www.africa-press.net\/guinee-conakry\/#\/schema\/person\/2b1cf3cd81a31e3cd26889ca66d677f1\",\"name\":\"cfeditorfr\"}]}<\/script>\n<!-- \/ Yoast SEO Premium plugin. -->","yoast_head_json":{"title":"Samedis d\u2019assainissement : forte mobilisation pour d\u00e9barrasser Faranah de ses ordures - guinee Conakry","robots":{"index":"index","follow":"follow","max-snippet":"max-snippet:-1","max-image-preview":"max-image-preview:large","max-video-preview":"max-video-preview:-1"},"canonical":"https:\/\/www.africa-press.net\/guinee-conakry\/politique\/samedis-dassainissement-forte-mobilisation-pour-debarrasser-faranah-de-ses-ordures","og_locale":"fr_FR","og_type":"article","og_title":"Samedis d\u2019assainissement : forte mobilisation pour d\u00e9barrasser Faranah de ses ordures","og_description":"Africa-Press &#8211; Guin\u00e9e. A l\u2019instar d\u2019autres localite\u0301s de la Guine\u0301e, la ville de Faranah a lance\u0301 ce samedi, 7 janvier 2023, les premie\u0300res ope\u0301rations d\u2019assainissement de la commune urbaine au compte de la nouvelle anne\u0301e. Autorite\u0301s locales, force de se\u0301curite\u0301 et de de\u0301fense, chefs de quartier et de jeunesse ainsi que des diffe\u0301rents corps de [&hellip;]","og_url":"https:\/\/www.africa-press.net\/guinee-conakry\/politique\/samedis-dassainissement-forte-mobilisation-pour-debarrasser-faranah-de-ses-ordures","og_site_name":"guinee Conakry","article_published_time":"2023-01-07T18:21:00+00:00","author":"cfeditorfr","twitter_card":"summary_large_image","twitter_misc":{"\u00c9crit par":"cfeditorfr","Dur\u00e9e de lecture estim\u00e9e":"3 minutes"},"schema":{"@context":"https:\/\/schema.org","@graph":[{"@type":"Article","@id":"https:\/\/www.africa-press.net\/guinee-conakry\/politique\/samedis-dassainissement-forte-mobilisation-pour-debarrasser-faranah-de-ses-ordures#article","isPartOf":{"@id":"https:\/\/www.africa-press.net\/guinee-conakry\/politique\/samedis-dassainissement-forte-mobilisation-pour-debarrasser-faranah-de-ses-ordures"},"author":{"name":"cfeditorfr","@id":"https:\/\/www.africa-press.net\/guinee-conakry\/#\/schema\/person\/2b1cf3cd81a31e3cd26889ca66d677f1"},"headline":"Samedis d\u2019assainissement : forte mobilisation pour d\u00e9barrasser Faranah de ses ordures","datePublished":"2023-01-07T18:21:00+00:00","mainEntityOfPage":{"@id":"https:\/\/www.africa-press.net\/guinee-conakry\/politique\/samedis-dassainissement-forte-mobilisation-pour-debarrasser-faranah-de-ses-ordures"},"wordCount":687,"commentCount":0,"image":{"@id":"https:\/\/www.africa-press.net\/guinee-conakry\/politique\/samedis-dassainissement-forte-mobilisation-pour-debarrasser-faranah-de-ses-ordures#primaryimage"},"thumbnailUrl":"https:\/\/static.africa-press.net\/conakry\/sites\/63\/2023\/01\/Jokar1673103085.321145.jpg","keywords":["Africa Press","Africa Press-Guin\u00e9e","Guin\u00e9e"],"articleSection":["Communaut\u00e9","Toutes les actualit\u00e9s"],"inLanguage":"fr-FR","potentialAction":[{"@type":"CommentAction","name":"Comment","target":["https:\/\/www.africa-press.net\/guinee-conakry\/politique\/samedis-dassainissement-forte-mobilisation-pour-debarrasser-faranah-de-ses-ordures#respond"]}]},{"@type":"WebPage","@id":"https:\/\/www.africa-press.net\/guinee-conakry\/politique\/samedis-dassainissement-forte-mobilisation-pour-debarrasser-faranah-de-ses-ordures","url":"https:\/\/www.africa-press.net\/guinee-conakry\/politique\/samedis-dassainissement-forte-mobilisation-pour-debarrasser-faranah-de-ses-ordures","name":"Samedis d\u2019assainissement : forte mobilisation pour d\u00e9barrasser Faranah de ses ordures - guinee Conakry","isPartOf":{"@id":"https:\/\/www.africa-press.net\/guinee-conakry\/#website"},"primaryImageOfPage":{"@id":"https:\/\/www.africa-press.net\/guinee-conakry\/politique\/samedis-dassainissement-forte-mobilisation-pour-debarrasser-faranah-de-ses-ordures#primaryimage"},"image":{"@id":"https:\/\/www.africa-press.net\/guinee-conakry\/politique\/samedis-dassainissement-forte-mobilisation-pour-debarrasser-faranah-de-ses-ordures#primaryimage"},"thumbnailUrl":"https:\/\/static.africa-press.net\/conakry\/sites\/63\/2023\/01\/Jokar1673103085.321145.jpg","datePublished":"2023-01-07T18:21:00+00:00","author":{"@id":"https:\/\/www.africa-press.net\/guinee-conakry\/#\/schema\/person\/2b1cf3cd81a31e3cd26889ca66d677f1"},"breadcrumb":{"@id":"https:\/\/www.africa-press.net\/guinee-conakry\/politique\/samedis-dassainissement-forte-mobilisation-pour-debarrasser-faranah-de-ses-ordures#breadcrumb"},"inLanguage":"fr-FR","potentialAction":[{"@type":"ReadAction","target":["https:\/\/www.africa-press.net\/guinee-conakry\/politique\/samedis-dassainissement-forte-mobilisation-pour-debarrasser-faranah-de-ses-ordures"]}]},{"@type":"ImageObject","inLanguage":"fr-FR","@id":"https:\/\/www.africa-press.net\/guinee-conakry\/politique\/samedis-dassainissement-forte-mobilisation-pour-debarrasser-faranah-de-ses-ordures#primaryimage","url":"https:\/\/static.africa-press.net\/conakry\/sites\/63\/2023\/01\/Jokar1673103085.321145.jpg","contentUrl":"https:\/\/static.africa-press.net\/conakry\/sites\/63\/2023\/01\/Jokar1673103085.321145.jpg","width":1280,"height":751,"caption":"Samedis d\u2019assainissement : forte mobilisation pour d\u00e9barrasser Faranah de ses ordures"},{"@type":"BreadcrumbList","@id":"https:\/\/www.africa-press.net\/guinee-conakry\/politique\/samedis-dassainissement-forte-mobilisation-pour-debarrasser-faranah-de-ses-ordures#breadcrumb","itemListElement":[{"@type":"ListItem","position":1,"name":"Accueil","item":"https:\/\/www.africa-press.net\/guinee-conakry\/"},{"@type":"ListItem","position":2,"name":"Samedis d\u2019assainissement : forte mobilisation pour d\u00e9barrasser Faranah de ses ordures"}]},{"@type":"WebSite","@id":"https:\/\/www.africa-press.net\/guinee-conakry\/#website","url":"https:\/\/www.africa-press.net\/guinee-conakry\/","name":"guinee Conakry","description":"Just another Africa News Agency Sites site","potentialAction":[{"@type":"SearchAction","target":{"@type":"EntryPoint","urlTemplate":"https:\/\/www.africa-press.net\/guinee-conakry\/?s={search_term_string}"},"query-input":{"@type":"PropertyValueSpecification","valueRequired":true,"valueName":"search_term_string"}}],"inLanguage":"fr-FR"},{"@type":"Person","@id":"https:\/\/www.africa-press.net\/guinee-conakry\/#\/schema\/person\/2b1cf3cd81a31e3cd26889ca66d677f1","name":"cfeditorfr"}]}},"_links":{"self":[{"href":"https:\/\/www.africa-press.net\/guinee-conakry\/wp-json\/wp\/v2\/posts\/11224","targetHints":{"allow":["GET"]}}],"collection":[{"href":"https:\/\/www.africa-press.net\/guinee-conakry\/wp-json\/wp\/v2\/posts"}],"about":[{"href":"https:\/\/www.africa-press.net\/guinee-conakry\/wp-json\/wp\/v2\/types\/post"}],"author":[{"embeddable":true,"href":"https:\/\/www.africa-press.net\/guinee-conakry\/wp-json\/wp\/v2\/users\/82"}],"replies":[{"embeddable":true,"href":"https:\/\/www.africa-press.net\/guinee-conakry\/wp-json\/wp\/v2\/comments?post=11224"}],"version-history":[{"count":0,"href":"https:\/\/www.africa-press.net\/guinee-conakry\/wp-json\/wp\/v2\/posts\/11224\/revisions"}],"wp:featuredmedia":[{"embeddable":true,"href":"https:\/\/www.africa-press.net\/guinee-conakry\/wp-json\/wp\/v2\/media\/11223"}],"wp:attachment":[{"href":"https:\/\/www.africa-press.net\/guinee-conakry\/wp-json\/wp\/v2\/media?parent=11224"}],"wp:term":[{"taxonomy":"category","embeddable":true,"href":"https:\/\/www.africa-press.net\/guinee-conakry\/wp-json\/wp\/v2\/categories?post=11224"},{"taxonomy":"post_tag","embeddable":true,"href":"https:\/\/www.africa-press.net\/guinee-conakry\/wp-json\/wp\/v2\/tags?post=11224"}],"curies":[{"name":"wp","href":"https:\/\/api.w.org\/{rel}","templated":true}]}}