{"id":11232,"date":"2023-01-07T18:42:00","date_gmt":"2023-01-07T18:42:00","guid":{"rendered":"https:\/\/www.africa-press.net\/guinee-conakry\/politique\/football-didier-deschamps-a-prolonge-son-contrat-a-la-tete-de-lequipe-de-france-jusqua-2026"},"modified":"2023-01-07T18:42:00","modified_gmt":"2023-01-07T18:42:00","slug":"football-didier-deschamps-a-prolonge-son-contrat-a-la-tete-de-lequipe-de-france-jusqua-2026","status":"publish","type":"post","link":"https:\/\/www.africa-press.net\/guinee-conakry\/sports\/football-didier-deschamps-a-prolonge-son-contrat-a-la-tete-de-lequipe-de-france-jusqua-2026","title":{"rendered":"Football : Didier Deschamps a prolong\u00e9 son contrat \u00e0 la t\u00eate de l\u2019\u00e9quipe de France jusqu\u2019\u00e0 2026"},"content":{"rendered":"<p><span style=\"color: #ff6600\"><strong>Africa-Press &#8211; Guin\u00e9e. <\/strong><\/span>Apre\u0300s le brillant parcours des bleus a\u0300 la coupe du monde 2022 (finalistes malheureux face a\u0300 l\u2019Argentine de Leo Messi), le Se\u0301lectionneur de l\u2019e\u0301quipe de France Didier Deschamps a prolonge\u0301 son contrat jusqu\u2019a\u0300 2026, apprend-on ce samedi, 7 janvier 2023.<\/p>\n<p>Nomme\u0301 se\u0301lectionneur depuis 2012, DD, champion du monde franc\u0327ais en 1998, a remporte\u0301 la coupe du monde 2018. Il devient ainsi- avec le bre\u0301silien Ma\u0301rio Zagallo et l\u2019Allemand Franck Beckenbauer- un des rares joueurs a\u0300 avoir re\u0301ussi cet exploit (vainqueur en tant que joueur et se\u0301lectionneur la coupe du monde). Deschamps a aussi accroche\u0301 a\u0300 son palmare\u0300s de se\u0301lectionneur la Ligue des Nations en 2021.<\/p>\n<p>Malheureusement, Didier a perdu deux finales : en 2016 l\u2019Euro en France et en 2022 la Coupe du Monde au Qatar. Deschamps a toutes les cartes en main pour conque\u0301rir l\u2019Europe en 2024 (Euro) et une nouvelle e\u0301toile de champion du monde en 2026.<\/p>\n<p><strong>Pour plus d&rsquo;informations et d&rsquo;analyses sur la <a href=\"https:\/\/www.africa-press.net\/guinee-conakry\">Guin\u00e9e<\/a>, suivez <a href=\"https:\/\/www.africa-press.net\/\">Africa-Press<\/a><\/strong><\/p>\n","protected":false},"excerpt":{"rendered":"<p>Africa-Press &#8211; Guin\u00e9e. Apre\u0300s le brillant parcours des bleus a\u0300 la coupe du monde 2022 (finalistes malheureux face a\u0300 l\u2019Argentine de Leo Messi), le Se\u0301lectionneur de l\u2019e\u0301quipe de France Didier Deschamps a prolonge\u0301 son contrat jusqu\u2019a\u0300 2026, apprend-on ce samedi, 7 janvier 2023. Nomme\u0301 se\u0301lectionneur depuis 2012, DD, champion du monde franc\u0327ais en 1998, a [&hellip;]<\/p>\n","protected":false},"author":82,"featured_media":11231,"comment_status":"open","ping_status":"closed","sticky":false,"template":"","format":"standard","meta":{"footnotes":""},"categories":[6,10],"tags":[36,57,58],"class_list":["post-11232","post","type-post","status-publish","format-standard","has-post-thumbnail","hentry","category-sports","category-toutes-les-actualites","tag-africa-press","tag-africa-press-guinee","tag-guinee"],"yoast_head":"<!-- This site is optimized with the Yoast SEO Premium plugin v26.1 (Yoast SEO v27.0) - https:\/\/yoast.com\/product\/yoast-seo-premium-wordpress\/ -->\n<title>Football : Didier Deschamps a prolong\u00e9 son contrat \u00e0 la t\u00eate de l\u2019\u00e9quipe de France jusqu\u2019\u00e0 2026 - guinee Conakry<\/title>\n<meta name=\"robots\" content=\"index, follow, max-snippet:-1, max-image-preview:large, max-video-preview:-1\" \/>\n<link rel=\"canonical\" href=\"https:\/\/www.africa-press.net\/guinee-conakry\/politique\/football-didier-deschamps-a-prolonge-son-contrat-a-la-tete-de-lequipe-de-france-jusqua-2026\" \/>\n<meta property=\"og:locale\" content=\"fr_FR\" \/>\n<meta property=\"og:type\" content=\"article\" \/>\n<meta property=\"og:title\" content=\"Football : Didier Deschamps a prolong\u00e9 son contrat \u00e0 la t\u00eate de l\u2019\u00e9quipe de France jusqu\u2019\u00e0 2026\" \/>\n<meta property=\"og:description\" content=\"Africa-Press &#8211; Guin\u00e9e. Apre\u0300s le brillant parcours des bleus a\u0300 la coupe du monde 2022 (finalistes malheureux face a\u0300 l\u2019Argentine de Leo Messi), le Se\u0301lectionneur de l\u2019e\u0301quipe de France Didier Deschamps a prolonge\u0301 son contrat jusqu\u2019a\u0300 2026, apprend-on ce samedi, 7 janvier 2023. Nomme\u0301 se\u0301lectionneur depuis 2012, DD, champion du monde franc\u0327ais en 1998, a [&hellip;]\" \/>\n<meta property=\"og:url\" content=\"https:\/\/www.africa-press.net\/guinee-conakry\/politique\/football-didier-deschamps-a-prolonge-son-contrat-a-la-tete-de-lequipe-de-france-jusqua-2026\" \/>\n<meta property=\"og:site_name\" content=\"guinee Conakry\" \/>\n<meta property=\"article:published_time\" content=\"2023-01-07T18:42:00+00:00\" \/>\n<meta name=\"author\" content=\"cfeditorfr\" \/>\n<meta name=\"twitter:card\" content=\"summary_large_image\" \/>\n<meta name=\"twitter:label1\" content=\"\u00c9crit par\" \/>\n\t<meta name=\"twitter:data1\" content=\"cfeditorfr\" \/>\n\t<meta name=\"twitter:label2\" content=\"Dur\u00e9e de lecture estim\u00e9e\" \/>\n\t<meta name=\"twitter:data2\" content=\"1 minute\" \/>\n<script type=\"application\/ld+json\" class=\"yoast-schema-graph\">{\"@context\":\"https:\/\/schema.org\",\"@graph\":[{\"@type\":\"Article\",\"@id\":\"https:\/\/www.africa-press.net\/guinee-conakry\/politique\/football-didier-deschamps-a-prolonge-son-contrat-a-la-tete-de-lequipe-de-france-jusqua-2026#article\",\"isPartOf\":{\"@id\":\"https:\/\/www.africa-press.net\/guinee-conakry\/politique\/football-didier-deschamps-a-prolonge-son-contrat-a-la-tete-de-lequipe-de-france-jusqua-2026\"},\"author\":{\"name\":\"cfeditorfr\",\"@id\":\"https:\/\/www.africa-press.net\/guinee-conakry\/#\/schema\/person\/2b1cf3cd81a31e3cd26889ca66d677f1\"},\"headline\":\"Football : Didier Deschamps a prolong\u00e9 son contrat \u00e0 la t\u00eate de l\u2019\u00e9quipe de France jusqu\u2019\u00e0 2026\",\"datePublished\":\"2023-01-07T18:42:00+00:00\",\"mainEntityOfPage\":{\"@id\":\"https:\/\/www.africa-press.net\/guinee-conakry\/politique\/football-didier-deschamps-a-prolonge-son-contrat-a-la-tete-de-lequipe-de-france-jusqua-2026\"},\"wordCount\":188,\"commentCount\":0,\"image\":{\"@id\":\"https:\/\/www.africa-press.net\/guinee-conakry\/politique\/football-didier-deschamps-a-prolonge-son-contrat-a-la-tete-de-lequipe-de-france-jusqua-2026#primaryimage\"},\"thumbnailUrl\":\"https:\/\/static.africa-press.net\/conakry\/sites\/63\/2023\/01\/Jokar1673104358.176787.jpg\",\"keywords\":[\"Africa Press\",\"Africa Press-Guin\u00e9e\",\"Guin\u00e9e\"],\"articleSection\":[\"Sports\",\"Toutes les actualit\u00e9s\"],\"inLanguage\":\"fr-FR\",\"potentialAction\":[{\"@type\":\"CommentAction\",\"name\":\"Comment\",\"target\":[\"https:\/\/www.africa-press.net\/guinee-conakry\/politique\/football-didier-deschamps-a-prolonge-son-contrat-a-la-tete-de-lequipe-de-france-jusqua-2026#respond\"]}]},{\"@type\":\"WebPage\",\"@id\":\"https:\/\/www.africa-press.net\/guinee-conakry\/politique\/football-didier-deschamps-a-prolonge-son-contrat-a-la-tete-de-lequipe-de-france-jusqua-2026\",\"url\":\"https:\/\/www.africa-press.net\/guinee-conakry\/politique\/football-didier-deschamps-a-prolonge-son-contrat-a-la-tete-de-lequipe-de-france-jusqua-2026\",\"name\":\"Football : Didier Deschamps a prolong\u00e9 son contrat \u00e0 la t\u00eate de l\u2019\u00e9quipe de France jusqu\u2019\u00e0 2026 - guinee Conakry\",\"isPartOf\":{\"@id\":\"https:\/\/www.africa-press.net\/guinee-conakry\/#website\"},\"primaryImageOfPage\":{\"@id\":\"https:\/\/www.africa-press.net\/guinee-conakry\/politique\/football-didier-deschamps-a-prolonge-son-contrat-a-la-tete-de-lequipe-de-france-jusqua-2026#primaryimage\"},\"image\":{\"@id\":\"https:\/\/www.africa-press.net\/guinee-conakry\/politique\/football-didier-deschamps-a-prolonge-son-contrat-a-la-tete-de-lequipe-de-france-jusqua-2026#primaryimage\"},\"thumbnailUrl\":\"https:\/\/static.africa-press.net\/conakry\/sites\/63\/2023\/01\/Jokar1673104358.176787.jpg\",\"datePublished\":\"2023-01-07T18:42:00+00:00\",\"author\":{\"@id\":\"https:\/\/www.africa-press.net\/guinee-conakry\/#\/schema\/person\/2b1cf3cd81a31e3cd26889ca66d677f1\"},\"breadcrumb\":{\"@id\":\"https:\/\/www.africa-press.net\/guinee-conakry\/politique\/football-didier-deschamps-a-prolonge-son-contrat-a-la-tete-de-lequipe-de-france-jusqua-2026#breadcrumb\"},\"inLanguage\":\"fr-FR\",\"potentialAction\":[{\"@type\":\"ReadAction\",\"target\":[\"https:\/\/www.africa-press.net\/guinee-conakry\/politique\/football-didier-deschamps-a-prolonge-son-contrat-a-la-tete-de-lequipe-de-france-jusqua-2026\"]}]},{\"@type\":\"ImageObject\",\"inLanguage\":\"fr-FR\",\"@id\":\"https:\/\/www.africa-press.net\/guinee-conakry\/politique\/football-didier-deschamps-a-prolonge-son-contrat-a-la-tete-de-lequipe-de-france-jusqua-2026#primaryimage\",\"url\":\"https:\/\/static.africa-press.net\/conakry\/sites\/63\/2023\/01\/Jokar1673104358.176787.jpg\",\"contentUrl\":\"https:\/\/static.africa-press.net\/conakry\/sites\/63\/2023\/01\/Jokar1673104358.176787.jpg\",\"width\":714,\"height\":685,\"caption\":\"Football : Didier Deschamps a prolong\u00e9 son contrat \u00e0 la t\u00eate de l\u2019\u00e9quipe de France jusqu\u2019\u00e0 2026\"},{\"@type\":\"BreadcrumbList\",\"@id\":\"https:\/\/www.africa-press.net\/guinee-conakry\/politique\/football-didier-deschamps-a-prolonge-son-contrat-a-la-tete-de-lequipe-de-france-jusqua-2026#breadcrumb\",\"itemListElement\":[{\"@type\":\"ListItem\",\"position\":1,\"name\":\"Accueil\",\"item\":\"https:\/\/www.africa-press.net\/guinee-conakry\/\"},{\"@type\":\"ListItem\",\"position\":2,\"name\":\"Football : Didier Deschamps a prolong\u00e9 son contrat \u00e0 la t\u00eate de l\u2019\u00e9quipe de France jusqu\u2019\u00e0 2026\"}]},{\"@type\":\"WebSite\",\"@id\":\"https:\/\/www.africa-press.net\/guinee-conakry\/#website\",\"url\":\"https:\/\/www.africa-press.net\/guinee-conakry\/\",\"name\":\"guinee Conakry\",\"description\":\"Just another Africa News Agency Sites site\",\"potentialAction\":[{\"@type\":\"SearchAction\",\"target\":{\"@type\":\"EntryPoint\",\"urlTemplate\":\"https:\/\/www.africa-press.net\/guinee-conakry\/?s={search_term_string}\"},\"query-input\":{\"@type\":\"PropertyValueSpecification\",\"valueRequired\":true,\"valueName\":\"search_term_string\"}}],\"inLanguage\":\"fr-FR\"},{\"@type\":\"Person\",\"@id\":\"https:\/\/www.africa-press.net\/guinee-conakry\/#\/schema\/person\/2b1cf3cd81a31e3cd26889ca66d677f1\",\"name\":\"cfeditorfr\"}]}<\/script>\n<!-- \/ Yoast SEO Premium plugin. -->","yoast_head_json":{"title":"Football : Didier Deschamps a prolong\u00e9 son contrat \u00e0 la t\u00eate de l\u2019\u00e9quipe de France jusqu\u2019\u00e0 2026 - guinee Conakry","robots":{"index":"index","follow":"follow","max-snippet":"max-snippet:-1","max-image-preview":"max-image-preview:large","max-video-preview":"max-video-preview:-1"},"canonical":"https:\/\/www.africa-press.net\/guinee-conakry\/politique\/football-didier-deschamps-a-prolonge-son-contrat-a-la-tete-de-lequipe-de-france-jusqua-2026","og_locale":"fr_FR","og_type":"article","og_title":"Football : Didier Deschamps a prolong\u00e9 son contrat \u00e0 la t\u00eate de l\u2019\u00e9quipe de France jusqu\u2019\u00e0 2026","og_description":"Africa-Press &#8211; Guin\u00e9e. Apre\u0300s le brillant parcours des bleus a\u0300 la coupe du monde 2022 (finalistes malheureux face a\u0300 l\u2019Argentine de Leo Messi), le Se\u0301lectionneur de l\u2019e\u0301quipe de France Didier Deschamps a prolonge\u0301 son contrat jusqu\u2019a\u0300 2026, apprend-on ce samedi, 7 janvier 2023. Nomme\u0301 se\u0301lectionneur depuis 2012, DD, champion du monde franc\u0327ais en 1998, a [&hellip;]","og_url":"https:\/\/www.africa-press.net\/guinee-conakry\/politique\/football-didier-deschamps-a-prolonge-son-contrat-a-la-tete-de-lequipe-de-france-jusqua-2026","og_site_name":"guinee Conakry","article_published_time":"2023-01-07T18:42:00+00:00","author":"cfeditorfr","twitter_card":"summary_large_image","twitter_misc":{"\u00c9crit par":"cfeditorfr","Dur\u00e9e de lecture estim\u00e9e":"1 minute"},"schema":{"@context":"https:\/\/schema.org","@graph":[{"@type":"Article","@id":"https:\/\/www.africa-press.net\/guinee-conakry\/politique\/football-didier-deschamps-a-prolonge-son-contrat-a-la-tete-de-lequipe-de-france-jusqua-2026#article","isPartOf":{"@id":"https:\/\/www.africa-press.net\/guinee-conakry\/politique\/football-didier-deschamps-a-prolonge-son-contrat-a-la-tete-de-lequipe-de-france-jusqua-2026"},"author":{"name":"cfeditorfr","@id":"https:\/\/www.africa-press.net\/guinee-conakry\/#\/schema\/person\/2b1cf3cd81a31e3cd26889ca66d677f1"},"headline":"Football : Didier Deschamps a prolong\u00e9 son contrat \u00e0 la t\u00eate de l\u2019\u00e9quipe de France jusqu\u2019\u00e0 2026","datePublished":"2023-01-07T18:42:00+00:00","mainEntityOfPage":{"@id":"https:\/\/www.africa-press.net\/guinee-conakry\/politique\/football-didier-deschamps-a-prolonge-son-contrat-a-la-tete-de-lequipe-de-france-jusqua-2026"},"wordCount":188,"commentCount":0,"image":{"@id":"https:\/\/www.africa-press.net\/guinee-conakry\/politique\/football-didier-deschamps-a-prolonge-son-contrat-a-la-tete-de-lequipe-de-france-jusqua-2026#primaryimage"},"thumbnailUrl":"https:\/\/static.africa-press.net\/conakry\/sites\/63\/2023\/01\/Jokar1673104358.176787.jpg","keywords":["Africa Press","Africa Press-Guin\u00e9e","Guin\u00e9e"],"articleSection":["Sports","Toutes les actualit\u00e9s"],"inLanguage":"fr-FR","potentialAction":[{"@type":"CommentAction","name":"Comment","target":["https:\/\/www.africa-press.net\/guinee-conakry\/politique\/football-didier-deschamps-a-prolonge-son-contrat-a-la-tete-de-lequipe-de-france-jusqua-2026#respond"]}]},{"@type":"WebPage","@id":"https:\/\/www.africa-press.net\/guinee-conakry\/politique\/football-didier-deschamps-a-prolonge-son-contrat-a-la-tete-de-lequipe-de-france-jusqua-2026","url":"https:\/\/www.africa-press.net\/guinee-conakry\/politique\/football-didier-deschamps-a-prolonge-son-contrat-a-la-tete-de-lequipe-de-france-jusqua-2026","name":"Football : Didier Deschamps a prolong\u00e9 son contrat \u00e0 la t\u00eate de l\u2019\u00e9quipe de France jusqu\u2019\u00e0 2026 - guinee Conakry","isPartOf":{"@id":"https:\/\/www.africa-press.net\/guinee-conakry\/#website"},"primaryImageOfPage":{"@id":"https:\/\/www.africa-press.net\/guinee-conakry\/politique\/football-didier-deschamps-a-prolonge-son-contrat-a-la-tete-de-lequipe-de-france-jusqua-2026#primaryimage"},"image":{"@id":"https:\/\/www.africa-press.net\/guinee-conakry\/politique\/football-didier-deschamps-a-prolonge-son-contrat-a-la-tete-de-lequipe-de-france-jusqua-2026#primaryimage"},"thumbnailUrl":"https:\/\/static.africa-press.net\/conakry\/sites\/63\/2023\/01\/Jokar1673104358.176787.jpg","datePublished":"2023-01-07T18:42:00+00:00","author":{"@id":"https:\/\/www.africa-press.net\/guinee-conakry\/#\/schema\/person\/2b1cf3cd81a31e3cd26889ca66d677f1"},"breadcrumb":{"@id":"https:\/\/www.africa-press.net\/guinee-conakry\/politique\/football-didier-deschamps-a-prolonge-son-contrat-a-la-tete-de-lequipe-de-france-jusqua-2026#breadcrumb"},"inLanguage":"fr-FR","potentialAction":[{"@type":"ReadAction","target":["https:\/\/www.africa-press.net\/guinee-conakry\/politique\/football-didier-deschamps-a-prolonge-son-contrat-a-la-tete-de-lequipe-de-france-jusqua-2026"]}]},{"@type":"ImageObject","inLanguage":"fr-FR","@id":"https:\/\/www.africa-press.net\/guinee-conakry\/politique\/football-didier-deschamps-a-prolonge-son-contrat-a-la-tete-de-lequipe-de-france-jusqua-2026#primaryimage","url":"https:\/\/static.africa-press.net\/conakry\/sites\/63\/2023\/01\/Jokar1673104358.176787.jpg","contentUrl":"https:\/\/static.africa-press.net\/conakry\/sites\/63\/2023\/01\/Jokar1673104358.176787.jpg","width":714,"height":685,"caption":"Football : Didier Deschamps a prolong\u00e9 son contrat \u00e0 la t\u00eate de l\u2019\u00e9quipe de France jusqu\u2019\u00e0 2026"},{"@type":"BreadcrumbList","@id":"https:\/\/www.africa-press.net\/guinee-conakry\/politique\/football-didier-deschamps-a-prolonge-son-contrat-a-la-tete-de-lequipe-de-france-jusqua-2026#breadcrumb","itemListElement":[{"@type":"ListItem","position":1,"name":"Accueil","item":"https:\/\/www.africa-press.net\/guinee-conakry\/"},{"@type":"ListItem","position":2,"name":"Football : Didier Deschamps a prolong\u00e9 son contrat \u00e0 la t\u00eate de l\u2019\u00e9quipe de France jusqu\u2019\u00e0 2026"}]},{"@type":"WebSite","@id":"https:\/\/www.africa-press.net\/guinee-conakry\/#website","url":"https:\/\/www.africa-press.net\/guinee-conakry\/","name":"guinee Conakry","description":"Just another Africa News Agency Sites site","potentialAction":[{"@type":"SearchAction","target":{"@type":"EntryPoint","urlTemplate":"https:\/\/www.africa-press.net\/guinee-conakry\/?s={search_term_string}"},"query-input":{"@type":"PropertyValueSpecification","valueRequired":true,"valueName":"search_term_string"}}],"inLanguage":"fr-FR"},{"@type":"Person","@id":"https:\/\/www.africa-press.net\/guinee-conakry\/#\/schema\/person\/2b1cf3cd81a31e3cd26889ca66d677f1","name":"cfeditorfr"}]}},"_links":{"self":[{"href":"https:\/\/www.africa-press.net\/guinee-conakry\/wp-json\/wp\/v2\/posts\/11232","targetHints":{"allow":["GET"]}}],"collection":[{"href":"https:\/\/www.africa-press.net\/guinee-conakry\/wp-json\/wp\/v2\/posts"}],"about":[{"href":"https:\/\/www.africa-press.net\/guinee-conakry\/wp-json\/wp\/v2\/types\/post"}],"author":[{"embeddable":true,"href":"https:\/\/www.africa-press.net\/guinee-conakry\/wp-json\/wp\/v2\/users\/82"}],"replies":[{"embeddable":true,"href":"https:\/\/www.africa-press.net\/guinee-conakry\/wp-json\/wp\/v2\/comments?post=11232"}],"version-history":[{"count":0,"href":"https:\/\/www.africa-press.net\/guinee-conakry\/wp-json\/wp\/v2\/posts\/11232\/revisions"}],"wp:featuredmedia":[{"embeddable":true,"href":"https:\/\/www.africa-press.net\/guinee-conakry\/wp-json\/wp\/v2\/media\/11231"}],"wp:attachment":[{"href":"https:\/\/www.africa-press.net\/guinee-conakry\/wp-json\/wp\/v2\/media?parent=11232"}],"wp:term":[{"taxonomy":"category","embeddable":true,"href":"https:\/\/www.africa-press.net\/guinee-conakry\/wp-json\/wp\/v2\/categories?post=11232"},{"taxonomy":"post_tag","embeddable":true,"href":"https:\/\/www.africa-press.net\/guinee-conakry\/wp-json\/wp\/v2\/tags?post=11232"}],"curies":[{"name":"wp","href":"https:\/\/api.w.org\/{rel}","templated":true}]}}