{"id":11234,"date":"2023-01-07T18:46:00","date_gmt":"2023-01-07T18:46:00","guid":{"rendered":"https:\/\/www.africa-press.net\/guinee-conakry\/politique\/mory-conde-aux-elus-locaux-les-procureurs-vont-vous-convoquer-et-vous-allez-repondre"},"modified":"2023-01-07T18:46:00","modified_gmt":"2023-01-07T18:46:00","slug":"mory-conde-aux-elus-locaux-les-procureurs-vont-vous-convoquer-et-vous-allez-repondre","status":"publish","type":"post","link":"https:\/\/www.africa-press.net\/guinee-conakry\/politique\/mory-conde-aux-elus-locaux-les-procureurs-vont-vous-convoquer-et-vous-allez-repondre","title":{"rendered":"Mory Cond\u00e9 aux \u00e9lus locaux : \u00ab les procureurs vont vous convoquer et vous allez r\u00e9pondre\u2026 \u00bb"},"content":{"rendered":"<p><span style=\"color: #ff6600\"><strong>Africa-Press &#8211; Guin\u00e9e. <\/strong><\/span>Le Ministre de l\u2019Administration du territoire et de la de\u0301centralisation n\u2019est pas alle\u0301 de main morte en s\u2019adressant aux e\u0301lus locaux et administrateurs qui se rendront complices de bradages de domaines de l\u2019Etat. En visite a\u0300 Kindia dans la journe\u0301e d\u2019hier, vendredi 06 janvier 2023, Mory Conde\u0301 menace de les traduire en justice au cas e\u0301che\u0301ant. Il e\u0301tait en compagnie des ministres de l\u2019Urbanisme et de la Pe\u0302che et de nombreux cadres.<\/p>\n<p>D\u2019entre\u0301e, Mory Conde\u0301 a explique\u0301 le bien-fonde\u0301 des re\u0301formes engage\u0301es dans le de\u0301partement qu\u2019il dirige. \u00ab La mise en \u0153uvre du chronogramme de la transition ne\u0301cessite l\u2019engagement et l\u2019implication de tous les acteurs que vous e\u0302tes. C\u2019est pourquoi, nous vous exhortons a\u0300 plus de vigilance dans le suivi des actions dans vos circonscriptions territoriales et dans vos collectivite\u0301s. Parmi les re\u0301formes engage\u0301es au niveau de l\u2019administration du territoire de la de\u0301centralisation et du de\u0301veloppement local, vous avez re\u0301cemment vu l\u2019adoption de la loi portant sur le statut des fonctionnaires des collectivite\u0301s qui permettront, de\u0301sormais, aux collectivite\u0301s de se doter de personnes ressources, de ressources humaines qualifie\u0301es au service des collectivite\u0301s et pour le bien des citoyens. L\u2019anne\u0301e 2022 qui s\u2019est acheve\u0301 a e\u0301te\u0301 marque\u0301e par le gel des comptes de vos collectivite\u0301s et a\u0300 date, la quasi-totalite\u0301 de vos comptes ont e\u0301te\u0301 de\u0301gele\u0301s, excepter des communes, chefs-lieux des pre\u0301fectures. A date, l\u2019ensemble des comptes des communes rurales ont e\u0301te\u0301 comple\u0300tement de\u0301gele\u0301s \u00bb, dit-il.<\/p>\n<p>Par ailleurs, le ministre de l\u2019Administration du Territoire est revenu sur les limogeages survenus dans certaines pre\u0301fectures suite a\u0300 des de\u0301couvertes de cas de corruption. \u00ab Je voudrais pre\u0301ciser et interpeller les maires et les conseillers communaux qui ont e\u0301te\u0301 demis et remplace\u0301s par les de\u0301le\u0301gations spe\u0301ciales, c\u2019est a\u0300 la suite d\u2019inspections qui ont de\u0301cele\u0301 des cas de mauvaise gestion dans ces endroits et les collectivite\u0301s qui se sont rendus coupables de complicite\u0301 avec certains administrateurs territoriaux dans la gestion des Mines et Carrie\u0300res au niveau de la Haute-Guine\u0301e. La semaine prochaine, nous allons demander a\u0300 monsieur le gouverneur de nous envoyer la situation parce que c\u0327a sera publie\u0301 au journal officiel et nous allons la juger partout pour que les citoyens sachent de\u0301sormais la\u0300 ou\u0300 ils doivent acheter, la\u0300 ou\u0300 ils ne doivent pas acheter, ce qui appartient a\u0300 l\u2019E\u0301tat, car vous les e\u0301lus locaux, vous avez de\u0301cide\u0301 de brader tout ce dont l\u2019E\u0301tat dispose comme domaine public au niveau de la zone \u00bb.<\/p>\n<p>En outre, Mory Conde\u0301 a mis en garde les e\u0301lus et administrateurs territoriaux. \u00ab De\u0301sormais c\u0327a ne sera plus des discours, nous n\u2019allons plus tole\u0301rer, quel que soit l\u2019e\u0301tat d\u2019un e\u0301lu qui se donnera le plaisir de brader le domaine de l\u2019E\u0301tat pour ses inte\u0301re\u0302ts, la personne aura a\u0300 faire avec la justice, lui et ses complices. Mais, l\u2019E\u0301tat re\u0301cupe\u0301rera ce qui lui appartient pour mettre a\u0300 la disposition des collectivite\u0301s. Le constat que nous avons fait, des routes qui sont trace\u0301es depuis 10 ans, 15 ans et 20 ans, vous vous permettez de revendre les emprises de ces routes aux citoyens. Conse\u0301quences, lorsque nous arrivons pour faire les routes, nous sommes oblige\u0301s de de\u0301bourser des centaines de milliards encore pour indemniser ces citoyens qui ont achete\u0301 ces emprises de la route dans vos mains en toute ille\u0301galite\u0301. Nous n\u2019allons plus jamais indemniser les citoyens auxquels vous avez revendu des emprises. Ils vont porter plainte contre vous et vous allez re\u0301pondre devant les juridictions. Il n\u2019est plus question de prendre l\u2019argent du peuple de Guine\u0301e pour aller re\u0301parer des torts que vous avez cause\u0301s dans votre gouvernance. Et si ces citoyens-la\u0300, quand on vient pour les de\u0301gager, ils ont tous les documents, s\u2019ils n\u2019ont pas de donations de\u0301livre\u0301es par les pre\u0301sidents des districts, par les maires ou par les chefs de quartier, ils ont des plans de masse de\u0301livre\u0301s par les services de l\u2019Habitat. De\u0301sormais, nous allons re\u0301cupe\u0301rer tous ces documents et toutes les autorite\u0301s qui ont leur signature sur ces documents, nous allons vous traduire devant les tribunaux. Les procureurs vont vous convoquer et vous allez re\u0301pondre et puis vous allez rembourser a\u0300 ce citoyen l\u2019argent que vous avez pris \u00bb, a martele\u0301 Mory Conde\u0301.<\/p>\n<p><strong>Pour plus d&rsquo;informations et d&rsquo;analyses sur la <a href=\"https:\/\/www.africa-press.net\/guinee-conakry\">Guin\u00e9e<\/a>, suivez <a href=\"https:\/\/www.africa-press.net\/\">Africa-Press<\/a><\/strong><\/p>\n","protected":false},"excerpt":{"rendered":"<p>Africa-Press &#8211; Guin\u00e9e. Le Ministre de l\u2019Administration du territoire et de la de\u0301centralisation n\u2019est pas alle\u0301 de main morte en s\u2019adressant aux e\u0301lus locaux et administrateurs qui se rendront complices de bradages de domaines de l\u2019Etat. En visite a\u0300 Kindia dans la journe\u0301e d\u2019hier, vendredi 06 janvier 2023, Mory Conde\u0301 menace de les traduire en [&hellip;]<\/p>\n","protected":false},"author":82,"featured_media":11233,"comment_status":"open","ping_status":"closed","sticky":false,"template":"","format":"standard","meta":{"footnotes":""},"categories":[2,10],"tags":[36,57,58],"class_list":["post-11234","post","type-post","status-publish","format-standard","has-post-thumbnail","hentry","category-politique","category-toutes-les-actualites","tag-africa-press","tag-africa-press-guinee","tag-guinee"],"yoast_head":"<!-- This site is optimized with the Yoast SEO Premium plugin v26.1 (Yoast SEO v27.0) - https:\/\/yoast.com\/product\/yoast-seo-premium-wordpress\/ -->\n<title>Mory Cond\u00e9 aux \u00e9lus locaux : \u00ab les procureurs vont vous convoquer et vous allez r\u00e9pondre\u2026 \u00bb - guinee Conakry<\/title>\n<meta name=\"robots\" content=\"index, follow, max-snippet:-1, max-image-preview:large, max-video-preview:-1\" \/>\n<link rel=\"canonical\" href=\"https:\/\/www.africa-press.net\/guinee-conakry\/politique\/mory-conde-aux-elus-locaux-les-procureurs-vont-vous-convoquer-et-vous-allez-repondre\" \/>\n<meta property=\"og:locale\" content=\"fr_FR\" \/>\n<meta property=\"og:type\" content=\"article\" \/>\n<meta property=\"og:title\" content=\"Mory Cond\u00e9 aux \u00e9lus locaux : \u00ab les procureurs vont vous convoquer et vous allez r\u00e9pondre\u2026 \u00bb\" \/>\n<meta property=\"og:description\" content=\"Africa-Press &#8211; Guin\u00e9e. Le Ministre de l\u2019Administration du territoire et de la de\u0301centralisation n\u2019est pas alle\u0301 de main morte en s\u2019adressant aux e\u0301lus locaux et administrateurs qui se rendront complices de bradages de domaines de l\u2019Etat. En visite a\u0300 Kindia dans la journe\u0301e d\u2019hier, vendredi 06 janvier 2023, Mory Conde\u0301 menace de les traduire en [&hellip;]\" \/>\n<meta property=\"og:url\" content=\"https:\/\/www.africa-press.net\/guinee-conakry\/politique\/mory-conde-aux-elus-locaux-les-procureurs-vont-vous-convoquer-et-vous-allez-repondre\" \/>\n<meta property=\"og:site_name\" content=\"guinee Conakry\" \/>\n<meta property=\"article:published_time\" content=\"2023-01-07T18:46:00+00:00\" \/>\n<meta name=\"author\" content=\"cfeditorfr\" \/>\n<meta name=\"twitter:card\" content=\"summary_large_image\" \/>\n<meta name=\"twitter:label1\" content=\"\u00c9crit par\" \/>\n\t<meta name=\"twitter:data1\" content=\"cfeditorfr\" \/>\n\t<meta name=\"twitter:label2\" content=\"Dur\u00e9e de lecture estim\u00e9e\" \/>\n\t<meta name=\"twitter:data2\" content=\"4 minutes\" \/>\n<script type=\"application\/ld+json\" class=\"yoast-schema-graph\">{\"@context\":\"https:\/\/schema.org\",\"@graph\":[{\"@type\":\"Article\",\"@id\":\"https:\/\/www.africa-press.net\/guinee-conakry\/politique\/mory-conde-aux-elus-locaux-les-procureurs-vont-vous-convoquer-et-vous-allez-repondre#article\",\"isPartOf\":{\"@id\":\"https:\/\/www.africa-press.net\/guinee-conakry\/politique\/mory-conde-aux-elus-locaux-les-procureurs-vont-vous-convoquer-et-vous-allez-repondre\"},\"author\":{\"name\":\"cfeditorfr\",\"@id\":\"https:\/\/www.africa-press.net\/guinee-conakry\/#\/schema\/person\/2b1cf3cd81a31e3cd26889ca66d677f1\"},\"headline\":\"Mory Cond\u00e9 aux \u00e9lus locaux : \u00ab les procureurs vont vous convoquer et vous allez r\u00e9pondre\u2026 \u00bb\",\"datePublished\":\"2023-01-07T18:46:00+00:00\",\"mainEntityOfPage\":{\"@id\":\"https:\/\/www.africa-press.net\/guinee-conakry\/politique\/mory-conde-aux-elus-locaux-les-procureurs-vont-vous-convoquer-et-vous-allez-repondre\"},\"wordCount\":826,\"commentCount\":0,\"image\":{\"@id\":\"https:\/\/www.africa-press.net\/guinee-conakry\/politique\/mory-conde-aux-elus-locaux-les-procureurs-vont-vous-convoquer-et-vous-allez-repondre#primaryimage\"},\"thumbnailUrl\":\"https:\/\/static.africa-press.net\/conakry\/sites\/63\/2023\/01\/Jokar1673104609.264623.jpg\",\"keywords\":[\"Africa Press\",\"Africa Press-Guin\u00e9e\",\"Guin\u00e9e\"],\"articleSection\":[\"Politique\",\"Toutes les actualit\u00e9s\"],\"inLanguage\":\"fr-FR\",\"potentialAction\":[{\"@type\":\"CommentAction\",\"name\":\"Comment\",\"target\":[\"https:\/\/www.africa-press.net\/guinee-conakry\/politique\/mory-conde-aux-elus-locaux-les-procureurs-vont-vous-convoquer-et-vous-allez-repondre#respond\"]}]},{\"@type\":\"WebPage\",\"@id\":\"https:\/\/www.africa-press.net\/guinee-conakry\/politique\/mory-conde-aux-elus-locaux-les-procureurs-vont-vous-convoquer-et-vous-allez-repondre\",\"url\":\"https:\/\/www.africa-press.net\/guinee-conakry\/politique\/mory-conde-aux-elus-locaux-les-procureurs-vont-vous-convoquer-et-vous-allez-repondre\",\"name\":\"Mory Cond\u00e9 aux \u00e9lus locaux : \u00ab les procureurs vont vous convoquer et vous allez r\u00e9pondre\u2026 \u00bb - guinee Conakry\",\"isPartOf\":{\"@id\":\"https:\/\/www.africa-press.net\/guinee-conakry\/#website\"},\"primaryImageOfPage\":{\"@id\":\"https:\/\/www.africa-press.net\/guinee-conakry\/politique\/mory-conde-aux-elus-locaux-les-procureurs-vont-vous-convoquer-et-vous-allez-repondre#primaryimage\"},\"image\":{\"@id\":\"https:\/\/www.africa-press.net\/guinee-conakry\/politique\/mory-conde-aux-elus-locaux-les-procureurs-vont-vous-convoquer-et-vous-allez-repondre#primaryimage\"},\"thumbnailUrl\":\"https:\/\/static.africa-press.net\/conakry\/sites\/63\/2023\/01\/Jokar1673104609.264623.jpg\",\"datePublished\":\"2023-01-07T18:46:00+00:00\",\"author\":{\"@id\":\"https:\/\/www.africa-press.net\/guinee-conakry\/#\/schema\/person\/2b1cf3cd81a31e3cd26889ca66d677f1\"},\"breadcrumb\":{\"@id\":\"https:\/\/www.africa-press.net\/guinee-conakry\/politique\/mory-conde-aux-elus-locaux-les-procureurs-vont-vous-convoquer-et-vous-allez-repondre#breadcrumb\"},\"inLanguage\":\"fr-FR\",\"potentialAction\":[{\"@type\":\"ReadAction\",\"target\":[\"https:\/\/www.africa-press.net\/guinee-conakry\/politique\/mory-conde-aux-elus-locaux-les-procureurs-vont-vous-convoquer-et-vous-allez-repondre\"]}]},{\"@type\":\"ImageObject\",\"inLanguage\":\"fr-FR\",\"@id\":\"https:\/\/www.africa-press.net\/guinee-conakry\/politique\/mory-conde-aux-elus-locaux-les-procureurs-vont-vous-convoquer-et-vous-allez-repondre#primaryimage\",\"url\":\"https:\/\/static.africa-press.net\/conakry\/sites\/63\/2023\/01\/Jokar1673104609.264623.jpg\",\"contentUrl\":\"https:\/\/static.africa-press.net\/conakry\/sites\/63\/2023\/01\/Jokar1673104609.264623.jpg\",\"width\":602,\"height\":800,\"caption\":\"Mory Cond\u00e9 aux \u00e9lus locaux : \u00ab les procureurs vont vous convoquer et vous allez r\u00e9pondre\u2026 \u00bb\"},{\"@type\":\"BreadcrumbList\",\"@id\":\"https:\/\/www.africa-press.net\/guinee-conakry\/politique\/mory-conde-aux-elus-locaux-les-procureurs-vont-vous-convoquer-et-vous-allez-repondre#breadcrumb\",\"itemListElement\":[{\"@type\":\"ListItem\",\"position\":1,\"name\":\"Accueil\",\"item\":\"https:\/\/www.africa-press.net\/guinee-conakry\/\"},{\"@type\":\"ListItem\",\"position\":2,\"name\":\"Mory Cond\u00e9 aux \u00e9lus locaux : \u00ab les procureurs vont vous convoquer et vous allez r\u00e9pondre\u2026 \u00bb\"}]},{\"@type\":\"WebSite\",\"@id\":\"https:\/\/www.africa-press.net\/guinee-conakry\/#website\",\"url\":\"https:\/\/www.africa-press.net\/guinee-conakry\/\",\"name\":\"guinee Conakry\",\"description\":\"Just another Africa News Agency Sites site\",\"potentialAction\":[{\"@type\":\"SearchAction\",\"target\":{\"@type\":\"EntryPoint\",\"urlTemplate\":\"https:\/\/www.africa-press.net\/guinee-conakry\/?s={search_term_string}\"},\"query-input\":{\"@type\":\"PropertyValueSpecification\",\"valueRequired\":true,\"valueName\":\"search_term_string\"}}],\"inLanguage\":\"fr-FR\"},{\"@type\":\"Person\",\"@id\":\"https:\/\/www.africa-press.net\/guinee-conakry\/#\/schema\/person\/2b1cf3cd81a31e3cd26889ca66d677f1\",\"name\":\"cfeditorfr\"}]}<\/script>\n<!-- \/ Yoast SEO Premium plugin. -->","yoast_head_json":{"title":"Mory Cond\u00e9 aux \u00e9lus locaux : \u00ab les procureurs vont vous convoquer et vous allez r\u00e9pondre\u2026 \u00bb - guinee Conakry","robots":{"index":"index","follow":"follow","max-snippet":"max-snippet:-1","max-image-preview":"max-image-preview:large","max-video-preview":"max-video-preview:-1"},"canonical":"https:\/\/www.africa-press.net\/guinee-conakry\/politique\/mory-conde-aux-elus-locaux-les-procureurs-vont-vous-convoquer-et-vous-allez-repondre","og_locale":"fr_FR","og_type":"article","og_title":"Mory Cond\u00e9 aux \u00e9lus locaux : \u00ab les procureurs vont vous convoquer et vous allez r\u00e9pondre\u2026 \u00bb","og_description":"Africa-Press &#8211; Guin\u00e9e. Le Ministre de l\u2019Administration du territoire et de la de\u0301centralisation n\u2019est pas alle\u0301 de main morte en s\u2019adressant aux e\u0301lus locaux et administrateurs qui se rendront complices de bradages de domaines de l\u2019Etat. En visite a\u0300 Kindia dans la journe\u0301e d\u2019hier, vendredi 06 janvier 2023, Mory Conde\u0301 menace de les traduire en [&hellip;]","og_url":"https:\/\/www.africa-press.net\/guinee-conakry\/politique\/mory-conde-aux-elus-locaux-les-procureurs-vont-vous-convoquer-et-vous-allez-repondre","og_site_name":"guinee Conakry","article_published_time":"2023-01-07T18:46:00+00:00","author":"cfeditorfr","twitter_card":"summary_large_image","twitter_misc":{"\u00c9crit par":"cfeditorfr","Dur\u00e9e de lecture estim\u00e9e":"4 minutes"},"schema":{"@context":"https:\/\/schema.org","@graph":[{"@type":"Article","@id":"https:\/\/www.africa-press.net\/guinee-conakry\/politique\/mory-conde-aux-elus-locaux-les-procureurs-vont-vous-convoquer-et-vous-allez-repondre#article","isPartOf":{"@id":"https:\/\/www.africa-press.net\/guinee-conakry\/politique\/mory-conde-aux-elus-locaux-les-procureurs-vont-vous-convoquer-et-vous-allez-repondre"},"author":{"name":"cfeditorfr","@id":"https:\/\/www.africa-press.net\/guinee-conakry\/#\/schema\/person\/2b1cf3cd81a31e3cd26889ca66d677f1"},"headline":"Mory Cond\u00e9 aux \u00e9lus locaux : \u00ab les procureurs vont vous convoquer et vous allez r\u00e9pondre\u2026 \u00bb","datePublished":"2023-01-07T18:46:00+00:00","mainEntityOfPage":{"@id":"https:\/\/www.africa-press.net\/guinee-conakry\/politique\/mory-conde-aux-elus-locaux-les-procureurs-vont-vous-convoquer-et-vous-allez-repondre"},"wordCount":826,"commentCount":0,"image":{"@id":"https:\/\/www.africa-press.net\/guinee-conakry\/politique\/mory-conde-aux-elus-locaux-les-procureurs-vont-vous-convoquer-et-vous-allez-repondre#primaryimage"},"thumbnailUrl":"https:\/\/static.africa-press.net\/conakry\/sites\/63\/2023\/01\/Jokar1673104609.264623.jpg","keywords":["Africa Press","Africa Press-Guin\u00e9e","Guin\u00e9e"],"articleSection":["Politique","Toutes les actualit\u00e9s"],"inLanguage":"fr-FR","potentialAction":[{"@type":"CommentAction","name":"Comment","target":["https:\/\/www.africa-press.net\/guinee-conakry\/politique\/mory-conde-aux-elus-locaux-les-procureurs-vont-vous-convoquer-et-vous-allez-repondre#respond"]}]},{"@type":"WebPage","@id":"https:\/\/www.africa-press.net\/guinee-conakry\/politique\/mory-conde-aux-elus-locaux-les-procureurs-vont-vous-convoquer-et-vous-allez-repondre","url":"https:\/\/www.africa-press.net\/guinee-conakry\/politique\/mory-conde-aux-elus-locaux-les-procureurs-vont-vous-convoquer-et-vous-allez-repondre","name":"Mory Cond\u00e9 aux \u00e9lus locaux : \u00ab les procureurs vont vous convoquer et vous allez r\u00e9pondre\u2026 \u00bb - guinee Conakry","isPartOf":{"@id":"https:\/\/www.africa-press.net\/guinee-conakry\/#website"},"primaryImageOfPage":{"@id":"https:\/\/www.africa-press.net\/guinee-conakry\/politique\/mory-conde-aux-elus-locaux-les-procureurs-vont-vous-convoquer-et-vous-allez-repondre#primaryimage"},"image":{"@id":"https:\/\/www.africa-press.net\/guinee-conakry\/politique\/mory-conde-aux-elus-locaux-les-procureurs-vont-vous-convoquer-et-vous-allez-repondre#primaryimage"},"thumbnailUrl":"https:\/\/static.africa-press.net\/conakry\/sites\/63\/2023\/01\/Jokar1673104609.264623.jpg","datePublished":"2023-01-07T18:46:00+00:00","author":{"@id":"https:\/\/www.africa-press.net\/guinee-conakry\/#\/schema\/person\/2b1cf3cd81a31e3cd26889ca66d677f1"},"breadcrumb":{"@id":"https:\/\/www.africa-press.net\/guinee-conakry\/politique\/mory-conde-aux-elus-locaux-les-procureurs-vont-vous-convoquer-et-vous-allez-repondre#breadcrumb"},"inLanguage":"fr-FR","potentialAction":[{"@type":"ReadAction","target":["https:\/\/www.africa-press.net\/guinee-conakry\/politique\/mory-conde-aux-elus-locaux-les-procureurs-vont-vous-convoquer-et-vous-allez-repondre"]}]},{"@type":"ImageObject","inLanguage":"fr-FR","@id":"https:\/\/www.africa-press.net\/guinee-conakry\/politique\/mory-conde-aux-elus-locaux-les-procureurs-vont-vous-convoquer-et-vous-allez-repondre#primaryimage","url":"https:\/\/static.africa-press.net\/conakry\/sites\/63\/2023\/01\/Jokar1673104609.264623.jpg","contentUrl":"https:\/\/static.africa-press.net\/conakry\/sites\/63\/2023\/01\/Jokar1673104609.264623.jpg","width":602,"height":800,"caption":"Mory Cond\u00e9 aux \u00e9lus locaux : \u00ab les procureurs vont vous convoquer et vous allez r\u00e9pondre\u2026 \u00bb"},{"@type":"BreadcrumbList","@id":"https:\/\/www.africa-press.net\/guinee-conakry\/politique\/mory-conde-aux-elus-locaux-les-procureurs-vont-vous-convoquer-et-vous-allez-repondre#breadcrumb","itemListElement":[{"@type":"ListItem","position":1,"name":"Accueil","item":"https:\/\/www.africa-press.net\/guinee-conakry\/"},{"@type":"ListItem","position":2,"name":"Mory Cond\u00e9 aux \u00e9lus locaux : \u00ab les procureurs vont vous convoquer et vous allez r\u00e9pondre\u2026 \u00bb"}]},{"@type":"WebSite","@id":"https:\/\/www.africa-press.net\/guinee-conakry\/#website","url":"https:\/\/www.africa-press.net\/guinee-conakry\/","name":"guinee Conakry","description":"Just another Africa News Agency Sites site","potentialAction":[{"@type":"SearchAction","target":{"@type":"EntryPoint","urlTemplate":"https:\/\/www.africa-press.net\/guinee-conakry\/?s={search_term_string}"},"query-input":{"@type":"PropertyValueSpecification","valueRequired":true,"valueName":"search_term_string"}}],"inLanguage":"fr-FR"},{"@type":"Person","@id":"https:\/\/www.africa-press.net\/guinee-conakry\/#\/schema\/person\/2b1cf3cd81a31e3cd26889ca66d677f1","name":"cfeditorfr"}]}},"_links":{"self":[{"href":"https:\/\/www.africa-press.net\/guinee-conakry\/wp-json\/wp\/v2\/posts\/11234","targetHints":{"allow":["GET"]}}],"collection":[{"href":"https:\/\/www.africa-press.net\/guinee-conakry\/wp-json\/wp\/v2\/posts"}],"about":[{"href":"https:\/\/www.africa-press.net\/guinee-conakry\/wp-json\/wp\/v2\/types\/post"}],"author":[{"embeddable":true,"href":"https:\/\/www.africa-press.net\/guinee-conakry\/wp-json\/wp\/v2\/users\/82"}],"replies":[{"embeddable":true,"href":"https:\/\/www.africa-press.net\/guinee-conakry\/wp-json\/wp\/v2\/comments?post=11234"}],"version-history":[{"count":0,"href":"https:\/\/www.africa-press.net\/guinee-conakry\/wp-json\/wp\/v2\/posts\/11234\/revisions"}],"wp:featuredmedia":[{"embeddable":true,"href":"https:\/\/www.africa-press.net\/guinee-conakry\/wp-json\/wp\/v2\/media\/11233"}],"wp:attachment":[{"href":"https:\/\/www.africa-press.net\/guinee-conakry\/wp-json\/wp\/v2\/media?parent=11234"}],"wp:term":[{"taxonomy":"category","embeddable":true,"href":"https:\/\/www.africa-press.net\/guinee-conakry\/wp-json\/wp\/v2\/categories?post=11234"},{"taxonomy":"post_tag","embeddable":true,"href":"https:\/\/www.africa-press.net\/guinee-conakry\/wp-json\/wp\/v2\/tags?post=11234"}],"curies":[{"name":"wp","href":"https:\/\/api.w.org\/{rel}","templated":true}]}}