{"id":11238,"date":"2023-01-07T18:55:00","date_gmt":"2023-01-07T18:55:00","guid":{"rendered":"https:\/\/www.africa-press.net\/guinee-conakry\/politique\/espagne-le-guineen-seydouba-cisse-sauve-le-cd-leganes"},"modified":"2023-01-07T18:55:00","modified_gmt":"2023-01-07T18:55:00","slug":"espagne-le-guineen-seydouba-cisse-sauve-le-cd-leganes","status":"publish","type":"post","link":"https:\/\/www.africa-press.net\/guinee-conakry\/sports\/espagne-le-guineen-seydouba-cisse-sauve-le-cd-leganes","title":{"rendered":"Espagne : le guin\u00e9en Seydouba Ciss\u00e9 sauve le CD Legan\u00e9s"},"content":{"rendered":"<p><span style=\"color: #ff6600\"><strong>Africa-Press &#8211; Guin\u00e9e. <\/strong><\/span>Le CD Legane\u0301s a battu le CD Ludo (1-0) hier, vendredi 6 janvier 2023, a\u0300 domicile gra\u0302ce au milieu de terrain guine\u0301en Seydouba Cisse\u0301. Cette rencontre s\u2019inscrivait dans le cadre de la 22e\u0300me journe\u0301e du championnat espagnol (deuxie\u0300me division) de Liga 2.<\/p>\n<p>La soire\u0301e de ce vendredi a e\u0301te\u0301 un succe\u0300s pour le joueur du Syli National. Entre\u0301 en jeu en seconde pe\u0301riode, il n\u2019a pas tarde\u0301 de faire parler de lui. A\u0300 la 75e\u0300me minute, il offre la victoire a\u0300 ses coe\u0301quipiers d\u2019une reprise de te\u0302te (1-0). C\u2019est le deuxie\u0300me but du natif de Conakry a\u0302ge\u0301 de 21 ans sous les couleurs de Legane\u0301s cette saison.<\/p>\n<p>Cette courte victoire mais pre\u0301cieuse permet a\u0300 Seydouba Cisse\u0301 et ses coe\u0301quipiers d\u2019empocher les trois points et remontent a\u0300 la deuxie\u0300me place au classement du championnat espagnol de deuxie\u0300me division.<\/p>\n<p><strong>Pour plus d&rsquo;informations et d&rsquo;analyses sur la <a href=\"https:\/\/www.africa-press.net\/guinee-conakry\">Guin\u00e9e<\/a>, suivez <a href=\"https:\/\/www.africa-press.net\/\">Africa-Press<\/a><\/strong><\/p>\n","protected":false},"excerpt":{"rendered":"<p>Africa-Press &#8211; Guin\u00e9e. Le CD Legane\u0301s a battu le CD Ludo (1-0) hier, vendredi 6 janvier 2023, a\u0300 domicile gra\u0302ce au milieu de terrain guine\u0301en Seydouba Cisse\u0301. Cette rencontre s\u2019inscrivait dans le cadre de la 22e\u0300me journe\u0301e du championnat espagnol (deuxie\u0300me division) de Liga 2. La soire\u0301e de ce vendredi a e\u0301te\u0301 un succe\u0300s pour [&hellip;]<\/p>\n","protected":false},"author":82,"featured_media":11237,"comment_status":"open","ping_status":"closed","sticky":false,"template":"","format":"standard","meta":{"footnotes":""},"categories":[6,56,10],"tags":[36,57,58],"class_list":["post-11238","post","type-post","status-publish","format-standard","has-post-thumbnail","hentry","category-sports","category-to-homepage","category-toutes-les-actualites","tag-africa-press","tag-africa-press-guinee","tag-guinee"],"yoast_head":"<!-- This site is optimized with the Yoast SEO Premium plugin v26.1 (Yoast SEO v27.0) - https:\/\/yoast.com\/product\/yoast-seo-premium-wordpress\/ -->\n<title>Espagne : le guin\u00e9en Seydouba Ciss\u00e9 sauve le CD Legan\u00e9s - guinee Conakry<\/title>\n<meta name=\"robots\" content=\"index, follow, max-snippet:-1, max-image-preview:large, max-video-preview:-1\" \/>\n<link rel=\"canonical\" href=\"https:\/\/www.africa-press.net\/guinee-conakry\/politique\/espagne-le-guineen-seydouba-cisse-sauve-le-cd-leganes\" \/>\n<meta property=\"og:locale\" content=\"fr_FR\" \/>\n<meta property=\"og:type\" content=\"article\" \/>\n<meta property=\"og:title\" content=\"Espagne : le guin\u00e9en Seydouba Ciss\u00e9 sauve le CD Legan\u00e9s\" \/>\n<meta property=\"og:description\" content=\"Africa-Press &#8211; Guin\u00e9e. Le CD Legane\u0301s a battu le CD Ludo (1-0) hier, vendredi 6 janvier 2023, a\u0300 domicile gra\u0302ce au milieu de terrain guine\u0301en Seydouba Cisse\u0301. Cette rencontre s\u2019inscrivait dans le cadre de la 22e\u0300me journe\u0301e du championnat espagnol (deuxie\u0300me division) de Liga 2. La soire\u0301e de ce vendredi a e\u0301te\u0301 un succe\u0300s pour [&hellip;]\" \/>\n<meta property=\"og:url\" content=\"https:\/\/www.africa-press.net\/guinee-conakry\/politique\/espagne-le-guineen-seydouba-cisse-sauve-le-cd-leganes\" \/>\n<meta property=\"og:site_name\" content=\"guinee Conakry\" \/>\n<meta property=\"article:published_time\" content=\"2023-01-07T18:55:00+00:00\" \/>\n<meta name=\"author\" content=\"cfeditorfr\" \/>\n<meta name=\"twitter:card\" content=\"summary_large_image\" \/>\n<meta name=\"twitter:label1\" content=\"\u00c9crit par\" \/>\n\t<meta name=\"twitter:data1\" content=\"cfeditorfr\" \/>\n\t<meta name=\"twitter:label2\" content=\"Dur\u00e9e de lecture estim\u00e9e\" \/>\n\t<meta name=\"twitter:data2\" content=\"1 minute\" \/>\n<script type=\"application\/ld+json\" class=\"yoast-schema-graph\">{\"@context\":\"https:\/\/schema.org\",\"@graph\":[{\"@type\":\"Article\",\"@id\":\"https:\/\/www.africa-press.net\/guinee-conakry\/politique\/espagne-le-guineen-seydouba-cisse-sauve-le-cd-leganes#article\",\"isPartOf\":{\"@id\":\"https:\/\/www.africa-press.net\/guinee-conakry\/politique\/espagne-le-guineen-seydouba-cisse-sauve-le-cd-leganes\"},\"author\":{\"name\":\"cfeditorfr\",\"@id\":\"https:\/\/www.africa-press.net\/guinee-conakry\/#\/schema\/person\/2b1cf3cd81a31e3cd26889ca66d677f1\"},\"headline\":\"Espagne : le guin\u00e9en Seydouba Ciss\u00e9 sauve le CD Legan\u00e9s\",\"datePublished\":\"2023-01-07T18:55:00+00:00\",\"mainEntityOfPage\":{\"@id\":\"https:\/\/www.africa-press.net\/guinee-conakry\/politique\/espagne-le-guineen-seydouba-cisse-sauve-le-cd-leganes\"},\"wordCount\":186,\"commentCount\":0,\"image\":{\"@id\":\"https:\/\/www.africa-press.net\/guinee-conakry\/politique\/espagne-le-guineen-seydouba-cisse-sauve-le-cd-leganes#primaryimage\"},\"thumbnailUrl\":\"https:\/\/static.africa-press.net\/conakry\/sites\/63\/2023\/01\/Jokar1673105145.053936.jpg\",\"keywords\":[\"Africa Press\",\"Africa Press-Guin\u00e9e\",\"Guin\u00e9e\"],\"articleSection\":[\"Sports\",\"to-homepage\",\"Toutes les actualit\u00e9s\"],\"inLanguage\":\"fr-FR\",\"potentialAction\":[{\"@type\":\"CommentAction\",\"name\":\"Comment\",\"target\":[\"https:\/\/www.africa-press.net\/guinee-conakry\/politique\/espagne-le-guineen-seydouba-cisse-sauve-le-cd-leganes#respond\"]}]},{\"@type\":\"WebPage\",\"@id\":\"https:\/\/www.africa-press.net\/guinee-conakry\/politique\/espagne-le-guineen-seydouba-cisse-sauve-le-cd-leganes\",\"url\":\"https:\/\/www.africa-press.net\/guinee-conakry\/politique\/espagne-le-guineen-seydouba-cisse-sauve-le-cd-leganes\",\"name\":\"Espagne : le guin\u00e9en Seydouba Ciss\u00e9 sauve le CD Legan\u00e9s - guinee Conakry\",\"isPartOf\":{\"@id\":\"https:\/\/www.africa-press.net\/guinee-conakry\/#website\"},\"primaryImageOfPage\":{\"@id\":\"https:\/\/www.africa-press.net\/guinee-conakry\/politique\/espagne-le-guineen-seydouba-cisse-sauve-le-cd-leganes#primaryimage\"},\"image\":{\"@id\":\"https:\/\/www.africa-press.net\/guinee-conakry\/politique\/espagne-le-guineen-seydouba-cisse-sauve-le-cd-leganes#primaryimage\"},\"thumbnailUrl\":\"https:\/\/static.africa-press.net\/conakry\/sites\/63\/2023\/01\/Jokar1673105145.053936.jpg\",\"datePublished\":\"2023-01-07T18:55:00+00:00\",\"author\":{\"@id\":\"https:\/\/www.africa-press.net\/guinee-conakry\/#\/schema\/person\/2b1cf3cd81a31e3cd26889ca66d677f1\"},\"breadcrumb\":{\"@id\":\"https:\/\/www.africa-press.net\/guinee-conakry\/politique\/espagne-le-guineen-seydouba-cisse-sauve-le-cd-leganes#breadcrumb\"},\"inLanguage\":\"fr-FR\",\"potentialAction\":[{\"@type\":\"ReadAction\",\"target\":[\"https:\/\/www.africa-press.net\/guinee-conakry\/politique\/espagne-le-guineen-seydouba-cisse-sauve-le-cd-leganes\"]}]},{\"@type\":\"ImageObject\",\"inLanguage\":\"fr-FR\",\"@id\":\"https:\/\/www.africa-press.net\/guinee-conakry\/politique\/espagne-le-guineen-seydouba-cisse-sauve-le-cd-leganes#primaryimage\",\"url\":\"https:\/\/static.africa-press.net\/conakry\/sites\/63\/2023\/01\/Jokar1673105145.053936.jpg\",\"contentUrl\":\"https:\/\/static.africa-press.net\/conakry\/sites\/63\/2023\/01\/Jokar1673105145.053936.jpg\",\"width\":575,\"height\":440,\"caption\":\"Espagne : le guin\u00e9en Seydouba Ciss\u00e9 sauve le CD Legan\u00e9s\"},{\"@type\":\"BreadcrumbList\",\"@id\":\"https:\/\/www.africa-press.net\/guinee-conakry\/politique\/espagne-le-guineen-seydouba-cisse-sauve-le-cd-leganes#breadcrumb\",\"itemListElement\":[{\"@type\":\"ListItem\",\"position\":1,\"name\":\"Accueil\",\"item\":\"https:\/\/www.africa-press.net\/guinee-conakry\/\"},{\"@type\":\"ListItem\",\"position\":2,\"name\":\"Espagne : le guin\u00e9en Seydouba Ciss\u00e9 sauve le CD Legan\u00e9s\"}]},{\"@type\":\"WebSite\",\"@id\":\"https:\/\/www.africa-press.net\/guinee-conakry\/#website\",\"url\":\"https:\/\/www.africa-press.net\/guinee-conakry\/\",\"name\":\"guinee Conakry\",\"description\":\"Just another Africa News Agency Sites site\",\"potentialAction\":[{\"@type\":\"SearchAction\",\"target\":{\"@type\":\"EntryPoint\",\"urlTemplate\":\"https:\/\/www.africa-press.net\/guinee-conakry\/?s={search_term_string}\"},\"query-input\":{\"@type\":\"PropertyValueSpecification\",\"valueRequired\":true,\"valueName\":\"search_term_string\"}}],\"inLanguage\":\"fr-FR\"},{\"@type\":\"Person\",\"@id\":\"https:\/\/www.africa-press.net\/guinee-conakry\/#\/schema\/person\/2b1cf3cd81a31e3cd26889ca66d677f1\",\"name\":\"cfeditorfr\"}]}<\/script>\n<!-- \/ Yoast SEO Premium plugin. -->","yoast_head_json":{"title":"Espagne : le guin\u00e9en Seydouba Ciss\u00e9 sauve le CD Legan\u00e9s - guinee Conakry","robots":{"index":"index","follow":"follow","max-snippet":"max-snippet:-1","max-image-preview":"max-image-preview:large","max-video-preview":"max-video-preview:-1"},"canonical":"https:\/\/www.africa-press.net\/guinee-conakry\/politique\/espagne-le-guineen-seydouba-cisse-sauve-le-cd-leganes","og_locale":"fr_FR","og_type":"article","og_title":"Espagne : le guin\u00e9en Seydouba Ciss\u00e9 sauve le CD Legan\u00e9s","og_description":"Africa-Press &#8211; Guin\u00e9e. Le CD Legane\u0301s a battu le CD Ludo (1-0) hier, vendredi 6 janvier 2023, a\u0300 domicile gra\u0302ce au milieu de terrain guine\u0301en Seydouba Cisse\u0301. Cette rencontre s\u2019inscrivait dans le cadre de la 22e\u0300me journe\u0301e du championnat espagnol (deuxie\u0300me division) de Liga 2. La soire\u0301e de ce vendredi a e\u0301te\u0301 un succe\u0300s pour [&hellip;]","og_url":"https:\/\/www.africa-press.net\/guinee-conakry\/politique\/espagne-le-guineen-seydouba-cisse-sauve-le-cd-leganes","og_site_name":"guinee Conakry","article_published_time":"2023-01-07T18:55:00+00:00","author":"cfeditorfr","twitter_card":"summary_large_image","twitter_misc":{"\u00c9crit par":"cfeditorfr","Dur\u00e9e de lecture estim\u00e9e":"1 minute"},"schema":{"@context":"https:\/\/schema.org","@graph":[{"@type":"Article","@id":"https:\/\/www.africa-press.net\/guinee-conakry\/politique\/espagne-le-guineen-seydouba-cisse-sauve-le-cd-leganes#article","isPartOf":{"@id":"https:\/\/www.africa-press.net\/guinee-conakry\/politique\/espagne-le-guineen-seydouba-cisse-sauve-le-cd-leganes"},"author":{"name":"cfeditorfr","@id":"https:\/\/www.africa-press.net\/guinee-conakry\/#\/schema\/person\/2b1cf3cd81a31e3cd26889ca66d677f1"},"headline":"Espagne : le guin\u00e9en Seydouba Ciss\u00e9 sauve le CD Legan\u00e9s","datePublished":"2023-01-07T18:55:00+00:00","mainEntityOfPage":{"@id":"https:\/\/www.africa-press.net\/guinee-conakry\/politique\/espagne-le-guineen-seydouba-cisse-sauve-le-cd-leganes"},"wordCount":186,"commentCount":0,"image":{"@id":"https:\/\/www.africa-press.net\/guinee-conakry\/politique\/espagne-le-guineen-seydouba-cisse-sauve-le-cd-leganes#primaryimage"},"thumbnailUrl":"https:\/\/static.africa-press.net\/conakry\/sites\/63\/2023\/01\/Jokar1673105145.053936.jpg","keywords":["Africa Press","Africa Press-Guin\u00e9e","Guin\u00e9e"],"articleSection":["Sports","to-homepage","Toutes les actualit\u00e9s"],"inLanguage":"fr-FR","potentialAction":[{"@type":"CommentAction","name":"Comment","target":["https:\/\/www.africa-press.net\/guinee-conakry\/politique\/espagne-le-guineen-seydouba-cisse-sauve-le-cd-leganes#respond"]}]},{"@type":"WebPage","@id":"https:\/\/www.africa-press.net\/guinee-conakry\/politique\/espagne-le-guineen-seydouba-cisse-sauve-le-cd-leganes","url":"https:\/\/www.africa-press.net\/guinee-conakry\/politique\/espagne-le-guineen-seydouba-cisse-sauve-le-cd-leganes","name":"Espagne : le guin\u00e9en Seydouba Ciss\u00e9 sauve le CD Legan\u00e9s - guinee Conakry","isPartOf":{"@id":"https:\/\/www.africa-press.net\/guinee-conakry\/#website"},"primaryImageOfPage":{"@id":"https:\/\/www.africa-press.net\/guinee-conakry\/politique\/espagne-le-guineen-seydouba-cisse-sauve-le-cd-leganes#primaryimage"},"image":{"@id":"https:\/\/www.africa-press.net\/guinee-conakry\/politique\/espagne-le-guineen-seydouba-cisse-sauve-le-cd-leganes#primaryimage"},"thumbnailUrl":"https:\/\/static.africa-press.net\/conakry\/sites\/63\/2023\/01\/Jokar1673105145.053936.jpg","datePublished":"2023-01-07T18:55:00+00:00","author":{"@id":"https:\/\/www.africa-press.net\/guinee-conakry\/#\/schema\/person\/2b1cf3cd81a31e3cd26889ca66d677f1"},"breadcrumb":{"@id":"https:\/\/www.africa-press.net\/guinee-conakry\/politique\/espagne-le-guineen-seydouba-cisse-sauve-le-cd-leganes#breadcrumb"},"inLanguage":"fr-FR","potentialAction":[{"@type":"ReadAction","target":["https:\/\/www.africa-press.net\/guinee-conakry\/politique\/espagne-le-guineen-seydouba-cisse-sauve-le-cd-leganes"]}]},{"@type":"ImageObject","inLanguage":"fr-FR","@id":"https:\/\/www.africa-press.net\/guinee-conakry\/politique\/espagne-le-guineen-seydouba-cisse-sauve-le-cd-leganes#primaryimage","url":"https:\/\/static.africa-press.net\/conakry\/sites\/63\/2023\/01\/Jokar1673105145.053936.jpg","contentUrl":"https:\/\/static.africa-press.net\/conakry\/sites\/63\/2023\/01\/Jokar1673105145.053936.jpg","width":575,"height":440,"caption":"Espagne : le guin\u00e9en Seydouba Ciss\u00e9 sauve le CD Legan\u00e9s"},{"@type":"BreadcrumbList","@id":"https:\/\/www.africa-press.net\/guinee-conakry\/politique\/espagne-le-guineen-seydouba-cisse-sauve-le-cd-leganes#breadcrumb","itemListElement":[{"@type":"ListItem","position":1,"name":"Accueil","item":"https:\/\/www.africa-press.net\/guinee-conakry\/"},{"@type":"ListItem","position":2,"name":"Espagne : le guin\u00e9en Seydouba Ciss\u00e9 sauve le CD Legan\u00e9s"}]},{"@type":"WebSite","@id":"https:\/\/www.africa-press.net\/guinee-conakry\/#website","url":"https:\/\/www.africa-press.net\/guinee-conakry\/","name":"guinee Conakry","description":"Just another Africa News Agency Sites site","potentialAction":[{"@type":"SearchAction","target":{"@type":"EntryPoint","urlTemplate":"https:\/\/www.africa-press.net\/guinee-conakry\/?s={search_term_string}"},"query-input":{"@type":"PropertyValueSpecification","valueRequired":true,"valueName":"search_term_string"}}],"inLanguage":"fr-FR"},{"@type":"Person","@id":"https:\/\/www.africa-press.net\/guinee-conakry\/#\/schema\/person\/2b1cf3cd81a31e3cd26889ca66d677f1","name":"cfeditorfr"}]}},"_links":{"self":[{"href":"https:\/\/www.africa-press.net\/guinee-conakry\/wp-json\/wp\/v2\/posts\/11238","targetHints":{"allow":["GET"]}}],"collection":[{"href":"https:\/\/www.africa-press.net\/guinee-conakry\/wp-json\/wp\/v2\/posts"}],"about":[{"href":"https:\/\/www.africa-press.net\/guinee-conakry\/wp-json\/wp\/v2\/types\/post"}],"author":[{"embeddable":true,"href":"https:\/\/www.africa-press.net\/guinee-conakry\/wp-json\/wp\/v2\/users\/82"}],"replies":[{"embeddable":true,"href":"https:\/\/www.africa-press.net\/guinee-conakry\/wp-json\/wp\/v2\/comments?post=11238"}],"version-history":[{"count":0,"href":"https:\/\/www.africa-press.net\/guinee-conakry\/wp-json\/wp\/v2\/posts\/11238\/revisions"}],"wp:featuredmedia":[{"embeddable":true,"href":"https:\/\/www.africa-press.net\/guinee-conakry\/wp-json\/wp\/v2\/media\/11237"}],"wp:attachment":[{"href":"https:\/\/www.africa-press.net\/guinee-conakry\/wp-json\/wp\/v2\/media?parent=11238"}],"wp:term":[{"taxonomy":"category","embeddable":true,"href":"https:\/\/www.africa-press.net\/guinee-conakry\/wp-json\/wp\/v2\/categories?post=11238"},{"taxonomy":"post_tag","embeddable":true,"href":"https:\/\/www.africa-press.net\/guinee-conakry\/wp-json\/wp\/v2\/tags?post=11238"}],"curies":[{"name":"wp","href":"https:\/\/api.w.org\/{rel}","templated":true}]}}