{"id":11244,"date":"2023-01-07T19:08:00","date_gmt":"2023-01-07T19:08:00","guid":{"rendered":"https:\/\/www.africa-press.net\/guinee-conakry\/politique\/des-hauts-cadres-nommes-au-ministere-du-commerce-de-lindustrie-et-des-pme-decret"},"modified":"2023-01-07T19:08:00","modified_gmt":"2023-01-07T19:08:00","slug":"des-hauts-cadres-nommes-au-ministere-du-commerce-de-lindustrie-et-des-pme-decret","status":"publish","type":"post","link":"https:\/\/www.africa-press.net\/guinee-conakry\/politique\/des-hauts-cadres-nommes-au-ministere-du-commerce-de-lindustrie-et-des-pme-decret","title":{"rendered":"des hauts cadres nomm\u00e9s au minist\u00e8re du commerce, de l\u2019industrie et des PME (d\u00e9cret)"},"content":{"rendered":"<p><span style=\"color: #ff6600\"><strong>Africa-Press &#8211; Guin\u00e9e. <\/strong><\/span>A\u0300 travers un de\u0301cret publie\u0301 dans la soire\u0301e d\u2019hier, vendredi 6 janvier 2022, le pre\u0301sident de la transition, le colonel Mamadi Doumbouya, a proce\u0301de\u0301 a\u0300 la nomination de hauts cadres au ministe\u0300re du commerce, de l\u2019industrie, des petites et moyennes entreprises. Ils sont au total quatre (4) hauts cadres a\u0300 be\u0301ne\u0301ficier de la confiance du pre\u0301sident du CNRD, qui a renverse\u0301 le pre\u0301sident Alpha Conde\u0301 le 5 septembre 2021.<br \/>\nci-dessous, la liste des hauts cadres nomme\u0301s !<\/p>\n<p>1)- conseiller principal : M. Ahmed Se\u0301kou Conde\u0301, pre\u0301ce\u0301demment conseiller charge\u0301 des questions industrielles et des petites et moyennes entreprises du ministe\u0300re du commerce, de l\u2019industrie, des petites et moyennes entreprises ;<\/p>\n<p>2)- conseiller charge\u0301 des questions e\u0301conomiques, financie\u0300res et du secteur prive\u0301 : M. Sadou Kaba, analyste financier macro-e\u0301conomique et de gestion de portefeuille, pre\u0301ce\u0301demment directeur ge\u0301ne\u0301ral du cabinet d\u2019audit GMS ;<\/p>\n<p>3)- conseiller charge\u0301 des questions industrielles et des petites et moyennes entreprises : M. Samba Bokoum, pre\u0301ce\u0301demment directeur ge\u0301ne\u0301ral adjoint du bureau de strate\u0301gie et de\u0301veloppement du ministe\u0300re de l\u2019industrie et des petites et moyennes entreprises ;<\/p>\n<p>4)- Directeur National adjoint des petites et moyennes entreprises et du contenu local : M. Mamadou Diawo Diallo, pre\u0301ce\u0301demment chef de division suivie et assistance technique des PME a\u0300 la direction nationale des petites et moyennes entreprises et du contenu local.<\/p>\n<p><strong>Pour plus d&rsquo;informations et d&rsquo;analyses sur la <a href=\"https:\/\/www.africa-press.net\/guinee-conakry\">Guin\u00e9e<\/a>, suivez <a href=\"https:\/\/www.africa-press.net\/\">Africa-Press<\/a><\/strong><\/p>\n","protected":false},"excerpt":{"rendered":"<p>Africa-Press &#8211; Guin\u00e9e. A\u0300 travers un de\u0301cret publie\u0301 dans la soire\u0301e d\u2019hier, vendredi 6 janvier 2022, le pre\u0301sident de la transition, le colonel Mamadi Doumbouya, a proce\u0301de\u0301 a\u0300 la nomination de hauts cadres au ministe\u0300re du commerce, de l\u2019industrie, des petites et moyennes entreprises. Ils sont au total quatre (4) hauts cadres a\u0300 be\u0301ne\u0301ficier de [&hellip;]<\/p>\n","protected":false},"author":82,"featured_media":11243,"comment_status":"open","ping_status":"closed","sticky":false,"template":"","format":"standard","meta":{"footnotes":""},"categories":[2,20,10],"tags":[36,57,58],"class_list":["post-11244","post","type-post","status-publish","format-standard","has-post-thumbnail","hentry","category-politique","category-top-nouvelles","category-toutes-les-actualites","tag-africa-press","tag-africa-press-guinee","tag-guinee"],"yoast_head":"<!-- This site is optimized with the Yoast SEO Premium plugin v26.1 (Yoast SEO v27.0) - https:\/\/yoast.com\/product\/yoast-seo-premium-wordpress\/ -->\n<title>des hauts cadres nomm\u00e9s au minist\u00e8re du commerce, de l\u2019industrie et des PME (d\u00e9cret) - guinee Conakry<\/title>\n<meta name=\"robots\" content=\"index, follow, max-snippet:-1, max-image-preview:large, max-video-preview:-1\" \/>\n<link rel=\"canonical\" href=\"https:\/\/www.africa-press.net\/guinee-conakry\/politique\/des-hauts-cadres-nommes-au-ministere-du-commerce-de-lindustrie-et-des-pme-decret\" \/>\n<meta property=\"og:locale\" content=\"fr_FR\" \/>\n<meta property=\"og:type\" content=\"article\" \/>\n<meta property=\"og:title\" content=\"des hauts cadres nomm\u00e9s au minist\u00e8re du commerce, de l\u2019industrie et des PME (d\u00e9cret)\" \/>\n<meta property=\"og:description\" content=\"Africa-Press &#8211; Guin\u00e9e. A\u0300 travers un de\u0301cret publie\u0301 dans la soire\u0301e d\u2019hier, vendredi 6 janvier 2022, le pre\u0301sident de la transition, le colonel Mamadi Doumbouya, a proce\u0301de\u0301 a\u0300 la nomination de hauts cadres au ministe\u0300re du commerce, de l\u2019industrie, des petites et moyennes entreprises. Ils sont au total quatre (4) hauts cadres a\u0300 be\u0301ne\u0301ficier de [&hellip;]\" \/>\n<meta property=\"og:url\" content=\"https:\/\/www.africa-press.net\/guinee-conakry\/politique\/des-hauts-cadres-nommes-au-ministere-du-commerce-de-lindustrie-et-des-pme-decret\" \/>\n<meta property=\"og:site_name\" content=\"guinee Conakry\" \/>\n<meta property=\"article:published_time\" content=\"2023-01-07T19:08:00+00:00\" \/>\n<meta name=\"author\" content=\"cfeditorfr\" \/>\n<meta name=\"twitter:card\" content=\"summary_large_image\" \/>\n<meta name=\"twitter:label1\" content=\"\u00c9crit par\" \/>\n\t<meta name=\"twitter:data1\" content=\"cfeditorfr\" \/>\n\t<meta name=\"twitter:label2\" content=\"Dur\u00e9e de lecture estim\u00e9e\" \/>\n\t<meta name=\"twitter:data2\" content=\"1 minute\" \/>\n<script type=\"application\/ld+json\" class=\"yoast-schema-graph\">{\"@context\":\"https:\/\/schema.org\",\"@graph\":[{\"@type\":\"Article\",\"@id\":\"https:\/\/www.africa-press.net\/guinee-conakry\/politique\/des-hauts-cadres-nommes-au-ministere-du-commerce-de-lindustrie-et-des-pme-decret#article\",\"isPartOf\":{\"@id\":\"https:\/\/www.africa-press.net\/guinee-conakry\/politique\/des-hauts-cadres-nommes-au-ministere-du-commerce-de-lindustrie-et-des-pme-decret\"},\"author\":{\"name\":\"cfeditorfr\",\"@id\":\"https:\/\/www.africa-press.net\/guinee-conakry\/#\/schema\/person\/2b1cf3cd81a31e3cd26889ca66d677f1\"},\"headline\":\"des hauts cadres nomm\u00e9s au minist\u00e8re du commerce, de l\u2019industrie et des PME (d\u00e9cret)\",\"datePublished\":\"2023-01-07T19:08:00+00:00\",\"mainEntityOfPage\":{\"@id\":\"https:\/\/www.africa-press.net\/guinee-conakry\/politique\/des-hauts-cadres-nommes-au-ministere-du-commerce-de-lindustrie-et-des-pme-decret\"},\"wordCount\":275,\"commentCount\":0,\"image\":{\"@id\":\"https:\/\/www.africa-press.net\/guinee-conakry\/politique\/des-hauts-cadres-nommes-au-ministere-du-commerce-de-lindustrie-et-des-pme-decret#primaryimage\"},\"thumbnailUrl\":\"https:\/\/static.africa-press.net\/conakry\/sites\/63\/2023\/01\/Jokar1673105915.166656.jpg\",\"keywords\":[\"Africa Press\",\"Africa Press-Guin\u00e9e\",\"Guin\u00e9e\"],\"articleSection\":[\"Politique\",\"Top Nouvelles\",\"Toutes les actualit\u00e9s\"],\"inLanguage\":\"fr-FR\",\"potentialAction\":[{\"@type\":\"CommentAction\",\"name\":\"Comment\",\"target\":[\"https:\/\/www.africa-press.net\/guinee-conakry\/politique\/des-hauts-cadres-nommes-au-ministere-du-commerce-de-lindustrie-et-des-pme-decret#respond\"]}]},{\"@type\":\"WebPage\",\"@id\":\"https:\/\/www.africa-press.net\/guinee-conakry\/politique\/des-hauts-cadres-nommes-au-ministere-du-commerce-de-lindustrie-et-des-pme-decret\",\"url\":\"https:\/\/www.africa-press.net\/guinee-conakry\/politique\/des-hauts-cadres-nommes-au-ministere-du-commerce-de-lindustrie-et-des-pme-decret\",\"name\":\"des hauts cadres nomm\u00e9s au minist\u00e8re du commerce, de l\u2019industrie et des PME (d\u00e9cret) - guinee Conakry\",\"isPartOf\":{\"@id\":\"https:\/\/www.africa-press.net\/guinee-conakry\/#website\"},\"primaryImageOfPage\":{\"@id\":\"https:\/\/www.africa-press.net\/guinee-conakry\/politique\/des-hauts-cadres-nommes-au-ministere-du-commerce-de-lindustrie-et-des-pme-decret#primaryimage\"},\"image\":{\"@id\":\"https:\/\/www.africa-press.net\/guinee-conakry\/politique\/des-hauts-cadres-nommes-au-ministere-du-commerce-de-lindustrie-et-des-pme-decret#primaryimage\"},\"thumbnailUrl\":\"https:\/\/static.africa-press.net\/conakry\/sites\/63\/2023\/01\/Jokar1673105915.166656.jpg\",\"datePublished\":\"2023-01-07T19:08:00+00:00\",\"author\":{\"@id\":\"https:\/\/www.africa-press.net\/guinee-conakry\/#\/schema\/person\/2b1cf3cd81a31e3cd26889ca66d677f1\"},\"breadcrumb\":{\"@id\":\"https:\/\/www.africa-press.net\/guinee-conakry\/politique\/des-hauts-cadres-nommes-au-ministere-du-commerce-de-lindustrie-et-des-pme-decret#breadcrumb\"},\"inLanguage\":\"fr-FR\",\"potentialAction\":[{\"@type\":\"ReadAction\",\"target\":[\"https:\/\/www.africa-press.net\/guinee-conakry\/politique\/des-hauts-cadres-nommes-au-ministere-du-commerce-de-lindustrie-et-des-pme-decret\"]}]},{\"@type\":\"ImageObject\",\"inLanguage\":\"fr-FR\",\"@id\":\"https:\/\/www.africa-press.net\/guinee-conakry\/politique\/des-hauts-cadres-nommes-au-ministere-du-commerce-de-lindustrie-et-des-pme-decret#primaryimage\",\"url\":\"https:\/\/static.africa-press.net\/conakry\/sites\/63\/2023\/01\/Jokar1673105915.166656.jpg\",\"contentUrl\":\"https:\/\/static.africa-press.net\/conakry\/sites\/63\/2023\/01\/Jokar1673105915.166656.jpg\",\"width\":1189,\"height\":1010,\"caption\":\"des hauts cadres nomm\u00e9s au minist\u00e8re du commerce, de l\u2019industrie et des PME (d\u00e9cret)\"},{\"@type\":\"BreadcrumbList\",\"@id\":\"https:\/\/www.africa-press.net\/guinee-conakry\/politique\/des-hauts-cadres-nommes-au-ministere-du-commerce-de-lindustrie-et-des-pme-decret#breadcrumb\",\"itemListElement\":[{\"@type\":\"ListItem\",\"position\":1,\"name\":\"Accueil\",\"item\":\"https:\/\/www.africa-press.net\/guinee-conakry\/\"},{\"@type\":\"ListItem\",\"position\":2,\"name\":\"des hauts cadres nomm\u00e9s au minist\u00e8re du commerce, de l\u2019industrie et des PME (d\u00e9cret)\"}]},{\"@type\":\"WebSite\",\"@id\":\"https:\/\/www.africa-press.net\/guinee-conakry\/#website\",\"url\":\"https:\/\/www.africa-press.net\/guinee-conakry\/\",\"name\":\"guinee Conakry\",\"description\":\"Just another Africa News Agency Sites site\",\"potentialAction\":[{\"@type\":\"SearchAction\",\"target\":{\"@type\":\"EntryPoint\",\"urlTemplate\":\"https:\/\/www.africa-press.net\/guinee-conakry\/?s={search_term_string}\"},\"query-input\":{\"@type\":\"PropertyValueSpecification\",\"valueRequired\":true,\"valueName\":\"search_term_string\"}}],\"inLanguage\":\"fr-FR\"},{\"@type\":\"Person\",\"@id\":\"https:\/\/www.africa-press.net\/guinee-conakry\/#\/schema\/person\/2b1cf3cd81a31e3cd26889ca66d677f1\",\"name\":\"cfeditorfr\"}]}<\/script>\n<!-- \/ Yoast SEO Premium plugin. -->","yoast_head_json":{"title":"des hauts cadres nomm\u00e9s au minist\u00e8re du commerce, de l\u2019industrie et des PME (d\u00e9cret) - guinee Conakry","robots":{"index":"index","follow":"follow","max-snippet":"max-snippet:-1","max-image-preview":"max-image-preview:large","max-video-preview":"max-video-preview:-1"},"canonical":"https:\/\/www.africa-press.net\/guinee-conakry\/politique\/des-hauts-cadres-nommes-au-ministere-du-commerce-de-lindustrie-et-des-pme-decret","og_locale":"fr_FR","og_type":"article","og_title":"des hauts cadres nomm\u00e9s au minist\u00e8re du commerce, de l\u2019industrie et des PME (d\u00e9cret)","og_description":"Africa-Press &#8211; Guin\u00e9e. A\u0300 travers un de\u0301cret publie\u0301 dans la soire\u0301e d\u2019hier, vendredi 6 janvier 2022, le pre\u0301sident de la transition, le colonel Mamadi Doumbouya, a proce\u0301de\u0301 a\u0300 la nomination de hauts cadres au ministe\u0300re du commerce, de l\u2019industrie, des petites et moyennes entreprises. Ils sont au total quatre (4) hauts cadres a\u0300 be\u0301ne\u0301ficier de [&hellip;]","og_url":"https:\/\/www.africa-press.net\/guinee-conakry\/politique\/des-hauts-cadres-nommes-au-ministere-du-commerce-de-lindustrie-et-des-pme-decret","og_site_name":"guinee Conakry","article_published_time":"2023-01-07T19:08:00+00:00","author":"cfeditorfr","twitter_card":"summary_large_image","twitter_misc":{"\u00c9crit par":"cfeditorfr","Dur\u00e9e de lecture estim\u00e9e":"1 minute"},"schema":{"@context":"https:\/\/schema.org","@graph":[{"@type":"Article","@id":"https:\/\/www.africa-press.net\/guinee-conakry\/politique\/des-hauts-cadres-nommes-au-ministere-du-commerce-de-lindustrie-et-des-pme-decret#article","isPartOf":{"@id":"https:\/\/www.africa-press.net\/guinee-conakry\/politique\/des-hauts-cadres-nommes-au-ministere-du-commerce-de-lindustrie-et-des-pme-decret"},"author":{"name":"cfeditorfr","@id":"https:\/\/www.africa-press.net\/guinee-conakry\/#\/schema\/person\/2b1cf3cd81a31e3cd26889ca66d677f1"},"headline":"des hauts cadres nomm\u00e9s au minist\u00e8re du commerce, de l\u2019industrie et des PME (d\u00e9cret)","datePublished":"2023-01-07T19:08:00+00:00","mainEntityOfPage":{"@id":"https:\/\/www.africa-press.net\/guinee-conakry\/politique\/des-hauts-cadres-nommes-au-ministere-du-commerce-de-lindustrie-et-des-pme-decret"},"wordCount":275,"commentCount":0,"image":{"@id":"https:\/\/www.africa-press.net\/guinee-conakry\/politique\/des-hauts-cadres-nommes-au-ministere-du-commerce-de-lindustrie-et-des-pme-decret#primaryimage"},"thumbnailUrl":"https:\/\/static.africa-press.net\/conakry\/sites\/63\/2023\/01\/Jokar1673105915.166656.jpg","keywords":["Africa Press","Africa Press-Guin\u00e9e","Guin\u00e9e"],"articleSection":["Politique","Top Nouvelles","Toutes les actualit\u00e9s"],"inLanguage":"fr-FR","potentialAction":[{"@type":"CommentAction","name":"Comment","target":["https:\/\/www.africa-press.net\/guinee-conakry\/politique\/des-hauts-cadres-nommes-au-ministere-du-commerce-de-lindustrie-et-des-pme-decret#respond"]}]},{"@type":"WebPage","@id":"https:\/\/www.africa-press.net\/guinee-conakry\/politique\/des-hauts-cadres-nommes-au-ministere-du-commerce-de-lindustrie-et-des-pme-decret","url":"https:\/\/www.africa-press.net\/guinee-conakry\/politique\/des-hauts-cadres-nommes-au-ministere-du-commerce-de-lindustrie-et-des-pme-decret","name":"des hauts cadres nomm\u00e9s au minist\u00e8re du commerce, de l\u2019industrie et des PME (d\u00e9cret) - guinee Conakry","isPartOf":{"@id":"https:\/\/www.africa-press.net\/guinee-conakry\/#website"},"primaryImageOfPage":{"@id":"https:\/\/www.africa-press.net\/guinee-conakry\/politique\/des-hauts-cadres-nommes-au-ministere-du-commerce-de-lindustrie-et-des-pme-decret#primaryimage"},"image":{"@id":"https:\/\/www.africa-press.net\/guinee-conakry\/politique\/des-hauts-cadres-nommes-au-ministere-du-commerce-de-lindustrie-et-des-pme-decret#primaryimage"},"thumbnailUrl":"https:\/\/static.africa-press.net\/conakry\/sites\/63\/2023\/01\/Jokar1673105915.166656.jpg","datePublished":"2023-01-07T19:08:00+00:00","author":{"@id":"https:\/\/www.africa-press.net\/guinee-conakry\/#\/schema\/person\/2b1cf3cd81a31e3cd26889ca66d677f1"},"breadcrumb":{"@id":"https:\/\/www.africa-press.net\/guinee-conakry\/politique\/des-hauts-cadres-nommes-au-ministere-du-commerce-de-lindustrie-et-des-pme-decret#breadcrumb"},"inLanguage":"fr-FR","potentialAction":[{"@type":"ReadAction","target":["https:\/\/www.africa-press.net\/guinee-conakry\/politique\/des-hauts-cadres-nommes-au-ministere-du-commerce-de-lindustrie-et-des-pme-decret"]}]},{"@type":"ImageObject","inLanguage":"fr-FR","@id":"https:\/\/www.africa-press.net\/guinee-conakry\/politique\/des-hauts-cadres-nommes-au-ministere-du-commerce-de-lindustrie-et-des-pme-decret#primaryimage","url":"https:\/\/static.africa-press.net\/conakry\/sites\/63\/2023\/01\/Jokar1673105915.166656.jpg","contentUrl":"https:\/\/static.africa-press.net\/conakry\/sites\/63\/2023\/01\/Jokar1673105915.166656.jpg","width":1189,"height":1010,"caption":"des hauts cadres nomm\u00e9s au minist\u00e8re du commerce, de l\u2019industrie et des PME (d\u00e9cret)"},{"@type":"BreadcrumbList","@id":"https:\/\/www.africa-press.net\/guinee-conakry\/politique\/des-hauts-cadres-nommes-au-ministere-du-commerce-de-lindustrie-et-des-pme-decret#breadcrumb","itemListElement":[{"@type":"ListItem","position":1,"name":"Accueil","item":"https:\/\/www.africa-press.net\/guinee-conakry\/"},{"@type":"ListItem","position":2,"name":"des hauts cadres nomm\u00e9s au minist\u00e8re du commerce, de l\u2019industrie et des PME (d\u00e9cret)"}]},{"@type":"WebSite","@id":"https:\/\/www.africa-press.net\/guinee-conakry\/#website","url":"https:\/\/www.africa-press.net\/guinee-conakry\/","name":"guinee Conakry","description":"Just another Africa News Agency Sites site","potentialAction":[{"@type":"SearchAction","target":{"@type":"EntryPoint","urlTemplate":"https:\/\/www.africa-press.net\/guinee-conakry\/?s={search_term_string}"},"query-input":{"@type":"PropertyValueSpecification","valueRequired":true,"valueName":"search_term_string"}}],"inLanguage":"fr-FR"},{"@type":"Person","@id":"https:\/\/www.africa-press.net\/guinee-conakry\/#\/schema\/person\/2b1cf3cd81a31e3cd26889ca66d677f1","name":"cfeditorfr"}]}},"_links":{"self":[{"href":"https:\/\/www.africa-press.net\/guinee-conakry\/wp-json\/wp\/v2\/posts\/11244","targetHints":{"allow":["GET"]}}],"collection":[{"href":"https:\/\/www.africa-press.net\/guinee-conakry\/wp-json\/wp\/v2\/posts"}],"about":[{"href":"https:\/\/www.africa-press.net\/guinee-conakry\/wp-json\/wp\/v2\/types\/post"}],"author":[{"embeddable":true,"href":"https:\/\/www.africa-press.net\/guinee-conakry\/wp-json\/wp\/v2\/users\/82"}],"replies":[{"embeddable":true,"href":"https:\/\/www.africa-press.net\/guinee-conakry\/wp-json\/wp\/v2\/comments?post=11244"}],"version-history":[{"count":0,"href":"https:\/\/www.africa-press.net\/guinee-conakry\/wp-json\/wp\/v2\/posts\/11244\/revisions"}],"wp:featuredmedia":[{"embeddable":true,"href":"https:\/\/www.africa-press.net\/guinee-conakry\/wp-json\/wp\/v2\/media\/11243"}],"wp:attachment":[{"href":"https:\/\/www.africa-press.net\/guinee-conakry\/wp-json\/wp\/v2\/media?parent=11244"}],"wp:term":[{"taxonomy":"category","embeddable":true,"href":"https:\/\/www.africa-press.net\/guinee-conakry\/wp-json\/wp\/v2\/categories?post=11244"},{"taxonomy":"post_tag","embeddable":true,"href":"https:\/\/www.africa-press.net\/guinee-conakry\/wp-json\/wp\/v2\/tags?post=11244"}],"curies":[{"name":"wp","href":"https:\/\/api.w.org\/{rel}","templated":true}]}}