{"id":11256,"date":"2023-01-08T18:59:00","date_gmt":"2023-01-08T18:59:00","guid":{"rendered":"https:\/\/www.africa-press.net\/guinee-conakry\/politique\/decret-voici-les-attributions-lorganisation-et-le-fonctionnement-de-lagence-nationale-des-energies-renouvelables-aner"},"modified":"2023-01-08T18:59:00","modified_gmt":"2023-01-08T18:59:00","slug":"decret-voici-les-attributions-lorganisation-et-le-fonctionnement-de-lagence-nationale-des-energies-renouvelables-aner","status":"publish","type":"post","link":"https:\/\/www.africa-press.net\/guinee-conakry\/politique\/decret-voici-les-attributions-lorganisation-et-le-fonctionnement-de-lagence-nationale-des-energies-renouvelables-aner","title":{"rendered":"D\u00e9cret : voici les attributions, l\u2019organisation et le fonctionnement de l\u2019agence nationale des \u00c9nergies Renouvelables (ANER)"},"content":{"rendered":"<p><span style=\"color: #ff6600\"><strong>Africa-Press &#8211; Guin\u00e9e. <\/strong><\/span>A\u0300 travers un de\u0301cret du pre\u0301sident de la transition, le colonel Mamadi Doumbouya, les attributions, l\u2019organisation et le fonctionnement de l\u2019agence nationale des e\u0301nergies renouvelables ont e\u0301te\u0301 rendus publics. Le de\u0301cret a e\u0301te\u0301 publie\u0301 dans la soire\u0301e d\u2019hier, samedi 7 janvier 2023, a\u0300 la te\u0301le\u0301vision nationale.<\/p>\n<p>Chapitre 1: Dispositions Ge\u0301ne\u0301rales<\/p>\n<p>L\u2019agence nationale des e\u0301nergies renouvelables en abre\u0301ge\u0301 ANER est un e\u0301tablissement public administratif dote\u0301 de la personnalite\u0301 juridique et jouissant de l\u2019autonomie financie\u0300re et de gestion. L\u2019agence nationale des e\u0301nergies renouvelables est place\u0301e sous la tutelle technique du ministe\u0300re en charge de l\u2019e\u0301nergie et sous la tutelle financie\u0300re du ministe\u0300re en charge des finances.<\/p>\n<p>Chapitre 2: Attributions<\/p>\n<p>L\u2019agence nationale des e\u0301nergies renouvelables de niveau hie\u0301rarchique e\u0301quivalent a\u0300 celui d\u2019une direction de l\u2019administration centrale a pour attributions,<\/p>\n<p>de promouvoir le de\u0301veloppement et l\u2019utilisation des e\u0301nergies renouvelables en Re\u0301publique de Guine\u0301e. A\u0300 ce titre, elle est particulie\u0300rement charge\u0301e de:<\/p>\n<p>\u2013 participer a\u0300 l\u2019e\u0301laboration d\u2019un cadre le\u0301gislatif et re\u0301glementaire attractif pour le de\u0301veloppement et la promotion des e\u0301nergies renouvelables et de cuissons propres en Re\u0301publique de Guine\u0301e;<\/p>\n<p>\u2013 identifier et exploiter les me\u0301canismes de fonctionnement innovants pour le de\u0301veloppement et l\u2019utilisation des e\u0301nergies renouvelables ;<\/p>\n<p>\u2013 assurer la mai\u0302trise d\u2019\u0153uvre des projets d\u2019e\u0301nergies renouvelables ;<\/p>\n<p>\u2013 promouvoir des programmes et projets d\u2019e\u0301nergies renouvelables ;<\/p>\n<p>\u2013 promouvoir l\u2019entrepreneuriat local dans le domaine des e\u0301nergies renouvelables ;<\/p>\n<p>\u2013 participer aux suivis du respect des normes en matie\u0300re d\u2019e\u0301nergies renouvelables;<\/p>\n<p>\u2013 e\u0301laborer et exe\u0301cuter des programmes d\u2019information, d\u2019e\u0301ducation et de communication relatifs aux e\u0301nergies renouvelables ;<\/p>\n<p>\u2013 promouvoir le transfert des technologies de compe\u0301tences dans le domaine des e\u0301nergies renouvelables ;<\/p>\n<p>\u2013 cre\u0301er et mettre a\u0300 jour le re\u0301pertoire des entreprises e\u0301voluant dans le domaine des e\u0301nergies renouvelables ;<\/p>\n<p>\u2013 apporter des appuis conseils aux acteurs du sous secteur des e\u0301nergies renouvelables;<\/p>\n<p>\u2013 participer aux e\u0301tudes de prospective pour le de\u0301veloppement des e\u0301nergies renouvelables ;<\/p>\n<p>\u2013 participer a\u0300 l\u2019identification, a\u0300 l\u2019e\u0301valuation et a\u0300 l\u2019exploitation du potentiel d\u2019e\u0301nergies renouvelables ;<\/p>\n<p>\u2013 assurer le suivi et l\u2019e\u0301valuation de l\u2019exe\u0301cution des projets et programmes d\u2019e\u0301nergies renouvelables;<\/p>\n<p>\u2013 participer a\u0300 la re\u0301alisation des e\u0301tudes techniques, e\u0301conomiques et financie\u0300res des projets relatifs aux e\u0301nergies renouvelables et;<\/p>\n<p>\u2013 d\u2019assurer le suivi de leur mise en \u0153uvre.<\/p>\n<p>Chapitre 6: Dispositions finales<\/p>\n<p>Les de\u0301tails de l\u2019organisation et le mode de fonctionnement de l\u2019agence nationale des e\u0301nergies renouvelables sont de\u0301termine\u0301s par le conseil d\u2019administration sur proposition du Directeur Ge\u0301ne\u0301ral.<\/p>\n<p><strong>Pour plus d&rsquo;informations et d&rsquo;analyses sur la <a href=\"https:\/\/www.africa-press.net\/guinee-conakry\">Guin\u00e9e<\/a>, suivez <a href=\"https:\/\/www.africa-press.net\/\">Africa-Press<\/a><\/strong><\/p>\n","protected":false},"excerpt":{"rendered":"<p>Africa-Press &#8211; Guin\u00e9e. A\u0300 travers un de\u0301cret du pre\u0301sident de la transition, le colonel Mamadi Doumbouya, les attributions, l\u2019organisation et le fonctionnement de l\u2019agence nationale des e\u0301nergies renouvelables ont e\u0301te\u0301 rendus publics. Le de\u0301cret a e\u0301te\u0301 publie\u0301 dans la soire\u0301e d\u2019hier, samedi 7 janvier 2023, a\u0300 la te\u0301le\u0301vision nationale. Chapitre 1: Dispositions Ge\u0301ne\u0301rales L\u2019agence nationale [&hellip;]<\/p>\n","protected":false},"author":82,"featured_media":11255,"comment_status":"open","ping_status":"closed","sticky":false,"template":"","format":"standard","meta":{"footnotes":""},"categories":[2,56,20,10],"tags":[36,57,58],"class_list":["post-11256","post","type-post","status-publish","format-standard","has-post-thumbnail","hentry","category-politique","category-to-homepage","category-top-nouvelles","category-toutes-les-actualites","tag-africa-press","tag-africa-press-guinee","tag-guinee"],"yoast_head":"<!-- This site is optimized with the Yoast SEO Premium plugin v26.1 (Yoast SEO v27.0) - https:\/\/yoast.com\/product\/yoast-seo-premium-wordpress\/ -->\n<title>D\u00e9cret : voici les attributions, l\u2019organisation et le fonctionnement de l\u2019agence nationale des \u00c9nergies Renouvelables (ANER) - guinee Conakry<\/title>\n<meta name=\"robots\" content=\"index, follow, max-snippet:-1, max-image-preview:large, max-video-preview:-1\" \/>\n<link rel=\"canonical\" href=\"https:\/\/www.africa-press.net\/guinee-conakry\/politique\/decret-voici-les-attributions-lorganisation-et-le-fonctionnement-de-lagence-nationale-des-energies-renouvelables-aner\" \/>\n<meta property=\"og:locale\" content=\"fr_FR\" \/>\n<meta property=\"og:type\" content=\"article\" \/>\n<meta property=\"og:title\" content=\"D\u00e9cret : voici les attributions, l\u2019organisation et le fonctionnement de l\u2019agence nationale des \u00c9nergies Renouvelables (ANER)\" \/>\n<meta property=\"og:description\" content=\"Africa-Press &#8211; Guin\u00e9e. A\u0300 travers un de\u0301cret du pre\u0301sident de la transition, le colonel Mamadi Doumbouya, les attributions, l\u2019organisation et le fonctionnement de l\u2019agence nationale des e\u0301nergies renouvelables ont e\u0301te\u0301 rendus publics. Le de\u0301cret a e\u0301te\u0301 publie\u0301 dans la soire\u0301e d\u2019hier, samedi 7 janvier 2023, a\u0300 la te\u0301le\u0301vision nationale. Chapitre 1: Dispositions Ge\u0301ne\u0301rales L\u2019agence nationale [&hellip;]\" \/>\n<meta property=\"og:url\" content=\"https:\/\/www.africa-press.net\/guinee-conakry\/politique\/decret-voici-les-attributions-lorganisation-et-le-fonctionnement-de-lagence-nationale-des-energies-renouvelables-aner\" \/>\n<meta property=\"og:site_name\" content=\"guinee Conakry\" \/>\n<meta property=\"article:published_time\" content=\"2023-01-08T18:59:00+00:00\" \/>\n<meta name=\"author\" content=\"cfeditorfr\" \/>\n<meta name=\"twitter:card\" content=\"summary_large_image\" \/>\n<meta name=\"twitter:label1\" content=\"\u00c9crit par\" \/>\n\t<meta name=\"twitter:data1\" content=\"cfeditorfr\" \/>\n\t<meta name=\"twitter:label2\" content=\"Dur\u00e9e de lecture estim\u00e9e\" \/>\n\t<meta name=\"twitter:data2\" content=\"2 minutes\" \/>\n<script type=\"application\/ld+json\" class=\"yoast-schema-graph\">{\"@context\":\"https:\/\/schema.org\",\"@graph\":[{\"@type\":\"Article\",\"@id\":\"https:\/\/www.africa-press.net\/guinee-conakry\/politique\/decret-voici-les-attributions-lorganisation-et-le-fonctionnement-de-lagence-nationale-des-energies-renouvelables-aner#article\",\"isPartOf\":{\"@id\":\"https:\/\/www.africa-press.net\/guinee-conakry\/politique\/decret-voici-les-attributions-lorganisation-et-le-fonctionnement-de-lagence-nationale-des-energies-renouvelables-aner\"},\"author\":{\"name\":\"cfeditorfr\",\"@id\":\"https:\/\/www.africa-press.net\/guinee-conakry\/#\/schema\/person\/2b1cf3cd81a31e3cd26889ca66d677f1\"},\"headline\":\"D\u00e9cret : voici les attributions, l\u2019organisation et le fonctionnement de l\u2019agence nationale des \u00c9nergies Renouvelables (ANER)\",\"datePublished\":\"2023-01-08T18:59:00+00:00\",\"mainEntityOfPage\":{\"@id\":\"https:\/\/www.africa-press.net\/guinee-conakry\/politique\/decret-voici-les-attributions-lorganisation-et-le-fonctionnement-de-lagence-nationale-des-energies-renouvelables-aner\"},\"wordCount\":508,\"commentCount\":0,\"image\":{\"@id\":\"https:\/\/www.africa-press.net\/guinee-conakry\/politique\/decret-voici-les-attributions-lorganisation-et-le-fonctionnement-de-lagence-nationale-des-energies-renouvelables-aner#primaryimage\"},\"thumbnailUrl\":\"https:\/\/static.africa-press.net\/conakry\/sites\/63\/2023\/01\/Jokar1673191783.263118.jpg\",\"keywords\":[\"Africa Press\",\"Africa Press-Guin\u00e9e\",\"Guin\u00e9e\"],\"articleSection\":[\"Politique\",\"to-homepage\",\"Top Nouvelles\",\"Toutes les actualit\u00e9s\"],\"inLanguage\":\"fr-FR\",\"potentialAction\":[{\"@type\":\"CommentAction\",\"name\":\"Comment\",\"target\":[\"https:\/\/www.africa-press.net\/guinee-conakry\/politique\/decret-voici-les-attributions-lorganisation-et-le-fonctionnement-de-lagence-nationale-des-energies-renouvelables-aner#respond\"]}]},{\"@type\":\"WebPage\",\"@id\":\"https:\/\/www.africa-press.net\/guinee-conakry\/politique\/decret-voici-les-attributions-lorganisation-et-le-fonctionnement-de-lagence-nationale-des-energies-renouvelables-aner\",\"url\":\"https:\/\/www.africa-press.net\/guinee-conakry\/politique\/decret-voici-les-attributions-lorganisation-et-le-fonctionnement-de-lagence-nationale-des-energies-renouvelables-aner\",\"name\":\"D\u00e9cret : voici les attributions, l\u2019organisation et le fonctionnement de l\u2019agence nationale des \u00c9nergies Renouvelables (ANER) - guinee Conakry\",\"isPartOf\":{\"@id\":\"https:\/\/www.africa-press.net\/guinee-conakry\/#website\"},\"primaryImageOfPage\":{\"@id\":\"https:\/\/www.africa-press.net\/guinee-conakry\/politique\/decret-voici-les-attributions-lorganisation-et-le-fonctionnement-de-lagence-nationale-des-energies-renouvelables-aner#primaryimage\"},\"image\":{\"@id\":\"https:\/\/www.africa-press.net\/guinee-conakry\/politique\/decret-voici-les-attributions-lorganisation-et-le-fonctionnement-de-lagence-nationale-des-energies-renouvelables-aner#primaryimage\"},\"thumbnailUrl\":\"https:\/\/static.africa-press.net\/conakry\/sites\/63\/2023\/01\/Jokar1673191783.263118.jpg\",\"datePublished\":\"2023-01-08T18:59:00+00:00\",\"author\":{\"@id\":\"https:\/\/www.africa-press.net\/guinee-conakry\/#\/schema\/person\/2b1cf3cd81a31e3cd26889ca66d677f1\"},\"breadcrumb\":{\"@id\":\"https:\/\/www.africa-press.net\/guinee-conakry\/politique\/decret-voici-les-attributions-lorganisation-et-le-fonctionnement-de-lagence-nationale-des-energies-renouvelables-aner#breadcrumb\"},\"inLanguage\":\"fr-FR\",\"potentialAction\":[{\"@type\":\"ReadAction\",\"target\":[\"https:\/\/www.africa-press.net\/guinee-conakry\/politique\/decret-voici-les-attributions-lorganisation-et-le-fonctionnement-de-lagence-nationale-des-energies-renouvelables-aner\"]}]},{\"@type\":\"ImageObject\",\"inLanguage\":\"fr-FR\",\"@id\":\"https:\/\/www.africa-press.net\/guinee-conakry\/politique\/decret-voici-les-attributions-lorganisation-et-le-fonctionnement-de-lagence-nationale-des-energies-renouvelables-aner#primaryimage\",\"url\":\"https:\/\/static.africa-press.net\/conakry\/sites\/63\/2023\/01\/Jokar1673191783.263118.jpg\",\"contentUrl\":\"https:\/\/static.africa-press.net\/conakry\/sites\/63\/2023\/01\/Jokar1673191783.263118.jpg\",\"width\":1006,\"height\":899,\"caption\":\"D\u00e9cret : voici les attributions, l\u2019organisation et le fonctionnement de l\u2019agence nationale des \u00c9nergies Renouvelables (ANER)\"},{\"@type\":\"BreadcrumbList\",\"@id\":\"https:\/\/www.africa-press.net\/guinee-conakry\/politique\/decret-voici-les-attributions-lorganisation-et-le-fonctionnement-de-lagence-nationale-des-energies-renouvelables-aner#breadcrumb\",\"itemListElement\":[{\"@type\":\"ListItem\",\"position\":1,\"name\":\"Accueil\",\"item\":\"https:\/\/www.africa-press.net\/guinee-conakry\/\"},{\"@type\":\"ListItem\",\"position\":2,\"name\":\"D\u00e9cret : voici les attributions, l\u2019organisation et le fonctionnement de l\u2019agence nationale des \u00c9nergies Renouvelables (ANER)\"}]},{\"@type\":\"WebSite\",\"@id\":\"https:\/\/www.africa-press.net\/guinee-conakry\/#website\",\"url\":\"https:\/\/www.africa-press.net\/guinee-conakry\/\",\"name\":\"guinee Conakry\",\"description\":\"Just another Africa News Agency Sites site\",\"potentialAction\":[{\"@type\":\"SearchAction\",\"target\":{\"@type\":\"EntryPoint\",\"urlTemplate\":\"https:\/\/www.africa-press.net\/guinee-conakry\/?s={search_term_string}\"},\"query-input\":{\"@type\":\"PropertyValueSpecification\",\"valueRequired\":true,\"valueName\":\"search_term_string\"}}],\"inLanguage\":\"fr-FR\"},{\"@type\":\"Person\",\"@id\":\"https:\/\/www.africa-press.net\/guinee-conakry\/#\/schema\/person\/2b1cf3cd81a31e3cd26889ca66d677f1\",\"name\":\"cfeditorfr\"}]}<\/script>\n<!-- \/ Yoast SEO Premium plugin. -->","yoast_head_json":{"title":"D\u00e9cret : voici les attributions, l\u2019organisation et le fonctionnement de l\u2019agence nationale des \u00c9nergies Renouvelables (ANER) - guinee Conakry","robots":{"index":"index","follow":"follow","max-snippet":"max-snippet:-1","max-image-preview":"max-image-preview:large","max-video-preview":"max-video-preview:-1"},"canonical":"https:\/\/www.africa-press.net\/guinee-conakry\/politique\/decret-voici-les-attributions-lorganisation-et-le-fonctionnement-de-lagence-nationale-des-energies-renouvelables-aner","og_locale":"fr_FR","og_type":"article","og_title":"D\u00e9cret : voici les attributions, l\u2019organisation et le fonctionnement de l\u2019agence nationale des \u00c9nergies Renouvelables (ANER)","og_description":"Africa-Press &#8211; Guin\u00e9e. A\u0300 travers un de\u0301cret du pre\u0301sident de la transition, le colonel Mamadi Doumbouya, les attributions, l\u2019organisation et le fonctionnement de l\u2019agence nationale des e\u0301nergies renouvelables ont e\u0301te\u0301 rendus publics. Le de\u0301cret a e\u0301te\u0301 publie\u0301 dans la soire\u0301e d\u2019hier, samedi 7 janvier 2023, a\u0300 la te\u0301le\u0301vision nationale. Chapitre 1: Dispositions Ge\u0301ne\u0301rales L\u2019agence nationale [&hellip;]","og_url":"https:\/\/www.africa-press.net\/guinee-conakry\/politique\/decret-voici-les-attributions-lorganisation-et-le-fonctionnement-de-lagence-nationale-des-energies-renouvelables-aner","og_site_name":"guinee Conakry","article_published_time":"2023-01-08T18:59:00+00:00","author":"cfeditorfr","twitter_card":"summary_large_image","twitter_misc":{"\u00c9crit par":"cfeditorfr","Dur\u00e9e de lecture estim\u00e9e":"2 minutes"},"schema":{"@context":"https:\/\/schema.org","@graph":[{"@type":"Article","@id":"https:\/\/www.africa-press.net\/guinee-conakry\/politique\/decret-voici-les-attributions-lorganisation-et-le-fonctionnement-de-lagence-nationale-des-energies-renouvelables-aner#article","isPartOf":{"@id":"https:\/\/www.africa-press.net\/guinee-conakry\/politique\/decret-voici-les-attributions-lorganisation-et-le-fonctionnement-de-lagence-nationale-des-energies-renouvelables-aner"},"author":{"name":"cfeditorfr","@id":"https:\/\/www.africa-press.net\/guinee-conakry\/#\/schema\/person\/2b1cf3cd81a31e3cd26889ca66d677f1"},"headline":"D\u00e9cret : voici les attributions, l\u2019organisation et le fonctionnement de l\u2019agence nationale des \u00c9nergies Renouvelables (ANER)","datePublished":"2023-01-08T18:59:00+00:00","mainEntityOfPage":{"@id":"https:\/\/www.africa-press.net\/guinee-conakry\/politique\/decret-voici-les-attributions-lorganisation-et-le-fonctionnement-de-lagence-nationale-des-energies-renouvelables-aner"},"wordCount":508,"commentCount":0,"image":{"@id":"https:\/\/www.africa-press.net\/guinee-conakry\/politique\/decret-voici-les-attributions-lorganisation-et-le-fonctionnement-de-lagence-nationale-des-energies-renouvelables-aner#primaryimage"},"thumbnailUrl":"https:\/\/static.africa-press.net\/conakry\/sites\/63\/2023\/01\/Jokar1673191783.263118.jpg","keywords":["Africa Press","Africa Press-Guin\u00e9e","Guin\u00e9e"],"articleSection":["Politique","to-homepage","Top Nouvelles","Toutes les actualit\u00e9s"],"inLanguage":"fr-FR","potentialAction":[{"@type":"CommentAction","name":"Comment","target":["https:\/\/www.africa-press.net\/guinee-conakry\/politique\/decret-voici-les-attributions-lorganisation-et-le-fonctionnement-de-lagence-nationale-des-energies-renouvelables-aner#respond"]}]},{"@type":"WebPage","@id":"https:\/\/www.africa-press.net\/guinee-conakry\/politique\/decret-voici-les-attributions-lorganisation-et-le-fonctionnement-de-lagence-nationale-des-energies-renouvelables-aner","url":"https:\/\/www.africa-press.net\/guinee-conakry\/politique\/decret-voici-les-attributions-lorganisation-et-le-fonctionnement-de-lagence-nationale-des-energies-renouvelables-aner","name":"D\u00e9cret : voici les attributions, l\u2019organisation et le fonctionnement de l\u2019agence nationale des \u00c9nergies Renouvelables (ANER) - guinee Conakry","isPartOf":{"@id":"https:\/\/www.africa-press.net\/guinee-conakry\/#website"},"primaryImageOfPage":{"@id":"https:\/\/www.africa-press.net\/guinee-conakry\/politique\/decret-voici-les-attributions-lorganisation-et-le-fonctionnement-de-lagence-nationale-des-energies-renouvelables-aner#primaryimage"},"image":{"@id":"https:\/\/www.africa-press.net\/guinee-conakry\/politique\/decret-voici-les-attributions-lorganisation-et-le-fonctionnement-de-lagence-nationale-des-energies-renouvelables-aner#primaryimage"},"thumbnailUrl":"https:\/\/static.africa-press.net\/conakry\/sites\/63\/2023\/01\/Jokar1673191783.263118.jpg","datePublished":"2023-01-08T18:59:00+00:00","author":{"@id":"https:\/\/www.africa-press.net\/guinee-conakry\/#\/schema\/person\/2b1cf3cd81a31e3cd26889ca66d677f1"},"breadcrumb":{"@id":"https:\/\/www.africa-press.net\/guinee-conakry\/politique\/decret-voici-les-attributions-lorganisation-et-le-fonctionnement-de-lagence-nationale-des-energies-renouvelables-aner#breadcrumb"},"inLanguage":"fr-FR","potentialAction":[{"@type":"ReadAction","target":["https:\/\/www.africa-press.net\/guinee-conakry\/politique\/decret-voici-les-attributions-lorganisation-et-le-fonctionnement-de-lagence-nationale-des-energies-renouvelables-aner"]}]},{"@type":"ImageObject","inLanguage":"fr-FR","@id":"https:\/\/www.africa-press.net\/guinee-conakry\/politique\/decret-voici-les-attributions-lorganisation-et-le-fonctionnement-de-lagence-nationale-des-energies-renouvelables-aner#primaryimage","url":"https:\/\/static.africa-press.net\/conakry\/sites\/63\/2023\/01\/Jokar1673191783.263118.jpg","contentUrl":"https:\/\/static.africa-press.net\/conakry\/sites\/63\/2023\/01\/Jokar1673191783.263118.jpg","width":1006,"height":899,"caption":"D\u00e9cret : voici les attributions, l\u2019organisation et le fonctionnement de l\u2019agence nationale des \u00c9nergies Renouvelables (ANER)"},{"@type":"BreadcrumbList","@id":"https:\/\/www.africa-press.net\/guinee-conakry\/politique\/decret-voici-les-attributions-lorganisation-et-le-fonctionnement-de-lagence-nationale-des-energies-renouvelables-aner#breadcrumb","itemListElement":[{"@type":"ListItem","position":1,"name":"Accueil","item":"https:\/\/www.africa-press.net\/guinee-conakry\/"},{"@type":"ListItem","position":2,"name":"D\u00e9cret : voici les attributions, l\u2019organisation et le fonctionnement de l\u2019agence nationale des \u00c9nergies Renouvelables (ANER)"}]},{"@type":"WebSite","@id":"https:\/\/www.africa-press.net\/guinee-conakry\/#website","url":"https:\/\/www.africa-press.net\/guinee-conakry\/","name":"guinee Conakry","description":"Just another Africa News Agency Sites site","potentialAction":[{"@type":"SearchAction","target":{"@type":"EntryPoint","urlTemplate":"https:\/\/www.africa-press.net\/guinee-conakry\/?s={search_term_string}"},"query-input":{"@type":"PropertyValueSpecification","valueRequired":true,"valueName":"search_term_string"}}],"inLanguage":"fr-FR"},{"@type":"Person","@id":"https:\/\/www.africa-press.net\/guinee-conakry\/#\/schema\/person\/2b1cf3cd81a31e3cd26889ca66d677f1","name":"cfeditorfr"}]}},"_links":{"self":[{"href":"https:\/\/www.africa-press.net\/guinee-conakry\/wp-json\/wp\/v2\/posts\/11256","targetHints":{"allow":["GET"]}}],"collection":[{"href":"https:\/\/www.africa-press.net\/guinee-conakry\/wp-json\/wp\/v2\/posts"}],"about":[{"href":"https:\/\/www.africa-press.net\/guinee-conakry\/wp-json\/wp\/v2\/types\/post"}],"author":[{"embeddable":true,"href":"https:\/\/www.africa-press.net\/guinee-conakry\/wp-json\/wp\/v2\/users\/82"}],"replies":[{"embeddable":true,"href":"https:\/\/www.africa-press.net\/guinee-conakry\/wp-json\/wp\/v2\/comments?post=11256"}],"version-history":[{"count":0,"href":"https:\/\/www.africa-press.net\/guinee-conakry\/wp-json\/wp\/v2\/posts\/11256\/revisions"}],"wp:featuredmedia":[{"embeddable":true,"href":"https:\/\/www.africa-press.net\/guinee-conakry\/wp-json\/wp\/v2\/media\/11255"}],"wp:attachment":[{"href":"https:\/\/www.africa-press.net\/guinee-conakry\/wp-json\/wp\/v2\/media?parent=11256"}],"wp:term":[{"taxonomy":"category","embeddable":true,"href":"https:\/\/www.africa-press.net\/guinee-conakry\/wp-json\/wp\/v2\/categories?post=11256"},{"taxonomy":"post_tag","embeddable":true,"href":"https:\/\/www.africa-press.net\/guinee-conakry\/wp-json\/wp\/v2\/tags?post=11256"}],"curies":[{"name":"wp","href":"https:\/\/api.w.org\/{rel}","templated":true}]}}