{"id":11271,"date":"2023-01-09T18:58:00","date_gmt":"2023-01-09T18:58:00","guid":{"rendered":"https:\/\/www.africa-press.net\/guinee-conakry\/politique\/tpi-dixinn-le-vigile-mohamed-diallo-nie-les-faits-de-viol-sur-mineure-mis-a-sa-charge"},"modified":"2023-01-09T18:58:00","modified_gmt":"2023-01-09T18:58:00","slug":"tpi-dixinn-le-vigile-mohamed-diallo-nie-les-faits-de-viol-sur-mineure-mis-a-sa-charge","status":"publish","type":"post","link":"https:\/\/www.africa-press.net\/guinee-conakry\/toutes-les-actualites\/tpi-dixinn-le-vigile-mohamed-diallo-nie-les-faits-de-viol-sur-mineure-mis-a-sa-charge","title":{"rendered":"TPI Dixinn : le vigile Mohamed Diallo nie les faits de viol sur mineure mis \u00e0 sa charge"},"content":{"rendered":"<p><span style=\"color: #ff6600\"><strong>Africa-Press &#8211; Guin\u00e9e. <\/strong><\/span>Mohamed Diallo, vigile de profession, a comparu devant le tribunal criminel de Dixinn ce lundi, 9 janvier 2023. Ce jeune a\u0302ge\u0301 de 31 ans est juge\u0301 devant ce tribunal pour re\u0301pondre des faits de viol sur une mineure de 14 ans au quartier Dixinn Port. Des faits qu\u2019il balaie d\u2019un revers de la main.<\/p>\n<p>En de\u0301tention depuis le 24 juillet 2020, Mohamed Diallo est accuse\u0301 de viol sur AD, une mineure qui n\u2019avait que 14 ans a\u0300 l\u2019e\u0301poque. Les faits se seraient produits au quartier Dixinn Port, le dimanche 19 juillet 2020. C\u2019est la\u0300 que Mohamed Diallo aurait commis l\u2019acte. Mais l\u2019accuse\u0301 a laisse\u0301 entendre dans sa de\u0301position, qu\u2019il n\u2019a jamais rencontre\u0301 la victime dans les toilettes.<\/p>\n<p>\u00ab Je suis vigile, je travaille au compte de la Socopress. Je suis charge\u0301 d\u2019assurer la se\u0301curite\u0301 de ces lieux. Le dimanche 19 juillet 2020, madame Souadou Diallo, une des occupantes de la concession, est venue me dire que j\u2019ai viole\u0301 sa fille. Elle m\u2019a dit que j\u2019ai viole\u0301 sa fille A.D. a\u0300 plusieurs reprises dans les toilettes. Elle m\u2019a dit que c\u2019est sa s\u0153ur Ai\u0308ssatou Diallo qui l\u2019a informe\u0301 de cette situation, disant que j\u2019ai suivi la petite dans les toilettes, j\u2019ai enleve\u0301 son pagne pour toucher ses parties intimes. Mais moi, je n\u2019ai jamais fait c\u0327a. Je n\u2019ai jamais entretenu de relations sexuelles avec elle. Je n\u2019ai jamais fait d\u2019attouchements avec elle. Je n\u2019ai jamais rencontre\u0301 cette petite dans les toilettes. On ne s\u2019est jamais assis ensemble. On ne partage pas les me\u0302mes toilettes. Leurs toilettes se trouvent a\u0300 l\u2019e\u0301tage. C\u2019est du mensonge pur et simple. Mais Dieu est la\u0300&#8230; \u00bb, a explique\u0301 l\u2019accuse\u0301 a\u0300 la barre.<\/p>\n<p>Poursuivant sa narration, l\u2019accuse\u0301 est revenu sur ce que cela lui a cou\u0302te\u0301. \u00ab Ils ont dit que je ne travaille plus sur les lieux. Le lendemain, apre\u0300s la prie\u0300re de l\u2019aube, je suis alle\u0301 rencontrer mon Directeur ge\u0301ne\u0301ral. Je lui ai explique\u0301 la situation avant de rentrer a\u0300 la maison. Le mardi 21 juillet 2020, quand je suis revenu, j\u2019ai trouve\u0301 sur les lieux mon superviseur et l\u2019ami avec lequel je travaille. Et quelques temps apre\u0300s, j\u2019ai vu les policiers venir. Ils m\u2019ont tendu une plainte disant que j\u2019ai viole\u0301 A.D. Mais, une personne saine ne peut pas faire c\u0327a. Il n\u2019y a aucun contact entre nous. Les toilettes des vigiles sont a\u0300 part, et les toilettes des occupants de la concession sont a\u0300 part \u00bb, a-t-il ajoute\u0301.<\/p>\n<p>Finalement, vu l\u2019absence de la partie civile a\u0300 l\u2019audience, le tribunal a renvoye\u0301 le dossier au 6 fe\u0301vrier 2023 pour la comparution de la partie civile ainsi que sa repre\u0301sentante.<\/p>\n<p>Affaire a\u0300 suivre.<\/p>\n<p><strong>Pour plus d&rsquo;informations et d&rsquo;analyses sur la <a href=\"https:\/\/www.africa-press.net\/guinee-conakry\">Guin\u00e9e<\/a>, suivez <a href=\"https:\/\/www.africa-press.net\/\">Africa-Press<\/a><\/strong><\/p>\n","protected":false},"excerpt":{"rendered":"<p>Africa-Press &#8211; Guin\u00e9e. Mohamed Diallo, vigile de profession, a comparu devant le tribunal criminel de Dixinn ce lundi, 9 janvier 2023. Ce jeune a\u0302ge\u0301 de 31 ans est juge\u0301 devant ce tribunal pour re\u0301pondre des faits de viol sur une mineure de 14 ans au quartier Dixinn Port. Des faits qu\u2019il balaie d\u2019un revers de [&hellip;]<\/p>\n","protected":false},"author":82,"featured_media":11270,"comment_status":"open","ping_status":"closed","sticky":false,"template":"","format":"standard","meta":{"footnotes":""},"categories":[21,10],"tags":[36,57,58],"class_list":["post-11271","post","type-post","status-publish","format-standard","has-post-thumbnail","hentry","category-communaute","category-toutes-les-actualites","tag-africa-press","tag-africa-press-guinee","tag-guinee"],"yoast_head":"<!-- This site is optimized with the Yoast SEO Premium plugin v26.1 (Yoast SEO v27.0) - https:\/\/yoast.com\/product\/yoast-seo-premium-wordpress\/ -->\n<title>TPI Dixinn : le vigile Mohamed Diallo nie les faits de viol sur mineure mis \u00e0 sa charge - guinee Conakry<\/title>\n<meta name=\"robots\" content=\"index, follow, max-snippet:-1, max-image-preview:large, max-video-preview:-1\" \/>\n<link rel=\"canonical\" href=\"https:\/\/www.africa-press.net\/guinee-conakry\/politique\/tpi-dixinn-le-vigile-mohamed-diallo-nie-les-faits-de-viol-sur-mineure-mis-a-sa-charge\" \/>\n<meta property=\"og:locale\" content=\"fr_FR\" \/>\n<meta property=\"og:type\" content=\"article\" \/>\n<meta property=\"og:title\" content=\"TPI Dixinn : le vigile Mohamed Diallo nie les faits de viol sur mineure mis \u00e0 sa charge\" \/>\n<meta property=\"og:description\" content=\"Africa-Press &#8211; Guin\u00e9e. Mohamed Diallo, vigile de profession, a comparu devant le tribunal criminel de Dixinn ce lundi, 9 janvier 2023. Ce jeune a\u0302ge\u0301 de 31 ans est juge\u0301 devant ce tribunal pour re\u0301pondre des faits de viol sur une mineure de 14 ans au quartier Dixinn Port. Des faits qu\u2019il balaie d\u2019un revers de [&hellip;]\" \/>\n<meta property=\"og:url\" content=\"https:\/\/www.africa-press.net\/guinee-conakry\/politique\/tpi-dixinn-le-vigile-mohamed-diallo-nie-les-faits-de-viol-sur-mineure-mis-a-sa-charge\" \/>\n<meta property=\"og:site_name\" content=\"guinee Conakry\" \/>\n<meta property=\"article:published_time\" content=\"2023-01-09T18:58:00+00:00\" \/>\n<meta name=\"author\" content=\"cfeditorfr\" \/>\n<meta name=\"twitter:card\" content=\"summary_large_image\" \/>\n<meta name=\"twitter:label1\" content=\"\u00c9crit par\" \/>\n\t<meta name=\"twitter:data1\" content=\"cfeditorfr\" \/>\n\t<meta name=\"twitter:label2\" content=\"Dur\u00e9e de lecture estim\u00e9e\" \/>\n\t<meta name=\"twitter:data2\" content=\"2 minutes\" \/>\n<script type=\"application\/ld+json\" class=\"yoast-schema-graph\">{\"@context\":\"https:\/\/schema.org\",\"@graph\":[{\"@type\":\"Article\",\"@id\":\"https:\/\/www.africa-press.net\/guinee-conakry\/politique\/tpi-dixinn-le-vigile-mohamed-diallo-nie-les-faits-de-viol-sur-mineure-mis-a-sa-charge#article\",\"isPartOf\":{\"@id\":\"https:\/\/www.africa-press.net\/guinee-conakry\/politique\/tpi-dixinn-le-vigile-mohamed-diallo-nie-les-faits-de-viol-sur-mineure-mis-a-sa-charge\"},\"author\":{\"name\":\"cfeditorfr\",\"@id\":\"https:\/\/www.africa-press.net\/guinee-conakry\/#\/schema\/person\/2b1cf3cd81a31e3cd26889ca66d677f1\"},\"headline\":\"TPI Dixinn : le vigile Mohamed Diallo nie les faits de viol sur mineure mis \u00e0 sa charge\",\"datePublished\":\"2023-01-09T18:58:00+00:00\",\"mainEntityOfPage\":{\"@id\":\"https:\/\/www.africa-press.net\/guinee-conakry\/politique\/tpi-dixinn-le-vigile-mohamed-diallo-nie-les-faits-de-viol-sur-mineure-mis-a-sa-charge\"},\"wordCount\":511,\"commentCount\":0,\"image\":{\"@id\":\"https:\/\/www.africa-press.net\/guinee-conakry\/politique\/tpi-dixinn-le-vigile-mohamed-diallo-nie-les-faits-de-viol-sur-mineure-mis-a-sa-charge#primaryimage\"},\"thumbnailUrl\":\"https:\/\/static.africa-press.net\/conakry\/sites\/63\/2023\/01\/Jokar1673278096.500413.jpg\",\"keywords\":[\"Africa Press\",\"Africa Press-Guin\u00e9e\",\"Guin\u00e9e\"],\"articleSection\":[\"Communaut\u00e9\",\"Toutes les actualit\u00e9s\"],\"inLanguage\":\"fr-FR\",\"potentialAction\":[{\"@type\":\"CommentAction\",\"name\":\"Comment\",\"target\":[\"https:\/\/www.africa-press.net\/guinee-conakry\/politique\/tpi-dixinn-le-vigile-mohamed-diallo-nie-les-faits-de-viol-sur-mineure-mis-a-sa-charge#respond\"]}]},{\"@type\":\"WebPage\",\"@id\":\"https:\/\/www.africa-press.net\/guinee-conakry\/politique\/tpi-dixinn-le-vigile-mohamed-diallo-nie-les-faits-de-viol-sur-mineure-mis-a-sa-charge\",\"url\":\"https:\/\/www.africa-press.net\/guinee-conakry\/politique\/tpi-dixinn-le-vigile-mohamed-diallo-nie-les-faits-de-viol-sur-mineure-mis-a-sa-charge\",\"name\":\"TPI Dixinn : le vigile Mohamed Diallo nie les faits de viol sur mineure mis \u00e0 sa charge - guinee Conakry\",\"isPartOf\":{\"@id\":\"https:\/\/www.africa-press.net\/guinee-conakry\/#website\"},\"primaryImageOfPage\":{\"@id\":\"https:\/\/www.africa-press.net\/guinee-conakry\/politique\/tpi-dixinn-le-vigile-mohamed-diallo-nie-les-faits-de-viol-sur-mineure-mis-a-sa-charge#primaryimage\"},\"image\":{\"@id\":\"https:\/\/www.africa-press.net\/guinee-conakry\/politique\/tpi-dixinn-le-vigile-mohamed-diallo-nie-les-faits-de-viol-sur-mineure-mis-a-sa-charge#primaryimage\"},\"thumbnailUrl\":\"https:\/\/static.africa-press.net\/conakry\/sites\/63\/2023\/01\/Jokar1673278096.500413.jpg\",\"datePublished\":\"2023-01-09T18:58:00+00:00\",\"author\":{\"@id\":\"https:\/\/www.africa-press.net\/guinee-conakry\/#\/schema\/person\/2b1cf3cd81a31e3cd26889ca66d677f1\"},\"breadcrumb\":{\"@id\":\"https:\/\/www.africa-press.net\/guinee-conakry\/politique\/tpi-dixinn-le-vigile-mohamed-diallo-nie-les-faits-de-viol-sur-mineure-mis-a-sa-charge#breadcrumb\"},\"inLanguage\":\"fr-FR\",\"potentialAction\":[{\"@type\":\"ReadAction\",\"target\":[\"https:\/\/www.africa-press.net\/guinee-conakry\/politique\/tpi-dixinn-le-vigile-mohamed-diallo-nie-les-faits-de-viol-sur-mineure-mis-a-sa-charge\"]}]},{\"@type\":\"ImageObject\",\"inLanguage\":\"fr-FR\",\"@id\":\"https:\/\/www.africa-press.net\/guinee-conakry\/politique\/tpi-dixinn-le-vigile-mohamed-diallo-nie-les-faits-de-viol-sur-mineure-mis-a-sa-charge#primaryimage\",\"url\":\"https:\/\/static.africa-press.net\/conakry\/sites\/63\/2023\/01\/Jokar1673278096.500413.jpg\",\"contentUrl\":\"https:\/\/static.africa-press.net\/conakry\/sites\/63\/2023\/01\/Jokar1673278096.500413.jpg\",\"width\":1280,\"height\":586,\"caption\":\"TPI Dixinn : le vigile Mohamed Diallo nie les faits de viol sur mineure mis \u00e0 sa charge\"},{\"@type\":\"BreadcrumbList\",\"@id\":\"https:\/\/www.africa-press.net\/guinee-conakry\/politique\/tpi-dixinn-le-vigile-mohamed-diallo-nie-les-faits-de-viol-sur-mineure-mis-a-sa-charge#breadcrumb\",\"itemListElement\":[{\"@type\":\"ListItem\",\"position\":1,\"name\":\"Accueil\",\"item\":\"https:\/\/www.africa-press.net\/guinee-conakry\/\"},{\"@type\":\"ListItem\",\"position\":2,\"name\":\"TPI Dixinn : le vigile Mohamed Diallo nie les faits de viol sur mineure mis \u00e0 sa charge\"}]},{\"@type\":\"WebSite\",\"@id\":\"https:\/\/www.africa-press.net\/guinee-conakry\/#website\",\"url\":\"https:\/\/www.africa-press.net\/guinee-conakry\/\",\"name\":\"guinee Conakry\",\"description\":\"Just another Africa News Agency Sites site\",\"potentialAction\":[{\"@type\":\"SearchAction\",\"target\":{\"@type\":\"EntryPoint\",\"urlTemplate\":\"https:\/\/www.africa-press.net\/guinee-conakry\/?s={search_term_string}\"},\"query-input\":{\"@type\":\"PropertyValueSpecification\",\"valueRequired\":true,\"valueName\":\"search_term_string\"}}],\"inLanguage\":\"fr-FR\"},{\"@type\":\"Person\",\"@id\":\"https:\/\/www.africa-press.net\/guinee-conakry\/#\/schema\/person\/2b1cf3cd81a31e3cd26889ca66d677f1\",\"name\":\"cfeditorfr\"}]}<\/script>\n<!-- \/ Yoast SEO Premium plugin. -->","yoast_head_json":{"title":"TPI Dixinn : le vigile Mohamed Diallo nie les faits de viol sur mineure mis \u00e0 sa charge - guinee Conakry","robots":{"index":"index","follow":"follow","max-snippet":"max-snippet:-1","max-image-preview":"max-image-preview:large","max-video-preview":"max-video-preview:-1"},"canonical":"https:\/\/www.africa-press.net\/guinee-conakry\/politique\/tpi-dixinn-le-vigile-mohamed-diallo-nie-les-faits-de-viol-sur-mineure-mis-a-sa-charge","og_locale":"fr_FR","og_type":"article","og_title":"TPI Dixinn : le vigile Mohamed Diallo nie les faits de viol sur mineure mis \u00e0 sa charge","og_description":"Africa-Press &#8211; Guin\u00e9e. Mohamed Diallo, vigile de profession, a comparu devant le tribunal criminel de Dixinn ce lundi, 9 janvier 2023. Ce jeune a\u0302ge\u0301 de 31 ans est juge\u0301 devant ce tribunal pour re\u0301pondre des faits de viol sur une mineure de 14 ans au quartier Dixinn Port. Des faits qu\u2019il balaie d\u2019un revers de [&hellip;]","og_url":"https:\/\/www.africa-press.net\/guinee-conakry\/politique\/tpi-dixinn-le-vigile-mohamed-diallo-nie-les-faits-de-viol-sur-mineure-mis-a-sa-charge","og_site_name":"guinee Conakry","article_published_time":"2023-01-09T18:58:00+00:00","author":"cfeditorfr","twitter_card":"summary_large_image","twitter_misc":{"\u00c9crit par":"cfeditorfr","Dur\u00e9e de lecture estim\u00e9e":"2 minutes"},"schema":{"@context":"https:\/\/schema.org","@graph":[{"@type":"Article","@id":"https:\/\/www.africa-press.net\/guinee-conakry\/politique\/tpi-dixinn-le-vigile-mohamed-diallo-nie-les-faits-de-viol-sur-mineure-mis-a-sa-charge#article","isPartOf":{"@id":"https:\/\/www.africa-press.net\/guinee-conakry\/politique\/tpi-dixinn-le-vigile-mohamed-diallo-nie-les-faits-de-viol-sur-mineure-mis-a-sa-charge"},"author":{"name":"cfeditorfr","@id":"https:\/\/www.africa-press.net\/guinee-conakry\/#\/schema\/person\/2b1cf3cd81a31e3cd26889ca66d677f1"},"headline":"TPI Dixinn : le vigile Mohamed Diallo nie les faits de viol sur mineure mis \u00e0 sa charge","datePublished":"2023-01-09T18:58:00+00:00","mainEntityOfPage":{"@id":"https:\/\/www.africa-press.net\/guinee-conakry\/politique\/tpi-dixinn-le-vigile-mohamed-diallo-nie-les-faits-de-viol-sur-mineure-mis-a-sa-charge"},"wordCount":511,"commentCount":0,"image":{"@id":"https:\/\/www.africa-press.net\/guinee-conakry\/politique\/tpi-dixinn-le-vigile-mohamed-diallo-nie-les-faits-de-viol-sur-mineure-mis-a-sa-charge#primaryimage"},"thumbnailUrl":"https:\/\/static.africa-press.net\/conakry\/sites\/63\/2023\/01\/Jokar1673278096.500413.jpg","keywords":["Africa Press","Africa Press-Guin\u00e9e","Guin\u00e9e"],"articleSection":["Communaut\u00e9","Toutes les actualit\u00e9s"],"inLanguage":"fr-FR","potentialAction":[{"@type":"CommentAction","name":"Comment","target":["https:\/\/www.africa-press.net\/guinee-conakry\/politique\/tpi-dixinn-le-vigile-mohamed-diallo-nie-les-faits-de-viol-sur-mineure-mis-a-sa-charge#respond"]}]},{"@type":"WebPage","@id":"https:\/\/www.africa-press.net\/guinee-conakry\/politique\/tpi-dixinn-le-vigile-mohamed-diallo-nie-les-faits-de-viol-sur-mineure-mis-a-sa-charge","url":"https:\/\/www.africa-press.net\/guinee-conakry\/politique\/tpi-dixinn-le-vigile-mohamed-diallo-nie-les-faits-de-viol-sur-mineure-mis-a-sa-charge","name":"TPI Dixinn : le vigile Mohamed Diallo nie les faits de viol sur mineure mis \u00e0 sa charge - guinee Conakry","isPartOf":{"@id":"https:\/\/www.africa-press.net\/guinee-conakry\/#website"},"primaryImageOfPage":{"@id":"https:\/\/www.africa-press.net\/guinee-conakry\/politique\/tpi-dixinn-le-vigile-mohamed-diallo-nie-les-faits-de-viol-sur-mineure-mis-a-sa-charge#primaryimage"},"image":{"@id":"https:\/\/www.africa-press.net\/guinee-conakry\/politique\/tpi-dixinn-le-vigile-mohamed-diallo-nie-les-faits-de-viol-sur-mineure-mis-a-sa-charge#primaryimage"},"thumbnailUrl":"https:\/\/static.africa-press.net\/conakry\/sites\/63\/2023\/01\/Jokar1673278096.500413.jpg","datePublished":"2023-01-09T18:58:00+00:00","author":{"@id":"https:\/\/www.africa-press.net\/guinee-conakry\/#\/schema\/person\/2b1cf3cd81a31e3cd26889ca66d677f1"},"breadcrumb":{"@id":"https:\/\/www.africa-press.net\/guinee-conakry\/politique\/tpi-dixinn-le-vigile-mohamed-diallo-nie-les-faits-de-viol-sur-mineure-mis-a-sa-charge#breadcrumb"},"inLanguage":"fr-FR","potentialAction":[{"@type":"ReadAction","target":["https:\/\/www.africa-press.net\/guinee-conakry\/politique\/tpi-dixinn-le-vigile-mohamed-diallo-nie-les-faits-de-viol-sur-mineure-mis-a-sa-charge"]}]},{"@type":"ImageObject","inLanguage":"fr-FR","@id":"https:\/\/www.africa-press.net\/guinee-conakry\/politique\/tpi-dixinn-le-vigile-mohamed-diallo-nie-les-faits-de-viol-sur-mineure-mis-a-sa-charge#primaryimage","url":"https:\/\/static.africa-press.net\/conakry\/sites\/63\/2023\/01\/Jokar1673278096.500413.jpg","contentUrl":"https:\/\/static.africa-press.net\/conakry\/sites\/63\/2023\/01\/Jokar1673278096.500413.jpg","width":1280,"height":586,"caption":"TPI Dixinn : le vigile Mohamed Diallo nie les faits de viol sur mineure mis \u00e0 sa charge"},{"@type":"BreadcrumbList","@id":"https:\/\/www.africa-press.net\/guinee-conakry\/politique\/tpi-dixinn-le-vigile-mohamed-diallo-nie-les-faits-de-viol-sur-mineure-mis-a-sa-charge#breadcrumb","itemListElement":[{"@type":"ListItem","position":1,"name":"Accueil","item":"https:\/\/www.africa-press.net\/guinee-conakry\/"},{"@type":"ListItem","position":2,"name":"TPI Dixinn : le vigile Mohamed Diallo nie les faits de viol sur mineure mis \u00e0 sa charge"}]},{"@type":"WebSite","@id":"https:\/\/www.africa-press.net\/guinee-conakry\/#website","url":"https:\/\/www.africa-press.net\/guinee-conakry\/","name":"guinee Conakry","description":"Just another Africa News Agency Sites site","potentialAction":[{"@type":"SearchAction","target":{"@type":"EntryPoint","urlTemplate":"https:\/\/www.africa-press.net\/guinee-conakry\/?s={search_term_string}"},"query-input":{"@type":"PropertyValueSpecification","valueRequired":true,"valueName":"search_term_string"}}],"inLanguage":"fr-FR"},{"@type":"Person","@id":"https:\/\/www.africa-press.net\/guinee-conakry\/#\/schema\/person\/2b1cf3cd81a31e3cd26889ca66d677f1","name":"cfeditorfr"}]}},"_links":{"self":[{"href":"https:\/\/www.africa-press.net\/guinee-conakry\/wp-json\/wp\/v2\/posts\/11271","targetHints":{"allow":["GET"]}}],"collection":[{"href":"https:\/\/www.africa-press.net\/guinee-conakry\/wp-json\/wp\/v2\/posts"}],"about":[{"href":"https:\/\/www.africa-press.net\/guinee-conakry\/wp-json\/wp\/v2\/types\/post"}],"author":[{"embeddable":true,"href":"https:\/\/www.africa-press.net\/guinee-conakry\/wp-json\/wp\/v2\/users\/82"}],"replies":[{"embeddable":true,"href":"https:\/\/www.africa-press.net\/guinee-conakry\/wp-json\/wp\/v2\/comments?post=11271"}],"version-history":[{"count":0,"href":"https:\/\/www.africa-press.net\/guinee-conakry\/wp-json\/wp\/v2\/posts\/11271\/revisions"}],"wp:featuredmedia":[{"embeddable":true,"href":"https:\/\/www.africa-press.net\/guinee-conakry\/wp-json\/wp\/v2\/media\/11270"}],"wp:attachment":[{"href":"https:\/\/www.africa-press.net\/guinee-conakry\/wp-json\/wp\/v2\/media?parent=11271"}],"wp:term":[{"taxonomy":"category","embeddable":true,"href":"https:\/\/www.africa-press.net\/guinee-conakry\/wp-json\/wp\/v2\/categories?post=11271"},{"taxonomy":"post_tag","embeddable":true,"href":"https:\/\/www.africa-press.net\/guinee-conakry\/wp-json\/wp\/v2\/tags?post=11271"}],"curies":[{"name":"wp","href":"https:\/\/api.w.org\/{rel}","templated":true}]}}