{"id":11277,"date":"2023-01-09T19:14:00","date_gmt":"2023-01-09T19:14:00","guid":{"rendered":"https:\/\/www.africa-press.net\/guinee-conakry\/politique\/voici-pourquoi-dadis-avait-menace-doter-la-tenue-pour-etre-candidat-a-la-presidentielle"},"modified":"2023-01-09T19:14:00","modified_gmt":"2023-01-09T19:14:00","slug":"voici-pourquoi-dadis-avait-menace-doter-la-tenue-pour-etre-candidat-a-la-presidentielle","status":"publish","type":"post","link":"https:\/\/www.africa-press.net\/guinee-conakry\/politique\/voici-pourquoi-dadis-avait-menace-doter-la-tenue-pour-etre-candidat-a-la-presidentielle","title":{"rendered":"voici pourquoi Dadis avait menac\u00e9 d\u2019\u00f4ter la tenue pour \u00eatre candidat \u00e0 la pr\u00e9sidentielle"},"content":{"rendered":"<p><span style=\"color: #ff6600\"><strong>Africa-Press &#8211; Guin\u00e9e. <\/strong><\/span>A\u0300 la barre ce lundi, 9 janvier 2022, le capitaine Moussa Dadis Camara est revenu sur le fameux jour ou\u0300 il a annonce\u0301 aux leaders politiques qu\u2019il pouvait o\u0302ter la tenue militaire et se pre\u0301senter aux e\u0301lections pre\u0301sidentielles de 2010. C\u2019est suite a\u0300 une question de Mai\u0302tre Amadou Kamano, un des avocats de la partie civile, qui a voulu savoir les motifs qui l\u2019ont pousse\u0301 a\u0300 tenir cette de\u0301claration. Dans sa re\u0301ponse, l\u2019ancien pre\u0301sident de la transition guine\u0301enne (entre 2008-2009) a dit que c\u2019e\u0301tait une manie\u0300re pour lui d\u2019appeler les leaders politiques a\u0300 se calmer.<\/p>\n<p>Le capitaine Dadis Camara, comparai\u0302t une nouvelle fois ce lundi devant le tribunal criminel de Dixinn, de\u0301localise\u0301 a\u0300 la Cour d\u2019Appel de Conakry. L\u2019ancien pre\u0301sident du CNDD est le 9e\u0300me a\u0300 comparai\u0302tre apre\u0300s le passage du Colonel Moussa Tie\u0301gboro Camara, du Capitaine Marcel Guilavogui, du Commandant Aboubacar Sidiki Diakite\u0301 dit Toumba, du Capitaine Ce\u0301ce\u0301 Raphae\u0308l Haba, du Colonel Abdoulaye Che\u0301rif Diaby, du Colonel Ibrahima Kalonzo Camara, du Margis-Chef Mamadou Aliou Kei\u0308ta et du Colonel Claude Pivi.<\/p>\n<p>A\u0300 la question de savoir pourquoi il a dit aux leaders politiques qu\u2019il peut o\u0302ter la tenue pour se pre\u0301senter aux e\u0301lections pre\u0301sidentielles, le Capitaine Moussa Dadis Camara a re\u0301pondu ce qui suit :<\/p>\n<p>\u00ab J\u2019ai pris le pouvoir en appelant tous les leaders politiques, me\u0302me ceux qui e\u0301taient a\u0300 l\u2019e\u0301tranger. Je les ai invite\u0301s au camp Alpha Yaya Diallo. A\u0300 un certain moment donne\u0301, ces me\u0302mes leaders ne voulaient plus le reconnai\u0302tre. Alors, je dirai que ce n\u2019e\u0301tait pas une re\u0301action me\u0301chante. J\u2019ai voulu simplement dire que nous sommes tous guine\u0301ens, on n\u2019est pas ne\u0301 militaire, on n\u2019est pas ne\u0301 magistrat, ou on n\u2019est pas ne\u0301 avocat. Mettez de l\u2019eau dans votre vin. C\u2019e\u0301tait pour qu\u2019ils se calment. J\u2019ai dit sinon, je pouvais o\u0302ter la tenue et me pre\u0301senter. Ce n\u2019e\u0301tait pas de fac\u0327on officielle, c\u2019est par rapport au comportement des leaders politiques, parce que j\u2019en avais ras-le-bol. Ce n\u2019e\u0301tait pas parce que j\u2019avais la volonte\u0301 de me pre\u0301senter. Non mai\u0302tre ! Le Conseil national de la transition e\u0301tait la\u0300, s\u2019il e\u0301tait question et que j\u2019avais la volonte\u0301 de me pre\u0301senter aux e\u0301lections, j\u2019avais tout le temps avec le CNT. Mais c\u2019e\u0301tait juste une fac\u0327on de dire a\u0300 mes fre\u0300res, calmez-vous, mettez de l\u2019eau dans votre vin \u00bb, a-t-il explique\u0301.<\/p>\n<p><strong>Pour plus d&rsquo;informations et d&rsquo;analyses sur la <a href=\"https:\/\/www.africa-press.net\/guinee-conakry\">Guin\u00e9e<\/a>, suivez <a href=\"https:\/\/www.africa-press.net\/\">Africa-Press<\/a><\/strong><\/p>\n","protected":false},"excerpt":{"rendered":"<p>Africa-Press &#8211; Guin\u00e9e. A\u0300 la barre ce lundi, 9 janvier 2022, le capitaine Moussa Dadis Camara est revenu sur le fameux jour ou\u0300 il a annonce\u0301 aux leaders politiques qu\u2019il pouvait o\u0302ter la tenue militaire et se pre\u0301senter aux e\u0301lections pre\u0301sidentielles de 2010. C\u2019est suite a\u0300 une question de Mai\u0302tre Amadou Kamano, un des avocats [&hellip;]<\/p>\n","protected":false},"author":82,"featured_media":11276,"comment_status":"open","ping_status":"closed","sticky":false,"template":"","format":"standard","meta":{"footnotes":""},"categories":[2,10],"tags":[36,57,58],"class_list":["post-11277","post","type-post","status-publish","format-standard","has-post-thumbnail","hentry","category-politique","category-toutes-les-actualites","tag-africa-press","tag-africa-press-guinee","tag-guinee"],"yoast_head":"<!-- This site is optimized with the Yoast SEO Premium plugin v26.1 (Yoast SEO v27.0) - https:\/\/yoast.com\/product\/yoast-seo-premium-wordpress\/ -->\n<title>voici pourquoi Dadis avait menac\u00e9 d\u2019\u00f4ter la tenue pour \u00eatre candidat \u00e0 la pr\u00e9sidentielle - guinee Conakry<\/title>\n<meta name=\"robots\" content=\"index, follow, max-snippet:-1, max-image-preview:large, max-video-preview:-1\" \/>\n<link rel=\"canonical\" href=\"https:\/\/www.africa-press.net\/guinee-conakry\/politique\/voici-pourquoi-dadis-avait-menace-doter-la-tenue-pour-etre-candidat-a-la-presidentielle\" \/>\n<meta property=\"og:locale\" content=\"fr_FR\" \/>\n<meta property=\"og:type\" content=\"article\" \/>\n<meta property=\"og:title\" content=\"voici pourquoi Dadis avait menac\u00e9 d\u2019\u00f4ter la tenue pour \u00eatre candidat \u00e0 la pr\u00e9sidentielle\" \/>\n<meta property=\"og:description\" content=\"Africa-Press &#8211; Guin\u00e9e. A\u0300 la barre ce lundi, 9 janvier 2022, le capitaine Moussa Dadis Camara est revenu sur le fameux jour ou\u0300 il a annonce\u0301 aux leaders politiques qu\u2019il pouvait o\u0302ter la tenue militaire et se pre\u0301senter aux e\u0301lections pre\u0301sidentielles de 2010. C\u2019est suite a\u0300 une question de Mai\u0302tre Amadou Kamano, un des avocats [&hellip;]\" \/>\n<meta property=\"og:url\" content=\"https:\/\/www.africa-press.net\/guinee-conakry\/politique\/voici-pourquoi-dadis-avait-menace-doter-la-tenue-pour-etre-candidat-a-la-presidentielle\" \/>\n<meta property=\"og:site_name\" content=\"guinee Conakry\" \/>\n<meta property=\"article:published_time\" content=\"2023-01-09T19:14:00+00:00\" \/>\n<meta name=\"author\" content=\"cfeditorfr\" \/>\n<meta name=\"twitter:card\" content=\"summary_large_image\" \/>\n<meta name=\"twitter:label1\" content=\"\u00c9crit par\" \/>\n\t<meta name=\"twitter:data1\" content=\"cfeditorfr\" \/>\n\t<meta name=\"twitter:label2\" content=\"Dur\u00e9e de lecture estim\u00e9e\" \/>\n\t<meta name=\"twitter:data2\" content=\"2 minutes\" \/>\n<script type=\"application\/ld+json\" class=\"yoast-schema-graph\">{\"@context\":\"https:\/\/schema.org\",\"@graph\":[{\"@type\":\"Article\",\"@id\":\"https:\/\/www.africa-press.net\/guinee-conakry\/politique\/voici-pourquoi-dadis-avait-menace-doter-la-tenue-pour-etre-candidat-a-la-presidentielle#article\",\"isPartOf\":{\"@id\":\"https:\/\/www.africa-press.net\/guinee-conakry\/politique\/voici-pourquoi-dadis-avait-menace-doter-la-tenue-pour-etre-candidat-a-la-presidentielle\"},\"author\":{\"name\":\"cfeditorfr\",\"@id\":\"https:\/\/www.africa-press.net\/guinee-conakry\/#\/schema\/person\/2b1cf3cd81a31e3cd26889ca66d677f1\"},\"headline\":\"voici pourquoi Dadis avait menac\u00e9 d\u2019\u00f4ter la tenue pour \u00eatre candidat \u00e0 la pr\u00e9sidentielle\",\"datePublished\":\"2023-01-09T19:14:00+00:00\",\"mainEntityOfPage\":{\"@id\":\"https:\/\/www.africa-press.net\/guinee-conakry\/politique\/voici-pourquoi-dadis-avait-menace-doter-la-tenue-pour-etre-candidat-a-la-presidentielle\"},\"wordCount\":489,\"commentCount\":0,\"image\":{\"@id\":\"https:\/\/www.africa-press.net\/guinee-conakry\/politique\/voici-pourquoi-dadis-avait-menace-doter-la-tenue-pour-etre-candidat-a-la-presidentielle#primaryimage\"},\"thumbnailUrl\":\"https:\/\/static.africa-press.net\/conakry\/sites\/63\/2023\/01\/Jokar1673279054.441085.jpg\",\"keywords\":[\"Africa Press\",\"Africa Press-Guin\u00e9e\",\"Guin\u00e9e\"],\"articleSection\":[\"Politique\",\"Toutes les actualit\u00e9s\"],\"inLanguage\":\"fr-FR\",\"potentialAction\":[{\"@type\":\"CommentAction\",\"name\":\"Comment\",\"target\":[\"https:\/\/www.africa-press.net\/guinee-conakry\/politique\/voici-pourquoi-dadis-avait-menace-doter-la-tenue-pour-etre-candidat-a-la-presidentielle#respond\"]}]},{\"@type\":\"WebPage\",\"@id\":\"https:\/\/www.africa-press.net\/guinee-conakry\/politique\/voici-pourquoi-dadis-avait-menace-doter-la-tenue-pour-etre-candidat-a-la-presidentielle\",\"url\":\"https:\/\/www.africa-press.net\/guinee-conakry\/politique\/voici-pourquoi-dadis-avait-menace-doter-la-tenue-pour-etre-candidat-a-la-presidentielle\",\"name\":\"voici pourquoi Dadis avait menac\u00e9 d\u2019\u00f4ter la tenue pour \u00eatre candidat \u00e0 la pr\u00e9sidentielle - guinee Conakry\",\"isPartOf\":{\"@id\":\"https:\/\/www.africa-press.net\/guinee-conakry\/#website\"},\"primaryImageOfPage\":{\"@id\":\"https:\/\/www.africa-press.net\/guinee-conakry\/politique\/voici-pourquoi-dadis-avait-menace-doter-la-tenue-pour-etre-candidat-a-la-presidentielle#primaryimage\"},\"image\":{\"@id\":\"https:\/\/www.africa-press.net\/guinee-conakry\/politique\/voici-pourquoi-dadis-avait-menace-doter-la-tenue-pour-etre-candidat-a-la-presidentielle#primaryimage\"},\"thumbnailUrl\":\"https:\/\/static.africa-press.net\/conakry\/sites\/63\/2023\/01\/Jokar1673279054.441085.jpg\",\"datePublished\":\"2023-01-09T19:14:00+00:00\",\"author\":{\"@id\":\"https:\/\/www.africa-press.net\/guinee-conakry\/#\/schema\/person\/2b1cf3cd81a31e3cd26889ca66d677f1\"},\"breadcrumb\":{\"@id\":\"https:\/\/www.africa-press.net\/guinee-conakry\/politique\/voici-pourquoi-dadis-avait-menace-doter-la-tenue-pour-etre-candidat-a-la-presidentielle#breadcrumb\"},\"inLanguage\":\"fr-FR\",\"potentialAction\":[{\"@type\":\"ReadAction\",\"target\":[\"https:\/\/www.africa-press.net\/guinee-conakry\/politique\/voici-pourquoi-dadis-avait-menace-doter-la-tenue-pour-etre-candidat-a-la-presidentielle\"]}]},{\"@type\":\"ImageObject\",\"inLanguage\":\"fr-FR\",\"@id\":\"https:\/\/www.africa-press.net\/guinee-conakry\/politique\/voici-pourquoi-dadis-avait-menace-doter-la-tenue-pour-etre-candidat-a-la-presidentielle#primaryimage\",\"url\":\"https:\/\/static.africa-press.net\/conakry\/sites\/63\/2023\/01\/Jokar1673279054.441085.jpg\",\"contentUrl\":\"https:\/\/static.africa-press.net\/conakry\/sites\/63\/2023\/01\/Jokar1673279054.441085.jpg\",\"width\":911,\"height\":720,\"caption\":\"voici pourquoi Dadis avait menac\u00e9 d\u2019\u00f4ter la tenue pour \u00eatre candidat \u00e0 la pr\u00e9sidentielle\"},{\"@type\":\"BreadcrumbList\",\"@id\":\"https:\/\/www.africa-press.net\/guinee-conakry\/politique\/voici-pourquoi-dadis-avait-menace-doter-la-tenue-pour-etre-candidat-a-la-presidentielle#breadcrumb\",\"itemListElement\":[{\"@type\":\"ListItem\",\"position\":1,\"name\":\"Accueil\",\"item\":\"https:\/\/www.africa-press.net\/guinee-conakry\/\"},{\"@type\":\"ListItem\",\"position\":2,\"name\":\"voici pourquoi Dadis avait menac\u00e9 d\u2019\u00f4ter la tenue pour \u00eatre candidat \u00e0 la pr\u00e9sidentielle\"}]},{\"@type\":\"WebSite\",\"@id\":\"https:\/\/www.africa-press.net\/guinee-conakry\/#website\",\"url\":\"https:\/\/www.africa-press.net\/guinee-conakry\/\",\"name\":\"guinee Conakry\",\"description\":\"Just another Africa News Agency Sites site\",\"potentialAction\":[{\"@type\":\"SearchAction\",\"target\":{\"@type\":\"EntryPoint\",\"urlTemplate\":\"https:\/\/www.africa-press.net\/guinee-conakry\/?s={search_term_string}\"},\"query-input\":{\"@type\":\"PropertyValueSpecification\",\"valueRequired\":true,\"valueName\":\"search_term_string\"}}],\"inLanguage\":\"fr-FR\"},{\"@type\":\"Person\",\"@id\":\"https:\/\/www.africa-press.net\/guinee-conakry\/#\/schema\/person\/2b1cf3cd81a31e3cd26889ca66d677f1\",\"name\":\"cfeditorfr\"}]}<\/script>\n<!-- \/ Yoast SEO Premium plugin. -->","yoast_head_json":{"title":"voici pourquoi Dadis avait menac\u00e9 d\u2019\u00f4ter la tenue pour \u00eatre candidat \u00e0 la pr\u00e9sidentielle - guinee Conakry","robots":{"index":"index","follow":"follow","max-snippet":"max-snippet:-1","max-image-preview":"max-image-preview:large","max-video-preview":"max-video-preview:-1"},"canonical":"https:\/\/www.africa-press.net\/guinee-conakry\/politique\/voici-pourquoi-dadis-avait-menace-doter-la-tenue-pour-etre-candidat-a-la-presidentielle","og_locale":"fr_FR","og_type":"article","og_title":"voici pourquoi Dadis avait menac\u00e9 d\u2019\u00f4ter la tenue pour \u00eatre candidat \u00e0 la pr\u00e9sidentielle","og_description":"Africa-Press &#8211; Guin\u00e9e. A\u0300 la barre ce lundi, 9 janvier 2022, le capitaine Moussa Dadis Camara est revenu sur le fameux jour ou\u0300 il a annonce\u0301 aux leaders politiques qu\u2019il pouvait o\u0302ter la tenue militaire et se pre\u0301senter aux e\u0301lections pre\u0301sidentielles de 2010. C\u2019est suite a\u0300 une question de Mai\u0302tre Amadou Kamano, un des avocats [&hellip;]","og_url":"https:\/\/www.africa-press.net\/guinee-conakry\/politique\/voici-pourquoi-dadis-avait-menace-doter-la-tenue-pour-etre-candidat-a-la-presidentielle","og_site_name":"guinee Conakry","article_published_time":"2023-01-09T19:14:00+00:00","author":"cfeditorfr","twitter_card":"summary_large_image","twitter_misc":{"\u00c9crit par":"cfeditorfr","Dur\u00e9e de lecture estim\u00e9e":"2 minutes"},"schema":{"@context":"https:\/\/schema.org","@graph":[{"@type":"Article","@id":"https:\/\/www.africa-press.net\/guinee-conakry\/politique\/voici-pourquoi-dadis-avait-menace-doter-la-tenue-pour-etre-candidat-a-la-presidentielle#article","isPartOf":{"@id":"https:\/\/www.africa-press.net\/guinee-conakry\/politique\/voici-pourquoi-dadis-avait-menace-doter-la-tenue-pour-etre-candidat-a-la-presidentielle"},"author":{"name":"cfeditorfr","@id":"https:\/\/www.africa-press.net\/guinee-conakry\/#\/schema\/person\/2b1cf3cd81a31e3cd26889ca66d677f1"},"headline":"voici pourquoi Dadis avait menac\u00e9 d\u2019\u00f4ter la tenue pour \u00eatre candidat \u00e0 la pr\u00e9sidentielle","datePublished":"2023-01-09T19:14:00+00:00","mainEntityOfPage":{"@id":"https:\/\/www.africa-press.net\/guinee-conakry\/politique\/voici-pourquoi-dadis-avait-menace-doter-la-tenue-pour-etre-candidat-a-la-presidentielle"},"wordCount":489,"commentCount":0,"image":{"@id":"https:\/\/www.africa-press.net\/guinee-conakry\/politique\/voici-pourquoi-dadis-avait-menace-doter-la-tenue-pour-etre-candidat-a-la-presidentielle#primaryimage"},"thumbnailUrl":"https:\/\/static.africa-press.net\/conakry\/sites\/63\/2023\/01\/Jokar1673279054.441085.jpg","keywords":["Africa Press","Africa Press-Guin\u00e9e","Guin\u00e9e"],"articleSection":["Politique","Toutes les actualit\u00e9s"],"inLanguage":"fr-FR","potentialAction":[{"@type":"CommentAction","name":"Comment","target":["https:\/\/www.africa-press.net\/guinee-conakry\/politique\/voici-pourquoi-dadis-avait-menace-doter-la-tenue-pour-etre-candidat-a-la-presidentielle#respond"]}]},{"@type":"WebPage","@id":"https:\/\/www.africa-press.net\/guinee-conakry\/politique\/voici-pourquoi-dadis-avait-menace-doter-la-tenue-pour-etre-candidat-a-la-presidentielle","url":"https:\/\/www.africa-press.net\/guinee-conakry\/politique\/voici-pourquoi-dadis-avait-menace-doter-la-tenue-pour-etre-candidat-a-la-presidentielle","name":"voici pourquoi Dadis avait menac\u00e9 d\u2019\u00f4ter la tenue pour \u00eatre candidat \u00e0 la pr\u00e9sidentielle - guinee Conakry","isPartOf":{"@id":"https:\/\/www.africa-press.net\/guinee-conakry\/#website"},"primaryImageOfPage":{"@id":"https:\/\/www.africa-press.net\/guinee-conakry\/politique\/voici-pourquoi-dadis-avait-menace-doter-la-tenue-pour-etre-candidat-a-la-presidentielle#primaryimage"},"image":{"@id":"https:\/\/www.africa-press.net\/guinee-conakry\/politique\/voici-pourquoi-dadis-avait-menace-doter-la-tenue-pour-etre-candidat-a-la-presidentielle#primaryimage"},"thumbnailUrl":"https:\/\/static.africa-press.net\/conakry\/sites\/63\/2023\/01\/Jokar1673279054.441085.jpg","datePublished":"2023-01-09T19:14:00+00:00","author":{"@id":"https:\/\/www.africa-press.net\/guinee-conakry\/#\/schema\/person\/2b1cf3cd81a31e3cd26889ca66d677f1"},"breadcrumb":{"@id":"https:\/\/www.africa-press.net\/guinee-conakry\/politique\/voici-pourquoi-dadis-avait-menace-doter-la-tenue-pour-etre-candidat-a-la-presidentielle#breadcrumb"},"inLanguage":"fr-FR","potentialAction":[{"@type":"ReadAction","target":["https:\/\/www.africa-press.net\/guinee-conakry\/politique\/voici-pourquoi-dadis-avait-menace-doter-la-tenue-pour-etre-candidat-a-la-presidentielle"]}]},{"@type":"ImageObject","inLanguage":"fr-FR","@id":"https:\/\/www.africa-press.net\/guinee-conakry\/politique\/voici-pourquoi-dadis-avait-menace-doter-la-tenue-pour-etre-candidat-a-la-presidentielle#primaryimage","url":"https:\/\/static.africa-press.net\/conakry\/sites\/63\/2023\/01\/Jokar1673279054.441085.jpg","contentUrl":"https:\/\/static.africa-press.net\/conakry\/sites\/63\/2023\/01\/Jokar1673279054.441085.jpg","width":911,"height":720,"caption":"voici pourquoi Dadis avait menac\u00e9 d\u2019\u00f4ter la tenue pour \u00eatre candidat \u00e0 la pr\u00e9sidentielle"},{"@type":"BreadcrumbList","@id":"https:\/\/www.africa-press.net\/guinee-conakry\/politique\/voici-pourquoi-dadis-avait-menace-doter-la-tenue-pour-etre-candidat-a-la-presidentielle#breadcrumb","itemListElement":[{"@type":"ListItem","position":1,"name":"Accueil","item":"https:\/\/www.africa-press.net\/guinee-conakry\/"},{"@type":"ListItem","position":2,"name":"voici pourquoi Dadis avait menac\u00e9 d\u2019\u00f4ter la tenue pour \u00eatre candidat \u00e0 la pr\u00e9sidentielle"}]},{"@type":"WebSite","@id":"https:\/\/www.africa-press.net\/guinee-conakry\/#website","url":"https:\/\/www.africa-press.net\/guinee-conakry\/","name":"guinee Conakry","description":"Just another Africa News Agency Sites site","potentialAction":[{"@type":"SearchAction","target":{"@type":"EntryPoint","urlTemplate":"https:\/\/www.africa-press.net\/guinee-conakry\/?s={search_term_string}"},"query-input":{"@type":"PropertyValueSpecification","valueRequired":true,"valueName":"search_term_string"}}],"inLanguage":"fr-FR"},{"@type":"Person","@id":"https:\/\/www.africa-press.net\/guinee-conakry\/#\/schema\/person\/2b1cf3cd81a31e3cd26889ca66d677f1","name":"cfeditorfr"}]}},"_links":{"self":[{"href":"https:\/\/www.africa-press.net\/guinee-conakry\/wp-json\/wp\/v2\/posts\/11277","targetHints":{"allow":["GET"]}}],"collection":[{"href":"https:\/\/www.africa-press.net\/guinee-conakry\/wp-json\/wp\/v2\/posts"}],"about":[{"href":"https:\/\/www.africa-press.net\/guinee-conakry\/wp-json\/wp\/v2\/types\/post"}],"author":[{"embeddable":true,"href":"https:\/\/www.africa-press.net\/guinee-conakry\/wp-json\/wp\/v2\/users\/82"}],"replies":[{"embeddable":true,"href":"https:\/\/www.africa-press.net\/guinee-conakry\/wp-json\/wp\/v2\/comments?post=11277"}],"version-history":[{"count":0,"href":"https:\/\/www.africa-press.net\/guinee-conakry\/wp-json\/wp\/v2\/posts\/11277\/revisions"}],"wp:featuredmedia":[{"embeddable":true,"href":"https:\/\/www.africa-press.net\/guinee-conakry\/wp-json\/wp\/v2\/media\/11276"}],"wp:attachment":[{"href":"https:\/\/www.africa-press.net\/guinee-conakry\/wp-json\/wp\/v2\/media?parent=11277"}],"wp:term":[{"taxonomy":"category","embeddable":true,"href":"https:\/\/www.africa-press.net\/guinee-conakry\/wp-json\/wp\/v2\/categories?post=11277"},{"taxonomy":"post_tag","embeddable":true,"href":"https:\/\/www.africa-press.net\/guinee-conakry\/wp-json\/wp\/v2\/tags?post=11277"}],"curies":[{"name":"wp","href":"https:\/\/api.w.org\/{rel}","templated":true}]}}