{"id":11279,"date":"2023-01-09T19:18:00","date_gmt":"2023-01-09T19:18:00","guid":{"rendered":"https:\/\/www.africa-press.net\/guinee-conakry\/politique\/le-parquet-de-mafanco-requiert-18-mois-assortis-de-sursis-contre-abdourahmane-sanoh"},"modified":"2023-01-09T19:18:00","modified_gmt":"2023-01-09T19:18:00","slug":"le-parquet-de-mafanco-requiert-18-mois-assortis-de-sursis-contre-abdourahmane-sanoh","status":"publish","type":"post","link":"https:\/\/www.africa-press.net\/guinee-conakry\/politique\/le-parquet-de-mafanco-requiert-18-mois-assortis-de-sursis-contre-abdourahmane-sanoh","title":{"rendered":"le parquet de Mafanco requiert 18 mois assortis de sursis contre Abdourahmane Sanoh"},"content":{"rendered":"<p><span style=\"color: #ff6600\"><strong>Africa-Press &#8211; Guin\u00e9e. <\/strong><\/span>Le parquet du tribunal de premie\u0300re instance de Mafanco a requis la condamnation a\u0300 18 mois assortis de sursis contre Abdourahmane Sanoh ce lundi 9 janvier 2023. L\u2019ancien coordinateur du Front national pour la de\u0301fense de la constitution (FNDC) y est juge\u0301 pour des faits de participation de\u0301lictueuse a\u0300 des re\u0301unions publiques. Des accusations qu\u2019il rejette tout comme ses avocats qui ont plaide\u0301 sa relaxe.<\/p>\n<p>Abdourahmane Sanoh, ancien coordinateur du FNDC, a comparu libre ce lundi a\u0300 Mafanco. C\u2019est aux environs de 12 heures que le tribunal pre\u0301side\u0301 par le juge Souleymane I Traore\u0301 a fait son entre\u0301e. Sans plus tarder, il a appele\u0301 le dossier de Abdourahmane Sanoh, qui a comparu, assiste\u0301 par 3 avocats. Apre\u0300s son identification, le pre\u0301venu a re\u0301fute\u0301 les faits qui pe\u0300sent contre lui avant de revenir sur sa convocation.<\/p>\n<p>\u00ab Mercredi dernier, j\u2019ai rec\u0327u une convocation pour ve\u0301rification a\u0300 9h38 minutes me demandant de me pre\u0301senter a\u0300 la Direction centrale des investigations judiciaires de la gendarmerie nationale (DCIJ\/GN) a\u0300 10 heures. Je suis venu, je me suis pre\u0301sente\u0301, ils m\u2019ont dit que j\u2019ai e\u0301te\u0301 convoque\u0301 pour avoir participe\u0301 a\u0300 une re\u0301union a\u0300 Lansanayah. Ils ont demande\u0301 si je pouvais e\u0302tre entendu sur PV, j\u2019ai dit oui, mais en pre\u0301sence de mon avocat \u00bb, a explique\u0301 Abdourahmane Sanoh.<\/p>\n<p>Il a e\u0301te\u0301 entendu le lendemain avant d\u2019e\u0302tre de\u0301fe\u0301re\u0301 au tribunal de Mafanco. Sur la re\u0301union en question, l\u2019ancien coordinateur du FNDC a effectivement reconnu y avoir pris part mais il estime l\u2019avoir fait en respectant la loi. \u00ab J\u2019ai participe\u0301 a\u0300 une re\u0301union dans une e\u0301cole a\u0300 Lansanayah avec une quarantaine de personnes sur la cre\u0301ation d\u2019une organisation CPR (Citoyens Pour la Re\u0301publique) qui a pour vocation de faire la promotion de la citoyennete\u0301. La re\u0301union est totalement conforme a\u0300 l\u2019article 624 du code pe\u0301nal \u00bb, s\u2019est-il justifie\u0301.<\/p>\n<p>Apre\u0300s, s\u2019en est suivi la phase des questions pose\u0301es par le procureur et celles des avocats de la de\u0301fense, puis le tribunal a ordonne\u0301 l\u2019ouverture des re\u0301quisitions et plaidoiries.<\/p>\n<p>Le procureur, Kanfory Ibrahima Camara a estime\u0301 que le pre\u0301venu a tenu des re\u0301unions avec des citoyens pour les inciter a\u0300 se re\u0301volter contre l\u2019E\u0301tat. \u00ab Il a tenu des re\u0301unions pour parler d\u2019abord de l\u2019appauvrissement des citoyens par l\u2019E\u0301tat a\u0300 travers les taxes minie\u0300res. Certains citoyens ont exte\u0301riorise\u0301 leurs sentiments, leur de\u0301sarroi lorsqu\u2019il s\u2019agit de ses agissements suppose\u0301s de l\u2019E\u0301tat. Sans le savoir, il a e\u0301te\u0301 filme\u0301 et enregistre\u0301. Les images en font foi. L\u2019enque\u0302te l\u2019a de\u0301montre\u0301 par A+B et effectivement il n\u2019a pas nie\u0301. M. Sanoh n\u2019a pas tenu une re\u0301union pour sensibiliser les citoyens comme il le pre\u0301tend. Cette re\u0301union n\u2019a pas e\u0301te\u0301 de\u0301clare\u0301e. Il a fait fi de cela parce son objectif e\u0301tait d\u2019amener les citoyens a\u0300 se re\u0301volter contre l\u2019E\u0301tat \u00bb, a-t-il soutenu avant de reque\u0301rir que Abdourahmane Sanoh soit retenu dans les liens de la pre\u0301vention et qu\u2019il soit condamne\u0301 a\u0300 18 mois assortis de sursis.<\/p>\n<p>A\u0300 sa suite, Me Mohamed Traore\u0301, un des avocats de la de\u0301fense, s\u2019est dit de\u0301c\u0327u des re\u0301quisitions du procureur. \u00ab Je suis de\u0301c\u0327u du re\u0301quisitoire du ministe\u0300re public qui demande la condamnation de mon client sans viser aucune disposition, mais il vous demande quand me\u0302me de le condamner. Il parle de vide\u0301o et enregistrement mais que personne n\u2019a vu ici et on veut que M. Sanoh soit condamne\u0301 sur cette base. Dans ce dossier, il n\u2019y a aucune disposition qui l\u2019incrimine. M. le pre\u0301sident, ne suivez pas le ministe\u0300re public dans ses errements \u00bb, a-t-il plaide\u0301, sollicitant que le tribunal relaxe purement et simplement son client.<\/p>\n<p>Pour son dernier mot, Abdourahmane Sanoh re\u0301ite\u0300re n\u2019avoir rien fait d\u2019ille\u0301gal.<\/p>\n<p>Le tribunal a mis l\u2019affaire en de\u0301libe\u0301re\u0301 pour de\u0301cision e\u0302tre rendue le 11 janvier 2023<\/p>\n<p><strong>Pour plus d&rsquo;informations et d&rsquo;analyses sur la <a href=\"https:\/\/www.africa-press.net\/guinee-conakry\">Guin\u00e9e<\/a>, suivez <a href=\"https:\/\/www.africa-press.net\/\">Africa-Press<\/a><\/strong><\/p>\n","protected":false},"excerpt":{"rendered":"<p>Africa-Press &#8211; Guin\u00e9e. Le parquet du tribunal de premie\u0300re instance de Mafanco a requis la condamnation a\u0300 18 mois assortis de sursis contre Abdourahmane Sanoh ce lundi 9 janvier 2023. L\u2019ancien coordinateur du Front national pour la de\u0301fense de la constitution (FNDC) y est juge\u0301 pour des faits de participation de\u0301lictueuse a\u0300 des re\u0301unions publiques. [&hellip;]<\/p>\n","protected":false},"author":82,"featured_media":11278,"comment_status":"open","ping_status":"closed","sticky":false,"template":"","format":"standard","meta":{"footnotes":""},"categories":[2,10],"tags":[36,57,58],"class_list":["post-11279","post","type-post","status-publish","format-standard","has-post-thumbnail","hentry","category-politique","category-toutes-les-actualites","tag-africa-press","tag-africa-press-guinee","tag-guinee"],"yoast_head":"<!-- This site is optimized with the Yoast SEO Premium plugin v26.1 (Yoast SEO v27.0) - https:\/\/yoast.com\/product\/yoast-seo-premium-wordpress\/ -->\n<title>le parquet de Mafanco requiert 18 mois assortis de sursis contre Abdourahmane Sanoh - guinee Conakry<\/title>\n<meta name=\"robots\" content=\"index, follow, max-snippet:-1, max-image-preview:large, max-video-preview:-1\" \/>\n<link rel=\"canonical\" href=\"https:\/\/www.africa-press.net\/guinee-conakry\/politique\/le-parquet-de-mafanco-requiert-18-mois-assortis-de-sursis-contre-abdourahmane-sanoh\" \/>\n<meta property=\"og:locale\" content=\"fr_FR\" \/>\n<meta property=\"og:type\" content=\"article\" \/>\n<meta property=\"og:title\" content=\"le parquet de Mafanco requiert 18 mois assortis de sursis contre Abdourahmane Sanoh\" \/>\n<meta property=\"og:description\" content=\"Africa-Press &#8211; Guin\u00e9e. Le parquet du tribunal de premie\u0300re instance de Mafanco a requis la condamnation a\u0300 18 mois assortis de sursis contre Abdourahmane Sanoh ce lundi 9 janvier 2023. L\u2019ancien coordinateur du Front national pour la de\u0301fense de la constitution (FNDC) y est juge\u0301 pour des faits de participation de\u0301lictueuse a\u0300 des re\u0301unions publiques. [&hellip;]\" \/>\n<meta property=\"og:url\" content=\"https:\/\/www.africa-press.net\/guinee-conakry\/politique\/le-parquet-de-mafanco-requiert-18-mois-assortis-de-sursis-contre-abdourahmane-sanoh\" \/>\n<meta property=\"og:site_name\" content=\"guinee Conakry\" \/>\n<meta property=\"article:published_time\" content=\"2023-01-09T19:18:00+00:00\" \/>\n<meta name=\"author\" content=\"cfeditorfr\" \/>\n<meta name=\"twitter:card\" content=\"summary_large_image\" \/>\n<meta name=\"twitter:label1\" content=\"\u00c9crit par\" \/>\n\t<meta name=\"twitter:data1\" content=\"cfeditorfr\" \/>\n\t<meta name=\"twitter:label2\" content=\"Dur\u00e9e de lecture estim\u00e9e\" \/>\n\t<meta name=\"twitter:data2\" content=\"4 minutes\" \/>\n<script type=\"application\/ld+json\" class=\"yoast-schema-graph\">{\"@context\":\"https:\/\/schema.org\",\"@graph\":[{\"@type\":\"Article\",\"@id\":\"https:\/\/www.africa-press.net\/guinee-conakry\/politique\/le-parquet-de-mafanco-requiert-18-mois-assortis-de-sursis-contre-abdourahmane-sanoh#article\",\"isPartOf\":{\"@id\":\"https:\/\/www.africa-press.net\/guinee-conakry\/politique\/le-parquet-de-mafanco-requiert-18-mois-assortis-de-sursis-contre-abdourahmane-sanoh\"},\"author\":{\"name\":\"cfeditorfr\",\"@id\":\"https:\/\/www.africa-press.net\/guinee-conakry\/#\/schema\/person\/2b1cf3cd81a31e3cd26889ca66d677f1\"},\"headline\":\"le parquet de Mafanco requiert 18 mois assortis de sursis contre Abdourahmane Sanoh\",\"datePublished\":\"2023-01-09T19:18:00+00:00\",\"mainEntityOfPage\":{\"@id\":\"https:\/\/www.africa-press.net\/guinee-conakry\/politique\/le-parquet-de-mafanco-requiert-18-mois-assortis-de-sursis-contre-abdourahmane-sanoh\"},\"wordCount\":743,\"commentCount\":0,\"image\":{\"@id\":\"https:\/\/www.africa-press.net\/guinee-conakry\/politique\/le-parquet-de-mafanco-requiert-18-mois-assortis-de-sursis-contre-abdourahmane-sanoh#primaryimage\"},\"thumbnailUrl\":\"https:\/\/static.africa-press.net\/conakry\/sites\/63\/2023\/01\/Jokar1673279302.44165.jpg\",\"keywords\":[\"Africa Press\",\"Africa Press-Guin\u00e9e\",\"Guin\u00e9e\"],\"articleSection\":[\"Politique\",\"Toutes les actualit\u00e9s\"],\"inLanguage\":\"fr-FR\",\"potentialAction\":[{\"@type\":\"CommentAction\",\"name\":\"Comment\",\"target\":[\"https:\/\/www.africa-press.net\/guinee-conakry\/politique\/le-parquet-de-mafanco-requiert-18-mois-assortis-de-sursis-contre-abdourahmane-sanoh#respond\"]}]},{\"@type\":\"WebPage\",\"@id\":\"https:\/\/www.africa-press.net\/guinee-conakry\/politique\/le-parquet-de-mafanco-requiert-18-mois-assortis-de-sursis-contre-abdourahmane-sanoh\",\"url\":\"https:\/\/www.africa-press.net\/guinee-conakry\/politique\/le-parquet-de-mafanco-requiert-18-mois-assortis-de-sursis-contre-abdourahmane-sanoh\",\"name\":\"le parquet de Mafanco requiert 18 mois assortis de sursis contre Abdourahmane Sanoh - guinee Conakry\",\"isPartOf\":{\"@id\":\"https:\/\/www.africa-press.net\/guinee-conakry\/#website\"},\"primaryImageOfPage\":{\"@id\":\"https:\/\/www.africa-press.net\/guinee-conakry\/politique\/le-parquet-de-mafanco-requiert-18-mois-assortis-de-sursis-contre-abdourahmane-sanoh#primaryimage\"},\"image\":{\"@id\":\"https:\/\/www.africa-press.net\/guinee-conakry\/politique\/le-parquet-de-mafanco-requiert-18-mois-assortis-de-sursis-contre-abdourahmane-sanoh#primaryimage\"},\"thumbnailUrl\":\"https:\/\/static.africa-press.net\/conakry\/sites\/63\/2023\/01\/Jokar1673279302.44165.jpg\",\"datePublished\":\"2023-01-09T19:18:00+00:00\",\"author\":{\"@id\":\"https:\/\/www.africa-press.net\/guinee-conakry\/#\/schema\/person\/2b1cf3cd81a31e3cd26889ca66d677f1\"},\"breadcrumb\":{\"@id\":\"https:\/\/www.africa-press.net\/guinee-conakry\/politique\/le-parquet-de-mafanco-requiert-18-mois-assortis-de-sursis-contre-abdourahmane-sanoh#breadcrumb\"},\"inLanguage\":\"fr-FR\",\"potentialAction\":[{\"@type\":\"ReadAction\",\"target\":[\"https:\/\/www.africa-press.net\/guinee-conakry\/politique\/le-parquet-de-mafanco-requiert-18-mois-assortis-de-sursis-contre-abdourahmane-sanoh\"]}]},{\"@type\":\"ImageObject\",\"inLanguage\":\"fr-FR\",\"@id\":\"https:\/\/www.africa-press.net\/guinee-conakry\/politique\/le-parquet-de-mafanco-requiert-18-mois-assortis-de-sursis-contre-abdourahmane-sanoh#primaryimage\",\"url\":\"https:\/\/static.africa-press.net\/conakry\/sites\/63\/2023\/01\/Jokar1673279302.44165.jpg\",\"contentUrl\":\"https:\/\/static.africa-press.net\/conakry\/sites\/63\/2023\/01\/Jokar1673279302.44165.jpg\",\"width\":789,\"height\":667,\"caption\":\"le parquet de Mafanco requiert 18 mois assortis de sursis contre Abdourahmane Sanoh\"},{\"@type\":\"BreadcrumbList\",\"@id\":\"https:\/\/www.africa-press.net\/guinee-conakry\/politique\/le-parquet-de-mafanco-requiert-18-mois-assortis-de-sursis-contre-abdourahmane-sanoh#breadcrumb\",\"itemListElement\":[{\"@type\":\"ListItem\",\"position\":1,\"name\":\"Accueil\",\"item\":\"https:\/\/www.africa-press.net\/guinee-conakry\/\"},{\"@type\":\"ListItem\",\"position\":2,\"name\":\"le parquet de Mafanco requiert 18 mois assortis de sursis contre Abdourahmane Sanoh\"}]},{\"@type\":\"WebSite\",\"@id\":\"https:\/\/www.africa-press.net\/guinee-conakry\/#website\",\"url\":\"https:\/\/www.africa-press.net\/guinee-conakry\/\",\"name\":\"guinee Conakry\",\"description\":\"Just another Africa News Agency Sites site\",\"potentialAction\":[{\"@type\":\"SearchAction\",\"target\":{\"@type\":\"EntryPoint\",\"urlTemplate\":\"https:\/\/www.africa-press.net\/guinee-conakry\/?s={search_term_string}\"},\"query-input\":{\"@type\":\"PropertyValueSpecification\",\"valueRequired\":true,\"valueName\":\"search_term_string\"}}],\"inLanguage\":\"fr-FR\"},{\"@type\":\"Person\",\"@id\":\"https:\/\/www.africa-press.net\/guinee-conakry\/#\/schema\/person\/2b1cf3cd81a31e3cd26889ca66d677f1\",\"name\":\"cfeditorfr\"}]}<\/script>\n<!-- \/ Yoast SEO Premium plugin. -->","yoast_head_json":{"title":"le parquet de Mafanco requiert 18 mois assortis de sursis contre Abdourahmane Sanoh - guinee Conakry","robots":{"index":"index","follow":"follow","max-snippet":"max-snippet:-1","max-image-preview":"max-image-preview:large","max-video-preview":"max-video-preview:-1"},"canonical":"https:\/\/www.africa-press.net\/guinee-conakry\/politique\/le-parquet-de-mafanco-requiert-18-mois-assortis-de-sursis-contre-abdourahmane-sanoh","og_locale":"fr_FR","og_type":"article","og_title":"le parquet de Mafanco requiert 18 mois assortis de sursis contre Abdourahmane Sanoh","og_description":"Africa-Press &#8211; Guin\u00e9e. Le parquet du tribunal de premie\u0300re instance de Mafanco a requis la condamnation a\u0300 18 mois assortis de sursis contre Abdourahmane Sanoh ce lundi 9 janvier 2023. L\u2019ancien coordinateur du Front national pour la de\u0301fense de la constitution (FNDC) y est juge\u0301 pour des faits de participation de\u0301lictueuse a\u0300 des re\u0301unions publiques. [&hellip;]","og_url":"https:\/\/www.africa-press.net\/guinee-conakry\/politique\/le-parquet-de-mafanco-requiert-18-mois-assortis-de-sursis-contre-abdourahmane-sanoh","og_site_name":"guinee Conakry","article_published_time":"2023-01-09T19:18:00+00:00","author":"cfeditorfr","twitter_card":"summary_large_image","twitter_misc":{"\u00c9crit par":"cfeditorfr","Dur\u00e9e de lecture estim\u00e9e":"4 minutes"},"schema":{"@context":"https:\/\/schema.org","@graph":[{"@type":"Article","@id":"https:\/\/www.africa-press.net\/guinee-conakry\/politique\/le-parquet-de-mafanco-requiert-18-mois-assortis-de-sursis-contre-abdourahmane-sanoh#article","isPartOf":{"@id":"https:\/\/www.africa-press.net\/guinee-conakry\/politique\/le-parquet-de-mafanco-requiert-18-mois-assortis-de-sursis-contre-abdourahmane-sanoh"},"author":{"name":"cfeditorfr","@id":"https:\/\/www.africa-press.net\/guinee-conakry\/#\/schema\/person\/2b1cf3cd81a31e3cd26889ca66d677f1"},"headline":"le parquet de Mafanco requiert 18 mois assortis de sursis contre Abdourahmane Sanoh","datePublished":"2023-01-09T19:18:00+00:00","mainEntityOfPage":{"@id":"https:\/\/www.africa-press.net\/guinee-conakry\/politique\/le-parquet-de-mafanco-requiert-18-mois-assortis-de-sursis-contre-abdourahmane-sanoh"},"wordCount":743,"commentCount":0,"image":{"@id":"https:\/\/www.africa-press.net\/guinee-conakry\/politique\/le-parquet-de-mafanco-requiert-18-mois-assortis-de-sursis-contre-abdourahmane-sanoh#primaryimage"},"thumbnailUrl":"https:\/\/static.africa-press.net\/conakry\/sites\/63\/2023\/01\/Jokar1673279302.44165.jpg","keywords":["Africa Press","Africa Press-Guin\u00e9e","Guin\u00e9e"],"articleSection":["Politique","Toutes les actualit\u00e9s"],"inLanguage":"fr-FR","potentialAction":[{"@type":"CommentAction","name":"Comment","target":["https:\/\/www.africa-press.net\/guinee-conakry\/politique\/le-parquet-de-mafanco-requiert-18-mois-assortis-de-sursis-contre-abdourahmane-sanoh#respond"]}]},{"@type":"WebPage","@id":"https:\/\/www.africa-press.net\/guinee-conakry\/politique\/le-parquet-de-mafanco-requiert-18-mois-assortis-de-sursis-contre-abdourahmane-sanoh","url":"https:\/\/www.africa-press.net\/guinee-conakry\/politique\/le-parquet-de-mafanco-requiert-18-mois-assortis-de-sursis-contre-abdourahmane-sanoh","name":"le parquet de Mafanco requiert 18 mois assortis de sursis contre Abdourahmane Sanoh - guinee Conakry","isPartOf":{"@id":"https:\/\/www.africa-press.net\/guinee-conakry\/#website"},"primaryImageOfPage":{"@id":"https:\/\/www.africa-press.net\/guinee-conakry\/politique\/le-parquet-de-mafanco-requiert-18-mois-assortis-de-sursis-contre-abdourahmane-sanoh#primaryimage"},"image":{"@id":"https:\/\/www.africa-press.net\/guinee-conakry\/politique\/le-parquet-de-mafanco-requiert-18-mois-assortis-de-sursis-contre-abdourahmane-sanoh#primaryimage"},"thumbnailUrl":"https:\/\/static.africa-press.net\/conakry\/sites\/63\/2023\/01\/Jokar1673279302.44165.jpg","datePublished":"2023-01-09T19:18:00+00:00","author":{"@id":"https:\/\/www.africa-press.net\/guinee-conakry\/#\/schema\/person\/2b1cf3cd81a31e3cd26889ca66d677f1"},"breadcrumb":{"@id":"https:\/\/www.africa-press.net\/guinee-conakry\/politique\/le-parquet-de-mafanco-requiert-18-mois-assortis-de-sursis-contre-abdourahmane-sanoh#breadcrumb"},"inLanguage":"fr-FR","potentialAction":[{"@type":"ReadAction","target":["https:\/\/www.africa-press.net\/guinee-conakry\/politique\/le-parquet-de-mafanco-requiert-18-mois-assortis-de-sursis-contre-abdourahmane-sanoh"]}]},{"@type":"ImageObject","inLanguage":"fr-FR","@id":"https:\/\/www.africa-press.net\/guinee-conakry\/politique\/le-parquet-de-mafanco-requiert-18-mois-assortis-de-sursis-contre-abdourahmane-sanoh#primaryimage","url":"https:\/\/static.africa-press.net\/conakry\/sites\/63\/2023\/01\/Jokar1673279302.44165.jpg","contentUrl":"https:\/\/static.africa-press.net\/conakry\/sites\/63\/2023\/01\/Jokar1673279302.44165.jpg","width":789,"height":667,"caption":"le parquet de Mafanco requiert 18 mois assortis de sursis contre Abdourahmane Sanoh"},{"@type":"BreadcrumbList","@id":"https:\/\/www.africa-press.net\/guinee-conakry\/politique\/le-parquet-de-mafanco-requiert-18-mois-assortis-de-sursis-contre-abdourahmane-sanoh#breadcrumb","itemListElement":[{"@type":"ListItem","position":1,"name":"Accueil","item":"https:\/\/www.africa-press.net\/guinee-conakry\/"},{"@type":"ListItem","position":2,"name":"le parquet de Mafanco requiert 18 mois assortis de sursis contre Abdourahmane Sanoh"}]},{"@type":"WebSite","@id":"https:\/\/www.africa-press.net\/guinee-conakry\/#website","url":"https:\/\/www.africa-press.net\/guinee-conakry\/","name":"guinee Conakry","description":"Just another Africa News Agency Sites site","potentialAction":[{"@type":"SearchAction","target":{"@type":"EntryPoint","urlTemplate":"https:\/\/www.africa-press.net\/guinee-conakry\/?s={search_term_string}"},"query-input":{"@type":"PropertyValueSpecification","valueRequired":true,"valueName":"search_term_string"}}],"inLanguage":"fr-FR"},{"@type":"Person","@id":"https:\/\/www.africa-press.net\/guinee-conakry\/#\/schema\/person\/2b1cf3cd81a31e3cd26889ca66d677f1","name":"cfeditorfr"}]}},"_links":{"self":[{"href":"https:\/\/www.africa-press.net\/guinee-conakry\/wp-json\/wp\/v2\/posts\/11279","targetHints":{"allow":["GET"]}}],"collection":[{"href":"https:\/\/www.africa-press.net\/guinee-conakry\/wp-json\/wp\/v2\/posts"}],"about":[{"href":"https:\/\/www.africa-press.net\/guinee-conakry\/wp-json\/wp\/v2\/types\/post"}],"author":[{"embeddable":true,"href":"https:\/\/www.africa-press.net\/guinee-conakry\/wp-json\/wp\/v2\/users\/82"}],"replies":[{"embeddable":true,"href":"https:\/\/www.africa-press.net\/guinee-conakry\/wp-json\/wp\/v2\/comments?post=11279"}],"version-history":[{"count":0,"href":"https:\/\/www.africa-press.net\/guinee-conakry\/wp-json\/wp\/v2\/posts\/11279\/revisions"}],"wp:featuredmedia":[{"embeddable":true,"href":"https:\/\/www.africa-press.net\/guinee-conakry\/wp-json\/wp\/v2\/media\/11278"}],"wp:attachment":[{"href":"https:\/\/www.africa-press.net\/guinee-conakry\/wp-json\/wp\/v2\/media?parent=11279"}],"wp:term":[{"taxonomy":"category","embeddable":true,"href":"https:\/\/www.africa-press.net\/guinee-conakry\/wp-json\/wp\/v2\/categories?post=11279"},{"taxonomy":"post_tag","embeddable":true,"href":"https:\/\/www.africa-press.net\/guinee-conakry\/wp-json\/wp\/v2\/tags?post=11279"}],"curies":[{"name":"wp","href":"https:\/\/api.w.org\/{rel}","templated":true}]}}