{"id":11281,"date":"2023-01-09T19:23:00","date_gmt":"2023-01-09T19:23:00","guid":{"rendered":"https:\/\/www.africa-press.net\/guinee-conakry\/politique\/la-transition-a-deja-commence-dit-dr-faya-millimouno"},"modified":"2023-01-09T19:23:00","modified_gmt":"2023-01-09T19:23:00","slug":"la-transition-a-deja-commence-dit-dr-faya-millimouno","status":"publish","type":"post","link":"https:\/\/www.africa-press.net\/guinee-conakry\/politique\/la-transition-a-deja-commence-dit-dr-faya-millimouno","title":{"rendered":"\u00ab la transition a d\u00e9j\u00e0 commenc\u00e9\u2026 \u00bb, dit Dr Faya Millimouno"},"content":{"rendered":"<p><span style=\"color: #ff6600\"><strong>Africa-Press &#8211; Guin\u00e9e. <\/strong><\/span>Apre\u0300s l\u2019accord trouve\u0301 entre le CNRD, le gouvernement et la CEDEAO pour une transition de deux ans, les acteurs sociaux et politiques continuent de se faire entendre. Si d\u2019aucuns estiment que la transition a commence\u0301, d\u2019autres pensent pluto\u0302t le contraire, notamment l\u2019aile dure de la classe politique. Pour Dr Faya Millimouno, pre\u0301sident du Bloc Libe\u0301ral (BL), la transition a de\u0301ja\u0300 commence\u0301.<\/p>\n<p>Pour Dr Faya Millimouno, les choses se\u0301rieuses ont de\u0301ja\u0300 commence\u0301 par rapport a\u0300 la Transition.<\/p>\n<p>\u00ab Oui, la transition a commence\u0301. Les travaux qui commencent maintenant, sont entre-autres le recensement de la population et de l\u2019habitat, et en matie\u0300re de recensement, ce sont les travaux pre\u0301paratoires qui sont tre\u0300s longs, sinon le recensement a\u0300 lui-me\u0302me, c\u0327a ne prend que deux semaines ou\u0300 trois ou plus. Donc, on s\u2019imagine que les travaux pre\u0301paratoires de ce recensement, qui est un des e\u0301le\u0301ments importants, est de\u0301ja\u0300 en cours. C\u2019est comme aussi le recensement administratif a\u0300 vocation d\u2019Etat civil. La\u0300 aussi, au niveau pre\u0301paratoire, les choses sont en train d\u2019e\u0301voluer. Donc, en ce qui nous concerne, sachant que c\u2019est le mois de janvier, les choses ont commence\u0301&#8230; \u00bb, a laisse\u0301 entendre Dr Faya Millimouno<\/p>\n<p><strong>Pour plus d&rsquo;informations et d&rsquo;analyses sur la <a href=\"https:\/\/www.africa-press.net\/guinee-conakry\">Guin\u00e9e<\/a>, suivez <a href=\"https:\/\/www.africa-press.net\/\">Africa-Press<\/a><\/strong><\/p>\n","protected":false},"excerpt":{"rendered":"<p>Africa-Press &#8211; Guin\u00e9e. Apre\u0300s l\u2019accord trouve\u0301 entre le CNRD, le gouvernement et la CEDEAO pour une transition de deux ans, les acteurs sociaux et politiques continuent de se faire entendre. Si d\u2019aucuns estiment que la transition a commence\u0301, d\u2019autres pensent pluto\u0302t le contraire, notamment l\u2019aile dure de la classe politique. Pour Dr Faya Millimouno, pre\u0301sident [&hellip;]<\/p>\n","protected":false},"author":82,"featured_media":11280,"comment_status":"open","ping_status":"closed","sticky":false,"template":"","format":"standard","meta":{"footnotes":""},"categories":[2,10],"tags":[36,57,58],"class_list":["post-11281","post","type-post","status-publish","format-standard","has-post-thumbnail","hentry","category-politique","category-toutes-les-actualites","tag-africa-press","tag-africa-press-guinee","tag-guinee"],"yoast_head":"<!-- This site is optimized with the Yoast SEO Premium plugin v26.1 (Yoast SEO v27.0) - https:\/\/yoast.com\/product\/yoast-seo-premium-wordpress\/ -->\n<title>\u00ab la transition a d\u00e9j\u00e0 commenc\u00e9\u2026 \u00bb, dit Dr Faya Millimouno - guinee Conakry<\/title>\n<meta name=\"robots\" content=\"index, follow, max-snippet:-1, max-image-preview:large, max-video-preview:-1\" \/>\n<link rel=\"canonical\" href=\"https:\/\/www.africa-press.net\/guinee-conakry\/politique\/la-transition-a-deja-commence-dit-dr-faya-millimouno\" \/>\n<meta property=\"og:locale\" content=\"fr_FR\" \/>\n<meta property=\"og:type\" content=\"article\" \/>\n<meta property=\"og:title\" content=\"\u00ab la transition a d\u00e9j\u00e0 commenc\u00e9\u2026 \u00bb, dit Dr Faya Millimouno\" \/>\n<meta property=\"og:description\" content=\"Africa-Press &#8211; Guin\u00e9e. Apre\u0300s l\u2019accord trouve\u0301 entre le CNRD, le gouvernement et la CEDEAO pour une transition de deux ans, les acteurs sociaux et politiques continuent de se faire entendre. Si d\u2019aucuns estiment que la transition a commence\u0301, d\u2019autres pensent pluto\u0302t le contraire, notamment l\u2019aile dure de la classe politique. Pour Dr Faya Millimouno, pre\u0301sident [&hellip;]\" \/>\n<meta property=\"og:url\" content=\"https:\/\/www.africa-press.net\/guinee-conakry\/politique\/la-transition-a-deja-commence-dit-dr-faya-millimouno\" \/>\n<meta property=\"og:site_name\" content=\"guinee Conakry\" \/>\n<meta property=\"article:published_time\" content=\"2023-01-09T19:23:00+00:00\" \/>\n<meta name=\"author\" content=\"cfeditorfr\" \/>\n<meta name=\"twitter:card\" content=\"summary_large_image\" \/>\n<meta name=\"twitter:label1\" content=\"\u00c9crit par\" \/>\n\t<meta name=\"twitter:data1\" content=\"cfeditorfr\" \/>\n\t<meta name=\"twitter:label2\" content=\"Dur\u00e9e de lecture estim\u00e9e\" \/>\n\t<meta name=\"twitter:data2\" content=\"1 minute\" \/>\n<script type=\"application\/ld+json\" class=\"yoast-schema-graph\">{\"@context\":\"https:\/\/schema.org\",\"@graph\":[{\"@type\":\"Article\",\"@id\":\"https:\/\/www.africa-press.net\/guinee-conakry\/politique\/la-transition-a-deja-commence-dit-dr-faya-millimouno#article\",\"isPartOf\":{\"@id\":\"https:\/\/www.africa-press.net\/guinee-conakry\/politique\/la-transition-a-deja-commence-dit-dr-faya-millimouno\"},\"author\":{\"name\":\"cfeditorfr\",\"@id\":\"https:\/\/www.africa-press.net\/guinee-conakry\/#\/schema\/person\/2b1cf3cd81a31e3cd26889ca66d677f1\"},\"headline\":\"\u00ab la transition a d\u00e9j\u00e0 commenc\u00e9\u2026 \u00bb, dit Dr Faya Millimouno\",\"datePublished\":\"2023-01-09T19:23:00+00:00\",\"mainEntityOfPage\":{\"@id\":\"https:\/\/www.africa-press.net\/guinee-conakry\/politique\/la-transition-a-deja-commence-dit-dr-faya-millimouno\"},\"wordCount\":244,\"commentCount\":0,\"image\":{\"@id\":\"https:\/\/www.africa-press.net\/guinee-conakry\/politique\/la-transition-a-deja-commence-dit-dr-faya-millimouno#primaryimage\"},\"thumbnailUrl\":\"https:\/\/static.africa-press.net\/conakry\/sites\/63\/2023\/01\/Jokar1673279628.179781.jpg\",\"keywords\":[\"Africa Press\",\"Africa Press-Guin\u00e9e\",\"Guin\u00e9e\"],\"articleSection\":[\"Politique\",\"Toutes les actualit\u00e9s\"],\"inLanguage\":\"fr-FR\",\"potentialAction\":[{\"@type\":\"CommentAction\",\"name\":\"Comment\",\"target\":[\"https:\/\/www.africa-press.net\/guinee-conakry\/politique\/la-transition-a-deja-commence-dit-dr-faya-millimouno#respond\"]}]},{\"@type\":\"WebPage\",\"@id\":\"https:\/\/www.africa-press.net\/guinee-conakry\/politique\/la-transition-a-deja-commence-dit-dr-faya-millimouno\",\"url\":\"https:\/\/www.africa-press.net\/guinee-conakry\/politique\/la-transition-a-deja-commence-dit-dr-faya-millimouno\",\"name\":\"\u00ab la transition a d\u00e9j\u00e0 commenc\u00e9\u2026 \u00bb, dit Dr Faya Millimouno - guinee Conakry\",\"isPartOf\":{\"@id\":\"https:\/\/www.africa-press.net\/guinee-conakry\/#website\"},\"primaryImageOfPage\":{\"@id\":\"https:\/\/www.africa-press.net\/guinee-conakry\/politique\/la-transition-a-deja-commence-dit-dr-faya-millimouno#primaryimage\"},\"image\":{\"@id\":\"https:\/\/www.africa-press.net\/guinee-conakry\/politique\/la-transition-a-deja-commence-dit-dr-faya-millimouno#primaryimage\"},\"thumbnailUrl\":\"https:\/\/static.africa-press.net\/conakry\/sites\/63\/2023\/01\/Jokar1673279628.179781.jpg\",\"datePublished\":\"2023-01-09T19:23:00+00:00\",\"author\":{\"@id\":\"https:\/\/www.africa-press.net\/guinee-conakry\/#\/schema\/person\/2b1cf3cd81a31e3cd26889ca66d677f1\"},\"breadcrumb\":{\"@id\":\"https:\/\/www.africa-press.net\/guinee-conakry\/politique\/la-transition-a-deja-commence-dit-dr-faya-millimouno#breadcrumb\"},\"inLanguage\":\"fr-FR\",\"potentialAction\":[{\"@type\":\"ReadAction\",\"target\":[\"https:\/\/www.africa-press.net\/guinee-conakry\/politique\/la-transition-a-deja-commence-dit-dr-faya-millimouno\"]}]},{\"@type\":\"ImageObject\",\"inLanguage\":\"fr-FR\",\"@id\":\"https:\/\/www.africa-press.net\/guinee-conakry\/politique\/la-transition-a-deja-commence-dit-dr-faya-millimouno#primaryimage\",\"url\":\"https:\/\/static.africa-press.net\/conakry\/sites\/63\/2023\/01\/Jokar1673279628.179781.jpg\",\"contentUrl\":\"https:\/\/static.africa-press.net\/conakry\/sites\/63\/2023\/01\/Jokar1673279628.179781.jpg\",\"width\":1280,\"height\":1263,\"caption\":\"\u00ab la transition a d\u00e9j\u00e0 commenc\u00e9\u2026 \u00bb, dit Dr Faya Millimouno\"},{\"@type\":\"BreadcrumbList\",\"@id\":\"https:\/\/www.africa-press.net\/guinee-conakry\/politique\/la-transition-a-deja-commence-dit-dr-faya-millimouno#breadcrumb\",\"itemListElement\":[{\"@type\":\"ListItem\",\"position\":1,\"name\":\"Accueil\",\"item\":\"https:\/\/www.africa-press.net\/guinee-conakry\/\"},{\"@type\":\"ListItem\",\"position\":2,\"name\":\"\u00ab la transition a d\u00e9j\u00e0 commenc\u00e9\u2026 \u00bb, dit Dr Faya Millimouno\"}]},{\"@type\":\"WebSite\",\"@id\":\"https:\/\/www.africa-press.net\/guinee-conakry\/#website\",\"url\":\"https:\/\/www.africa-press.net\/guinee-conakry\/\",\"name\":\"guinee Conakry\",\"description\":\"Just another Africa News Agency Sites site\",\"potentialAction\":[{\"@type\":\"SearchAction\",\"target\":{\"@type\":\"EntryPoint\",\"urlTemplate\":\"https:\/\/www.africa-press.net\/guinee-conakry\/?s={search_term_string}\"},\"query-input\":{\"@type\":\"PropertyValueSpecification\",\"valueRequired\":true,\"valueName\":\"search_term_string\"}}],\"inLanguage\":\"fr-FR\"},{\"@type\":\"Person\",\"@id\":\"https:\/\/www.africa-press.net\/guinee-conakry\/#\/schema\/person\/2b1cf3cd81a31e3cd26889ca66d677f1\",\"name\":\"cfeditorfr\"}]}<\/script>\n<!-- \/ Yoast SEO Premium plugin. -->","yoast_head_json":{"title":"\u00ab la transition a d\u00e9j\u00e0 commenc\u00e9\u2026 \u00bb, dit Dr Faya Millimouno - guinee Conakry","robots":{"index":"index","follow":"follow","max-snippet":"max-snippet:-1","max-image-preview":"max-image-preview:large","max-video-preview":"max-video-preview:-1"},"canonical":"https:\/\/www.africa-press.net\/guinee-conakry\/politique\/la-transition-a-deja-commence-dit-dr-faya-millimouno","og_locale":"fr_FR","og_type":"article","og_title":"\u00ab la transition a d\u00e9j\u00e0 commenc\u00e9\u2026 \u00bb, dit Dr Faya Millimouno","og_description":"Africa-Press &#8211; Guin\u00e9e. Apre\u0300s l\u2019accord trouve\u0301 entre le CNRD, le gouvernement et la CEDEAO pour une transition de deux ans, les acteurs sociaux et politiques continuent de se faire entendre. Si d\u2019aucuns estiment que la transition a commence\u0301, d\u2019autres pensent pluto\u0302t le contraire, notamment l\u2019aile dure de la classe politique. Pour Dr Faya Millimouno, pre\u0301sident [&hellip;]","og_url":"https:\/\/www.africa-press.net\/guinee-conakry\/politique\/la-transition-a-deja-commence-dit-dr-faya-millimouno","og_site_name":"guinee Conakry","article_published_time":"2023-01-09T19:23:00+00:00","author":"cfeditorfr","twitter_card":"summary_large_image","twitter_misc":{"\u00c9crit par":"cfeditorfr","Dur\u00e9e de lecture estim\u00e9e":"1 minute"},"schema":{"@context":"https:\/\/schema.org","@graph":[{"@type":"Article","@id":"https:\/\/www.africa-press.net\/guinee-conakry\/politique\/la-transition-a-deja-commence-dit-dr-faya-millimouno#article","isPartOf":{"@id":"https:\/\/www.africa-press.net\/guinee-conakry\/politique\/la-transition-a-deja-commence-dit-dr-faya-millimouno"},"author":{"name":"cfeditorfr","@id":"https:\/\/www.africa-press.net\/guinee-conakry\/#\/schema\/person\/2b1cf3cd81a31e3cd26889ca66d677f1"},"headline":"\u00ab la transition a d\u00e9j\u00e0 commenc\u00e9\u2026 \u00bb, dit Dr Faya Millimouno","datePublished":"2023-01-09T19:23:00+00:00","mainEntityOfPage":{"@id":"https:\/\/www.africa-press.net\/guinee-conakry\/politique\/la-transition-a-deja-commence-dit-dr-faya-millimouno"},"wordCount":244,"commentCount":0,"image":{"@id":"https:\/\/www.africa-press.net\/guinee-conakry\/politique\/la-transition-a-deja-commence-dit-dr-faya-millimouno#primaryimage"},"thumbnailUrl":"https:\/\/static.africa-press.net\/conakry\/sites\/63\/2023\/01\/Jokar1673279628.179781.jpg","keywords":["Africa Press","Africa Press-Guin\u00e9e","Guin\u00e9e"],"articleSection":["Politique","Toutes les actualit\u00e9s"],"inLanguage":"fr-FR","potentialAction":[{"@type":"CommentAction","name":"Comment","target":["https:\/\/www.africa-press.net\/guinee-conakry\/politique\/la-transition-a-deja-commence-dit-dr-faya-millimouno#respond"]}]},{"@type":"WebPage","@id":"https:\/\/www.africa-press.net\/guinee-conakry\/politique\/la-transition-a-deja-commence-dit-dr-faya-millimouno","url":"https:\/\/www.africa-press.net\/guinee-conakry\/politique\/la-transition-a-deja-commence-dit-dr-faya-millimouno","name":"\u00ab la transition a d\u00e9j\u00e0 commenc\u00e9\u2026 \u00bb, dit Dr Faya Millimouno - guinee Conakry","isPartOf":{"@id":"https:\/\/www.africa-press.net\/guinee-conakry\/#website"},"primaryImageOfPage":{"@id":"https:\/\/www.africa-press.net\/guinee-conakry\/politique\/la-transition-a-deja-commence-dit-dr-faya-millimouno#primaryimage"},"image":{"@id":"https:\/\/www.africa-press.net\/guinee-conakry\/politique\/la-transition-a-deja-commence-dit-dr-faya-millimouno#primaryimage"},"thumbnailUrl":"https:\/\/static.africa-press.net\/conakry\/sites\/63\/2023\/01\/Jokar1673279628.179781.jpg","datePublished":"2023-01-09T19:23:00+00:00","author":{"@id":"https:\/\/www.africa-press.net\/guinee-conakry\/#\/schema\/person\/2b1cf3cd81a31e3cd26889ca66d677f1"},"breadcrumb":{"@id":"https:\/\/www.africa-press.net\/guinee-conakry\/politique\/la-transition-a-deja-commence-dit-dr-faya-millimouno#breadcrumb"},"inLanguage":"fr-FR","potentialAction":[{"@type":"ReadAction","target":["https:\/\/www.africa-press.net\/guinee-conakry\/politique\/la-transition-a-deja-commence-dit-dr-faya-millimouno"]}]},{"@type":"ImageObject","inLanguage":"fr-FR","@id":"https:\/\/www.africa-press.net\/guinee-conakry\/politique\/la-transition-a-deja-commence-dit-dr-faya-millimouno#primaryimage","url":"https:\/\/static.africa-press.net\/conakry\/sites\/63\/2023\/01\/Jokar1673279628.179781.jpg","contentUrl":"https:\/\/static.africa-press.net\/conakry\/sites\/63\/2023\/01\/Jokar1673279628.179781.jpg","width":1280,"height":1263,"caption":"\u00ab la transition a d\u00e9j\u00e0 commenc\u00e9\u2026 \u00bb, dit Dr Faya Millimouno"},{"@type":"BreadcrumbList","@id":"https:\/\/www.africa-press.net\/guinee-conakry\/politique\/la-transition-a-deja-commence-dit-dr-faya-millimouno#breadcrumb","itemListElement":[{"@type":"ListItem","position":1,"name":"Accueil","item":"https:\/\/www.africa-press.net\/guinee-conakry\/"},{"@type":"ListItem","position":2,"name":"\u00ab la transition a d\u00e9j\u00e0 commenc\u00e9\u2026 \u00bb, dit Dr Faya Millimouno"}]},{"@type":"WebSite","@id":"https:\/\/www.africa-press.net\/guinee-conakry\/#website","url":"https:\/\/www.africa-press.net\/guinee-conakry\/","name":"guinee Conakry","description":"Just another Africa News Agency Sites site","potentialAction":[{"@type":"SearchAction","target":{"@type":"EntryPoint","urlTemplate":"https:\/\/www.africa-press.net\/guinee-conakry\/?s={search_term_string}"},"query-input":{"@type":"PropertyValueSpecification","valueRequired":true,"valueName":"search_term_string"}}],"inLanguage":"fr-FR"},{"@type":"Person","@id":"https:\/\/www.africa-press.net\/guinee-conakry\/#\/schema\/person\/2b1cf3cd81a31e3cd26889ca66d677f1","name":"cfeditorfr"}]}},"_links":{"self":[{"href":"https:\/\/www.africa-press.net\/guinee-conakry\/wp-json\/wp\/v2\/posts\/11281","targetHints":{"allow":["GET"]}}],"collection":[{"href":"https:\/\/www.africa-press.net\/guinee-conakry\/wp-json\/wp\/v2\/posts"}],"about":[{"href":"https:\/\/www.africa-press.net\/guinee-conakry\/wp-json\/wp\/v2\/types\/post"}],"author":[{"embeddable":true,"href":"https:\/\/www.africa-press.net\/guinee-conakry\/wp-json\/wp\/v2\/users\/82"}],"replies":[{"embeddable":true,"href":"https:\/\/www.africa-press.net\/guinee-conakry\/wp-json\/wp\/v2\/comments?post=11281"}],"version-history":[{"count":0,"href":"https:\/\/www.africa-press.net\/guinee-conakry\/wp-json\/wp\/v2\/posts\/11281\/revisions"}],"wp:featuredmedia":[{"embeddable":true,"href":"https:\/\/www.africa-press.net\/guinee-conakry\/wp-json\/wp\/v2\/media\/11280"}],"wp:attachment":[{"href":"https:\/\/www.africa-press.net\/guinee-conakry\/wp-json\/wp\/v2\/media?parent=11281"}],"wp:term":[{"taxonomy":"category","embeddable":true,"href":"https:\/\/www.africa-press.net\/guinee-conakry\/wp-json\/wp\/v2\/categories?post=11281"},{"taxonomy":"post_tag","embeddable":true,"href":"https:\/\/www.africa-press.net\/guinee-conakry\/wp-json\/wp\/v2\/tags?post=11281"}],"curies":[{"name":"wp","href":"https:\/\/api.w.org\/{rel}","templated":true}]}}