{"id":11287,"date":"2023-01-09T19:50:00","date_gmt":"2023-01-09T19:50:00","guid":{"rendered":"https:\/\/www.africa-press.net\/guinee-conakry\/politique\/dadis-camara-cest-mon-inexperience-et-mon-entourage-qui-font-que-je-suis-devant-ce-tribunal"},"modified":"2023-01-09T19:50:00","modified_gmt":"2023-01-09T19:50:00","slug":"dadis-camara-cest-mon-inexperience-et-mon-entourage-qui-font-que-je-suis-devant-ce-tribunal","status":"publish","type":"post","link":"https:\/\/www.africa-press.net\/guinee-conakry\/politique\/dadis-camara-cest-mon-inexperience-et-mon-entourage-qui-font-que-je-suis-devant-ce-tribunal","title":{"rendered":"Dadis Camara : \u00ab c\u2019est mon inexp\u00e9rience et mon entourage qui font que je suis devant ce tribunal \u00bb"},"content":{"rendered":"<p><span style=\"color: #ff6600\"><strong>Africa-Press &#8211; Guin\u00e9e. <\/strong><\/span>Le capitaine Moussa Dadis Camara avoue que \u00ab son inexpe\u0301rience et son entourage \u00bb lui ont fait perdre le pouvoir en 2009. L\u2019ancien chef de la junte militaire en Guine\u0301e (entre 2008 et 2009) est en train d\u2019e\u0302tre interroge\u0301 par les avocats de la partie civile sur le massacre du 28 septembre 2009 qui a fait perdre la vie a\u0300 157 personnes. Et ce lundi, 9 janvier 2022, au tribunal criminel de Dixinn, de\u0301localise\u0301 a\u0300 Cour d\u2019Appel de Conakry, le Capitaine Dadis dit avoir e\u0301te\u0301 victime de son expe\u0301rience a\u0300 ge\u0301rer une nation et de ses anciens collaborateurs, dont Se\u0301kouba Konate\u0301.<\/p>\n<p>Ci-dessous, une partie de la phase interrogatoire entre Me Amadou Kamano et le Capitaine Moussa Dadis Camara :<\/p>\n<p><b>Me Amadou Kamano : Que dites-vous du mouvement \u00ab Dadis doit partir, Dadis doit quitter \u00bb ?<\/b><\/p>\n<p>Capitaine Moussa Dadis Camara : C\u2019est cette machine qui e\u0301tait la\u0300, pre\u0301pare\u0301e pour envenimer, pour mettre de l\u2019huile au feu. Les gens auxquels j\u2019ai eu confiance, comme le Ge\u0301ne\u0301ral Se\u0301kouba. Lorsque vous entendez parler Se\u0301kouba Konate\u0301, vous allez dire que c\u2019est l\u2019homme a\u0300 mourir pour moi. Si vous entendez Se\u0301kouba parler sur ma candidature, entre Dieu et moi, vous allez dire que c\u2019est l\u2019homme a\u0300 mourir pour moi. Mais c\u2019e\u0301tait une fac\u0327on de me faire tomber. Se\u0301kouba avait son sche\u0301ma. A\u0300 Fria, le Ge\u0301ne\u0301ral Se\u0301kouba Konate\u0301 dans son discours, il en a profite\u0301 pour dire que nous voulons que le pre\u0301sident Dadis soit candidat. Me\u0302me a\u0300 Macenta, il l\u2019a dit. C\u2019e\u0301tait une manie\u0300re pour lui de m\u2019opposer aux leaders politiques et a\u0300 la population.<\/p>\n<p><b>Me Amadou Kamano : Pourquoi un seul moment, n\u2019avez-vous pas pense\u0301 a\u0300 publier un communique\u0301 a\u0300 la RTG et sur les ondes les me\u0301dias prive\u0301s pour dire je ne serai jamais candidat, je le re\u0301ite\u0300re, et que tous ces mouvements doivent disparai\u0302tre a\u0300 partir d\u2019aujourd\u2019hui ?<\/b><\/p>\n<p>Capitaine Moussa Dadis Camara : C\u2019est l\u2019inexpe\u0301rience. Ce n\u2019est rien d\u2019autre que c\u0327a. C\u2019est l\u2019inexpe\u0301rience. Je me suis rendu compte tard.<\/p>\n<p><b>Me Amadou Kamano : Avec cette inexpe\u0301rience dans la gestion de la Nation, vous-me\u0302mes vous vous rendez compte qu\u2019il y a eu des dissensions en Re\u0301publique de Guine\u0301e de sorte que, et les leaders politiques et me\u0302me les hautes personnalite\u0301s, des ambassades qui e\u0301taient accre\u0301dite\u0301s en Re\u0301publique de Guine\u0301e n\u2019e\u0301taient plus d\u2019accord avec vous. Vous vous rappelez de la re\u0301ponse que vous avez donne\u0301e lorsque son excellence l\u2019ambassadeur d\u2019Allemagne en Guine\u0301e, vous a pose\u0301 la question : capitaine Dadis, est-ce que vous serez candidat a\u0300 l\u2019e\u0301lection pre\u0301sidentielle ? Vous vous rappelez de la re\u0301ponse que vous avez donne\u0301e ?<\/b><\/p>\n<p>Capitaine Moussa Dadis : Toute chose, comme je le dis, il y a l\u2019inexpe\u0301rience ; c\u0327a, c\u2019est propre a\u0300 tous les e\u0302tres humains. Tout ce que vous dites, c\u2019est re\u0301el. Je n\u2019en disconviens pas. Mais mon entourage et l\u2019inexpe\u0301rience, c\u2019est ce qui fait aujourd\u2019hui je suis la\u0300 devant cet auguste tribunal.<\/p>\n<p><strong>Pour plus d&rsquo;informations et d&rsquo;analyses sur la <a href=\"https:\/\/www.africa-press.net\/guinee-conakry\">Guin\u00e9e<\/a>, suivez <a href=\"https:\/\/www.africa-press.net\/\">Africa-Press<\/a><\/strong><\/p>\n","protected":false},"excerpt":{"rendered":"<p>Africa-Press &#8211; Guin\u00e9e. Le capitaine Moussa Dadis Camara avoue que \u00ab son inexpe\u0301rience et son entourage \u00bb lui ont fait perdre le pouvoir en 2009. L\u2019ancien chef de la junte militaire en Guine\u0301e (entre 2008 et 2009) est en train d\u2019e\u0302tre interroge\u0301 par les avocats de la partie civile sur le massacre du 28 septembre [&hellip;]<\/p>\n","protected":false},"author":82,"featured_media":11286,"comment_status":"open","ping_status":"closed","sticky":false,"template":"","format":"standard","meta":{"footnotes":""},"categories":[2,10],"tags":[36,57,58],"class_list":["post-11287","post","type-post","status-publish","format-standard","has-post-thumbnail","hentry","category-politique","category-toutes-les-actualites","tag-africa-press","tag-africa-press-guinee","tag-guinee"],"yoast_head":"<!-- This site is optimized with the Yoast SEO Premium plugin v26.1 (Yoast SEO v27.0) - https:\/\/yoast.com\/product\/yoast-seo-premium-wordpress\/ -->\n<title>Dadis Camara : \u00ab c\u2019est mon inexp\u00e9rience et mon entourage qui font que je suis devant ce tribunal \u00bb - guinee Conakry<\/title>\n<meta name=\"robots\" content=\"index, follow, max-snippet:-1, max-image-preview:large, max-video-preview:-1\" \/>\n<link rel=\"canonical\" href=\"https:\/\/www.africa-press.net\/guinee-conakry\/politique\/dadis-camara-cest-mon-inexperience-et-mon-entourage-qui-font-que-je-suis-devant-ce-tribunal\" \/>\n<meta property=\"og:locale\" content=\"fr_FR\" \/>\n<meta property=\"og:type\" content=\"article\" \/>\n<meta property=\"og:title\" content=\"Dadis Camara : \u00ab c\u2019est mon inexp\u00e9rience et mon entourage qui font que je suis devant ce tribunal \u00bb\" \/>\n<meta property=\"og:description\" content=\"Africa-Press &#8211; Guin\u00e9e. Le capitaine Moussa Dadis Camara avoue que \u00ab son inexpe\u0301rience et son entourage \u00bb lui ont fait perdre le pouvoir en 2009. L\u2019ancien chef de la junte militaire en Guine\u0301e (entre 2008 et 2009) est en train d\u2019e\u0302tre interroge\u0301 par les avocats de la partie civile sur le massacre du 28 septembre [&hellip;]\" \/>\n<meta property=\"og:url\" content=\"https:\/\/www.africa-press.net\/guinee-conakry\/politique\/dadis-camara-cest-mon-inexperience-et-mon-entourage-qui-font-que-je-suis-devant-ce-tribunal\" \/>\n<meta property=\"og:site_name\" content=\"guinee Conakry\" \/>\n<meta property=\"article:published_time\" content=\"2023-01-09T19:50:00+00:00\" \/>\n<meta name=\"author\" content=\"cfeditorfr\" \/>\n<meta name=\"twitter:card\" content=\"summary_large_image\" \/>\n<meta name=\"twitter:label1\" content=\"\u00c9crit par\" \/>\n\t<meta name=\"twitter:data1\" content=\"cfeditorfr\" \/>\n\t<meta name=\"twitter:label2\" content=\"Dur\u00e9e de lecture estim\u00e9e\" \/>\n\t<meta name=\"twitter:data2\" content=\"3 minutes\" \/>\n<script type=\"application\/ld+json\" class=\"yoast-schema-graph\">{\"@context\":\"https:\/\/schema.org\",\"@graph\":[{\"@type\":\"Article\",\"@id\":\"https:\/\/www.africa-press.net\/guinee-conakry\/politique\/dadis-camara-cest-mon-inexperience-et-mon-entourage-qui-font-que-je-suis-devant-ce-tribunal#article\",\"isPartOf\":{\"@id\":\"https:\/\/www.africa-press.net\/guinee-conakry\/politique\/dadis-camara-cest-mon-inexperience-et-mon-entourage-qui-font-que-je-suis-devant-ce-tribunal\"},\"author\":{\"name\":\"cfeditorfr\",\"@id\":\"https:\/\/www.africa-press.net\/guinee-conakry\/#\/schema\/person\/2b1cf3cd81a31e3cd26889ca66d677f1\"},\"headline\":\"Dadis Camara : \u00ab c\u2019est mon inexp\u00e9rience et mon entourage qui font que je suis devant ce tribunal \u00bb\",\"datePublished\":\"2023-01-09T19:50:00+00:00\",\"mainEntityOfPage\":{\"@id\":\"https:\/\/www.africa-press.net\/guinee-conakry\/politique\/dadis-camara-cest-mon-inexperience-et-mon-entourage-qui-font-que-je-suis-devant-ce-tribunal\"},\"wordCount\":582,\"commentCount\":0,\"image\":{\"@id\":\"https:\/\/www.africa-press.net\/guinee-conakry\/politique\/dadis-camara-cest-mon-inexperience-et-mon-entourage-qui-font-que-je-suis-devant-ce-tribunal#primaryimage\"},\"thumbnailUrl\":\"https:\/\/static.africa-press.net\/conakry\/sites\/63\/2023\/01\/Jokar1673281230.899693.jpg\",\"keywords\":[\"Africa Press\",\"Africa Press-Guin\u00e9e\",\"Guin\u00e9e\"],\"articleSection\":[\"Politique\",\"Toutes les actualit\u00e9s\"],\"inLanguage\":\"fr-FR\",\"potentialAction\":[{\"@type\":\"CommentAction\",\"name\":\"Comment\",\"target\":[\"https:\/\/www.africa-press.net\/guinee-conakry\/politique\/dadis-camara-cest-mon-inexperience-et-mon-entourage-qui-font-que-je-suis-devant-ce-tribunal#respond\"]}]},{\"@type\":\"WebPage\",\"@id\":\"https:\/\/www.africa-press.net\/guinee-conakry\/politique\/dadis-camara-cest-mon-inexperience-et-mon-entourage-qui-font-que-je-suis-devant-ce-tribunal\",\"url\":\"https:\/\/www.africa-press.net\/guinee-conakry\/politique\/dadis-camara-cest-mon-inexperience-et-mon-entourage-qui-font-que-je-suis-devant-ce-tribunal\",\"name\":\"Dadis Camara : \u00ab c\u2019est mon inexp\u00e9rience et mon entourage qui font que je suis devant ce tribunal \u00bb - guinee Conakry\",\"isPartOf\":{\"@id\":\"https:\/\/www.africa-press.net\/guinee-conakry\/#website\"},\"primaryImageOfPage\":{\"@id\":\"https:\/\/www.africa-press.net\/guinee-conakry\/politique\/dadis-camara-cest-mon-inexperience-et-mon-entourage-qui-font-que-je-suis-devant-ce-tribunal#primaryimage\"},\"image\":{\"@id\":\"https:\/\/www.africa-press.net\/guinee-conakry\/politique\/dadis-camara-cest-mon-inexperience-et-mon-entourage-qui-font-que-je-suis-devant-ce-tribunal#primaryimage\"},\"thumbnailUrl\":\"https:\/\/static.africa-press.net\/conakry\/sites\/63\/2023\/01\/Jokar1673281230.899693.jpg\",\"datePublished\":\"2023-01-09T19:50:00+00:00\",\"author\":{\"@id\":\"https:\/\/www.africa-press.net\/guinee-conakry\/#\/schema\/person\/2b1cf3cd81a31e3cd26889ca66d677f1\"},\"breadcrumb\":{\"@id\":\"https:\/\/www.africa-press.net\/guinee-conakry\/politique\/dadis-camara-cest-mon-inexperience-et-mon-entourage-qui-font-que-je-suis-devant-ce-tribunal#breadcrumb\"},\"inLanguage\":\"fr-FR\",\"potentialAction\":[{\"@type\":\"ReadAction\",\"target\":[\"https:\/\/www.africa-press.net\/guinee-conakry\/politique\/dadis-camara-cest-mon-inexperience-et-mon-entourage-qui-font-que-je-suis-devant-ce-tribunal\"]}]},{\"@type\":\"ImageObject\",\"inLanguage\":\"fr-FR\",\"@id\":\"https:\/\/www.africa-press.net\/guinee-conakry\/politique\/dadis-camara-cest-mon-inexperience-et-mon-entourage-qui-font-que-je-suis-devant-ce-tribunal#primaryimage\",\"url\":\"https:\/\/static.africa-press.net\/conakry\/sites\/63\/2023\/01\/Jokar1673281230.899693.jpg\",\"contentUrl\":\"https:\/\/static.africa-press.net\/conakry\/sites\/63\/2023\/01\/Jokar1673281230.899693.jpg\",\"width\":911,\"height\":720,\"caption\":\"Dadis Camara : \u00ab c\u2019est mon inexp\u00e9rience et mon entourage qui font que je suis devant ce tribunal \u00bb\"},{\"@type\":\"BreadcrumbList\",\"@id\":\"https:\/\/www.africa-press.net\/guinee-conakry\/politique\/dadis-camara-cest-mon-inexperience-et-mon-entourage-qui-font-que-je-suis-devant-ce-tribunal#breadcrumb\",\"itemListElement\":[{\"@type\":\"ListItem\",\"position\":1,\"name\":\"Accueil\",\"item\":\"https:\/\/www.africa-press.net\/guinee-conakry\/\"},{\"@type\":\"ListItem\",\"position\":2,\"name\":\"Dadis Camara : \u00ab c\u2019est mon inexp\u00e9rience et mon entourage qui font que je suis devant ce tribunal \u00bb\"}]},{\"@type\":\"WebSite\",\"@id\":\"https:\/\/www.africa-press.net\/guinee-conakry\/#website\",\"url\":\"https:\/\/www.africa-press.net\/guinee-conakry\/\",\"name\":\"guinee Conakry\",\"description\":\"Just another Africa News Agency Sites site\",\"potentialAction\":[{\"@type\":\"SearchAction\",\"target\":{\"@type\":\"EntryPoint\",\"urlTemplate\":\"https:\/\/www.africa-press.net\/guinee-conakry\/?s={search_term_string}\"},\"query-input\":{\"@type\":\"PropertyValueSpecification\",\"valueRequired\":true,\"valueName\":\"search_term_string\"}}],\"inLanguage\":\"fr-FR\"},{\"@type\":\"Person\",\"@id\":\"https:\/\/www.africa-press.net\/guinee-conakry\/#\/schema\/person\/2b1cf3cd81a31e3cd26889ca66d677f1\",\"name\":\"cfeditorfr\"}]}<\/script>\n<!-- \/ Yoast SEO Premium plugin. -->","yoast_head_json":{"title":"Dadis Camara : \u00ab c\u2019est mon inexp\u00e9rience et mon entourage qui font que je suis devant ce tribunal \u00bb - guinee Conakry","robots":{"index":"index","follow":"follow","max-snippet":"max-snippet:-1","max-image-preview":"max-image-preview:large","max-video-preview":"max-video-preview:-1"},"canonical":"https:\/\/www.africa-press.net\/guinee-conakry\/politique\/dadis-camara-cest-mon-inexperience-et-mon-entourage-qui-font-que-je-suis-devant-ce-tribunal","og_locale":"fr_FR","og_type":"article","og_title":"Dadis Camara : \u00ab c\u2019est mon inexp\u00e9rience et mon entourage qui font que je suis devant ce tribunal \u00bb","og_description":"Africa-Press &#8211; Guin\u00e9e. Le capitaine Moussa Dadis Camara avoue que \u00ab son inexpe\u0301rience et son entourage \u00bb lui ont fait perdre le pouvoir en 2009. L\u2019ancien chef de la junte militaire en Guine\u0301e (entre 2008 et 2009) est en train d\u2019e\u0302tre interroge\u0301 par les avocats de la partie civile sur le massacre du 28 septembre [&hellip;]","og_url":"https:\/\/www.africa-press.net\/guinee-conakry\/politique\/dadis-camara-cest-mon-inexperience-et-mon-entourage-qui-font-que-je-suis-devant-ce-tribunal","og_site_name":"guinee Conakry","article_published_time":"2023-01-09T19:50:00+00:00","author":"cfeditorfr","twitter_card":"summary_large_image","twitter_misc":{"\u00c9crit par":"cfeditorfr","Dur\u00e9e de lecture estim\u00e9e":"3 minutes"},"schema":{"@context":"https:\/\/schema.org","@graph":[{"@type":"Article","@id":"https:\/\/www.africa-press.net\/guinee-conakry\/politique\/dadis-camara-cest-mon-inexperience-et-mon-entourage-qui-font-que-je-suis-devant-ce-tribunal#article","isPartOf":{"@id":"https:\/\/www.africa-press.net\/guinee-conakry\/politique\/dadis-camara-cest-mon-inexperience-et-mon-entourage-qui-font-que-je-suis-devant-ce-tribunal"},"author":{"name":"cfeditorfr","@id":"https:\/\/www.africa-press.net\/guinee-conakry\/#\/schema\/person\/2b1cf3cd81a31e3cd26889ca66d677f1"},"headline":"Dadis Camara : \u00ab c\u2019est mon inexp\u00e9rience et mon entourage qui font que je suis devant ce tribunal \u00bb","datePublished":"2023-01-09T19:50:00+00:00","mainEntityOfPage":{"@id":"https:\/\/www.africa-press.net\/guinee-conakry\/politique\/dadis-camara-cest-mon-inexperience-et-mon-entourage-qui-font-que-je-suis-devant-ce-tribunal"},"wordCount":582,"commentCount":0,"image":{"@id":"https:\/\/www.africa-press.net\/guinee-conakry\/politique\/dadis-camara-cest-mon-inexperience-et-mon-entourage-qui-font-que-je-suis-devant-ce-tribunal#primaryimage"},"thumbnailUrl":"https:\/\/static.africa-press.net\/conakry\/sites\/63\/2023\/01\/Jokar1673281230.899693.jpg","keywords":["Africa Press","Africa Press-Guin\u00e9e","Guin\u00e9e"],"articleSection":["Politique","Toutes les actualit\u00e9s"],"inLanguage":"fr-FR","potentialAction":[{"@type":"CommentAction","name":"Comment","target":["https:\/\/www.africa-press.net\/guinee-conakry\/politique\/dadis-camara-cest-mon-inexperience-et-mon-entourage-qui-font-que-je-suis-devant-ce-tribunal#respond"]}]},{"@type":"WebPage","@id":"https:\/\/www.africa-press.net\/guinee-conakry\/politique\/dadis-camara-cest-mon-inexperience-et-mon-entourage-qui-font-que-je-suis-devant-ce-tribunal","url":"https:\/\/www.africa-press.net\/guinee-conakry\/politique\/dadis-camara-cest-mon-inexperience-et-mon-entourage-qui-font-que-je-suis-devant-ce-tribunal","name":"Dadis Camara : \u00ab c\u2019est mon inexp\u00e9rience et mon entourage qui font que je suis devant ce tribunal \u00bb - guinee Conakry","isPartOf":{"@id":"https:\/\/www.africa-press.net\/guinee-conakry\/#website"},"primaryImageOfPage":{"@id":"https:\/\/www.africa-press.net\/guinee-conakry\/politique\/dadis-camara-cest-mon-inexperience-et-mon-entourage-qui-font-que-je-suis-devant-ce-tribunal#primaryimage"},"image":{"@id":"https:\/\/www.africa-press.net\/guinee-conakry\/politique\/dadis-camara-cest-mon-inexperience-et-mon-entourage-qui-font-que-je-suis-devant-ce-tribunal#primaryimage"},"thumbnailUrl":"https:\/\/static.africa-press.net\/conakry\/sites\/63\/2023\/01\/Jokar1673281230.899693.jpg","datePublished":"2023-01-09T19:50:00+00:00","author":{"@id":"https:\/\/www.africa-press.net\/guinee-conakry\/#\/schema\/person\/2b1cf3cd81a31e3cd26889ca66d677f1"},"breadcrumb":{"@id":"https:\/\/www.africa-press.net\/guinee-conakry\/politique\/dadis-camara-cest-mon-inexperience-et-mon-entourage-qui-font-que-je-suis-devant-ce-tribunal#breadcrumb"},"inLanguage":"fr-FR","potentialAction":[{"@type":"ReadAction","target":["https:\/\/www.africa-press.net\/guinee-conakry\/politique\/dadis-camara-cest-mon-inexperience-et-mon-entourage-qui-font-que-je-suis-devant-ce-tribunal"]}]},{"@type":"ImageObject","inLanguage":"fr-FR","@id":"https:\/\/www.africa-press.net\/guinee-conakry\/politique\/dadis-camara-cest-mon-inexperience-et-mon-entourage-qui-font-que-je-suis-devant-ce-tribunal#primaryimage","url":"https:\/\/static.africa-press.net\/conakry\/sites\/63\/2023\/01\/Jokar1673281230.899693.jpg","contentUrl":"https:\/\/static.africa-press.net\/conakry\/sites\/63\/2023\/01\/Jokar1673281230.899693.jpg","width":911,"height":720,"caption":"Dadis Camara : \u00ab c\u2019est mon inexp\u00e9rience et mon entourage qui font que je suis devant ce tribunal \u00bb"},{"@type":"BreadcrumbList","@id":"https:\/\/www.africa-press.net\/guinee-conakry\/politique\/dadis-camara-cest-mon-inexperience-et-mon-entourage-qui-font-que-je-suis-devant-ce-tribunal#breadcrumb","itemListElement":[{"@type":"ListItem","position":1,"name":"Accueil","item":"https:\/\/www.africa-press.net\/guinee-conakry\/"},{"@type":"ListItem","position":2,"name":"Dadis Camara : \u00ab c\u2019est mon inexp\u00e9rience et mon entourage qui font que je suis devant ce tribunal \u00bb"}]},{"@type":"WebSite","@id":"https:\/\/www.africa-press.net\/guinee-conakry\/#website","url":"https:\/\/www.africa-press.net\/guinee-conakry\/","name":"guinee Conakry","description":"Just another Africa News Agency Sites site","potentialAction":[{"@type":"SearchAction","target":{"@type":"EntryPoint","urlTemplate":"https:\/\/www.africa-press.net\/guinee-conakry\/?s={search_term_string}"},"query-input":{"@type":"PropertyValueSpecification","valueRequired":true,"valueName":"search_term_string"}}],"inLanguage":"fr-FR"},{"@type":"Person","@id":"https:\/\/www.africa-press.net\/guinee-conakry\/#\/schema\/person\/2b1cf3cd81a31e3cd26889ca66d677f1","name":"cfeditorfr"}]}},"_links":{"self":[{"href":"https:\/\/www.africa-press.net\/guinee-conakry\/wp-json\/wp\/v2\/posts\/11287","targetHints":{"allow":["GET"]}}],"collection":[{"href":"https:\/\/www.africa-press.net\/guinee-conakry\/wp-json\/wp\/v2\/posts"}],"about":[{"href":"https:\/\/www.africa-press.net\/guinee-conakry\/wp-json\/wp\/v2\/types\/post"}],"author":[{"embeddable":true,"href":"https:\/\/www.africa-press.net\/guinee-conakry\/wp-json\/wp\/v2\/users\/82"}],"replies":[{"embeddable":true,"href":"https:\/\/www.africa-press.net\/guinee-conakry\/wp-json\/wp\/v2\/comments?post=11287"}],"version-history":[{"count":0,"href":"https:\/\/www.africa-press.net\/guinee-conakry\/wp-json\/wp\/v2\/posts\/11287\/revisions"}],"wp:featuredmedia":[{"embeddable":true,"href":"https:\/\/www.africa-press.net\/guinee-conakry\/wp-json\/wp\/v2\/media\/11286"}],"wp:attachment":[{"href":"https:\/\/www.africa-press.net\/guinee-conakry\/wp-json\/wp\/v2\/media?parent=11287"}],"wp:term":[{"taxonomy":"category","embeddable":true,"href":"https:\/\/www.africa-press.net\/guinee-conakry\/wp-json\/wp\/v2\/categories?post=11287"},{"taxonomy":"post_tag","embeddable":true,"href":"https:\/\/www.africa-press.net\/guinee-conakry\/wp-json\/wp\/v2\/tags?post=11287"}],"curies":[{"name":"wp","href":"https:\/\/api.w.org\/{rel}","templated":true}]}}