{"id":11295,"date":"2023-01-10T19:32:00","date_gmt":"2023-01-10T19:32:00","guid":{"rendered":"https:\/\/www.africa-press.net\/guinee-conakry\/politique\/proces-du-28-septembre-me-lancinet-sylla-recadre-un-dadis-camara-en-colere-a-la-barre"},"modified":"2023-01-10T19:32:00","modified_gmt":"2023-01-10T19:32:00","slug":"proces-du-28-septembre-me-lancinet-sylla-recadre-un-dadis-camara-en-colere-a-la-barre","status":"publish","type":"post","link":"https:\/\/www.africa-press.net\/guinee-conakry\/politique\/proces-du-28-septembre-me-lancinet-sylla-recadre-un-dadis-camara-en-colere-a-la-barre","title":{"rendered":"Proc\u00e8s du 28 septembre : Me Lancinet Sylla \u00ab recadre \u00bb un Dadis Camara en col\u00e8re \u00e0 la barre"},"content":{"rendered":"<p><span style=\"color: #ff6600\"><strong>Africa-Press &#8211; Guin\u00e9e. <\/strong><\/span>Mai\u0302tre Lancinet Sylla, est un des avocats du Commandant Aboubacar Sidiki Diakite\u0301, dit Toumba, a re\u0301agi aux agissements du Capitaine Moussa Dadis Camara ce mardi, 10 janvier 2023, a\u0300 la barre dans le cadre du proce\u0300s du massacre du 28 septembre 2009. Contrairement a\u0300 la journe\u0301e d\u2019hier, l\u2019ancien pre\u0301sident du CNDD n\u2019a pas pu garder sa se\u0301re\u0301nite\u0301 face aux multiples questions des avocats de la partie civile qui veulent lui faire porter la responsabilite\u0301 du massacre. Il a laisse\u0301 e\u0301clater sa cole\u0300re au point que l\u2019audience a e\u0301te\u0301 suspendue.<\/p>\n<p>Au sortir de la salle d\u2019audience apre\u0300s cette suspension, l\u2019un des avocats du commandant Toumba Diakite\u0301, a apporte\u0301 ses commentaires sur cette 8e\u0300me comparution du Capitaine Dadis Camara.<\/p>\n<p>\u00ab Je pense bien qu\u2019il fait la diversion pluto\u0302t que de se de\u0301fendre. C\u2019est lui qui est a\u0300 la barre, qu\u2019il se de\u0301fend des accusations porte\u0301es contre sa personne, qu\u2019il laisse Toumba en paix. Vous l\u2019aviez vu se permettre de dire a\u0300 un avocat de revoir ses cours de droit ? c\u0327a, ce n\u2019est pas l\u2019attitude d\u2019un accuse\u0301, un tel comportement n\u2019est pas du tout appre\u0301ciable de la part d\u2019un avocat. Il faudrait qu\u2019il puisse comprendre qu\u2019il est un accuse\u0301. Vous l\u2019avez vu hier lorsqu\u2019il disait au tribunal que lui, il n\u2019a peur que du tribunal, il n\u2019a peur que du ministe\u0300re public, qu\u2019il n\u2019a pas peur des avocats. De telles attitudes prouvent que M. Dadis ne comprend pas le fonctionnement du tribunal criminel. Parce que c\u2019est une chai\u0302ne. Et, tous les maillons de la chai\u0302ne jouent leur ro\u0302le, les avocats ont un ro\u0302le. En matie\u0300re pe\u0301nale, l\u2019assistance d\u2019avocat criminel est obligatoire.<\/p>\n<p>Il existe tellement de preuves. Des preuves me\u0302mes sont surabondantes dans cette affaire. Vous aviez vu aujourd\u2019hui quelques preuves qui sont sorties par Me Millimouno, il a fait une brillante prestation et le capitaine n\u2019a pas pu se mai\u0302triser, il est sorti de sa re\u0301serve, il s\u2019est mis en cole\u0300re, comme il a l\u2019habitude de le faire. La nature humaine, on ne peut jamais s\u2019en de\u0301barrasser. Il s\u2019est mis a\u0300 crier et finalement sa de\u0301fense, ayant compris qu\u2019il n\u2019est plus a\u0300 me\u0302me de re\u0301pondre aux questions avec se\u0301re\u0301nite\u0301, a demande\u0301 une suspension, la suspension a e\u0301te\u0301 provoque\u0301e \u00bb, a commente\u0301 Me Lancinet Sylla.<\/p>\n<p><strong>Pour plus d&rsquo;informations et d&rsquo;analyses sur la <a href=\"https:\/\/www.africa-press.net\/guinee-conakry\">Guin\u00e9e<\/a>, suivez <a href=\"https:\/\/www.africa-press.net\/\">Africa-Press<\/a><\/strong><\/p>\n","protected":false},"excerpt":{"rendered":"<p>Africa-Press &#8211; Guin\u00e9e. Mai\u0302tre Lancinet Sylla, est un des avocats du Commandant Aboubacar Sidiki Diakite\u0301, dit Toumba, a re\u0301agi aux agissements du Capitaine Moussa Dadis Camara ce mardi, 10 janvier 2023, a\u0300 la barre dans le cadre du proce\u0300s du massacre du 28 septembre 2009. Contrairement a\u0300 la journe\u0301e d\u2019hier, l\u2019ancien pre\u0301sident du CNDD n\u2019a [&hellip;]<\/p>\n","protected":false},"author":82,"featured_media":11294,"comment_status":"open","ping_status":"closed","sticky":false,"template":"","format":"standard","meta":{"footnotes":""},"categories":[2,56,20,10],"tags":[36,57,58],"class_list":["post-11295","post","type-post","status-publish","format-standard","has-post-thumbnail","hentry","category-politique","category-to-homepage","category-top-nouvelles","category-toutes-les-actualites","tag-africa-press","tag-africa-press-guinee","tag-guinee"],"yoast_head":"<!-- This site is optimized with the Yoast SEO Premium plugin v26.1 (Yoast SEO v27.0) - https:\/\/yoast.com\/product\/yoast-seo-premium-wordpress\/ -->\n<title>Proc\u00e8s du 28 septembre : Me Lancinet Sylla \u00ab recadre \u00bb un Dadis Camara en col\u00e8re \u00e0 la barre - guinee Conakry<\/title>\n<meta name=\"robots\" content=\"index, follow, max-snippet:-1, max-image-preview:large, max-video-preview:-1\" \/>\n<link rel=\"canonical\" href=\"https:\/\/www.africa-press.net\/guinee-conakry\/politique\/proces-du-28-septembre-me-lancinet-sylla-recadre-un-dadis-camara-en-colere-a-la-barre\" \/>\n<meta property=\"og:locale\" content=\"fr_FR\" \/>\n<meta property=\"og:type\" content=\"article\" \/>\n<meta property=\"og:title\" content=\"Proc\u00e8s du 28 septembre : Me Lancinet Sylla \u00ab recadre \u00bb un Dadis Camara en col\u00e8re \u00e0 la barre\" \/>\n<meta property=\"og:description\" content=\"Africa-Press &#8211; Guin\u00e9e. Mai\u0302tre Lancinet Sylla, est un des avocats du Commandant Aboubacar Sidiki Diakite\u0301, dit Toumba, a re\u0301agi aux agissements du Capitaine Moussa Dadis Camara ce mardi, 10 janvier 2023, a\u0300 la barre dans le cadre du proce\u0300s du massacre du 28 septembre 2009. Contrairement a\u0300 la journe\u0301e d\u2019hier, l\u2019ancien pre\u0301sident du CNDD n\u2019a [&hellip;]\" \/>\n<meta property=\"og:url\" content=\"https:\/\/www.africa-press.net\/guinee-conakry\/politique\/proces-du-28-septembre-me-lancinet-sylla-recadre-un-dadis-camara-en-colere-a-la-barre\" \/>\n<meta property=\"og:site_name\" content=\"guinee Conakry\" \/>\n<meta property=\"article:published_time\" content=\"2023-01-10T19:32:00+00:00\" \/>\n<meta name=\"author\" content=\"cfeditorfr\" \/>\n<meta name=\"twitter:card\" content=\"summary_large_image\" \/>\n<meta name=\"twitter:label1\" content=\"\u00c9crit par\" \/>\n\t<meta name=\"twitter:data1\" content=\"cfeditorfr\" \/>\n\t<meta name=\"twitter:label2\" content=\"Dur\u00e9e de lecture estim\u00e9e\" \/>\n\t<meta name=\"twitter:data2\" content=\"2 minutes\" \/>\n<script type=\"application\/ld+json\" class=\"yoast-schema-graph\">{\"@context\":\"https:\/\/schema.org\",\"@graph\":[{\"@type\":\"Article\",\"@id\":\"https:\/\/www.africa-press.net\/guinee-conakry\/politique\/proces-du-28-septembre-me-lancinet-sylla-recadre-un-dadis-camara-en-colere-a-la-barre#article\",\"isPartOf\":{\"@id\":\"https:\/\/www.africa-press.net\/guinee-conakry\/politique\/proces-du-28-septembre-me-lancinet-sylla-recadre-un-dadis-camara-en-colere-a-la-barre\"},\"author\":{\"name\":\"cfeditorfr\",\"@id\":\"https:\/\/www.africa-press.net\/guinee-conakry\/#\/schema\/person\/2b1cf3cd81a31e3cd26889ca66d677f1\"},\"headline\":\"Proc\u00e8s du 28 septembre : Me Lancinet Sylla \u00ab recadre \u00bb un Dadis Camara en col\u00e8re \u00e0 la barre\",\"datePublished\":\"2023-01-10T19:32:00+00:00\",\"mainEntityOfPage\":{\"@id\":\"https:\/\/www.africa-press.net\/guinee-conakry\/politique\/proces-du-28-septembre-me-lancinet-sylla-recadre-un-dadis-camara-en-colere-a-la-barre\"},\"wordCount\":470,\"commentCount\":0,\"image\":{\"@id\":\"https:\/\/www.africa-press.net\/guinee-conakry\/politique\/proces-du-28-septembre-me-lancinet-sylla-recadre-un-dadis-camara-en-colere-a-la-barre#primaryimage\"},\"thumbnailUrl\":\"https:\/\/static.africa-press.net\/conakry\/sites\/63\/2023\/01\/Jokar1673366572.264368.jpg\",\"keywords\":[\"Africa Press\",\"Africa Press-Guin\u00e9e\",\"Guin\u00e9e\"],\"articleSection\":[\"Politique\",\"to-homepage\",\"Top Nouvelles\",\"Toutes les actualit\u00e9s\"],\"inLanguage\":\"fr-FR\",\"potentialAction\":[{\"@type\":\"CommentAction\",\"name\":\"Comment\",\"target\":[\"https:\/\/www.africa-press.net\/guinee-conakry\/politique\/proces-du-28-septembre-me-lancinet-sylla-recadre-un-dadis-camara-en-colere-a-la-barre#respond\"]}]},{\"@type\":\"WebPage\",\"@id\":\"https:\/\/www.africa-press.net\/guinee-conakry\/politique\/proces-du-28-septembre-me-lancinet-sylla-recadre-un-dadis-camara-en-colere-a-la-barre\",\"url\":\"https:\/\/www.africa-press.net\/guinee-conakry\/politique\/proces-du-28-septembre-me-lancinet-sylla-recadre-un-dadis-camara-en-colere-a-la-barre\",\"name\":\"Proc\u00e8s du 28 septembre : Me Lancinet Sylla \u00ab recadre \u00bb un Dadis Camara en col\u00e8re \u00e0 la barre - guinee Conakry\",\"isPartOf\":{\"@id\":\"https:\/\/www.africa-press.net\/guinee-conakry\/#website\"},\"primaryImageOfPage\":{\"@id\":\"https:\/\/www.africa-press.net\/guinee-conakry\/politique\/proces-du-28-septembre-me-lancinet-sylla-recadre-un-dadis-camara-en-colere-a-la-barre#primaryimage\"},\"image\":{\"@id\":\"https:\/\/www.africa-press.net\/guinee-conakry\/politique\/proces-du-28-septembre-me-lancinet-sylla-recadre-un-dadis-camara-en-colere-a-la-barre#primaryimage\"},\"thumbnailUrl\":\"https:\/\/static.africa-press.net\/conakry\/sites\/63\/2023\/01\/Jokar1673366572.264368.jpg\",\"datePublished\":\"2023-01-10T19:32:00+00:00\",\"author\":{\"@id\":\"https:\/\/www.africa-press.net\/guinee-conakry\/#\/schema\/person\/2b1cf3cd81a31e3cd26889ca66d677f1\"},\"breadcrumb\":{\"@id\":\"https:\/\/www.africa-press.net\/guinee-conakry\/politique\/proces-du-28-septembre-me-lancinet-sylla-recadre-un-dadis-camara-en-colere-a-la-barre#breadcrumb\"},\"inLanguage\":\"fr-FR\",\"potentialAction\":[{\"@type\":\"ReadAction\",\"target\":[\"https:\/\/www.africa-press.net\/guinee-conakry\/politique\/proces-du-28-septembre-me-lancinet-sylla-recadre-un-dadis-camara-en-colere-a-la-barre\"]}]},{\"@type\":\"ImageObject\",\"inLanguage\":\"fr-FR\",\"@id\":\"https:\/\/www.africa-press.net\/guinee-conakry\/politique\/proces-du-28-septembre-me-lancinet-sylla-recadre-un-dadis-camara-en-colere-a-la-barre#primaryimage\",\"url\":\"https:\/\/static.africa-press.net\/conakry\/sites\/63\/2023\/01\/Jokar1673366572.264368.jpg\",\"contentUrl\":\"https:\/\/static.africa-press.net\/conakry\/sites\/63\/2023\/01\/Jokar1673366572.264368.jpg\",\"width\":449,\"height\":450,\"caption\":\"Proc\u00e8s du 28 septembre : Me Lancinet Sylla \u00ab recadre \u00bb un Dadis Camara en col\u00e8re \u00e0 la barre\"},{\"@type\":\"BreadcrumbList\",\"@id\":\"https:\/\/www.africa-press.net\/guinee-conakry\/politique\/proces-du-28-septembre-me-lancinet-sylla-recadre-un-dadis-camara-en-colere-a-la-barre#breadcrumb\",\"itemListElement\":[{\"@type\":\"ListItem\",\"position\":1,\"name\":\"Accueil\",\"item\":\"https:\/\/www.africa-press.net\/guinee-conakry\/\"},{\"@type\":\"ListItem\",\"position\":2,\"name\":\"Proc\u00e8s du 28 septembre : Me Lancinet Sylla \u00ab recadre \u00bb un Dadis Camara en col\u00e8re \u00e0 la barre\"}]},{\"@type\":\"WebSite\",\"@id\":\"https:\/\/www.africa-press.net\/guinee-conakry\/#website\",\"url\":\"https:\/\/www.africa-press.net\/guinee-conakry\/\",\"name\":\"guinee Conakry\",\"description\":\"Just another Africa News Agency Sites site\",\"potentialAction\":[{\"@type\":\"SearchAction\",\"target\":{\"@type\":\"EntryPoint\",\"urlTemplate\":\"https:\/\/www.africa-press.net\/guinee-conakry\/?s={search_term_string}\"},\"query-input\":{\"@type\":\"PropertyValueSpecification\",\"valueRequired\":true,\"valueName\":\"search_term_string\"}}],\"inLanguage\":\"fr-FR\"},{\"@type\":\"Person\",\"@id\":\"https:\/\/www.africa-press.net\/guinee-conakry\/#\/schema\/person\/2b1cf3cd81a31e3cd26889ca66d677f1\",\"name\":\"cfeditorfr\"}]}<\/script>\n<!-- \/ Yoast SEO Premium plugin. -->","yoast_head_json":{"title":"Proc\u00e8s du 28 septembre : Me Lancinet Sylla \u00ab recadre \u00bb un Dadis Camara en col\u00e8re \u00e0 la barre - guinee Conakry","robots":{"index":"index","follow":"follow","max-snippet":"max-snippet:-1","max-image-preview":"max-image-preview:large","max-video-preview":"max-video-preview:-1"},"canonical":"https:\/\/www.africa-press.net\/guinee-conakry\/politique\/proces-du-28-septembre-me-lancinet-sylla-recadre-un-dadis-camara-en-colere-a-la-barre","og_locale":"fr_FR","og_type":"article","og_title":"Proc\u00e8s du 28 septembre : Me Lancinet Sylla \u00ab recadre \u00bb un Dadis Camara en col\u00e8re \u00e0 la barre","og_description":"Africa-Press &#8211; Guin\u00e9e. Mai\u0302tre Lancinet Sylla, est un des avocats du Commandant Aboubacar Sidiki Diakite\u0301, dit Toumba, a re\u0301agi aux agissements du Capitaine Moussa Dadis Camara ce mardi, 10 janvier 2023, a\u0300 la barre dans le cadre du proce\u0300s du massacre du 28 septembre 2009. Contrairement a\u0300 la journe\u0301e d\u2019hier, l\u2019ancien pre\u0301sident du CNDD n\u2019a [&hellip;]","og_url":"https:\/\/www.africa-press.net\/guinee-conakry\/politique\/proces-du-28-septembre-me-lancinet-sylla-recadre-un-dadis-camara-en-colere-a-la-barre","og_site_name":"guinee Conakry","article_published_time":"2023-01-10T19:32:00+00:00","author":"cfeditorfr","twitter_card":"summary_large_image","twitter_misc":{"\u00c9crit par":"cfeditorfr","Dur\u00e9e de lecture estim\u00e9e":"2 minutes"},"schema":{"@context":"https:\/\/schema.org","@graph":[{"@type":"Article","@id":"https:\/\/www.africa-press.net\/guinee-conakry\/politique\/proces-du-28-septembre-me-lancinet-sylla-recadre-un-dadis-camara-en-colere-a-la-barre#article","isPartOf":{"@id":"https:\/\/www.africa-press.net\/guinee-conakry\/politique\/proces-du-28-septembre-me-lancinet-sylla-recadre-un-dadis-camara-en-colere-a-la-barre"},"author":{"name":"cfeditorfr","@id":"https:\/\/www.africa-press.net\/guinee-conakry\/#\/schema\/person\/2b1cf3cd81a31e3cd26889ca66d677f1"},"headline":"Proc\u00e8s du 28 septembre : Me Lancinet Sylla \u00ab recadre \u00bb un Dadis Camara en col\u00e8re \u00e0 la barre","datePublished":"2023-01-10T19:32:00+00:00","mainEntityOfPage":{"@id":"https:\/\/www.africa-press.net\/guinee-conakry\/politique\/proces-du-28-septembre-me-lancinet-sylla-recadre-un-dadis-camara-en-colere-a-la-barre"},"wordCount":470,"commentCount":0,"image":{"@id":"https:\/\/www.africa-press.net\/guinee-conakry\/politique\/proces-du-28-septembre-me-lancinet-sylla-recadre-un-dadis-camara-en-colere-a-la-barre#primaryimage"},"thumbnailUrl":"https:\/\/static.africa-press.net\/conakry\/sites\/63\/2023\/01\/Jokar1673366572.264368.jpg","keywords":["Africa Press","Africa Press-Guin\u00e9e","Guin\u00e9e"],"articleSection":["Politique","to-homepage","Top Nouvelles","Toutes les actualit\u00e9s"],"inLanguage":"fr-FR","potentialAction":[{"@type":"CommentAction","name":"Comment","target":["https:\/\/www.africa-press.net\/guinee-conakry\/politique\/proces-du-28-septembre-me-lancinet-sylla-recadre-un-dadis-camara-en-colere-a-la-barre#respond"]}]},{"@type":"WebPage","@id":"https:\/\/www.africa-press.net\/guinee-conakry\/politique\/proces-du-28-septembre-me-lancinet-sylla-recadre-un-dadis-camara-en-colere-a-la-barre","url":"https:\/\/www.africa-press.net\/guinee-conakry\/politique\/proces-du-28-septembre-me-lancinet-sylla-recadre-un-dadis-camara-en-colere-a-la-barre","name":"Proc\u00e8s du 28 septembre : Me Lancinet Sylla \u00ab recadre \u00bb un Dadis Camara en col\u00e8re \u00e0 la barre - guinee Conakry","isPartOf":{"@id":"https:\/\/www.africa-press.net\/guinee-conakry\/#website"},"primaryImageOfPage":{"@id":"https:\/\/www.africa-press.net\/guinee-conakry\/politique\/proces-du-28-septembre-me-lancinet-sylla-recadre-un-dadis-camara-en-colere-a-la-barre#primaryimage"},"image":{"@id":"https:\/\/www.africa-press.net\/guinee-conakry\/politique\/proces-du-28-septembre-me-lancinet-sylla-recadre-un-dadis-camara-en-colere-a-la-barre#primaryimage"},"thumbnailUrl":"https:\/\/static.africa-press.net\/conakry\/sites\/63\/2023\/01\/Jokar1673366572.264368.jpg","datePublished":"2023-01-10T19:32:00+00:00","author":{"@id":"https:\/\/www.africa-press.net\/guinee-conakry\/#\/schema\/person\/2b1cf3cd81a31e3cd26889ca66d677f1"},"breadcrumb":{"@id":"https:\/\/www.africa-press.net\/guinee-conakry\/politique\/proces-du-28-septembre-me-lancinet-sylla-recadre-un-dadis-camara-en-colere-a-la-barre#breadcrumb"},"inLanguage":"fr-FR","potentialAction":[{"@type":"ReadAction","target":["https:\/\/www.africa-press.net\/guinee-conakry\/politique\/proces-du-28-septembre-me-lancinet-sylla-recadre-un-dadis-camara-en-colere-a-la-barre"]}]},{"@type":"ImageObject","inLanguage":"fr-FR","@id":"https:\/\/www.africa-press.net\/guinee-conakry\/politique\/proces-du-28-septembre-me-lancinet-sylla-recadre-un-dadis-camara-en-colere-a-la-barre#primaryimage","url":"https:\/\/static.africa-press.net\/conakry\/sites\/63\/2023\/01\/Jokar1673366572.264368.jpg","contentUrl":"https:\/\/static.africa-press.net\/conakry\/sites\/63\/2023\/01\/Jokar1673366572.264368.jpg","width":449,"height":450,"caption":"Proc\u00e8s du 28 septembre : Me Lancinet Sylla \u00ab recadre \u00bb un Dadis Camara en col\u00e8re \u00e0 la barre"},{"@type":"BreadcrumbList","@id":"https:\/\/www.africa-press.net\/guinee-conakry\/politique\/proces-du-28-septembre-me-lancinet-sylla-recadre-un-dadis-camara-en-colere-a-la-barre#breadcrumb","itemListElement":[{"@type":"ListItem","position":1,"name":"Accueil","item":"https:\/\/www.africa-press.net\/guinee-conakry\/"},{"@type":"ListItem","position":2,"name":"Proc\u00e8s du 28 septembre : Me Lancinet Sylla \u00ab recadre \u00bb un Dadis Camara en col\u00e8re \u00e0 la barre"}]},{"@type":"WebSite","@id":"https:\/\/www.africa-press.net\/guinee-conakry\/#website","url":"https:\/\/www.africa-press.net\/guinee-conakry\/","name":"guinee Conakry","description":"Just another Africa News Agency Sites site","potentialAction":[{"@type":"SearchAction","target":{"@type":"EntryPoint","urlTemplate":"https:\/\/www.africa-press.net\/guinee-conakry\/?s={search_term_string}"},"query-input":{"@type":"PropertyValueSpecification","valueRequired":true,"valueName":"search_term_string"}}],"inLanguage":"fr-FR"},{"@type":"Person","@id":"https:\/\/www.africa-press.net\/guinee-conakry\/#\/schema\/person\/2b1cf3cd81a31e3cd26889ca66d677f1","name":"cfeditorfr"}]}},"_links":{"self":[{"href":"https:\/\/www.africa-press.net\/guinee-conakry\/wp-json\/wp\/v2\/posts\/11295","targetHints":{"allow":["GET"]}}],"collection":[{"href":"https:\/\/www.africa-press.net\/guinee-conakry\/wp-json\/wp\/v2\/posts"}],"about":[{"href":"https:\/\/www.africa-press.net\/guinee-conakry\/wp-json\/wp\/v2\/types\/post"}],"author":[{"embeddable":true,"href":"https:\/\/www.africa-press.net\/guinee-conakry\/wp-json\/wp\/v2\/users\/82"}],"replies":[{"embeddable":true,"href":"https:\/\/www.africa-press.net\/guinee-conakry\/wp-json\/wp\/v2\/comments?post=11295"}],"version-history":[{"count":0,"href":"https:\/\/www.africa-press.net\/guinee-conakry\/wp-json\/wp\/v2\/posts\/11295\/revisions"}],"wp:featuredmedia":[{"embeddable":true,"href":"https:\/\/www.africa-press.net\/guinee-conakry\/wp-json\/wp\/v2\/media\/11294"}],"wp:attachment":[{"href":"https:\/\/www.africa-press.net\/guinee-conakry\/wp-json\/wp\/v2\/media?parent=11295"}],"wp:term":[{"taxonomy":"category","embeddable":true,"href":"https:\/\/www.africa-press.net\/guinee-conakry\/wp-json\/wp\/v2\/categories?post=11295"},{"taxonomy":"post_tag","embeddable":true,"href":"https:\/\/www.africa-press.net\/guinee-conakry\/wp-json\/wp\/v2\/tags?post=11295"}],"curies":[{"name":"wp","href":"https:\/\/api.w.org\/{rel}","templated":true}]}}