{"id":11297,"date":"2023-01-10T19:37:00","date_gmt":"2023-01-10T19:37:00","guid":{"rendered":"https:\/\/www.africa-press.net\/guinee-conakry\/politique\/affaire-oye-guilavogui-la-cour-supreme-rabat-le-delibere-et-renvoie-le-dossier-au-24-janvier-pour-la-reouverture-des-debats"},"modified":"2023-01-10T19:37:00","modified_gmt":"2023-01-10T19:37:00","slug":"affaire-oye-guilavogui-la-cour-supreme-rabat-le-delibere-et-renvoie-le-dossier-au-24-janvier-pour-la-reouverture-des-debats","status":"publish","type":"post","link":"https:\/\/www.africa-press.net\/guinee-conakry\/politique\/affaire-oye-guilavogui-la-cour-supreme-rabat-le-delibere-et-renvoie-le-dossier-au-24-janvier-pour-la-reouverture-des-debats","title":{"rendered":"Affaire Oy\u00e9 Guilavogui : la Cour supr\u00eame rabat le d\u00e9lib\u00e9r\u00e9 et renvoie le dossier au 24 janvier pour la r\u00e9ouverture des d\u00e9bats"},"content":{"rendered":"<p><span style=\"color: #ff6600\"><strong>Africa-Press &#8211; Guin\u00e9e. <\/strong><\/span>L\u2019ancien Ministre de l\u2019Environnement, des Eaux et Fore\u0302ts, Dr Oye\u0301 Guilavogui devait e\u0302tre fixe\u0301 sur son sort ce mardi, 10 janvier 2023, a\u0300 la Cour supre\u0302me par rapport a\u0300 sa demande de mise en liberte\u0301. Mais la Cour supre\u0302me a de\u0301cide\u0301 de rabattre le de\u0301libe\u0301re\u0301 au 24 janvier, tout en ordonnant la re\u0301ouverture des de\u0301bats dans cette affaire. Motif invoque\u0301 ? Il y a une nouvelle composition de la Cour Supre\u0302me.<\/p>\n<p>Dr Oye\u0301 Guilavogui, ancien ministre des transports sous le re\u0301gime d\u2019Alpha Conde\u0301 est poursuivi dans cette affaire devant la Cour de re\u0301pression des infractions e\u0301conomiques et financie\u0300res (CRIEF) pour des faits pre\u0301sume\u0301s de de\u0301tournement de deniers publics, enrichissement illicite, blanchiment d\u2019argent et corruption d\u2019agents publics.<\/p>\n<p>La chambre de contro\u0302le de l\u2019instruction de la CRIEF avait pris une ordonnance de placement sous contro\u0302le judiciaire en faveur du pre\u0301venu ; mais le parquet, qui n\u2019e\u0301tait d\u2019accord avec cette ordonnance, s\u2019est pourvu en cassation devant la Cour supre\u0302me. Au terme des de\u0301bats devant la chambre pe\u0301nale de la Cour supre\u0302me, cette affaire avait e\u0301te\u0301 mise en de\u0301libe\u0301re\u0301 pour de\u0301cision e\u0302tre prise ce mardi, 10 janvier 2023.<\/p>\n<p>Mais la Cour Supre\u0302me en a de\u0301cide\u0301 autrement, en rabattant le de\u0301libe\u0301re\u0301. Elle a ordonne\u0301 de rouvrir les de\u0301bats et renvoye\u0301 le dossier au 24 janvier prochain. Selon la Cour, qui dit e\u0302tre a\u0300 la croise\u0301e des chemins, les raisons de la reprise des de\u0301bats sont lie\u0301es a\u0300 la nouvelle composition de la Cour.<\/p>\n<p>Une situation pas du gou\u0302t de mai\u0302tre Salifou Be\u0301avogui, avocat du pre\u0301venu. \u00ab Je me sens abattu, je me sens triste, je me sens se\u0301rieusement effondre\u0301, touche\u0301 dans l\u2019a\u0302me, lorsque des innocents continuent a\u0300 croupir en prison et que tre\u0300s malheureusement, la justice qui est le dernier rempart a\u0300 mon avis, tarde a\u0300 prendre une de\u0301cision n\u2019importe laquelle. Il faut que le droit soit dit. Il faut qu\u2019on avance. Aujourd\u2019hui, mon client monsieur Oye\u0301 Guilavogui est victime de son destin. Ce n\u2019est pas parce qu\u2019il a commis des infractions qu\u2019on lui reproche, c\u2019est parce tout simplement le rapport de force ne milite pas en sa faveur. C\u2019est parce que tout simplement aujourd\u2019hui, la situation a change\u0301. C\u2019est parce que tout simplement, il est reste\u0301 pre\u0300s de onze ans, un des fide\u0300les du re\u0301gime de\u0301funt&#8230; Sinon, voila\u0300 9 mois et quelques jours, aucune preuve n\u2019a e\u0301te\u0301 administre\u0301e dans le dossier de la proce\u0301dure qui atteste qu\u2019il a de\u0301tourne\u0301 un seul centime de l\u2019argent appartenant a\u0300 l\u2019Etat. On se contente simplement des proclamations, des affirmations et des re\u0301fe\u0301rences. On nous dit tout simplement qu\u2019il a ge\u0301re\u0301 telle entreprise ou telle entreprise pendant qu\u2019il e\u0301tait ministre, il a ge\u0301re\u0301 tel de\u0301partement, mais c\u0327a ne suffit pas. Ce n\u2019est pas un crime c\u0327a. Ge\u0301rer un de\u0301partement n\u2019est pas un crime. Il n\u2019y a aucune preuve, aucun rapport d\u2019enque\u0302te, aucun d\u2019audit qui vient e\u0301tablir une quelconque de\u0301faillance dans sa gestion, absolument rien. Malheureusement, on continue a\u0300 le garder en prison. On peut me\u0302me croire que c\u2019est pour des raisons politiques parce qu\u2019il e\u0301tait un des militants du RPG \u00bb, a lance\u0301 Me Salifou Be\u0301avogui.<\/p>\n<p>Plus loin, Me Salifou Be\u0301avogui accuse la Cour supre\u0302me de n\u2019avoir pas voulu prononcer son arre\u0302t dans cette affaire mise en de\u0301libe\u0301re\u0301 depuis pre\u0300s d\u2019un mois. \u00ab Nous sommes a\u0300 la Cour supre\u0302me. Depuis deux mois, nous ne faisons que tourner et retourner, rien. Un dossier qui a e\u0301te\u0301 de\u0301battu et mis en de\u0301libe\u0301re\u0301. Le jour du de\u0301libe\u0301re\u0301, de\u0301libe\u0301re\u0301 proroge\u0301, une deuxie\u0300me fois, de\u0301libe\u0301re\u0301 proroge\u0301 et aujourd\u2019hui encore on rabat le de\u0301libe\u0301re\u0301 et on ouvre de nouveau les de\u0301bats dans ce dossier. C\u2019est pour gagner en temps, c\u2019est pour continuer a\u0300 le garder en prison. Pour moi, le de\u0301libe\u0301re\u0301 aurait pu e\u0302tre vide\u0301, et la vie continue. Parce qu\u2019a\u0300 mon avis, le changement dans la composition n\u2019e\u0301tait que pour les dossiers qui n\u2019ont pas e\u0301te\u0301 appele\u0301s, les dossiers qui n\u2019ont pas e\u0301te\u0301 de\u0301battus, ce sont ces dossiers qui devaient attendre que la nouvelle composition prenne fonction pour rede\u0301marrer les nouveaux dossiers. Mais des anciens dossiers qui e\u0301taient de\u0301ja\u0300 de\u0301battus et mis en de\u0301libe\u0301re\u0301 pendant pre\u0300s d\u2019un mois, mais une chose reste claire : a\u0300 l\u2019impossible, nul n\u2019est tenu. Nous souffrons dans tous les sens, pour de\u0301fendre la justice, pour de\u0301fendre la liberte\u0301, mon client a un moral d\u2019acier. Il est tranquille. Il met ce parcours la\u0300 au compte du destin. Et c\u2019est pour vous dire que moi qui suis son avocat, pas plus qu\u2019aujourd\u2019hui, j\u2019ai introduit une reque\u0302te devant la CRIEF et je suis su\u0302r que cette reque\u0302te devant la CRIEF va prospe\u0301rer \u00bb, marte\u0300le-t-il.<\/p>\n<p><strong>Pour plus d&rsquo;informations et d&rsquo;analyses sur la <a href=\"https:\/\/www.africa-press.net\/guinee-conakry\">Guin\u00e9e<\/a>, suivez <a href=\"https:\/\/www.africa-press.net\/\">Africa-Press<\/a><\/strong><\/p>\n","protected":false},"excerpt":{"rendered":"<p>Africa-Press &#8211; Guin\u00e9e. L\u2019ancien Ministre de l\u2019Environnement, des Eaux et Fore\u0302ts, Dr Oye\u0301 Guilavogui devait e\u0302tre fixe\u0301 sur son sort ce mardi, 10 janvier 2023, a\u0300 la Cour supre\u0302me par rapport a\u0300 sa demande de mise en liberte\u0301. Mais la Cour supre\u0302me a de\u0301cide\u0301 de rabattre le de\u0301libe\u0301re\u0301 au 24 janvier, tout en ordonnant la [&hellip;]<\/p>\n","protected":false},"author":82,"featured_media":11296,"comment_status":"open","ping_status":"closed","sticky":false,"template":"","format":"standard","meta":{"footnotes":""},"categories":[2,10],"tags":[36,57,58],"class_list":["post-11297","post","type-post","status-publish","format-standard","has-post-thumbnail","hentry","category-politique","category-toutes-les-actualites","tag-africa-press","tag-africa-press-guinee","tag-guinee"],"yoast_head":"<!-- This site is optimized with the Yoast SEO Premium plugin v26.1 (Yoast SEO v27.0) - https:\/\/yoast.com\/product\/yoast-seo-premium-wordpress\/ -->\n<title>Affaire Oy\u00e9 Guilavogui : la Cour supr\u00eame rabat le d\u00e9lib\u00e9r\u00e9 et renvoie le dossier au 24 janvier pour la r\u00e9ouverture des d\u00e9bats - guinee Conakry<\/title>\n<meta name=\"robots\" content=\"index, follow, max-snippet:-1, max-image-preview:large, max-video-preview:-1\" \/>\n<link rel=\"canonical\" href=\"https:\/\/www.africa-press.net\/guinee-conakry\/politique\/affaire-oye-guilavogui-la-cour-supreme-rabat-le-delibere-et-renvoie-le-dossier-au-24-janvier-pour-la-reouverture-des-debats\" \/>\n<meta property=\"og:locale\" content=\"fr_FR\" \/>\n<meta property=\"og:type\" content=\"article\" \/>\n<meta property=\"og:title\" content=\"Affaire Oy\u00e9 Guilavogui : la Cour supr\u00eame rabat le d\u00e9lib\u00e9r\u00e9 et renvoie le dossier au 24 janvier pour la r\u00e9ouverture des d\u00e9bats\" \/>\n<meta property=\"og:description\" content=\"Africa-Press &#8211; Guin\u00e9e. L\u2019ancien Ministre de l\u2019Environnement, des Eaux et Fore\u0302ts, Dr Oye\u0301 Guilavogui devait e\u0302tre fixe\u0301 sur son sort ce mardi, 10 janvier 2023, a\u0300 la Cour supre\u0302me par rapport a\u0300 sa demande de mise en liberte\u0301. Mais la Cour supre\u0302me a de\u0301cide\u0301 de rabattre le de\u0301libe\u0301re\u0301 au 24 janvier, tout en ordonnant la [&hellip;]\" \/>\n<meta property=\"og:url\" content=\"https:\/\/www.africa-press.net\/guinee-conakry\/politique\/affaire-oye-guilavogui-la-cour-supreme-rabat-le-delibere-et-renvoie-le-dossier-au-24-janvier-pour-la-reouverture-des-debats\" \/>\n<meta property=\"og:site_name\" content=\"guinee Conakry\" \/>\n<meta property=\"article:published_time\" content=\"2023-01-10T19:37:00+00:00\" \/>\n<meta name=\"author\" content=\"cfeditorfr\" \/>\n<meta name=\"twitter:card\" content=\"summary_large_image\" \/>\n<meta name=\"twitter:label1\" content=\"\u00c9crit par\" \/>\n\t<meta name=\"twitter:data1\" content=\"cfeditorfr\" \/>\n\t<meta name=\"twitter:label2\" content=\"Dur\u00e9e de lecture estim\u00e9e\" \/>\n\t<meta name=\"twitter:data2\" content=\"5 minutes\" \/>\n<script type=\"application\/ld+json\" class=\"yoast-schema-graph\">{\"@context\":\"https:\/\/schema.org\",\"@graph\":[{\"@type\":\"Article\",\"@id\":\"https:\/\/www.africa-press.net\/guinee-conakry\/politique\/affaire-oye-guilavogui-la-cour-supreme-rabat-le-delibere-et-renvoie-le-dossier-au-24-janvier-pour-la-reouverture-des-debats#article\",\"isPartOf\":{\"@id\":\"https:\/\/www.africa-press.net\/guinee-conakry\/politique\/affaire-oye-guilavogui-la-cour-supreme-rabat-le-delibere-et-renvoie-le-dossier-au-24-janvier-pour-la-reouverture-des-debats\"},\"author\":{\"name\":\"cfeditorfr\",\"@id\":\"https:\/\/www.africa-press.net\/guinee-conakry\/#\/schema\/person\/2b1cf3cd81a31e3cd26889ca66d677f1\"},\"headline\":\"Affaire Oy\u00e9 Guilavogui : la Cour supr\u00eame rabat le d\u00e9lib\u00e9r\u00e9 et renvoie le dossier au 24 janvier pour la r\u00e9ouverture des d\u00e9bats\",\"datePublished\":\"2023-01-10T19:37:00+00:00\",\"mainEntityOfPage\":{\"@id\":\"https:\/\/www.africa-press.net\/guinee-conakry\/politique\/affaire-oye-guilavogui-la-cour-supreme-rabat-le-delibere-et-renvoie-le-dossier-au-24-janvier-pour-la-reouverture-des-debats\"},\"wordCount\":944,\"commentCount\":0,\"image\":{\"@id\":\"https:\/\/www.africa-press.net\/guinee-conakry\/politique\/affaire-oye-guilavogui-la-cour-supreme-rabat-le-delibere-et-renvoie-le-dossier-au-24-janvier-pour-la-reouverture-des-debats#primaryimage\"},\"thumbnailUrl\":\"https:\/\/static.africa-press.net\/conakry\/sites\/63\/2023\/01\/Jokar1673366855.729954.jpg\",\"keywords\":[\"Africa Press\",\"Africa Press-Guin\u00e9e\",\"Guin\u00e9e\"],\"articleSection\":[\"Politique\",\"Toutes les actualit\u00e9s\"],\"inLanguage\":\"fr-FR\",\"potentialAction\":[{\"@type\":\"CommentAction\",\"name\":\"Comment\",\"target\":[\"https:\/\/www.africa-press.net\/guinee-conakry\/politique\/affaire-oye-guilavogui-la-cour-supreme-rabat-le-delibere-et-renvoie-le-dossier-au-24-janvier-pour-la-reouverture-des-debats#respond\"]}]},{\"@type\":\"WebPage\",\"@id\":\"https:\/\/www.africa-press.net\/guinee-conakry\/politique\/affaire-oye-guilavogui-la-cour-supreme-rabat-le-delibere-et-renvoie-le-dossier-au-24-janvier-pour-la-reouverture-des-debats\",\"url\":\"https:\/\/www.africa-press.net\/guinee-conakry\/politique\/affaire-oye-guilavogui-la-cour-supreme-rabat-le-delibere-et-renvoie-le-dossier-au-24-janvier-pour-la-reouverture-des-debats\",\"name\":\"Affaire Oy\u00e9 Guilavogui : la Cour supr\u00eame rabat le d\u00e9lib\u00e9r\u00e9 et renvoie le dossier au 24 janvier pour la r\u00e9ouverture des d\u00e9bats - guinee Conakry\",\"isPartOf\":{\"@id\":\"https:\/\/www.africa-press.net\/guinee-conakry\/#website\"},\"primaryImageOfPage\":{\"@id\":\"https:\/\/www.africa-press.net\/guinee-conakry\/politique\/affaire-oye-guilavogui-la-cour-supreme-rabat-le-delibere-et-renvoie-le-dossier-au-24-janvier-pour-la-reouverture-des-debats#primaryimage\"},\"image\":{\"@id\":\"https:\/\/www.africa-press.net\/guinee-conakry\/politique\/affaire-oye-guilavogui-la-cour-supreme-rabat-le-delibere-et-renvoie-le-dossier-au-24-janvier-pour-la-reouverture-des-debats#primaryimage\"},\"thumbnailUrl\":\"https:\/\/static.africa-press.net\/conakry\/sites\/63\/2023\/01\/Jokar1673366855.729954.jpg\",\"datePublished\":\"2023-01-10T19:37:00+00:00\",\"author\":{\"@id\":\"https:\/\/www.africa-press.net\/guinee-conakry\/#\/schema\/person\/2b1cf3cd81a31e3cd26889ca66d677f1\"},\"breadcrumb\":{\"@id\":\"https:\/\/www.africa-press.net\/guinee-conakry\/politique\/affaire-oye-guilavogui-la-cour-supreme-rabat-le-delibere-et-renvoie-le-dossier-au-24-janvier-pour-la-reouverture-des-debats#breadcrumb\"},\"inLanguage\":\"fr-FR\",\"potentialAction\":[{\"@type\":\"ReadAction\",\"target\":[\"https:\/\/www.africa-press.net\/guinee-conakry\/politique\/affaire-oye-guilavogui-la-cour-supreme-rabat-le-delibere-et-renvoie-le-dossier-au-24-janvier-pour-la-reouverture-des-debats\"]}]},{\"@type\":\"ImageObject\",\"inLanguage\":\"fr-FR\",\"@id\":\"https:\/\/www.africa-press.net\/guinee-conakry\/politique\/affaire-oye-guilavogui-la-cour-supreme-rabat-le-delibere-et-renvoie-le-dossier-au-24-janvier-pour-la-reouverture-des-debats#primaryimage\",\"url\":\"https:\/\/static.africa-press.net\/conakry\/sites\/63\/2023\/01\/Jokar1673366855.729954.jpg\",\"contentUrl\":\"https:\/\/static.africa-press.net\/conakry\/sites\/63\/2023\/01\/Jokar1673366855.729954.jpg\",\"width\":595,\"height\":800,\"caption\":\"Affaire Oy\u00e9 Guilavogui : la Cour supr\u00eame rabat le d\u00e9lib\u00e9r\u00e9 et renvoie le dossier au 24 janvier pour la r\u00e9ouverture des d\u00e9bats\"},{\"@type\":\"BreadcrumbList\",\"@id\":\"https:\/\/www.africa-press.net\/guinee-conakry\/politique\/affaire-oye-guilavogui-la-cour-supreme-rabat-le-delibere-et-renvoie-le-dossier-au-24-janvier-pour-la-reouverture-des-debats#breadcrumb\",\"itemListElement\":[{\"@type\":\"ListItem\",\"position\":1,\"name\":\"Accueil\",\"item\":\"https:\/\/www.africa-press.net\/guinee-conakry\/\"},{\"@type\":\"ListItem\",\"position\":2,\"name\":\"Affaire Oy\u00e9 Guilavogui : la Cour supr\u00eame rabat le d\u00e9lib\u00e9r\u00e9 et renvoie le dossier au 24 janvier pour la r\u00e9ouverture des d\u00e9bats\"}]},{\"@type\":\"WebSite\",\"@id\":\"https:\/\/www.africa-press.net\/guinee-conakry\/#website\",\"url\":\"https:\/\/www.africa-press.net\/guinee-conakry\/\",\"name\":\"guinee Conakry\",\"description\":\"Just another Africa News Agency Sites site\",\"potentialAction\":[{\"@type\":\"SearchAction\",\"target\":{\"@type\":\"EntryPoint\",\"urlTemplate\":\"https:\/\/www.africa-press.net\/guinee-conakry\/?s={search_term_string}\"},\"query-input\":{\"@type\":\"PropertyValueSpecification\",\"valueRequired\":true,\"valueName\":\"search_term_string\"}}],\"inLanguage\":\"fr-FR\"},{\"@type\":\"Person\",\"@id\":\"https:\/\/www.africa-press.net\/guinee-conakry\/#\/schema\/person\/2b1cf3cd81a31e3cd26889ca66d677f1\",\"name\":\"cfeditorfr\"}]}<\/script>\n<!-- \/ Yoast SEO Premium plugin. -->","yoast_head_json":{"title":"Affaire Oy\u00e9 Guilavogui : la Cour supr\u00eame rabat le d\u00e9lib\u00e9r\u00e9 et renvoie le dossier au 24 janvier pour la r\u00e9ouverture des d\u00e9bats - guinee Conakry","robots":{"index":"index","follow":"follow","max-snippet":"max-snippet:-1","max-image-preview":"max-image-preview:large","max-video-preview":"max-video-preview:-1"},"canonical":"https:\/\/www.africa-press.net\/guinee-conakry\/politique\/affaire-oye-guilavogui-la-cour-supreme-rabat-le-delibere-et-renvoie-le-dossier-au-24-janvier-pour-la-reouverture-des-debats","og_locale":"fr_FR","og_type":"article","og_title":"Affaire Oy\u00e9 Guilavogui : la Cour supr\u00eame rabat le d\u00e9lib\u00e9r\u00e9 et renvoie le dossier au 24 janvier pour la r\u00e9ouverture des d\u00e9bats","og_description":"Africa-Press &#8211; Guin\u00e9e. L\u2019ancien Ministre de l\u2019Environnement, des Eaux et Fore\u0302ts, Dr Oye\u0301 Guilavogui devait e\u0302tre fixe\u0301 sur son sort ce mardi, 10 janvier 2023, a\u0300 la Cour supre\u0302me par rapport a\u0300 sa demande de mise en liberte\u0301. Mais la Cour supre\u0302me a de\u0301cide\u0301 de rabattre le de\u0301libe\u0301re\u0301 au 24 janvier, tout en ordonnant la [&hellip;]","og_url":"https:\/\/www.africa-press.net\/guinee-conakry\/politique\/affaire-oye-guilavogui-la-cour-supreme-rabat-le-delibere-et-renvoie-le-dossier-au-24-janvier-pour-la-reouverture-des-debats","og_site_name":"guinee Conakry","article_published_time":"2023-01-10T19:37:00+00:00","author":"cfeditorfr","twitter_card":"summary_large_image","twitter_misc":{"\u00c9crit par":"cfeditorfr","Dur\u00e9e de lecture estim\u00e9e":"5 minutes"},"schema":{"@context":"https:\/\/schema.org","@graph":[{"@type":"Article","@id":"https:\/\/www.africa-press.net\/guinee-conakry\/politique\/affaire-oye-guilavogui-la-cour-supreme-rabat-le-delibere-et-renvoie-le-dossier-au-24-janvier-pour-la-reouverture-des-debats#article","isPartOf":{"@id":"https:\/\/www.africa-press.net\/guinee-conakry\/politique\/affaire-oye-guilavogui-la-cour-supreme-rabat-le-delibere-et-renvoie-le-dossier-au-24-janvier-pour-la-reouverture-des-debats"},"author":{"name":"cfeditorfr","@id":"https:\/\/www.africa-press.net\/guinee-conakry\/#\/schema\/person\/2b1cf3cd81a31e3cd26889ca66d677f1"},"headline":"Affaire Oy\u00e9 Guilavogui : la Cour supr\u00eame rabat le d\u00e9lib\u00e9r\u00e9 et renvoie le dossier au 24 janvier pour la r\u00e9ouverture des d\u00e9bats","datePublished":"2023-01-10T19:37:00+00:00","mainEntityOfPage":{"@id":"https:\/\/www.africa-press.net\/guinee-conakry\/politique\/affaire-oye-guilavogui-la-cour-supreme-rabat-le-delibere-et-renvoie-le-dossier-au-24-janvier-pour-la-reouverture-des-debats"},"wordCount":944,"commentCount":0,"image":{"@id":"https:\/\/www.africa-press.net\/guinee-conakry\/politique\/affaire-oye-guilavogui-la-cour-supreme-rabat-le-delibere-et-renvoie-le-dossier-au-24-janvier-pour-la-reouverture-des-debats#primaryimage"},"thumbnailUrl":"https:\/\/static.africa-press.net\/conakry\/sites\/63\/2023\/01\/Jokar1673366855.729954.jpg","keywords":["Africa Press","Africa Press-Guin\u00e9e","Guin\u00e9e"],"articleSection":["Politique","Toutes les actualit\u00e9s"],"inLanguage":"fr-FR","potentialAction":[{"@type":"CommentAction","name":"Comment","target":["https:\/\/www.africa-press.net\/guinee-conakry\/politique\/affaire-oye-guilavogui-la-cour-supreme-rabat-le-delibere-et-renvoie-le-dossier-au-24-janvier-pour-la-reouverture-des-debats#respond"]}]},{"@type":"WebPage","@id":"https:\/\/www.africa-press.net\/guinee-conakry\/politique\/affaire-oye-guilavogui-la-cour-supreme-rabat-le-delibere-et-renvoie-le-dossier-au-24-janvier-pour-la-reouverture-des-debats","url":"https:\/\/www.africa-press.net\/guinee-conakry\/politique\/affaire-oye-guilavogui-la-cour-supreme-rabat-le-delibere-et-renvoie-le-dossier-au-24-janvier-pour-la-reouverture-des-debats","name":"Affaire Oy\u00e9 Guilavogui : la Cour supr\u00eame rabat le d\u00e9lib\u00e9r\u00e9 et renvoie le dossier au 24 janvier pour la r\u00e9ouverture des d\u00e9bats - guinee Conakry","isPartOf":{"@id":"https:\/\/www.africa-press.net\/guinee-conakry\/#website"},"primaryImageOfPage":{"@id":"https:\/\/www.africa-press.net\/guinee-conakry\/politique\/affaire-oye-guilavogui-la-cour-supreme-rabat-le-delibere-et-renvoie-le-dossier-au-24-janvier-pour-la-reouverture-des-debats#primaryimage"},"image":{"@id":"https:\/\/www.africa-press.net\/guinee-conakry\/politique\/affaire-oye-guilavogui-la-cour-supreme-rabat-le-delibere-et-renvoie-le-dossier-au-24-janvier-pour-la-reouverture-des-debats#primaryimage"},"thumbnailUrl":"https:\/\/static.africa-press.net\/conakry\/sites\/63\/2023\/01\/Jokar1673366855.729954.jpg","datePublished":"2023-01-10T19:37:00+00:00","author":{"@id":"https:\/\/www.africa-press.net\/guinee-conakry\/#\/schema\/person\/2b1cf3cd81a31e3cd26889ca66d677f1"},"breadcrumb":{"@id":"https:\/\/www.africa-press.net\/guinee-conakry\/politique\/affaire-oye-guilavogui-la-cour-supreme-rabat-le-delibere-et-renvoie-le-dossier-au-24-janvier-pour-la-reouverture-des-debats#breadcrumb"},"inLanguage":"fr-FR","potentialAction":[{"@type":"ReadAction","target":["https:\/\/www.africa-press.net\/guinee-conakry\/politique\/affaire-oye-guilavogui-la-cour-supreme-rabat-le-delibere-et-renvoie-le-dossier-au-24-janvier-pour-la-reouverture-des-debats"]}]},{"@type":"ImageObject","inLanguage":"fr-FR","@id":"https:\/\/www.africa-press.net\/guinee-conakry\/politique\/affaire-oye-guilavogui-la-cour-supreme-rabat-le-delibere-et-renvoie-le-dossier-au-24-janvier-pour-la-reouverture-des-debats#primaryimage","url":"https:\/\/static.africa-press.net\/conakry\/sites\/63\/2023\/01\/Jokar1673366855.729954.jpg","contentUrl":"https:\/\/static.africa-press.net\/conakry\/sites\/63\/2023\/01\/Jokar1673366855.729954.jpg","width":595,"height":800,"caption":"Affaire Oy\u00e9 Guilavogui : la Cour supr\u00eame rabat le d\u00e9lib\u00e9r\u00e9 et renvoie le dossier au 24 janvier pour la r\u00e9ouverture des d\u00e9bats"},{"@type":"BreadcrumbList","@id":"https:\/\/www.africa-press.net\/guinee-conakry\/politique\/affaire-oye-guilavogui-la-cour-supreme-rabat-le-delibere-et-renvoie-le-dossier-au-24-janvier-pour-la-reouverture-des-debats#breadcrumb","itemListElement":[{"@type":"ListItem","position":1,"name":"Accueil","item":"https:\/\/www.africa-press.net\/guinee-conakry\/"},{"@type":"ListItem","position":2,"name":"Affaire Oy\u00e9 Guilavogui : la Cour supr\u00eame rabat le d\u00e9lib\u00e9r\u00e9 et renvoie le dossier au 24 janvier pour la r\u00e9ouverture des d\u00e9bats"}]},{"@type":"WebSite","@id":"https:\/\/www.africa-press.net\/guinee-conakry\/#website","url":"https:\/\/www.africa-press.net\/guinee-conakry\/","name":"guinee Conakry","description":"Just another Africa News Agency Sites site","potentialAction":[{"@type":"SearchAction","target":{"@type":"EntryPoint","urlTemplate":"https:\/\/www.africa-press.net\/guinee-conakry\/?s={search_term_string}"},"query-input":{"@type":"PropertyValueSpecification","valueRequired":true,"valueName":"search_term_string"}}],"inLanguage":"fr-FR"},{"@type":"Person","@id":"https:\/\/www.africa-press.net\/guinee-conakry\/#\/schema\/person\/2b1cf3cd81a31e3cd26889ca66d677f1","name":"cfeditorfr"}]}},"_links":{"self":[{"href":"https:\/\/www.africa-press.net\/guinee-conakry\/wp-json\/wp\/v2\/posts\/11297","targetHints":{"allow":["GET"]}}],"collection":[{"href":"https:\/\/www.africa-press.net\/guinee-conakry\/wp-json\/wp\/v2\/posts"}],"about":[{"href":"https:\/\/www.africa-press.net\/guinee-conakry\/wp-json\/wp\/v2\/types\/post"}],"author":[{"embeddable":true,"href":"https:\/\/www.africa-press.net\/guinee-conakry\/wp-json\/wp\/v2\/users\/82"}],"replies":[{"embeddable":true,"href":"https:\/\/www.africa-press.net\/guinee-conakry\/wp-json\/wp\/v2\/comments?post=11297"}],"version-history":[{"count":0,"href":"https:\/\/www.africa-press.net\/guinee-conakry\/wp-json\/wp\/v2\/posts\/11297\/revisions"}],"wp:featuredmedia":[{"embeddable":true,"href":"https:\/\/www.africa-press.net\/guinee-conakry\/wp-json\/wp\/v2\/media\/11296"}],"wp:attachment":[{"href":"https:\/\/www.africa-press.net\/guinee-conakry\/wp-json\/wp\/v2\/media?parent=11297"}],"wp:term":[{"taxonomy":"category","embeddable":true,"href":"https:\/\/www.africa-press.net\/guinee-conakry\/wp-json\/wp\/v2\/categories?post=11297"},{"taxonomy":"post_tag","embeddable":true,"href":"https:\/\/www.africa-press.net\/guinee-conakry\/wp-json\/wp\/v2\/tags?post=11297"}],"curies":[{"name":"wp","href":"https:\/\/api.w.org\/{rel}","templated":true}]}}