{"id":11309,"date":"2023-01-10T20:15:00","date_gmt":"2023-01-10T20:15:00","guid":{"rendered":"https:\/\/www.africa-press.net\/guinee-conakry\/politique\/dadis-camara-ceux-qui-sont-alles-au-stade-du-28-septembre-sont-alles-pour-leurs-objectifs"},"modified":"2023-01-10T20:15:00","modified_gmt":"2023-01-10T20:15:00","slug":"dadis-camara-ceux-qui-sont-alles-au-stade-du-28-septembre-sont-alles-pour-leurs-objectifs","status":"publish","type":"post","link":"https:\/\/www.africa-press.net\/guinee-conakry\/politique\/dadis-camara-ceux-qui-sont-alles-au-stade-du-28-septembre-sont-alles-pour-leurs-objectifs","title":{"rendered":"Dadis Camara : \u00ab Ceux qui sont all\u00e9s au stade (du 28 septembre) sont all\u00e9s pour leurs objectifs \u00bb"},"content":{"rendered":"<p><span style=\"color: #ff6600\"><strong>Africa-Press &#8211; Guin\u00e9e. <\/strong><\/span>Le proce\u0300s du massacre du 28 septembre 2009 se poursuit ce mardi, 10 janvier 2022, devant le Tribunal criminel de Dixinn, de\u0301localise\u0301 a\u0300 la Cour d\u2019appel de Conakry. C\u2019est le capitaine Moussa Dadis Camara, pre\u0301sident de la transition au moment des faits, qui est toujours a\u0300 la barre pour s\u2019expliquer sur ce qui lui est reproche\u0301 dans cette affaire. En re\u0301pondant aux questions de Me Halimatou Camara, avocate de la partie civile, l\u2019accuse\u0301 a de\u0301cline\u0301 encore une fois toute responsabilite\u0301 dans ces crimes.<\/p>\n<p>Selon lui, les agents des forces de de\u0301fense et de se\u0301curite\u0301 qui se sont rendus au stade pour commettre ces exactions, y sont alle\u0301s pour avec leurs propres objectifs.<\/p>\n<p><b> ci-dessous leur e\u0301change :<\/b><\/p>\n<p><b>Me Halimatou Camara :<\/b> Apre\u0300s le massacre, quel sort a e\u0301te\u0301 re\u0301serve\u0301 aux leaders politiques ?<\/p>\n<p><b>Moussa Dadis Camara :<\/b> J\u2019estime que cela e\u0301tait du ressort du ministe\u0300re de la sante\u0301. Ce que je sais, c\u2019est que les blesse\u0301s e\u0301taient en se\u0301curite\u0301 a\u0300 Donka. Les blesse\u0301s n\u2019ont pas eu de proble\u0300mes, contrairement a\u0300 ce que vous pouvez croire. Le ministre de la sante\u0301 est venu, j\u2019ai fait ce que je devais faire. Ce qui e\u0301tait important ce jour, il fallait prendre toutes les dispositions ne\u0301cessaires par rapport aux leaders politiques et sur le cas des blesse\u0301s. Alors, ce qui s\u2019est passe\u0301 au stade, c\u2019est inde\u0301pendamment de ma volonte\u0301.<\/p>\n<p><b>Me Halimatou Camara :<\/b> Je veux comprendre quelle a e\u0301te\u0301 votre motivation d\u2019avoir envie ce jour-la\u0300 de vous rendre personnellement au stade, alors que vous-me\u0302me vous dites qu\u2019a\u0300 la veille, il y a eu un communique\u0301 demandant a\u0300 tous les hommes en uniforme de rester dans les casernes. Pourquoi vous-me\u0302me, le jour du massacre du 28 septembre, vous aviez entrave\u0301 ce mot d\u2019ordre ?<\/p>\n<p><b>Moussa Dadis Camara :<\/b> Ce n\u2019e\u0301tait pas dans le sens d\u2019entraver comme vous pouvez le comprendre. Un chef d\u2019E\u0301tat, lorsqu\u2019il est question de faire la paix, je pense que c\u2019est un des ro\u0302les principaux. Lorsque je vois ma population se faire massacrer, si j\u2019ai la possibilite\u0301 d\u2019aller vers cette population, rien ne peut m\u2019empe\u0302cher de le faire. Si je l\u2019ai fait, chose qui n\u2019a pas abouti, j\u2019estime que ce n\u2019est pas un acte condamnable.<\/p>\n<p><b>Me Halimatou Camara :<\/b> Les hommes en uniforme qui sont alle\u0301s au stade du 28 septembre ont donc suivi votre exemple parce ce que vous avez voulu vous y rendre ?<\/p>\n<p><b>Moussa Dadis Camara :<\/b> Ceux qui sont alle\u0301s au stade, sont alle\u0301s pour leurs objectifs. Je n\u2019ai instruit personne, aucun militaire, a\u0300 se de\u0301placer ce jour en direction du stade du 28 septembre.<\/p>\n<p><b>Me Halimatou Camara :<\/b> Il y a eu 157 personnes tue\u0301es, des femmes viole\u0301es, la vie de nombreuses personnes bouleverse\u0301e. Vous, en tant que pre\u0301sident de la Re\u0301publique a\u0300 l\u2019e\u0301poque, vous n\u2019avez aucune culpabilite\u0301 par rapport a\u0300 c\u0327a ?<\/p>\n<p><b>Moussa Dadis Camara :<\/b> J\u2019ai e\u0301te\u0301 clair : si des gens sont partis sans mes instructions, pour ne pas dire que c\u0327a n\u2019engage qu\u2019eux, tant mieux pour eux.<\/p>\n<p><b>Me Halimatou Camara :<\/b> Avec l\u2019aide, l\u2019apport, la collaboration de votre ministre de la de\u0301fense de l\u2019e\u0301poque, est-ce que vous avez mene\u0301 des enque\u0302tes pour savoir quels types d\u2019armes avaient e\u0301te\u0301 utilise\u0301s au stade ?<\/p>\n<p><b>Moussa Dadis Camara :<\/b> Au moment ou\u0300 les faits se sont produits, et lorsqu\u2019on parlait de be\u0301rets rouges de la garde pre\u0301sidentielle, c\u2019est le cas des morts qui e\u0301tait plus pre\u0301occupant, et ensuite celui des blesse\u0301s.<\/p>\n<p><b>Me Halimatou Camara :<\/b> Dans quelle mesure le cas des morts et des blesse\u0301s e\u0301tait pre\u0301occupant ? Parce que nous sommes la\u0300 pour les morts et les blesse\u0301s, nous sommes la\u0300 pour rendre justice.<\/p>\n<p><b>Moussa Dadis Camara :<\/b> Imaginez, lorsqu\u2019on tue sauvagement des e\u0302tres humains, c\u2019est pre\u0301occupant pour quelqu\u2019un qui est a\u0300 la te\u0302te d\u2019une nation. Vous ne pouvez me\u0302me pas dormir, vous e\u0302tes hors de vous-me\u0302me.<\/p>\n<p><b>Me Halimatou Camara :<\/b> Pour la manifestation de la ve\u0301rite\u0301, est-ce qu\u2019il n\u2019e\u0301tait pas utile de savoir si les armes utilise\u0301es contre les manifestants a\u0300 l\u2019e\u0301poque e\u0301taient des armes de dotation de notre arme\u0301e ?<\/p>\n<p><b>Moussa Dadis Camara :<\/b> C\u2019est le ro\u0302le du de\u0301partement de la se\u0301curite\u0301. Quand il y a eu cette situation, c\u2019est le de\u0301partement de la se\u0301curite\u0301 qui doit s\u2019en charger.<\/p>\n<p><strong>Pour plus d&rsquo;informations et d&rsquo;analyses sur la <a href=\"https:\/\/www.africa-press.net\/guinee-conakry\">Guin\u00e9e<\/a>, suivez <a href=\"https:\/\/www.africa-press.net\/\">Africa-Press<\/a><\/strong><\/p>\n","protected":false},"excerpt":{"rendered":"<p>Africa-Press &#8211; Guin\u00e9e. Le proce\u0300s du massacre du 28 septembre 2009 se poursuit ce mardi, 10 janvier 2022, devant le Tribunal criminel de Dixinn, de\u0301localise\u0301 a\u0300 la Cour d\u2019appel de Conakry. C\u2019est le capitaine Moussa Dadis Camara, pre\u0301sident de la transition au moment des faits, qui est toujours a\u0300 la barre pour s\u2019expliquer sur ce [&hellip;]<\/p>\n","protected":false},"author":82,"featured_media":11308,"comment_status":"open","ping_status":"closed","sticky":false,"template":"","format":"standard","meta":{"footnotes":""},"categories":[2,10],"tags":[36,57,58],"class_list":["post-11309","post","type-post","status-publish","format-standard","has-post-thumbnail","hentry","category-politique","category-toutes-les-actualites","tag-africa-press","tag-africa-press-guinee","tag-guinee"],"yoast_head":"<!-- This site is optimized with the Yoast SEO Premium plugin v26.1 (Yoast SEO v27.0) - https:\/\/yoast.com\/product\/yoast-seo-premium-wordpress\/ -->\n<title>Dadis Camara : \u00ab Ceux qui sont all\u00e9s au stade (du 28 septembre) sont all\u00e9s pour leurs objectifs \u00bb - guinee Conakry<\/title>\n<meta name=\"robots\" content=\"index, follow, max-snippet:-1, max-image-preview:large, max-video-preview:-1\" \/>\n<link rel=\"canonical\" href=\"https:\/\/www.africa-press.net\/guinee-conakry\/politique\/dadis-camara-ceux-qui-sont-alles-au-stade-du-28-septembre-sont-alles-pour-leurs-objectifs\" \/>\n<meta property=\"og:locale\" content=\"fr_FR\" \/>\n<meta property=\"og:type\" content=\"article\" \/>\n<meta property=\"og:title\" content=\"Dadis Camara : \u00ab Ceux qui sont all\u00e9s au stade (du 28 septembre) sont all\u00e9s pour leurs objectifs \u00bb\" \/>\n<meta property=\"og:description\" content=\"Africa-Press &#8211; Guin\u00e9e. Le proce\u0300s du massacre du 28 septembre 2009 se poursuit ce mardi, 10 janvier 2022, devant le Tribunal criminel de Dixinn, de\u0301localise\u0301 a\u0300 la Cour d\u2019appel de Conakry. C\u2019est le capitaine Moussa Dadis Camara, pre\u0301sident de la transition au moment des faits, qui est toujours a\u0300 la barre pour s\u2019expliquer sur ce [&hellip;]\" \/>\n<meta property=\"og:url\" content=\"https:\/\/www.africa-press.net\/guinee-conakry\/politique\/dadis-camara-ceux-qui-sont-alles-au-stade-du-28-septembre-sont-alles-pour-leurs-objectifs\" \/>\n<meta property=\"og:site_name\" content=\"guinee Conakry\" \/>\n<meta property=\"article:published_time\" content=\"2023-01-10T20:15:00+00:00\" \/>\n<meta name=\"author\" content=\"cfeditorfr\" \/>\n<meta name=\"twitter:card\" content=\"summary_large_image\" \/>\n<meta name=\"twitter:label1\" content=\"\u00c9crit par\" \/>\n\t<meta name=\"twitter:data1\" content=\"cfeditorfr\" \/>\n\t<meta name=\"twitter:label2\" content=\"Dur\u00e9e de lecture estim\u00e9e\" \/>\n\t<meta name=\"twitter:data2\" content=\"4 minutes\" \/>\n<script type=\"application\/ld+json\" class=\"yoast-schema-graph\">{\"@context\":\"https:\/\/schema.org\",\"@graph\":[{\"@type\":\"Article\",\"@id\":\"https:\/\/www.africa-press.net\/guinee-conakry\/politique\/dadis-camara-ceux-qui-sont-alles-au-stade-du-28-septembre-sont-alles-pour-leurs-objectifs#article\",\"isPartOf\":{\"@id\":\"https:\/\/www.africa-press.net\/guinee-conakry\/politique\/dadis-camara-ceux-qui-sont-alles-au-stade-du-28-septembre-sont-alles-pour-leurs-objectifs\"},\"author\":{\"name\":\"cfeditorfr\",\"@id\":\"https:\/\/www.africa-press.net\/guinee-conakry\/#\/schema\/person\/2b1cf3cd81a31e3cd26889ca66d677f1\"},\"headline\":\"Dadis Camara : \u00ab Ceux qui sont all\u00e9s au stade (du 28 septembre) sont all\u00e9s pour leurs objectifs \u00bb\",\"datePublished\":\"2023-01-10T20:15:00+00:00\",\"mainEntityOfPage\":{\"@id\":\"https:\/\/www.africa-press.net\/guinee-conakry\/politique\/dadis-camara-ceux-qui-sont-alles-au-stade-du-28-septembre-sont-alles-pour-leurs-objectifs\"},\"wordCount\":819,\"commentCount\":0,\"image\":{\"@id\":\"https:\/\/www.africa-press.net\/guinee-conakry\/politique\/dadis-camara-ceux-qui-sont-alles-au-stade-du-28-septembre-sont-alles-pour-leurs-objectifs#primaryimage\"},\"thumbnailUrl\":\"https:\/\/static.africa-press.net\/conakry\/sites\/63\/2023\/01\/Jokar1673369108.467227.jpg\",\"keywords\":[\"Africa Press\",\"Africa Press-Guin\u00e9e\",\"Guin\u00e9e\"],\"articleSection\":[\"Politique\",\"Toutes les actualit\u00e9s\"],\"inLanguage\":\"fr-FR\",\"potentialAction\":[{\"@type\":\"CommentAction\",\"name\":\"Comment\",\"target\":[\"https:\/\/www.africa-press.net\/guinee-conakry\/politique\/dadis-camara-ceux-qui-sont-alles-au-stade-du-28-septembre-sont-alles-pour-leurs-objectifs#respond\"]}]},{\"@type\":\"WebPage\",\"@id\":\"https:\/\/www.africa-press.net\/guinee-conakry\/politique\/dadis-camara-ceux-qui-sont-alles-au-stade-du-28-septembre-sont-alles-pour-leurs-objectifs\",\"url\":\"https:\/\/www.africa-press.net\/guinee-conakry\/politique\/dadis-camara-ceux-qui-sont-alles-au-stade-du-28-septembre-sont-alles-pour-leurs-objectifs\",\"name\":\"Dadis Camara : \u00ab Ceux qui sont all\u00e9s au stade (du 28 septembre) sont all\u00e9s pour leurs objectifs \u00bb - guinee Conakry\",\"isPartOf\":{\"@id\":\"https:\/\/www.africa-press.net\/guinee-conakry\/#website\"},\"primaryImageOfPage\":{\"@id\":\"https:\/\/www.africa-press.net\/guinee-conakry\/politique\/dadis-camara-ceux-qui-sont-alles-au-stade-du-28-septembre-sont-alles-pour-leurs-objectifs#primaryimage\"},\"image\":{\"@id\":\"https:\/\/www.africa-press.net\/guinee-conakry\/politique\/dadis-camara-ceux-qui-sont-alles-au-stade-du-28-septembre-sont-alles-pour-leurs-objectifs#primaryimage\"},\"thumbnailUrl\":\"https:\/\/static.africa-press.net\/conakry\/sites\/63\/2023\/01\/Jokar1673369108.467227.jpg\",\"datePublished\":\"2023-01-10T20:15:00+00:00\",\"author\":{\"@id\":\"https:\/\/www.africa-press.net\/guinee-conakry\/#\/schema\/person\/2b1cf3cd81a31e3cd26889ca66d677f1\"},\"breadcrumb\":{\"@id\":\"https:\/\/www.africa-press.net\/guinee-conakry\/politique\/dadis-camara-ceux-qui-sont-alles-au-stade-du-28-septembre-sont-alles-pour-leurs-objectifs#breadcrumb\"},\"inLanguage\":\"fr-FR\",\"potentialAction\":[{\"@type\":\"ReadAction\",\"target\":[\"https:\/\/www.africa-press.net\/guinee-conakry\/politique\/dadis-camara-ceux-qui-sont-alles-au-stade-du-28-septembre-sont-alles-pour-leurs-objectifs\"]}]},{\"@type\":\"ImageObject\",\"inLanguage\":\"fr-FR\",\"@id\":\"https:\/\/www.africa-press.net\/guinee-conakry\/politique\/dadis-camara-ceux-qui-sont-alles-au-stade-du-28-septembre-sont-alles-pour-leurs-objectifs#primaryimage\",\"url\":\"https:\/\/static.africa-press.net\/conakry\/sites\/63\/2023\/01\/Jokar1673369108.467227.jpg\",\"contentUrl\":\"https:\/\/static.africa-press.net\/conakry\/sites\/63\/2023\/01\/Jokar1673369108.467227.jpg\",\"width\":821,\"height\":700,\"caption\":\"Dadis Camara : \u00ab Ceux qui sont all\u00e9s au stade (du 28 septembre) sont all\u00e9s pour leurs objectifs \u00bb\"},{\"@type\":\"BreadcrumbList\",\"@id\":\"https:\/\/www.africa-press.net\/guinee-conakry\/politique\/dadis-camara-ceux-qui-sont-alles-au-stade-du-28-septembre-sont-alles-pour-leurs-objectifs#breadcrumb\",\"itemListElement\":[{\"@type\":\"ListItem\",\"position\":1,\"name\":\"Accueil\",\"item\":\"https:\/\/www.africa-press.net\/guinee-conakry\/\"},{\"@type\":\"ListItem\",\"position\":2,\"name\":\"Dadis Camara : \u00ab Ceux qui sont all\u00e9s au stade (du 28 septembre) sont all\u00e9s pour leurs objectifs \u00bb\"}]},{\"@type\":\"WebSite\",\"@id\":\"https:\/\/www.africa-press.net\/guinee-conakry\/#website\",\"url\":\"https:\/\/www.africa-press.net\/guinee-conakry\/\",\"name\":\"guinee Conakry\",\"description\":\"Just another Africa News Agency Sites site\",\"potentialAction\":[{\"@type\":\"SearchAction\",\"target\":{\"@type\":\"EntryPoint\",\"urlTemplate\":\"https:\/\/www.africa-press.net\/guinee-conakry\/?s={search_term_string}\"},\"query-input\":{\"@type\":\"PropertyValueSpecification\",\"valueRequired\":true,\"valueName\":\"search_term_string\"}}],\"inLanguage\":\"fr-FR\"},{\"@type\":\"Person\",\"@id\":\"https:\/\/www.africa-press.net\/guinee-conakry\/#\/schema\/person\/2b1cf3cd81a31e3cd26889ca66d677f1\",\"name\":\"cfeditorfr\"}]}<\/script>\n<!-- \/ Yoast SEO Premium plugin. -->","yoast_head_json":{"title":"Dadis Camara : \u00ab Ceux qui sont all\u00e9s au stade (du 28 septembre) sont all\u00e9s pour leurs objectifs \u00bb - guinee Conakry","robots":{"index":"index","follow":"follow","max-snippet":"max-snippet:-1","max-image-preview":"max-image-preview:large","max-video-preview":"max-video-preview:-1"},"canonical":"https:\/\/www.africa-press.net\/guinee-conakry\/politique\/dadis-camara-ceux-qui-sont-alles-au-stade-du-28-septembre-sont-alles-pour-leurs-objectifs","og_locale":"fr_FR","og_type":"article","og_title":"Dadis Camara : \u00ab Ceux qui sont all\u00e9s au stade (du 28 septembre) sont all\u00e9s pour leurs objectifs \u00bb","og_description":"Africa-Press &#8211; Guin\u00e9e. Le proce\u0300s du massacre du 28 septembre 2009 se poursuit ce mardi, 10 janvier 2022, devant le Tribunal criminel de Dixinn, de\u0301localise\u0301 a\u0300 la Cour d\u2019appel de Conakry. C\u2019est le capitaine Moussa Dadis Camara, pre\u0301sident de la transition au moment des faits, qui est toujours a\u0300 la barre pour s\u2019expliquer sur ce [&hellip;]","og_url":"https:\/\/www.africa-press.net\/guinee-conakry\/politique\/dadis-camara-ceux-qui-sont-alles-au-stade-du-28-septembre-sont-alles-pour-leurs-objectifs","og_site_name":"guinee Conakry","article_published_time":"2023-01-10T20:15:00+00:00","author":"cfeditorfr","twitter_card":"summary_large_image","twitter_misc":{"\u00c9crit par":"cfeditorfr","Dur\u00e9e de lecture estim\u00e9e":"4 minutes"},"schema":{"@context":"https:\/\/schema.org","@graph":[{"@type":"Article","@id":"https:\/\/www.africa-press.net\/guinee-conakry\/politique\/dadis-camara-ceux-qui-sont-alles-au-stade-du-28-septembre-sont-alles-pour-leurs-objectifs#article","isPartOf":{"@id":"https:\/\/www.africa-press.net\/guinee-conakry\/politique\/dadis-camara-ceux-qui-sont-alles-au-stade-du-28-septembre-sont-alles-pour-leurs-objectifs"},"author":{"name":"cfeditorfr","@id":"https:\/\/www.africa-press.net\/guinee-conakry\/#\/schema\/person\/2b1cf3cd81a31e3cd26889ca66d677f1"},"headline":"Dadis Camara : \u00ab Ceux qui sont all\u00e9s au stade (du 28 septembre) sont all\u00e9s pour leurs objectifs \u00bb","datePublished":"2023-01-10T20:15:00+00:00","mainEntityOfPage":{"@id":"https:\/\/www.africa-press.net\/guinee-conakry\/politique\/dadis-camara-ceux-qui-sont-alles-au-stade-du-28-septembre-sont-alles-pour-leurs-objectifs"},"wordCount":819,"commentCount":0,"image":{"@id":"https:\/\/www.africa-press.net\/guinee-conakry\/politique\/dadis-camara-ceux-qui-sont-alles-au-stade-du-28-septembre-sont-alles-pour-leurs-objectifs#primaryimage"},"thumbnailUrl":"https:\/\/static.africa-press.net\/conakry\/sites\/63\/2023\/01\/Jokar1673369108.467227.jpg","keywords":["Africa Press","Africa Press-Guin\u00e9e","Guin\u00e9e"],"articleSection":["Politique","Toutes les actualit\u00e9s"],"inLanguage":"fr-FR","potentialAction":[{"@type":"CommentAction","name":"Comment","target":["https:\/\/www.africa-press.net\/guinee-conakry\/politique\/dadis-camara-ceux-qui-sont-alles-au-stade-du-28-septembre-sont-alles-pour-leurs-objectifs#respond"]}]},{"@type":"WebPage","@id":"https:\/\/www.africa-press.net\/guinee-conakry\/politique\/dadis-camara-ceux-qui-sont-alles-au-stade-du-28-septembre-sont-alles-pour-leurs-objectifs","url":"https:\/\/www.africa-press.net\/guinee-conakry\/politique\/dadis-camara-ceux-qui-sont-alles-au-stade-du-28-septembre-sont-alles-pour-leurs-objectifs","name":"Dadis Camara : \u00ab Ceux qui sont all\u00e9s au stade (du 28 septembre) sont all\u00e9s pour leurs objectifs \u00bb - guinee Conakry","isPartOf":{"@id":"https:\/\/www.africa-press.net\/guinee-conakry\/#website"},"primaryImageOfPage":{"@id":"https:\/\/www.africa-press.net\/guinee-conakry\/politique\/dadis-camara-ceux-qui-sont-alles-au-stade-du-28-septembre-sont-alles-pour-leurs-objectifs#primaryimage"},"image":{"@id":"https:\/\/www.africa-press.net\/guinee-conakry\/politique\/dadis-camara-ceux-qui-sont-alles-au-stade-du-28-septembre-sont-alles-pour-leurs-objectifs#primaryimage"},"thumbnailUrl":"https:\/\/static.africa-press.net\/conakry\/sites\/63\/2023\/01\/Jokar1673369108.467227.jpg","datePublished":"2023-01-10T20:15:00+00:00","author":{"@id":"https:\/\/www.africa-press.net\/guinee-conakry\/#\/schema\/person\/2b1cf3cd81a31e3cd26889ca66d677f1"},"breadcrumb":{"@id":"https:\/\/www.africa-press.net\/guinee-conakry\/politique\/dadis-camara-ceux-qui-sont-alles-au-stade-du-28-septembre-sont-alles-pour-leurs-objectifs#breadcrumb"},"inLanguage":"fr-FR","potentialAction":[{"@type":"ReadAction","target":["https:\/\/www.africa-press.net\/guinee-conakry\/politique\/dadis-camara-ceux-qui-sont-alles-au-stade-du-28-septembre-sont-alles-pour-leurs-objectifs"]}]},{"@type":"ImageObject","inLanguage":"fr-FR","@id":"https:\/\/www.africa-press.net\/guinee-conakry\/politique\/dadis-camara-ceux-qui-sont-alles-au-stade-du-28-septembre-sont-alles-pour-leurs-objectifs#primaryimage","url":"https:\/\/static.africa-press.net\/conakry\/sites\/63\/2023\/01\/Jokar1673369108.467227.jpg","contentUrl":"https:\/\/static.africa-press.net\/conakry\/sites\/63\/2023\/01\/Jokar1673369108.467227.jpg","width":821,"height":700,"caption":"Dadis Camara : \u00ab Ceux qui sont all\u00e9s au stade (du 28 septembre) sont all\u00e9s pour leurs objectifs \u00bb"},{"@type":"BreadcrumbList","@id":"https:\/\/www.africa-press.net\/guinee-conakry\/politique\/dadis-camara-ceux-qui-sont-alles-au-stade-du-28-septembre-sont-alles-pour-leurs-objectifs#breadcrumb","itemListElement":[{"@type":"ListItem","position":1,"name":"Accueil","item":"https:\/\/www.africa-press.net\/guinee-conakry\/"},{"@type":"ListItem","position":2,"name":"Dadis Camara : \u00ab Ceux qui sont all\u00e9s au stade (du 28 septembre) sont all\u00e9s pour leurs objectifs \u00bb"}]},{"@type":"WebSite","@id":"https:\/\/www.africa-press.net\/guinee-conakry\/#website","url":"https:\/\/www.africa-press.net\/guinee-conakry\/","name":"guinee Conakry","description":"Just another Africa News Agency Sites site","potentialAction":[{"@type":"SearchAction","target":{"@type":"EntryPoint","urlTemplate":"https:\/\/www.africa-press.net\/guinee-conakry\/?s={search_term_string}"},"query-input":{"@type":"PropertyValueSpecification","valueRequired":true,"valueName":"search_term_string"}}],"inLanguage":"fr-FR"},{"@type":"Person","@id":"https:\/\/www.africa-press.net\/guinee-conakry\/#\/schema\/person\/2b1cf3cd81a31e3cd26889ca66d677f1","name":"cfeditorfr"}]}},"_links":{"self":[{"href":"https:\/\/www.africa-press.net\/guinee-conakry\/wp-json\/wp\/v2\/posts\/11309","targetHints":{"allow":["GET"]}}],"collection":[{"href":"https:\/\/www.africa-press.net\/guinee-conakry\/wp-json\/wp\/v2\/posts"}],"about":[{"href":"https:\/\/www.africa-press.net\/guinee-conakry\/wp-json\/wp\/v2\/types\/post"}],"author":[{"embeddable":true,"href":"https:\/\/www.africa-press.net\/guinee-conakry\/wp-json\/wp\/v2\/users\/82"}],"replies":[{"embeddable":true,"href":"https:\/\/www.africa-press.net\/guinee-conakry\/wp-json\/wp\/v2\/comments?post=11309"}],"version-history":[{"count":0,"href":"https:\/\/www.africa-press.net\/guinee-conakry\/wp-json\/wp\/v2\/posts\/11309\/revisions"}],"wp:featuredmedia":[{"embeddable":true,"href":"https:\/\/www.africa-press.net\/guinee-conakry\/wp-json\/wp\/v2\/media\/11308"}],"wp:attachment":[{"href":"https:\/\/www.africa-press.net\/guinee-conakry\/wp-json\/wp\/v2\/media?parent=11309"}],"wp:term":[{"taxonomy":"category","embeddable":true,"href":"https:\/\/www.africa-press.net\/guinee-conakry\/wp-json\/wp\/v2\/categories?post=11309"},{"taxonomy":"post_tag","embeddable":true,"href":"https:\/\/www.africa-press.net\/guinee-conakry\/wp-json\/wp\/v2\/tags?post=11309"}],"curies":[{"name":"wp","href":"https:\/\/api.w.org\/{rel}","templated":true}]}}