{"id":11317,"date":"2023-01-11T22:37:00","date_gmt":"2023-01-11T22:37:00","guid":{"rendered":"https:\/\/www.africa-press.net\/guinee-conakry\/politique\/paiement-des-enseignants-contractuels-nous-sommes-dans-un-flou-total-dit-le-maire-de-labe"},"modified":"2023-01-11T22:37:00","modified_gmt":"2023-01-11T22:37:00","slug":"paiement-des-enseignants-contractuels-nous-sommes-dans-un-flou-total-dit-le-maire-de-labe","status":"publish","type":"post","link":"https:\/\/www.africa-press.net\/guinee-conakry\/economie\/paiement-des-enseignants-contractuels-nous-sommes-dans-un-flou-total-dit-le-maire-de-labe","title":{"rendered":"Paiement des enseignants contractuels : \u00ab nous sommes dans un flou total \u00bb, dit le maire de Lab\u00e9"},"content":{"rendered":"<p><span style=\"color: #ff6600\"><strong>Africa-Press &#8211; Guin\u00e9e. <\/strong><\/span>Les autorite\u0301s guine\u0301ennes, a\u0300 travers le ministe\u0300re de l\u2019Administration du Territoire et de la De\u0301centralisation (MATD), ont a instruit les diffe\u0301rents maires de recruter des enseignants contractuels dans leurs localite\u0301s. Mais avec le de\u0301roulement de la proce\u0301dure, certains e\u0301lus locaux parlent d\u2019un flou qui fait qu\u2019ils ne savent plus sur quel pied danser.<\/p>\n<p>Le maire de la commune urbaine de Labe\u0301 dit avoir e\u0301te\u0301 surpris du communique\u0301 diffuse\u0301 par le Ministre Mory Conde\u0301 concernant le de\u0301but du paiement des arrie\u0301re\u0301es dues aux contractuels. Mamadou Aliou Laly Diallo <b>ce mercredi, 11 janvier 2023.<\/b><br \/>\nA l\u2019entame de son intervention, le maire de la commune urbaine de Labe\u0301 s\u2019est re\u0301joui que les nouvelles autorite\u0301s restituent aux e\u0301lus locaux leurs attributions sur la fonction publique locale. \u00ab La fonction publique locale rele\u0300ve effectivement des compe\u0301tences des collectivite\u0301s. C\u2019est ce que le CNRD est en train de mettre en \u0153uvre. On a e\u0301te\u0301 instruit de recruter des enseignants. Nous avons d\u2019abord proce\u0301de\u0301 a\u0300 l\u2019e\u0301valuation des besoins, du primaire au secondaire. Ensuite, nous avons lance\u0301 un dossier d\u2019appel a\u0300 candidature. Nous avons mis en place une commission de de\u0301pouillement et de recrutement, des contrats ont e\u0301te\u0301 signe\u0301s et des contractuels ont e\u0301te\u0301 retenus et ils ont e\u0301te\u0301 de\u0301ploye\u0301s sur le terrain \u00bb, explique Mamadou Aliou Laly Diallo.<\/p>\n<p>Poursuivant, le maire ajoute qu\u2019ils ont e\u0301te\u0301 surpris du communique\u0301 du ministre de l\u2019administration du territoire et de la de\u0301centralisation annonc\u0327ant le de\u0301marrage du paiement de ces enseignants contractuels. Selon lui, les pre\u0301alables n\u2019ont pas e\u0301te\u0301 respecte\u0301s entre les autorite\u0301s et les collectivite\u0301s. \u00ab Il e\u0301tait pre\u0301vu que ces enseignements soient vire\u0301s dans les comptes des collectivite\u0301s. C\u2019est ce qui n\u2019a pas e\u0301te\u0301 encore fait. C\u2019est tout re\u0301cemment que nous avons suivi un communique\u0301 du ministre de l\u2019administration du territoire et de la de\u0301centralisation qui indiquait que les maires, les pre\u0301fets, les sous-pre\u0301fets et les gouverneurs, de prendre toutes les dispositions pour faciliter le paiement de ces enseignants contractuels et en me\u0302me temps l\u2019enro\u0302lement de ces enseignements. Pour ce qui est de notre co\u0302te\u0301, nous avons fait l\u2019essentiel. Mais paralle\u0300lement a\u0300 c\u0327a, on devait connai\u0302tre le montant que ces contractuels devaient toucher. Mais on a vu aucun missionnaire de\u0301ploye\u0301 a\u0300 l\u2019inte\u0301rieur du pays pour payer ces contractuels, et on a aucune information venant de la hie\u0301rarchie, relative a\u0300 la suite de la proce\u0301dure. Nous sommes dans un flou total au me\u0302me titre que les enseignants contractuels \u00bb, soutient le maire de la commune urbaine de Labe\u0301.<\/p>\n<p>En attendant de rentrer en possession de leur salaire de trois mois, les enseignants contractuels continuent de garder leur mal en patience. Mais, jusqu\u2019a\u0300 quand cela va-t-il durer ?<\/p>\n<p><strong>Pour plus d&rsquo;informations et d&rsquo;analyses sur la <a href=\"https:\/\/www.africa-press.net\/guinee-conakry\">Guin\u00e9e<\/a>, suivez <a href=\"https:\/\/www.africa-press.net\/\">Africa-Press<\/a><\/strong><\/p>\n","protected":false},"excerpt":{"rendered":"<p>Africa-Press &#8211; Guin\u00e9e. Les autorite\u0301s guine\u0301ennes, a\u0300 travers le ministe\u0300re de l\u2019Administration du Territoire et de la De\u0301centralisation (MATD), ont a instruit les diffe\u0301rents maires de recruter des enseignants contractuels dans leurs localite\u0301s. Mais avec le de\u0301roulement de la proce\u0301dure, certains e\u0301lus locaux parlent d\u2019un flou qui fait qu\u2019ils ne savent plus sur quel pied [&hellip;]<\/p>\n","protected":false},"author":82,"featured_media":11316,"comment_status":"open","ping_status":"closed","sticky":false,"template":"","format":"standard","meta":{"footnotes":""},"categories":[3,20,10],"tags":[36,57,58],"class_list":["post-11317","post","type-post","status-publish","format-standard","has-post-thumbnail","hentry","category-economie","category-top-nouvelles","category-toutes-les-actualites","tag-africa-press","tag-africa-press-guinee","tag-guinee"],"yoast_head":"<!-- This site is optimized with the Yoast SEO Premium plugin v26.1 (Yoast SEO v27.0) - https:\/\/yoast.com\/product\/yoast-seo-premium-wordpress\/ -->\n<title>Paiement des enseignants contractuels : \u00ab nous sommes dans un flou total \u00bb, dit le maire de Lab\u00e9 - guinee Conakry<\/title>\n<meta name=\"robots\" content=\"index, follow, max-snippet:-1, max-image-preview:large, max-video-preview:-1\" \/>\n<link rel=\"canonical\" href=\"https:\/\/www.africa-press.net\/guinee-conakry\/politique\/paiement-des-enseignants-contractuels-nous-sommes-dans-un-flou-total-dit-le-maire-de-labe\" \/>\n<meta property=\"og:locale\" content=\"fr_FR\" \/>\n<meta property=\"og:type\" content=\"article\" \/>\n<meta property=\"og:title\" content=\"Paiement des enseignants contractuels : \u00ab nous sommes dans un flou total \u00bb, dit le maire de Lab\u00e9\" \/>\n<meta property=\"og:description\" content=\"Africa-Press &#8211; Guin\u00e9e. Les autorite\u0301s guine\u0301ennes, a\u0300 travers le ministe\u0300re de l\u2019Administration du Territoire et de la De\u0301centralisation (MATD), ont a instruit les diffe\u0301rents maires de recruter des enseignants contractuels dans leurs localite\u0301s. Mais avec le de\u0301roulement de la proce\u0301dure, certains e\u0301lus locaux parlent d\u2019un flou qui fait qu\u2019ils ne savent plus sur quel pied [&hellip;]\" \/>\n<meta property=\"og:url\" content=\"https:\/\/www.africa-press.net\/guinee-conakry\/politique\/paiement-des-enseignants-contractuels-nous-sommes-dans-un-flou-total-dit-le-maire-de-labe\" \/>\n<meta property=\"og:site_name\" content=\"guinee Conakry\" \/>\n<meta property=\"article:published_time\" content=\"2023-01-11T22:37:00+00:00\" \/>\n<meta name=\"author\" content=\"cfeditorfr\" \/>\n<meta name=\"twitter:card\" content=\"summary_large_image\" \/>\n<meta name=\"twitter:label1\" content=\"\u00c9crit par\" \/>\n\t<meta name=\"twitter:data1\" content=\"cfeditorfr\" \/>\n\t<meta name=\"twitter:label2\" content=\"Dur\u00e9e de lecture estim\u00e9e\" \/>\n\t<meta name=\"twitter:data2\" content=\"3 minutes\" \/>\n<script type=\"application\/ld+json\" class=\"yoast-schema-graph\">{\"@context\":\"https:\/\/schema.org\",\"@graph\":[{\"@type\":\"Article\",\"@id\":\"https:\/\/www.africa-press.net\/guinee-conakry\/politique\/paiement-des-enseignants-contractuels-nous-sommes-dans-un-flou-total-dit-le-maire-de-labe#article\",\"isPartOf\":{\"@id\":\"https:\/\/www.africa-press.net\/guinee-conakry\/politique\/paiement-des-enseignants-contractuels-nous-sommes-dans-un-flou-total-dit-le-maire-de-labe\"},\"author\":{\"name\":\"cfeditorfr\",\"@id\":\"https:\/\/www.africa-press.net\/guinee-conakry\/#\/schema\/person\/2b1cf3cd81a31e3cd26889ca66d677f1\"},\"headline\":\"Paiement des enseignants contractuels : \u00ab nous sommes dans un flou total \u00bb, dit le maire de Lab\u00e9\",\"datePublished\":\"2023-01-11T22:37:00+00:00\",\"mainEntityOfPage\":{\"@id\":\"https:\/\/www.africa-press.net\/guinee-conakry\/politique\/paiement-des-enseignants-contractuels-nous-sommes-dans-un-flou-total-dit-le-maire-de-labe\"},\"wordCount\":539,\"commentCount\":0,\"image\":{\"@id\":\"https:\/\/www.africa-press.net\/guinee-conakry\/politique\/paiement-des-enseignants-contractuels-nous-sommes-dans-un-flou-total-dit-le-maire-de-labe#primaryimage\"},\"thumbnailUrl\":\"https:\/\/static.africa-press.net\/conakry\/sites\/63\/2023\/01\/Jokar1673464065.114724.jpg\",\"keywords\":[\"Africa Press\",\"Africa Press-Guin\u00e9e\",\"Guin\u00e9e\"],\"articleSection\":[\"\u00c9conomie\",\"Top Nouvelles\",\"Toutes les actualit\u00e9s\"],\"inLanguage\":\"fr-FR\",\"potentialAction\":[{\"@type\":\"CommentAction\",\"name\":\"Comment\",\"target\":[\"https:\/\/www.africa-press.net\/guinee-conakry\/politique\/paiement-des-enseignants-contractuels-nous-sommes-dans-un-flou-total-dit-le-maire-de-labe#respond\"]}]},{\"@type\":\"WebPage\",\"@id\":\"https:\/\/www.africa-press.net\/guinee-conakry\/politique\/paiement-des-enseignants-contractuels-nous-sommes-dans-un-flou-total-dit-le-maire-de-labe\",\"url\":\"https:\/\/www.africa-press.net\/guinee-conakry\/politique\/paiement-des-enseignants-contractuels-nous-sommes-dans-un-flou-total-dit-le-maire-de-labe\",\"name\":\"Paiement des enseignants contractuels : \u00ab nous sommes dans un flou total \u00bb, dit le maire de Lab\u00e9 - guinee Conakry\",\"isPartOf\":{\"@id\":\"https:\/\/www.africa-press.net\/guinee-conakry\/#website\"},\"primaryImageOfPage\":{\"@id\":\"https:\/\/www.africa-press.net\/guinee-conakry\/politique\/paiement-des-enseignants-contractuels-nous-sommes-dans-un-flou-total-dit-le-maire-de-labe#primaryimage\"},\"image\":{\"@id\":\"https:\/\/www.africa-press.net\/guinee-conakry\/politique\/paiement-des-enseignants-contractuels-nous-sommes-dans-un-flou-total-dit-le-maire-de-labe#primaryimage\"},\"thumbnailUrl\":\"https:\/\/static.africa-press.net\/conakry\/sites\/63\/2023\/01\/Jokar1673464065.114724.jpg\",\"datePublished\":\"2023-01-11T22:37:00+00:00\",\"author\":{\"@id\":\"https:\/\/www.africa-press.net\/guinee-conakry\/#\/schema\/person\/2b1cf3cd81a31e3cd26889ca66d677f1\"},\"breadcrumb\":{\"@id\":\"https:\/\/www.africa-press.net\/guinee-conakry\/politique\/paiement-des-enseignants-contractuels-nous-sommes-dans-un-flou-total-dit-le-maire-de-labe#breadcrumb\"},\"inLanguage\":\"fr-FR\",\"potentialAction\":[{\"@type\":\"ReadAction\",\"target\":[\"https:\/\/www.africa-press.net\/guinee-conakry\/politique\/paiement-des-enseignants-contractuels-nous-sommes-dans-un-flou-total-dit-le-maire-de-labe\"]}]},{\"@type\":\"ImageObject\",\"inLanguage\":\"fr-FR\",\"@id\":\"https:\/\/www.africa-press.net\/guinee-conakry\/politique\/paiement-des-enseignants-contractuels-nous-sommes-dans-un-flou-total-dit-le-maire-de-labe#primaryimage\",\"url\":\"https:\/\/static.africa-press.net\/conakry\/sites\/63\/2023\/01\/Jokar1673464065.114724.jpg\",\"contentUrl\":\"https:\/\/static.africa-press.net\/conakry\/sites\/63\/2023\/01\/Jokar1673464065.114724.jpg\",\"width\":712,\"height\":400,\"caption\":\"Paiement des enseignants contractuels : \u00ab nous sommes dans un flou total \u00bb, dit le maire de Lab\u00e9\"},{\"@type\":\"BreadcrumbList\",\"@id\":\"https:\/\/www.africa-press.net\/guinee-conakry\/politique\/paiement-des-enseignants-contractuels-nous-sommes-dans-un-flou-total-dit-le-maire-de-labe#breadcrumb\",\"itemListElement\":[{\"@type\":\"ListItem\",\"position\":1,\"name\":\"Accueil\",\"item\":\"https:\/\/www.africa-press.net\/guinee-conakry\/\"},{\"@type\":\"ListItem\",\"position\":2,\"name\":\"Paiement des enseignants contractuels : \u00ab nous sommes dans un flou total \u00bb, dit le maire de Lab\u00e9\"}]},{\"@type\":\"WebSite\",\"@id\":\"https:\/\/www.africa-press.net\/guinee-conakry\/#website\",\"url\":\"https:\/\/www.africa-press.net\/guinee-conakry\/\",\"name\":\"guinee Conakry\",\"description\":\"Just another Africa News Agency Sites site\",\"potentialAction\":[{\"@type\":\"SearchAction\",\"target\":{\"@type\":\"EntryPoint\",\"urlTemplate\":\"https:\/\/www.africa-press.net\/guinee-conakry\/?s={search_term_string}\"},\"query-input\":{\"@type\":\"PropertyValueSpecification\",\"valueRequired\":true,\"valueName\":\"search_term_string\"}}],\"inLanguage\":\"fr-FR\"},{\"@type\":\"Person\",\"@id\":\"https:\/\/www.africa-press.net\/guinee-conakry\/#\/schema\/person\/2b1cf3cd81a31e3cd26889ca66d677f1\",\"name\":\"cfeditorfr\"}]}<\/script>\n<!-- \/ Yoast SEO Premium plugin. -->","yoast_head_json":{"title":"Paiement des enseignants contractuels : \u00ab nous sommes dans un flou total \u00bb, dit le maire de Lab\u00e9 - guinee Conakry","robots":{"index":"index","follow":"follow","max-snippet":"max-snippet:-1","max-image-preview":"max-image-preview:large","max-video-preview":"max-video-preview:-1"},"canonical":"https:\/\/www.africa-press.net\/guinee-conakry\/politique\/paiement-des-enseignants-contractuels-nous-sommes-dans-un-flou-total-dit-le-maire-de-labe","og_locale":"fr_FR","og_type":"article","og_title":"Paiement des enseignants contractuels : \u00ab nous sommes dans un flou total \u00bb, dit le maire de Lab\u00e9","og_description":"Africa-Press &#8211; Guin\u00e9e. Les autorite\u0301s guine\u0301ennes, a\u0300 travers le ministe\u0300re de l\u2019Administration du Territoire et de la De\u0301centralisation (MATD), ont a instruit les diffe\u0301rents maires de recruter des enseignants contractuels dans leurs localite\u0301s. Mais avec le de\u0301roulement de la proce\u0301dure, certains e\u0301lus locaux parlent d\u2019un flou qui fait qu\u2019ils ne savent plus sur quel pied [&hellip;]","og_url":"https:\/\/www.africa-press.net\/guinee-conakry\/politique\/paiement-des-enseignants-contractuels-nous-sommes-dans-un-flou-total-dit-le-maire-de-labe","og_site_name":"guinee Conakry","article_published_time":"2023-01-11T22:37:00+00:00","author":"cfeditorfr","twitter_card":"summary_large_image","twitter_misc":{"\u00c9crit par":"cfeditorfr","Dur\u00e9e de lecture estim\u00e9e":"3 minutes"},"schema":{"@context":"https:\/\/schema.org","@graph":[{"@type":"Article","@id":"https:\/\/www.africa-press.net\/guinee-conakry\/politique\/paiement-des-enseignants-contractuels-nous-sommes-dans-un-flou-total-dit-le-maire-de-labe#article","isPartOf":{"@id":"https:\/\/www.africa-press.net\/guinee-conakry\/politique\/paiement-des-enseignants-contractuels-nous-sommes-dans-un-flou-total-dit-le-maire-de-labe"},"author":{"name":"cfeditorfr","@id":"https:\/\/www.africa-press.net\/guinee-conakry\/#\/schema\/person\/2b1cf3cd81a31e3cd26889ca66d677f1"},"headline":"Paiement des enseignants contractuels : \u00ab nous sommes dans un flou total \u00bb, dit le maire de Lab\u00e9","datePublished":"2023-01-11T22:37:00+00:00","mainEntityOfPage":{"@id":"https:\/\/www.africa-press.net\/guinee-conakry\/politique\/paiement-des-enseignants-contractuels-nous-sommes-dans-un-flou-total-dit-le-maire-de-labe"},"wordCount":539,"commentCount":0,"image":{"@id":"https:\/\/www.africa-press.net\/guinee-conakry\/politique\/paiement-des-enseignants-contractuels-nous-sommes-dans-un-flou-total-dit-le-maire-de-labe#primaryimage"},"thumbnailUrl":"https:\/\/static.africa-press.net\/conakry\/sites\/63\/2023\/01\/Jokar1673464065.114724.jpg","keywords":["Africa Press","Africa Press-Guin\u00e9e","Guin\u00e9e"],"articleSection":["\u00c9conomie","Top Nouvelles","Toutes les actualit\u00e9s"],"inLanguage":"fr-FR","potentialAction":[{"@type":"CommentAction","name":"Comment","target":["https:\/\/www.africa-press.net\/guinee-conakry\/politique\/paiement-des-enseignants-contractuels-nous-sommes-dans-un-flou-total-dit-le-maire-de-labe#respond"]}]},{"@type":"WebPage","@id":"https:\/\/www.africa-press.net\/guinee-conakry\/politique\/paiement-des-enseignants-contractuels-nous-sommes-dans-un-flou-total-dit-le-maire-de-labe","url":"https:\/\/www.africa-press.net\/guinee-conakry\/politique\/paiement-des-enseignants-contractuels-nous-sommes-dans-un-flou-total-dit-le-maire-de-labe","name":"Paiement des enseignants contractuels : \u00ab nous sommes dans un flou total \u00bb, dit le maire de Lab\u00e9 - guinee Conakry","isPartOf":{"@id":"https:\/\/www.africa-press.net\/guinee-conakry\/#website"},"primaryImageOfPage":{"@id":"https:\/\/www.africa-press.net\/guinee-conakry\/politique\/paiement-des-enseignants-contractuels-nous-sommes-dans-un-flou-total-dit-le-maire-de-labe#primaryimage"},"image":{"@id":"https:\/\/www.africa-press.net\/guinee-conakry\/politique\/paiement-des-enseignants-contractuels-nous-sommes-dans-un-flou-total-dit-le-maire-de-labe#primaryimage"},"thumbnailUrl":"https:\/\/static.africa-press.net\/conakry\/sites\/63\/2023\/01\/Jokar1673464065.114724.jpg","datePublished":"2023-01-11T22:37:00+00:00","author":{"@id":"https:\/\/www.africa-press.net\/guinee-conakry\/#\/schema\/person\/2b1cf3cd81a31e3cd26889ca66d677f1"},"breadcrumb":{"@id":"https:\/\/www.africa-press.net\/guinee-conakry\/politique\/paiement-des-enseignants-contractuels-nous-sommes-dans-un-flou-total-dit-le-maire-de-labe#breadcrumb"},"inLanguage":"fr-FR","potentialAction":[{"@type":"ReadAction","target":["https:\/\/www.africa-press.net\/guinee-conakry\/politique\/paiement-des-enseignants-contractuels-nous-sommes-dans-un-flou-total-dit-le-maire-de-labe"]}]},{"@type":"ImageObject","inLanguage":"fr-FR","@id":"https:\/\/www.africa-press.net\/guinee-conakry\/politique\/paiement-des-enseignants-contractuels-nous-sommes-dans-un-flou-total-dit-le-maire-de-labe#primaryimage","url":"https:\/\/static.africa-press.net\/conakry\/sites\/63\/2023\/01\/Jokar1673464065.114724.jpg","contentUrl":"https:\/\/static.africa-press.net\/conakry\/sites\/63\/2023\/01\/Jokar1673464065.114724.jpg","width":712,"height":400,"caption":"Paiement des enseignants contractuels : \u00ab nous sommes dans un flou total \u00bb, dit le maire de Lab\u00e9"},{"@type":"BreadcrumbList","@id":"https:\/\/www.africa-press.net\/guinee-conakry\/politique\/paiement-des-enseignants-contractuels-nous-sommes-dans-un-flou-total-dit-le-maire-de-labe#breadcrumb","itemListElement":[{"@type":"ListItem","position":1,"name":"Accueil","item":"https:\/\/www.africa-press.net\/guinee-conakry\/"},{"@type":"ListItem","position":2,"name":"Paiement des enseignants contractuels : \u00ab nous sommes dans un flou total \u00bb, dit le maire de Lab\u00e9"}]},{"@type":"WebSite","@id":"https:\/\/www.africa-press.net\/guinee-conakry\/#website","url":"https:\/\/www.africa-press.net\/guinee-conakry\/","name":"guinee Conakry","description":"Just another Africa News Agency Sites site","potentialAction":[{"@type":"SearchAction","target":{"@type":"EntryPoint","urlTemplate":"https:\/\/www.africa-press.net\/guinee-conakry\/?s={search_term_string}"},"query-input":{"@type":"PropertyValueSpecification","valueRequired":true,"valueName":"search_term_string"}}],"inLanguage":"fr-FR"},{"@type":"Person","@id":"https:\/\/www.africa-press.net\/guinee-conakry\/#\/schema\/person\/2b1cf3cd81a31e3cd26889ca66d677f1","name":"cfeditorfr"}]}},"_links":{"self":[{"href":"https:\/\/www.africa-press.net\/guinee-conakry\/wp-json\/wp\/v2\/posts\/11317","targetHints":{"allow":["GET"]}}],"collection":[{"href":"https:\/\/www.africa-press.net\/guinee-conakry\/wp-json\/wp\/v2\/posts"}],"about":[{"href":"https:\/\/www.africa-press.net\/guinee-conakry\/wp-json\/wp\/v2\/types\/post"}],"author":[{"embeddable":true,"href":"https:\/\/www.africa-press.net\/guinee-conakry\/wp-json\/wp\/v2\/users\/82"}],"replies":[{"embeddable":true,"href":"https:\/\/www.africa-press.net\/guinee-conakry\/wp-json\/wp\/v2\/comments?post=11317"}],"version-history":[{"count":0,"href":"https:\/\/www.africa-press.net\/guinee-conakry\/wp-json\/wp\/v2\/posts\/11317\/revisions"}],"wp:featuredmedia":[{"embeddable":true,"href":"https:\/\/www.africa-press.net\/guinee-conakry\/wp-json\/wp\/v2\/media\/11316"}],"wp:attachment":[{"href":"https:\/\/www.africa-press.net\/guinee-conakry\/wp-json\/wp\/v2\/media?parent=11317"}],"wp:term":[{"taxonomy":"category","embeddable":true,"href":"https:\/\/www.africa-press.net\/guinee-conakry\/wp-json\/wp\/v2\/categories?post=11317"},{"taxonomy":"post_tag","embeddable":true,"href":"https:\/\/www.africa-press.net\/guinee-conakry\/wp-json\/wp\/v2\/tags?post=11317"}],"curies":[{"name":"wp","href":"https:\/\/api.w.org\/{rel}","templated":true}]}}