{"id":11329,"date":"2023-01-11T23:07:00","date_gmt":"2023-01-11T23:07:00","guid":{"rendered":"https:\/\/www.africa-press.net\/guinee-conakry\/politique\/proces-du-28-septembre-dadis-camara-pas-du-tout-pret-a-faire-une-confrontation-avec-toumba"},"modified":"2023-01-11T23:07:00","modified_gmt":"2023-01-11T23:07:00","slug":"proces-du-28-septembre-dadis-camara-pas-du-tout-pret-a-faire-une-confrontation-avec-toumba","status":"publish","type":"post","link":"https:\/\/www.africa-press.net\/guinee-conakry\/politique\/proces-du-28-septembre-dadis-camara-pas-du-tout-pret-a-faire-une-confrontation-avec-toumba","title":{"rendered":"Proc\u00e8s du 28 septembre : Dadis Camara pas du tout \u00ab pr\u00eat \u00e0 faire une confrontation avec Toumba \u00bb"},"content":{"rendered":"<p><span style=\"color: #ff6600\"><strong>Africa-Press &#8211; Guin\u00e9e. <\/strong><\/span>Moussa Dadis Camara ne veut de confrontation entre lui et Toumba Diakite\u0301 au sujet des armes de guerre qui auraient servi a\u0300 commettre le massacre du 28 septembre de Conakry. Dans sa de\u0301position devant le Tribunal criminel de Dixinn, Aboubacar Sidiki Diakite\u0301 dit Toumba avait affirme\u0301 que les militaires qui sont alle\u0301s prendre ces armes au camp Alpha Yaya Diallo lui avaient fait savoir qu\u2019ils agissaient sous les ordres du capitaine Moussa Dadis Camara.<\/p>\n<p>Mais l\u2019ancien pre\u0301sident de la transition a de\u0301menti cette version, assurant ne rien savoir de la sortie de ces armes. C\u2019est pourquoi, lors de l\u2019audience de ce mercredi, 11 janvier 2023, Me Lancient Sylla, l\u2019un des avocats de Toumba Diakite\u0301, lui a demande\u0301 s\u2019il e\u0301tait pre\u0302t a\u0300 une confrontation avec son ancien aide de camp et coaccuse\u0301 dans cette affaire. Moussa Dadis Camara a re\u0301pondu clairement qu\u2019il n\u2019est pas pre\u0302t a\u0300 se soumettre a\u0300 une confrontation avec Toumba Diakite\u0301.<\/p>\n<p><b>ci-dessous l\u2019e\u0301change entre lui et l\u2019avocat de Toumba :<\/b><\/p>\n<p><b>Me Lancinet Sylla :<\/b> Pourquoi avez-vous ordonne\u0301 a\u0300 des jeunes militaires de se rendre a\u0300 l\u2019armurerie du camp Alpha Yaya Diallo a\u0300 l\u2019effet de prendre des armes et de les embarquer a\u0300 bord d\u2019un camion ?<\/p>\n<p><b>Moussa Dadis Camara :<\/b> Votre client (Toumba) a e\u0301te\u0301 clair devant cet auguste tribunal. Il a dit qu\u2019il a vu un camion militaire rempli d\u2019armes. Votre client n\u2019a pas dit que le pre\u0301sident l\u2019avait autorise\u0301 d\u2019aller faire c\u0327a.<\/p>\n<p><b>Me Lancinet Sylla :<\/b> Lorsque vos e\u0301le\u0301ments que vous avez envoye\u0301s pour aller embarquer des armes a\u0300 bord d\u2019un camion sont arrive\u0301s sur les lieux et que le Ge\u0301ne\u0301ral Se\u0301kouba Konate\u0301 en a e\u0301te\u0301 informe\u0301, il a de\u0301pe\u0302che\u0301 le colonel Joe sur les lieux. Lorsque le colonel Joe s\u2019est rendu sur les lieux pour savoir ce qui se passait, vos e\u0301le\u0301ments sont revenus et se sont explique\u0301s devant le commandant Toumba en lui disant que c\u2019est sous vos instructions qu\u2019ils sont venus chercher ces armes. N\u2019est-ce pas dans la soire\u0301e, vous avez appele\u0301 le commandant Toumba pour lui parler a\u0300 propos de ces armes que vos e\u0301le\u0301ments ont prises ?<\/p>\n<p><b>Moussa Dadis Camara :<\/b> Ce sont des alle\u0301gations. Votre client a e\u0301te\u0301 tre\u0300s clair ici. Je ne sais pas comment vous allez de\u0301fendre votre client. Il a dit clairement qu\u2019il a vu un camion militaire avec des armes. Apre\u0300s, il a fait appel a\u0300 Joe. C\u2019est ce qui s\u2019est passe\u0301. Le proble\u0300me c\u2019est quoi ? Cherchez des preuves. C\u2019est ce qui vous manque.<\/p>\n<p><b>Me Lancinet Sylla :<\/b> Il y a des preuves qui vous collent a\u0300 la peau que nous sommes en train d\u2019exposer et qui vous font mal. Vous allez souffrir de mes questions. Et dans ces conditions, e\u0302tes-vous pre\u0302t a\u0300 e\u0302tre confronte\u0301 a\u0300 M. Aboubacar Sidiki Diakite\u0301 dit Toumba et au colonel Joe, qui ont e\u0301te\u0301 les te\u0301moins oculaires de l\u2019embarquement de ces armes dont les cre\u0301pitements ont e\u0301te\u0301 entendus au stade selon la plupart des proce\u0300s-verbaux des te\u0301moins et des victimes ?<\/p>\n<p><b>Moussa Dadis Camara :<\/b> Vous parlez de confrontation, mais votre client ne vous a pas dit que je lui ai donne\u0301 des instruments. Je n\u2019ai pas besoin de faire des confrontations avec votre client pour des alle\u0301gations. Je ne suis pas pre\u0302t a\u0300 faire une confrontation avec une personne qui fait des alle\u0301gations. Et je n\u2019ai rien a\u0300 voir avec Joe. Je ne suis pas pre\u0302t a\u0300 faire une confrontation avec le colonel Joe, parce que je ne le connais pas. C\u2019est la preuve que vos clients se sont me\u0302le\u0301s dans l\u2019affaire des armes.<\/p>\n<p><b>Me Lancinet Sylla :<\/b> Est-ce que vous vous rappelez des civils qui ont e\u0301te\u0301 vus au domicile de Gono Sangare\u0301, qui e\u0301taient arme\u0301s de fle\u0300ches ?<\/p>\n<p><b>Moussa Dadis Camara :<\/b> Non.<\/p>\n<p><b>Me Lancinet Sylla :<\/b> Saviez vous que M. Aboubacar Sidiki Diakite\u0301, votre commandant de salon, qui e\u0301tait le seul a\u0300 vous accompagner ce jour-la\u0300 a vu ces civils ?<\/p>\n<p><b>Moussa Dadis Camara :<\/b> Ce que vous dites, c\u0327a ne regarde que vous.<\/p>\n<p><b>Me Lancinet Sylla :<\/b> Saviez-vous que ces civils-la\u0300 ont e\u0301te\u0301 vus au stade en pleine action ?<\/p>\n<p><b>Moussa Dadis Camara :<\/b> C\u0327a n\u2019engage que vous.<\/p>\n<p><b>Me Lancinet Sylla : <\/b>Pourquoi voulez-vous couvrir M. Marcel Guilavogui et le colonel Tie\u0301gboro ?<\/p>\n<p><b>Moussa Dadis Camara :<\/b> Je ne suis pas un homme qui a l\u2019esprit de couvrir qui que ce soit. Pour preuve, chacun de nous a fait un proce\u0300s-verbal qui en fait foi. Nulle part dans le proce\u0300s-verbal du colonel Tie\u0301gboro, il est dit que je l\u2019ai envoye\u0301 au stade, nulle part dans mon PV, nulle part dans le PV M. Marcel&#8230; Alors, si vous avez des jugements envers eux, j\u2019estime que vous pouvez le faire, parce vous en avez la latitude. Quant a\u0300 moi, je n\u2019ai pas besoin de couvrir quelqu\u2019un parce que moi, je suis devant un tribunal criminel.<\/p>\n<p><strong>Pour plus d&rsquo;informations et d&rsquo;analyses sur la <a href=\"https:\/\/www.africa-press.net\/guinee-conakry\">Guin\u00e9e<\/a>, suivez <a href=\"https:\/\/www.africa-press.net\/\">Africa-Press<\/a><\/strong><\/p>\n","protected":false},"excerpt":{"rendered":"<p>Africa-Press &#8211; Guin\u00e9e. Moussa Dadis Camara ne veut de confrontation entre lui et Toumba Diakite\u0301 au sujet des armes de guerre qui auraient servi a\u0300 commettre le massacre du 28 septembre de Conakry. Dans sa de\u0301position devant le Tribunal criminel de Dixinn, Aboubacar Sidiki Diakite\u0301 dit Toumba avait affirme\u0301 que les militaires qui sont alle\u0301s [&hellip;]<\/p>\n","protected":false},"author":82,"featured_media":11328,"comment_status":"open","ping_status":"closed","sticky":false,"template":"","format":"standard","meta":{"footnotes":""},"categories":[2,10],"tags":[36,57,58],"class_list":["post-11329","post","type-post","status-publish","format-standard","has-post-thumbnail","hentry","category-politique","category-toutes-les-actualites","tag-africa-press","tag-africa-press-guinee","tag-guinee"],"yoast_head":"<!-- This site is optimized with the Yoast SEO Premium plugin v26.1 (Yoast SEO v27.0) - https:\/\/yoast.com\/product\/yoast-seo-premium-wordpress\/ -->\n<title>Proc\u00e8s du 28 septembre : Dadis Camara pas du tout \u00ab pr\u00eat \u00e0 faire une confrontation avec Toumba \u00bb - guinee Conakry<\/title>\n<meta name=\"robots\" content=\"index, follow, max-snippet:-1, max-image-preview:large, max-video-preview:-1\" \/>\n<link rel=\"canonical\" href=\"https:\/\/www.africa-press.net\/guinee-conakry\/politique\/proces-du-28-septembre-dadis-camara-pas-du-tout-pret-a-faire-une-confrontation-avec-toumba\" \/>\n<meta property=\"og:locale\" content=\"fr_FR\" \/>\n<meta property=\"og:type\" content=\"article\" \/>\n<meta property=\"og:title\" content=\"Proc\u00e8s du 28 septembre : Dadis Camara pas du tout \u00ab pr\u00eat \u00e0 faire une confrontation avec Toumba \u00bb\" \/>\n<meta property=\"og:description\" content=\"Africa-Press &#8211; Guin\u00e9e. Moussa Dadis Camara ne veut de confrontation entre lui et Toumba Diakite\u0301 au sujet des armes de guerre qui auraient servi a\u0300 commettre le massacre du 28 septembre de Conakry. Dans sa de\u0301position devant le Tribunal criminel de Dixinn, Aboubacar Sidiki Diakite\u0301 dit Toumba avait affirme\u0301 que les militaires qui sont alle\u0301s [&hellip;]\" \/>\n<meta property=\"og:url\" content=\"https:\/\/www.africa-press.net\/guinee-conakry\/politique\/proces-du-28-septembre-dadis-camara-pas-du-tout-pret-a-faire-une-confrontation-avec-toumba\" \/>\n<meta property=\"og:site_name\" content=\"guinee Conakry\" \/>\n<meta property=\"article:published_time\" content=\"2023-01-11T23:07:00+00:00\" \/>\n<meta name=\"author\" content=\"cfeditorfr\" \/>\n<meta name=\"twitter:card\" content=\"summary_large_image\" \/>\n<meta name=\"twitter:label1\" content=\"\u00c9crit par\" \/>\n\t<meta name=\"twitter:data1\" content=\"cfeditorfr\" \/>\n\t<meta name=\"twitter:label2\" content=\"Dur\u00e9e de lecture estim\u00e9e\" \/>\n\t<meta name=\"twitter:data2\" content=\"4 minutes\" \/>\n<script type=\"application\/ld+json\" class=\"yoast-schema-graph\">{\"@context\":\"https:\/\/schema.org\",\"@graph\":[{\"@type\":\"Article\",\"@id\":\"https:\/\/www.africa-press.net\/guinee-conakry\/politique\/proces-du-28-septembre-dadis-camara-pas-du-tout-pret-a-faire-une-confrontation-avec-toumba#article\",\"isPartOf\":{\"@id\":\"https:\/\/www.africa-press.net\/guinee-conakry\/politique\/proces-du-28-septembre-dadis-camara-pas-du-tout-pret-a-faire-une-confrontation-avec-toumba\"},\"author\":{\"name\":\"cfeditorfr\",\"@id\":\"https:\/\/www.africa-press.net\/guinee-conakry\/#\/schema\/person\/2b1cf3cd81a31e3cd26889ca66d677f1\"},\"headline\":\"Proc\u00e8s du 28 septembre : Dadis Camara pas du tout \u00ab pr\u00eat \u00e0 faire une confrontation avec Toumba \u00bb\",\"datePublished\":\"2023-01-11T23:07:00+00:00\",\"mainEntityOfPage\":{\"@id\":\"https:\/\/www.africa-press.net\/guinee-conakry\/politique\/proces-du-28-septembre-dadis-camara-pas-du-tout-pret-a-faire-une-confrontation-avec-toumba\"},\"wordCount\":906,\"commentCount\":0,\"image\":{\"@id\":\"https:\/\/www.africa-press.net\/guinee-conakry\/politique\/proces-du-28-septembre-dadis-camara-pas-du-tout-pret-a-faire-une-confrontation-avec-toumba#primaryimage\"},\"thumbnailUrl\":\"https:\/\/static.africa-press.net\/conakry\/sites\/63\/2023\/01\/Jokar1673465849.965049.jpg\",\"keywords\":[\"Africa Press\",\"Africa Press-Guin\u00e9e\",\"Guin\u00e9e\"],\"articleSection\":[\"Politique\",\"Toutes les actualit\u00e9s\"],\"inLanguage\":\"fr-FR\",\"potentialAction\":[{\"@type\":\"CommentAction\",\"name\":\"Comment\",\"target\":[\"https:\/\/www.africa-press.net\/guinee-conakry\/politique\/proces-du-28-septembre-dadis-camara-pas-du-tout-pret-a-faire-une-confrontation-avec-toumba#respond\"]}]},{\"@type\":\"WebPage\",\"@id\":\"https:\/\/www.africa-press.net\/guinee-conakry\/politique\/proces-du-28-septembre-dadis-camara-pas-du-tout-pret-a-faire-une-confrontation-avec-toumba\",\"url\":\"https:\/\/www.africa-press.net\/guinee-conakry\/politique\/proces-du-28-septembre-dadis-camara-pas-du-tout-pret-a-faire-une-confrontation-avec-toumba\",\"name\":\"Proc\u00e8s du 28 septembre : Dadis Camara pas du tout \u00ab pr\u00eat \u00e0 faire une confrontation avec Toumba \u00bb - guinee Conakry\",\"isPartOf\":{\"@id\":\"https:\/\/www.africa-press.net\/guinee-conakry\/#website\"},\"primaryImageOfPage\":{\"@id\":\"https:\/\/www.africa-press.net\/guinee-conakry\/politique\/proces-du-28-septembre-dadis-camara-pas-du-tout-pret-a-faire-une-confrontation-avec-toumba#primaryimage\"},\"image\":{\"@id\":\"https:\/\/www.africa-press.net\/guinee-conakry\/politique\/proces-du-28-septembre-dadis-camara-pas-du-tout-pret-a-faire-une-confrontation-avec-toumba#primaryimage\"},\"thumbnailUrl\":\"https:\/\/static.africa-press.net\/conakry\/sites\/63\/2023\/01\/Jokar1673465849.965049.jpg\",\"datePublished\":\"2023-01-11T23:07:00+00:00\",\"author\":{\"@id\":\"https:\/\/www.africa-press.net\/guinee-conakry\/#\/schema\/person\/2b1cf3cd81a31e3cd26889ca66d677f1\"},\"breadcrumb\":{\"@id\":\"https:\/\/www.africa-press.net\/guinee-conakry\/politique\/proces-du-28-septembre-dadis-camara-pas-du-tout-pret-a-faire-une-confrontation-avec-toumba#breadcrumb\"},\"inLanguage\":\"fr-FR\",\"potentialAction\":[{\"@type\":\"ReadAction\",\"target\":[\"https:\/\/www.africa-press.net\/guinee-conakry\/politique\/proces-du-28-septembre-dadis-camara-pas-du-tout-pret-a-faire-une-confrontation-avec-toumba\"]}]},{\"@type\":\"ImageObject\",\"inLanguage\":\"fr-FR\",\"@id\":\"https:\/\/www.africa-press.net\/guinee-conakry\/politique\/proces-du-28-septembre-dadis-camara-pas-du-tout-pret-a-faire-une-confrontation-avec-toumba#primaryimage\",\"url\":\"https:\/\/static.africa-press.net\/conakry\/sites\/63\/2023\/01\/Jokar1673465849.965049.jpg\",\"contentUrl\":\"https:\/\/static.africa-press.net\/conakry\/sites\/63\/2023\/01\/Jokar1673465849.965049.jpg\",\"width\":709,\"height\":570,\"caption\":\"Proc\u00e8s du 28 septembre : Dadis Camara pas du tout \u00ab pr\u00eat \u00e0 faire une confrontation avec Toumba \u00bb\"},{\"@type\":\"BreadcrumbList\",\"@id\":\"https:\/\/www.africa-press.net\/guinee-conakry\/politique\/proces-du-28-septembre-dadis-camara-pas-du-tout-pret-a-faire-une-confrontation-avec-toumba#breadcrumb\",\"itemListElement\":[{\"@type\":\"ListItem\",\"position\":1,\"name\":\"Accueil\",\"item\":\"https:\/\/www.africa-press.net\/guinee-conakry\/\"},{\"@type\":\"ListItem\",\"position\":2,\"name\":\"Proc\u00e8s du 28 septembre : Dadis Camara pas du tout \u00ab pr\u00eat \u00e0 faire une confrontation avec Toumba \u00bb\"}]},{\"@type\":\"WebSite\",\"@id\":\"https:\/\/www.africa-press.net\/guinee-conakry\/#website\",\"url\":\"https:\/\/www.africa-press.net\/guinee-conakry\/\",\"name\":\"guinee Conakry\",\"description\":\"Just another Africa News Agency Sites site\",\"potentialAction\":[{\"@type\":\"SearchAction\",\"target\":{\"@type\":\"EntryPoint\",\"urlTemplate\":\"https:\/\/www.africa-press.net\/guinee-conakry\/?s={search_term_string}\"},\"query-input\":{\"@type\":\"PropertyValueSpecification\",\"valueRequired\":true,\"valueName\":\"search_term_string\"}}],\"inLanguage\":\"fr-FR\"},{\"@type\":\"Person\",\"@id\":\"https:\/\/www.africa-press.net\/guinee-conakry\/#\/schema\/person\/2b1cf3cd81a31e3cd26889ca66d677f1\",\"name\":\"cfeditorfr\"}]}<\/script>\n<!-- \/ Yoast SEO Premium plugin. -->","yoast_head_json":{"title":"Proc\u00e8s du 28 septembre : Dadis Camara pas du tout \u00ab pr\u00eat \u00e0 faire une confrontation avec Toumba \u00bb - guinee Conakry","robots":{"index":"index","follow":"follow","max-snippet":"max-snippet:-1","max-image-preview":"max-image-preview:large","max-video-preview":"max-video-preview:-1"},"canonical":"https:\/\/www.africa-press.net\/guinee-conakry\/politique\/proces-du-28-septembre-dadis-camara-pas-du-tout-pret-a-faire-une-confrontation-avec-toumba","og_locale":"fr_FR","og_type":"article","og_title":"Proc\u00e8s du 28 septembre : Dadis Camara pas du tout \u00ab pr\u00eat \u00e0 faire une confrontation avec Toumba \u00bb","og_description":"Africa-Press &#8211; Guin\u00e9e. Moussa Dadis Camara ne veut de confrontation entre lui et Toumba Diakite\u0301 au sujet des armes de guerre qui auraient servi a\u0300 commettre le massacre du 28 septembre de Conakry. Dans sa de\u0301position devant le Tribunal criminel de Dixinn, Aboubacar Sidiki Diakite\u0301 dit Toumba avait affirme\u0301 que les militaires qui sont alle\u0301s [&hellip;]","og_url":"https:\/\/www.africa-press.net\/guinee-conakry\/politique\/proces-du-28-septembre-dadis-camara-pas-du-tout-pret-a-faire-une-confrontation-avec-toumba","og_site_name":"guinee Conakry","article_published_time":"2023-01-11T23:07:00+00:00","author":"cfeditorfr","twitter_card":"summary_large_image","twitter_misc":{"\u00c9crit par":"cfeditorfr","Dur\u00e9e de lecture estim\u00e9e":"4 minutes"},"schema":{"@context":"https:\/\/schema.org","@graph":[{"@type":"Article","@id":"https:\/\/www.africa-press.net\/guinee-conakry\/politique\/proces-du-28-septembre-dadis-camara-pas-du-tout-pret-a-faire-une-confrontation-avec-toumba#article","isPartOf":{"@id":"https:\/\/www.africa-press.net\/guinee-conakry\/politique\/proces-du-28-septembre-dadis-camara-pas-du-tout-pret-a-faire-une-confrontation-avec-toumba"},"author":{"name":"cfeditorfr","@id":"https:\/\/www.africa-press.net\/guinee-conakry\/#\/schema\/person\/2b1cf3cd81a31e3cd26889ca66d677f1"},"headline":"Proc\u00e8s du 28 septembre : Dadis Camara pas du tout \u00ab pr\u00eat \u00e0 faire une confrontation avec Toumba \u00bb","datePublished":"2023-01-11T23:07:00+00:00","mainEntityOfPage":{"@id":"https:\/\/www.africa-press.net\/guinee-conakry\/politique\/proces-du-28-septembre-dadis-camara-pas-du-tout-pret-a-faire-une-confrontation-avec-toumba"},"wordCount":906,"commentCount":0,"image":{"@id":"https:\/\/www.africa-press.net\/guinee-conakry\/politique\/proces-du-28-septembre-dadis-camara-pas-du-tout-pret-a-faire-une-confrontation-avec-toumba#primaryimage"},"thumbnailUrl":"https:\/\/static.africa-press.net\/conakry\/sites\/63\/2023\/01\/Jokar1673465849.965049.jpg","keywords":["Africa Press","Africa Press-Guin\u00e9e","Guin\u00e9e"],"articleSection":["Politique","Toutes les actualit\u00e9s"],"inLanguage":"fr-FR","potentialAction":[{"@type":"CommentAction","name":"Comment","target":["https:\/\/www.africa-press.net\/guinee-conakry\/politique\/proces-du-28-septembre-dadis-camara-pas-du-tout-pret-a-faire-une-confrontation-avec-toumba#respond"]}]},{"@type":"WebPage","@id":"https:\/\/www.africa-press.net\/guinee-conakry\/politique\/proces-du-28-septembre-dadis-camara-pas-du-tout-pret-a-faire-une-confrontation-avec-toumba","url":"https:\/\/www.africa-press.net\/guinee-conakry\/politique\/proces-du-28-septembre-dadis-camara-pas-du-tout-pret-a-faire-une-confrontation-avec-toumba","name":"Proc\u00e8s du 28 septembre : Dadis Camara pas du tout \u00ab pr\u00eat \u00e0 faire une confrontation avec Toumba \u00bb - guinee Conakry","isPartOf":{"@id":"https:\/\/www.africa-press.net\/guinee-conakry\/#website"},"primaryImageOfPage":{"@id":"https:\/\/www.africa-press.net\/guinee-conakry\/politique\/proces-du-28-septembre-dadis-camara-pas-du-tout-pret-a-faire-une-confrontation-avec-toumba#primaryimage"},"image":{"@id":"https:\/\/www.africa-press.net\/guinee-conakry\/politique\/proces-du-28-septembre-dadis-camara-pas-du-tout-pret-a-faire-une-confrontation-avec-toumba#primaryimage"},"thumbnailUrl":"https:\/\/static.africa-press.net\/conakry\/sites\/63\/2023\/01\/Jokar1673465849.965049.jpg","datePublished":"2023-01-11T23:07:00+00:00","author":{"@id":"https:\/\/www.africa-press.net\/guinee-conakry\/#\/schema\/person\/2b1cf3cd81a31e3cd26889ca66d677f1"},"breadcrumb":{"@id":"https:\/\/www.africa-press.net\/guinee-conakry\/politique\/proces-du-28-septembre-dadis-camara-pas-du-tout-pret-a-faire-une-confrontation-avec-toumba#breadcrumb"},"inLanguage":"fr-FR","potentialAction":[{"@type":"ReadAction","target":["https:\/\/www.africa-press.net\/guinee-conakry\/politique\/proces-du-28-septembre-dadis-camara-pas-du-tout-pret-a-faire-une-confrontation-avec-toumba"]}]},{"@type":"ImageObject","inLanguage":"fr-FR","@id":"https:\/\/www.africa-press.net\/guinee-conakry\/politique\/proces-du-28-septembre-dadis-camara-pas-du-tout-pret-a-faire-une-confrontation-avec-toumba#primaryimage","url":"https:\/\/static.africa-press.net\/conakry\/sites\/63\/2023\/01\/Jokar1673465849.965049.jpg","contentUrl":"https:\/\/static.africa-press.net\/conakry\/sites\/63\/2023\/01\/Jokar1673465849.965049.jpg","width":709,"height":570,"caption":"Proc\u00e8s du 28 septembre : Dadis Camara pas du tout \u00ab pr\u00eat \u00e0 faire une confrontation avec Toumba \u00bb"},{"@type":"BreadcrumbList","@id":"https:\/\/www.africa-press.net\/guinee-conakry\/politique\/proces-du-28-septembre-dadis-camara-pas-du-tout-pret-a-faire-une-confrontation-avec-toumba#breadcrumb","itemListElement":[{"@type":"ListItem","position":1,"name":"Accueil","item":"https:\/\/www.africa-press.net\/guinee-conakry\/"},{"@type":"ListItem","position":2,"name":"Proc\u00e8s du 28 septembre : Dadis Camara pas du tout \u00ab pr\u00eat \u00e0 faire une confrontation avec Toumba \u00bb"}]},{"@type":"WebSite","@id":"https:\/\/www.africa-press.net\/guinee-conakry\/#website","url":"https:\/\/www.africa-press.net\/guinee-conakry\/","name":"guinee Conakry","description":"Just another Africa News Agency Sites site","potentialAction":[{"@type":"SearchAction","target":{"@type":"EntryPoint","urlTemplate":"https:\/\/www.africa-press.net\/guinee-conakry\/?s={search_term_string}"},"query-input":{"@type":"PropertyValueSpecification","valueRequired":true,"valueName":"search_term_string"}}],"inLanguage":"fr-FR"},{"@type":"Person","@id":"https:\/\/www.africa-press.net\/guinee-conakry\/#\/schema\/person\/2b1cf3cd81a31e3cd26889ca66d677f1","name":"cfeditorfr"}]}},"_links":{"self":[{"href":"https:\/\/www.africa-press.net\/guinee-conakry\/wp-json\/wp\/v2\/posts\/11329","targetHints":{"allow":["GET"]}}],"collection":[{"href":"https:\/\/www.africa-press.net\/guinee-conakry\/wp-json\/wp\/v2\/posts"}],"about":[{"href":"https:\/\/www.africa-press.net\/guinee-conakry\/wp-json\/wp\/v2\/types\/post"}],"author":[{"embeddable":true,"href":"https:\/\/www.africa-press.net\/guinee-conakry\/wp-json\/wp\/v2\/users\/82"}],"replies":[{"embeddable":true,"href":"https:\/\/www.africa-press.net\/guinee-conakry\/wp-json\/wp\/v2\/comments?post=11329"}],"version-history":[{"count":0,"href":"https:\/\/www.africa-press.net\/guinee-conakry\/wp-json\/wp\/v2\/posts\/11329\/revisions"}],"wp:featuredmedia":[{"embeddable":true,"href":"https:\/\/www.africa-press.net\/guinee-conakry\/wp-json\/wp\/v2\/media\/11328"}],"wp:attachment":[{"href":"https:\/\/www.africa-press.net\/guinee-conakry\/wp-json\/wp\/v2\/media?parent=11329"}],"wp:term":[{"taxonomy":"category","embeddable":true,"href":"https:\/\/www.africa-press.net\/guinee-conakry\/wp-json\/wp\/v2\/categories?post=11329"},{"taxonomy":"post_tag","embeddable":true,"href":"https:\/\/www.africa-press.net\/guinee-conakry\/wp-json\/wp\/v2\/tags?post=11329"}],"curies":[{"name":"wp","href":"https:\/\/api.w.org\/{rel}","templated":true}]}}