{"id":11331,"date":"2023-01-11T23:14:00","date_gmt":"2023-01-11T23:14:00","guid":{"rendered":"https:\/\/www.africa-press.net\/guinee-conakry\/politique\/affaire-mmah-sylla-le-temoignage-du-pr-houssein-fofana-au-tpi-de-mafanco"},"modified":"2023-01-11T23:14:00","modified_gmt":"2023-01-11T23:14:00","slug":"affaire-mmah-sylla-le-temoignage-du-pr-houssein-fofana-au-tpi-de-mafanco","status":"publish","type":"post","link":"https:\/\/www.africa-press.net\/guinee-conakry\/toutes-les-actualites\/affaire-mmah-sylla-le-temoignage-du-pr-houssein-fofana-au-tpi-de-mafanco","title":{"rendered":"Affaire M\u2019mah Sylla : le t\u00e9moignage du Pr. Houssein Fofana au TPI de Mafanco"},"content":{"rendered":"<p><span style=\"color: #ff6600\"><strong>Africa-Press &#8211; Guin\u00e9e. <\/strong><\/span>Comme annonce\u0301 dans une de nos pre\u0301ce\u0301dentes de\u0301pe\u0302ches, le proce\u0300s dans l\u2019affaire M\u2019mah Sylla a repris au tribunal de premie\u0300re instance de Mafanco ce mercredi, 11 janvier 2023, avec la comparution des te\u0301moins. Apre\u0300s, le Pr Aboubacar Toure\u0301, son assistant au moment des faits, Pr Houssein Fofana a e\u0301galement fait sa de\u0301position. Il a explique\u0301 avoir rec\u0327u la victime qui e\u0301tait dans un e\u0301tat grave, ce qui l\u2019a d\u2019ailleurs pousse\u0301 a\u0300 intervenir rapidement.<\/p>\n<p>Le me\u0301decin chirurgien est celui qui a en premier lieu rec\u0327u feue M\u2019mah Sylla a\u0300 l\u2019ho\u0302pital Ignace Deen. Au regard des le\u0301sions inflammatoires de cette dernie\u0300re, il a estime\u0301 qu\u2019il fallait agir vite pour la sauver.<\/p>\n<p>\u00ab Elle est arrive\u0301e, on l\u2019a emmene\u0301e en consultation poste-ope\u0301ratoire, on a fait une exploration ; mais, il y avait beaucoup d\u2019e\u0301coulement de selles avec les multiples perforations. Quand elle est venue, les selles coulaient de partout, on ne pouvait pas la laisser comme c\u0327a avec les le\u0301sions inflammatoires. Donc, on a proce\u0301de\u0301 a\u0300 la premie\u0300re intervention. La patiente a e\u0301te\u0301 re\u0301gulie\u0300rement prise en charge dans nos services jusqu\u2019a\u0300 l\u2019e\u0301vacuation \u00bb, a-t-il explique\u0301, pre\u0301cisant que la victime n\u2019est pas arrive\u0301e a\u0300 Ignace Deen avec un dossier me\u0301dical.<\/p>\n<p>Le te\u0301moin a ensuite re\u0301pondu aux questions du ministre public, des avocats de la partie civile et ceux de la de\u0301fense.<\/p>\n<p>Finalement, le tribunal a renvoye\u0301 l\u2019affaire au 25 janvier 2023 pour la suite des de\u0301bats.<\/p>\n<p><strong>Pour plus d&rsquo;informations et d&rsquo;analyses sur la <a href=\"https:\/\/www.africa-press.net\/guinee-conakry\">Guin\u00e9e<\/a>, suivez <a href=\"https:\/\/www.africa-press.net\/\">Africa-Press<\/a><\/strong><\/p>\n","protected":false},"excerpt":{"rendered":"<p>Africa-Press &#8211; Guin\u00e9e. Comme annonce\u0301 dans une de nos pre\u0301ce\u0301dentes de\u0301pe\u0302ches, le proce\u0300s dans l\u2019affaire M\u2019mah Sylla a repris au tribunal de premie\u0300re instance de Mafanco ce mercredi, 11 janvier 2023, avec la comparution des te\u0301moins. Apre\u0300s, le Pr Aboubacar Toure\u0301, son assistant au moment des faits, Pr Houssein Fofana a e\u0301galement fait sa de\u0301position. [&hellip;]<\/p>\n","protected":false},"author":82,"featured_media":11330,"comment_status":"open","ping_status":"closed","sticky":false,"template":"","format":"standard","meta":{"footnotes":""},"categories":[21,10],"tags":[36,57,58],"class_list":["post-11331","post","type-post","status-publish","format-standard","has-post-thumbnail","hentry","category-communaute","category-toutes-les-actualites","tag-africa-press","tag-africa-press-guinee","tag-guinee"],"yoast_head":"<!-- This site is optimized with the Yoast SEO Premium plugin v26.1 (Yoast SEO v27.0) - https:\/\/yoast.com\/product\/yoast-seo-premium-wordpress\/ -->\n<title>Affaire M\u2019mah Sylla : le t\u00e9moignage du Pr. Houssein Fofana au TPI de Mafanco - guinee Conakry<\/title>\n<meta name=\"robots\" content=\"index, follow, max-snippet:-1, max-image-preview:large, max-video-preview:-1\" \/>\n<link rel=\"canonical\" href=\"https:\/\/www.africa-press.net\/guinee-conakry\/politique\/affaire-mmah-sylla-le-temoignage-du-pr-houssein-fofana-au-tpi-de-mafanco\" \/>\n<meta property=\"og:locale\" content=\"fr_FR\" \/>\n<meta property=\"og:type\" content=\"article\" \/>\n<meta property=\"og:title\" content=\"Affaire M\u2019mah Sylla : le t\u00e9moignage du Pr. Houssein Fofana au TPI de Mafanco\" \/>\n<meta property=\"og:description\" content=\"Africa-Press &#8211; Guin\u00e9e. Comme annonce\u0301 dans une de nos pre\u0301ce\u0301dentes de\u0301pe\u0302ches, le proce\u0300s dans l\u2019affaire M\u2019mah Sylla a repris au tribunal de premie\u0300re instance de Mafanco ce mercredi, 11 janvier 2023, avec la comparution des te\u0301moins. Apre\u0300s, le Pr Aboubacar Toure\u0301, son assistant au moment des faits, Pr Houssein Fofana a e\u0301galement fait sa de\u0301position. [&hellip;]\" \/>\n<meta property=\"og:url\" content=\"https:\/\/www.africa-press.net\/guinee-conakry\/politique\/affaire-mmah-sylla-le-temoignage-du-pr-houssein-fofana-au-tpi-de-mafanco\" \/>\n<meta property=\"og:site_name\" content=\"guinee Conakry\" \/>\n<meta property=\"article:published_time\" content=\"2023-01-11T23:14:00+00:00\" \/>\n<meta name=\"author\" content=\"cfeditorfr\" \/>\n<meta name=\"twitter:card\" content=\"summary_large_image\" \/>\n<meta name=\"twitter:label1\" content=\"\u00c9crit par\" \/>\n\t<meta name=\"twitter:data1\" content=\"cfeditorfr\" \/>\n\t<meta name=\"twitter:label2\" content=\"Dur\u00e9e de lecture estim\u00e9e\" \/>\n\t<meta name=\"twitter:data2\" content=\"1 minute\" \/>\n<script type=\"application\/ld+json\" class=\"yoast-schema-graph\">{\"@context\":\"https:\/\/schema.org\",\"@graph\":[{\"@type\":\"Article\",\"@id\":\"https:\/\/www.africa-press.net\/guinee-conakry\/politique\/affaire-mmah-sylla-le-temoignage-du-pr-houssein-fofana-au-tpi-de-mafanco#article\",\"isPartOf\":{\"@id\":\"https:\/\/www.africa-press.net\/guinee-conakry\/politique\/affaire-mmah-sylla-le-temoignage-du-pr-houssein-fofana-au-tpi-de-mafanco\"},\"author\":{\"name\":\"cfeditorfr\",\"@id\":\"https:\/\/www.africa-press.net\/guinee-conakry\/#\/schema\/person\/2b1cf3cd81a31e3cd26889ca66d677f1\"},\"headline\":\"Affaire M\u2019mah Sylla : le t\u00e9moignage du Pr. Houssein Fofana au TPI de Mafanco\",\"datePublished\":\"2023-01-11T23:14:00+00:00\",\"mainEntityOfPage\":{\"@id\":\"https:\/\/www.africa-press.net\/guinee-conakry\/politique\/affaire-mmah-sylla-le-temoignage-du-pr-houssein-fofana-au-tpi-de-mafanco\"},\"wordCount\":307,\"commentCount\":0,\"image\":{\"@id\":\"https:\/\/www.africa-press.net\/guinee-conakry\/politique\/affaire-mmah-sylla-le-temoignage-du-pr-houssein-fofana-au-tpi-de-mafanco#primaryimage\"},\"thumbnailUrl\":\"https:\/\/static.africa-press.net\/conakry\/sites\/63\/2023\/01\/Jokar1673466243.715609.jpg\",\"keywords\":[\"Africa Press\",\"Africa Press-Guin\u00e9e\",\"Guin\u00e9e\"],\"articleSection\":[\"Communaut\u00e9\",\"Toutes les actualit\u00e9s\"],\"inLanguage\":\"fr-FR\",\"potentialAction\":[{\"@type\":\"CommentAction\",\"name\":\"Comment\",\"target\":[\"https:\/\/www.africa-press.net\/guinee-conakry\/politique\/affaire-mmah-sylla-le-temoignage-du-pr-houssein-fofana-au-tpi-de-mafanco#respond\"]}]},{\"@type\":\"WebPage\",\"@id\":\"https:\/\/www.africa-press.net\/guinee-conakry\/politique\/affaire-mmah-sylla-le-temoignage-du-pr-houssein-fofana-au-tpi-de-mafanco\",\"url\":\"https:\/\/www.africa-press.net\/guinee-conakry\/politique\/affaire-mmah-sylla-le-temoignage-du-pr-houssein-fofana-au-tpi-de-mafanco\",\"name\":\"Affaire M\u2019mah Sylla : le t\u00e9moignage du Pr. Houssein Fofana au TPI de Mafanco - guinee Conakry\",\"isPartOf\":{\"@id\":\"https:\/\/www.africa-press.net\/guinee-conakry\/#website\"},\"primaryImageOfPage\":{\"@id\":\"https:\/\/www.africa-press.net\/guinee-conakry\/politique\/affaire-mmah-sylla-le-temoignage-du-pr-houssein-fofana-au-tpi-de-mafanco#primaryimage\"},\"image\":{\"@id\":\"https:\/\/www.africa-press.net\/guinee-conakry\/politique\/affaire-mmah-sylla-le-temoignage-du-pr-houssein-fofana-au-tpi-de-mafanco#primaryimage\"},\"thumbnailUrl\":\"https:\/\/static.africa-press.net\/conakry\/sites\/63\/2023\/01\/Jokar1673466243.715609.jpg\",\"datePublished\":\"2023-01-11T23:14:00+00:00\",\"author\":{\"@id\":\"https:\/\/www.africa-press.net\/guinee-conakry\/#\/schema\/person\/2b1cf3cd81a31e3cd26889ca66d677f1\"},\"breadcrumb\":{\"@id\":\"https:\/\/www.africa-press.net\/guinee-conakry\/politique\/affaire-mmah-sylla-le-temoignage-du-pr-houssein-fofana-au-tpi-de-mafanco#breadcrumb\"},\"inLanguage\":\"fr-FR\",\"potentialAction\":[{\"@type\":\"ReadAction\",\"target\":[\"https:\/\/www.africa-press.net\/guinee-conakry\/politique\/affaire-mmah-sylla-le-temoignage-du-pr-houssein-fofana-au-tpi-de-mafanco\"]}]},{\"@type\":\"ImageObject\",\"inLanguage\":\"fr-FR\",\"@id\":\"https:\/\/www.africa-press.net\/guinee-conakry\/politique\/affaire-mmah-sylla-le-temoignage-du-pr-houssein-fofana-au-tpi-de-mafanco#primaryimage\",\"url\":\"https:\/\/static.africa-press.net\/conakry\/sites\/63\/2023\/01\/Jokar1673466243.715609.jpg\",\"contentUrl\":\"https:\/\/static.africa-press.net\/conakry\/sites\/63\/2023\/01\/Jokar1673466243.715609.jpg\",\"width\":704,\"height\":693,\"caption\":\"Affaire M\u2019mah Sylla : le t\u00e9moignage du Pr. Houssein Fofana au TPI de Mafanco\"},{\"@type\":\"BreadcrumbList\",\"@id\":\"https:\/\/www.africa-press.net\/guinee-conakry\/politique\/affaire-mmah-sylla-le-temoignage-du-pr-houssein-fofana-au-tpi-de-mafanco#breadcrumb\",\"itemListElement\":[{\"@type\":\"ListItem\",\"position\":1,\"name\":\"Accueil\",\"item\":\"https:\/\/www.africa-press.net\/guinee-conakry\/\"},{\"@type\":\"ListItem\",\"position\":2,\"name\":\"Affaire M\u2019mah Sylla : le t\u00e9moignage du Pr. Houssein Fofana au TPI de Mafanco\"}]},{\"@type\":\"WebSite\",\"@id\":\"https:\/\/www.africa-press.net\/guinee-conakry\/#website\",\"url\":\"https:\/\/www.africa-press.net\/guinee-conakry\/\",\"name\":\"guinee Conakry\",\"description\":\"Just another Africa News Agency Sites site\",\"potentialAction\":[{\"@type\":\"SearchAction\",\"target\":{\"@type\":\"EntryPoint\",\"urlTemplate\":\"https:\/\/www.africa-press.net\/guinee-conakry\/?s={search_term_string}\"},\"query-input\":{\"@type\":\"PropertyValueSpecification\",\"valueRequired\":true,\"valueName\":\"search_term_string\"}}],\"inLanguage\":\"fr-FR\"},{\"@type\":\"Person\",\"@id\":\"https:\/\/www.africa-press.net\/guinee-conakry\/#\/schema\/person\/2b1cf3cd81a31e3cd26889ca66d677f1\",\"name\":\"cfeditorfr\"}]}<\/script>\n<!-- \/ Yoast SEO Premium plugin. -->","yoast_head_json":{"title":"Affaire M\u2019mah Sylla : le t\u00e9moignage du Pr. Houssein Fofana au TPI de Mafanco - guinee Conakry","robots":{"index":"index","follow":"follow","max-snippet":"max-snippet:-1","max-image-preview":"max-image-preview:large","max-video-preview":"max-video-preview:-1"},"canonical":"https:\/\/www.africa-press.net\/guinee-conakry\/politique\/affaire-mmah-sylla-le-temoignage-du-pr-houssein-fofana-au-tpi-de-mafanco","og_locale":"fr_FR","og_type":"article","og_title":"Affaire M\u2019mah Sylla : le t\u00e9moignage du Pr. Houssein Fofana au TPI de Mafanco","og_description":"Africa-Press &#8211; Guin\u00e9e. Comme annonce\u0301 dans une de nos pre\u0301ce\u0301dentes de\u0301pe\u0302ches, le proce\u0300s dans l\u2019affaire M\u2019mah Sylla a repris au tribunal de premie\u0300re instance de Mafanco ce mercredi, 11 janvier 2023, avec la comparution des te\u0301moins. Apre\u0300s, le Pr Aboubacar Toure\u0301, son assistant au moment des faits, Pr Houssein Fofana a e\u0301galement fait sa de\u0301position. [&hellip;]","og_url":"https:\/\/www.africa-press.net\/guinee-conakry\/politique\/affaire-mmah-sylla-le-temoignage-du-pr-houssein-fofana-au-tpi-de-mafanco","og_site_name":"guinee Conakry","article_published_time":"2023-01-11T23:14:00+00:00","author":"cfeditorfr","twitter_card":"summary_large_image","twitter_misc":{"\u00c9crit par":"cfeditorfr","Dur\u00e9e de lecture estim\u00e9e":"1 minute"},"schema":{"@context":"https:\/\/schema.org","@graph":[{"@type":"Article","@id":"https:\/\/www.africa-press.net\/guinee-conakry\/politique\/affaire-mmah-sylla-le-temoignage-du-pr-houssein-fofana-au-tpi-de-mafanco#article","isPartOf":{"@id":"https:\/\/www.africa-press.net\/guinee-conakry\/politique\/affaire-mmah-sylla-le-temoignage-du-pr-houssein-fofana-au-tpi-de-mafanco"},"author":{"name":"cfeditorfr","@id":"https:\/\/www.africa-press.net\/guinee-conakry\/#\/schema\/person\/2b1cf3cd81a31e3cd26889ca66d677f1"},"headline":"Affaire M\u2019mah Sylla : le t\u00e9moignage du Pr. Houssein Fofana au TPI de Mafanco","datePublished":"2023-01-11T23:14:00+00:00","mainEntityOfPage":{"@id":"https:\/\/www.africa-press.net\/guinee-conakry\/politique\/affaire-mmah-sylla-le-temoignage-du-pr-houssein-fofana-au-tpi-de-mafanco"},"wordCount":307,"commentCount":0,"image":{"@id":"https:\/\/www.africa-press.net\/guinee-conakry\/politique\/affaire-mmah-sylla-le-temoignage-du-pr-houssein-fofana-au-tpi-de-mafanco#primaryimage"},"thumbnailUrl":"https:\/\/static.africa-press.net\/conakry\/sites\/63\/2023\/01\/Jokar1673466243.715609.jpg","keywords":["Africa Press","Africa Press-Guin\u00e9e","Guin\u00e9e"],"articleSection":["Communaut\u00e9","Toutes les actualit\u00e9s"],"inLanguage":"fr-FR","potentialAction":[{"@type":"CommentAction","name":"Comment","target":["https:\/\/www.africa-press.net\/guinee-conakry\/politique\/affaire-mmah-sylla-le-temoignage-du-pr-houssein-fofana-au-tpi-de-mafanco#respond"]}]},{"@type":"WebPage","@id":"https:\/\/www.africa-press.net\/guinee-conakry\/politique\/affaire-mmah-sylla-le-temoignage-du-pr-houssein-fofana-au-tpi-de-mafanco","url":"https:\/\/www.africa-press.net\/guinee-conakry\/politique\/affaire-mmah-sylla-le-temoignage-du-pr-houssein-fofana-au-tpi-de-mafanco","name":"Affaire M\u2019mah Sylla : le t\u00e9moignage du Pr. Houssein Fofana au TPI de Mafanco - guinee Conakry","isPartOf":{"@id":"https:\/\/www.africa-press.net\/guinee-conakry\/#website"},"primaryImageOfPage":{"@id":"https:\/\/www.africa-press.net\/guinee-conakry\/politique\/affaire-mmah-sylla-le-temoignage-du-pr-houssein-fofana-au-tpi-de-mafanco#primaryimage"},"image":{"@id":"https:\/\/www.africa-press.net\/guinee-conakry\/politique\/affaire-mmah-sylla-le-temoignage-du-pr-houssein-fofana-au-tpi-de-mafanco#primaryimage"},"thumbnailUrl":"https:\/\/static.africa-press.net\/conakry\/sites\/63\/2023\/01\/Jokar1673466243.715609.jpg","datePublished":"2023-01-11T23:14:00+00:00","author":{"@id":"https:\/\/www.africa-press.net\/guinee-conakry\/#\/schema\/person\/2b1cf3cd81a31e3cd26889ca66d677f1"},"breadcrumb":{"@id":"https:\/\/www.africa-press.net\/guinee-conakry\/politique\/affaire-mmah-sylla-le-temoignage-du-pr-houssein-fofana-au-tpi-de-mafanco#breadcrumb"},"inLanguage":"fr-FR","potentialAction":[{"@type":"ReadAction","target":["https:\/\/www.africa-press.net\/guinee-conakry\/politique\/affaire-mmah-sylla-le-temoignage-du-pr-houssein-fofana-au-tpi-de-mafanco"]}]},{"@type":"ImageObject","inLanguage":"fr-FR","@id":"https:\/\/www.africa-press.net\/guinee-conakry\/politique\/affaire-mmah-sylla-le-temoignage-du-pr-houssein-fofana-au-tpi-de-mafanco#primaryimage","url":"https:\/\/static.africa-press.net\/conakry\/sites\/63\/2023\/01\/Jokar1673466243.715609.jpg","contentUrl":"https:\/\/static.africa-press.net\/conakry\/sites\/63\/2023\/01\/Jokar1673466243.715609.jpg","width":704,"height":693,"caption":"Affaire M\u2019mah Sylla : le t\u00e9moignage du Pr. Houssein Fofana au TPI de Mafanco"},{"@type":"BreadcrumbList","@id":"https:\/\/www.africa-press.net\/guinee-conakry\/politique\/affaire-mmah-sylla-le-temoignage-du-pr-houssein-fofana-au-tpi-de-mafanco#breadcrumb","itemListElement":[{"@type":"ListItem","position":1,"name":"Accueil","item":"https:\/\/www.africa-press.net\/guinee-conakry\/"},{"@type":"ListItem","position":2,"name":"Affaire M\u2019mah Sylla : le t\u00e9moignage du Pr. Houssein Fofana au TPI de Mafanco"}]},{"@type":"WebSite","@id":"https:\/\/www.africa-press.net\/guinee-conakry\/#website","url":"https:\/\/www.africa-press.net\/guinee-conakry\/","name":"guinee Conakry","description":"Just another Africa News Agency Sites site","potentialAction":[{"@type":"SearchAction","target":{"@type":"EntryPoint","urlTemplate":"https:\/\/www.africa-press.net\/guinee-conakry\/?s={search_term_string}"},"query-input":{"@type":"PropertyValueSpecification","valueRequired":true,"valueName":"search_term_string"}}],"inLanguage":"fr-FR"},{"@type":"Person","@id":"https:\/\/www.africa-press.net\/guinee-conakry\/#\/schema\/person\/2b1cf3cd81a31e3cd26889ca66d677f1","name":"cfeditorfr"}]}},"_links":{"self":[{"href":"https:\/\/www.africa-press.net\/guinee-conakry\/wp-json\/wp\/v2\/posts\/11331","targetHints":{"allow":["GET"]}}],"collection":[{"href":"https:\/\/www.africa-press.net\/guinee-conakry\/wp-json\/wp\/v2\/posts"}],"about":[{"href":"https:\/\/www.africa-press.net\/guinee-conakry\/wp-json\/wp\/v2\/types\/post"}],"author":[{"embeddable":true,"href":"https:\/\/www.africa-press.net\/guinee-conakry\/wp-json\/wp\/v2\/users\/82"}],"replies":[{"embeddable":true,"href":"https:\/\/www.africa-press.net\/guinee-conakry\/wp-json\/wp\/v2\/comments?post=11331"}],"version-history":[{"count":0,"href":"https:\/\/www.africa-press.net\/guinee-conakry\/wp-json\/wp\/v2\/posts\/11331\/revisions"}],"wp:featuredmedia":[{"embeddable":true,"href":"https:\/\/www.africa-press.net\/guinee-conakry\/wp-json\/wp\/v2\/media\/11330"}],"wp:attachment":[{"href":"https:\/\/www.africa-press.net\/guinee-conakry\/wp-json\/wp\/v2\/media?parent=11331"}],"wp:term":[{"taxonomy":"category","embeddable":true,"href":"https:\/\/www.africa-press.net\/guinee-conakry\/wp-json\/wp\/v2\/categories?post=11331"},{"taxonomy":"post_tag","embeddable":true,"href":"https:\/\/www.africa-press.net\/guinee-conakry\/wp-json\/wp\/v2\/tags?post=11331"}],"curies":[{"name":"wp","href":"https:\/\/api.w.org\/{rel}","templated":true}]}}