{"id":11333,"date":"2023-01-12T19:09:00","date_gmt":"2023-01-12T19:09:00","guid":{"rendered":"https:\/\/www.africa-press.net\/guinee-conakry\/politique\/reprise-du-dialogue-inter-guineen-ousmane-gaoual-diallo-tranche"},"modified":"2023-01-12T19:09:00","modified_gmt":"2023-01-12T19:09:00","slug":"reprise-du-dialogue-inter-guineen-ousmane-gaoual-diallo-tranche","status":"publish","type":"post","link":"https:\/\/www.africa-press.net\/guinee-conakry\/politique\/reprise-du-dialogue-inter-guineen-ousmane-gaoual-diallo-tranche","title":{"rendered":"Reprise du dialogue inter-guin\u00e9en ? Ousmane Gaoual Diallo tranche !"},"content":{"rendered":"<p><span style=\"color: #ff6600\"><strong>Africa-Press &#8211; Guin\u00e9e. <\/strong><\/span>La possibilite\u0301 de la tenue d\u2019un dialogue inter-guine\u0301en en dehors des frontie\u0300res guine\u0301ennes avait e\u0301te\u0301 e\u0301mise par le pre\u0301sident de la commission de la CEDEAO au sortir du sommet des chefs d\u2019Etat et de gouvernement ouest africains tenu le 4 de\u0301cembre dernier a\u0300 Abuja (au Nige\u0301ria). \u00ab Si le dialogue n\u2019est pas possible en Guine\u0301e me\u0302me, la junte (le CNRD au pouvoir en Guine\u0301e depuis le 05 septembre 2021 : ndlr) doit examiner la possibilite\u0301 qu\u2019il ait lieu dans un autre pays de la CEDEAO \u00bb, avait la\u0302che\u0301 Omar Touray pour insister sur la ne\u0301cessite\u0301 d\u2019un dialogue inclusif en Guine\u0301e.<\/p>\n<p>Mais, en confe\u0301rence de presse a\u0300 Conakry ce jeudi, 12 janvier 2023, le ministre des te\u0301le\u0301communications et porte-parole du gouvernement, Ousmane Gaoual Diallo, a oppose\u0301 un niet a\u0300 toute ide\u0301e de tenir un dialogue guine\u0301en a\u0300 l\u2019e\u0301tranger. Il a e\u0301galement e\u0301carte\u0301 toute ide\u0301e reprise du dialogue inter-guine\u0301en re\u0301cemment tenu a\u0300 Conakry sous l\u2019e\u0301gide du Premier ministre, Bernard.<\/p>\n<p>\u00ab Notre relation avec la Communaute\u0301 E\u0301conomique des E\u0301tats de l\u2019Afrique de l\u2019Ouest (CEDEAO) s\u2019est normalise\u0301e. A\u0300 un moment donne\u0301, il y a eu la monte\u0301e en puissance de la tension entre nous. Les choses se sont tre\u0300s largement dissipe\u0301es. Lorsqu\u2019on est alle\u0301 regarder les choses de fac\u0327on factuelle, les accords ont e\u0301te\u0301 trouve\u0301s. Le dialogue dans un pays est permanent. Est-ce que la situation politique de notre pays justifie que le dialogue se tienne ailleurs. Aujourd\u2019hui, ce dialogue est derrie\u0300re nous, parce que les sujets ont e\u0301te\u0301 de\u0301battus avec nos partenaires de la CEDEAO et les accords ont e\u0301te\u0301 trouve\u0301s. Si dans l\u2019avenir, il y a la difficulte\u0301 de mise en \u0153uvre qui ne\u0301cessitera un autre dialogue, ce dialogue se fera ici. Aujourd\u2019hui, il n\u2019y a aucune raison qu\u2019un dialogue se tienne ailleurs \u00bb, a-t-il indique\u0301.<\/p>\n<p><strong>Pour plus d&rsquo;informations et d&rsquo;analyses sur la <a href=\"https:\/\/www.africa-press.net\/guinee-conakry\">Guin\u00e9e<\/a>, suivez <a href=\"https:\/\/www.africa-press.net\/\">Africa-Press<\/a><\/strong><\/p>\n","protected":false},"excerpt":{"rendered":"<p>Africa-Press &#8211; Guin\u00e9e. La possibilite\u0301 de la tenue d\u2019un dialogue inter-guine\u0301en en dehors des frontie\u0300res guine\u0301ennes avait e\u0301te\u0301 e\u0301mise par le pre\u0301sident de la commission de la CEDEAO au sortir du sommet des chefs d\u2019Etat et de gouvernement ouest africains tenu le 4 de\u0301cembre dernier a\u0300 Abuja (au Nige\u0301ria). \u00ab Si le dialogue n\u2019est pas [&hellip;]<\/p>\n","protected":false},"author":82,"featured_media":11332,"comment_status":"open","ping_status":"closed","sticky":false,"template":"","format":"standard","meta":{"footnotes":""},"categories":[2,10],"tags":[36,57,58],"class_list":["post-11333","post","type-post","status-publish","format-standard","has-post-thumbnail","hentry","category-politique","category-toutes-les-actualites","tag-africa-press","tag-africa-press-guinee","tag-guinee"],"yoast_head":"<!-- This site is optimized with the Yoast SEO Premium plugin v26.1 (Yoast SEO v27.0) - https:\/\/yoast.com\/product\/yoast-seo-premium-wordpress\/ -->\n<title>Reprise du dialogue inter-guin\u00e9en ? Ousmane Gaoual Diallo tranche ! - guinee Conakry<\/title>\n<meta name=\"robots\" content=\"index, follow, max-snippet:-1, max-image-preview:large, max-video-preview:-1\" \/>\n<link rel=\"canonical\" href=\"https:\/\/www.africa-press.net\/guinee-conakry\/politique\/reprise-du-dialogue-inter-guineen-ousmane-gaoual-diallo-tranche\" \/>\n<meta property=\"og:locale\" content=\"fr_FR\" \/>\n<meta property=\"og:type\" content=\"article\" \/>\n<meta property=\"og:title\" content=\"Reprise du dialogue inter-guin\u00e9en ? Ousmane Gaoual Diallo tranche !\" \/>\n<meta property=\"og:description\" content=\"Africa-Press &#8211; Guin\u00e9e. La possibilite\u0301 de la tenue d\u2019un dialogue inter-guine\u0301en en dehors des frontie\u0300res guine\u0301ennes avait e\u0301te\u0301 e\u0301mise par le pre\u0301sident de la commission de la CEDEAO au sortir du sommet des chefs d\u2019Etat et de gouvernement ouest africains tenu le 4 de\u0301cembre dernier a\u0300 Abuja (au Nige\u0301ria). \u00ab Si le dialogue n\u2019est pas [&hellip;]\" \/>\n<meta property=\"og:url\" content=\"https:\/\/www.africa-press.net\/guinee-conakry\/politique\/reprise-du-dialogue-inter-guineen-ousmane-gaoual-diallo-tranche\" \/>\n<meta property=\"og:site_name\" content=\"guinee Conakry\" \/>\n<meta property=\"article:published_time\" content=\"2023-01-12T19:09:00+00:00\" \/>\n<meta name=\"author\" content=\"cfeditorfr\" \/>\n<meta name=\"twitter:card\" content=\"summary_large_image\" \/>\n<meta name=\"twitter:label1\" content=\"\u00c9crit par\" \/>\n\t<meta name=\"twitter:data1\" content=\"cfeditorfr\" \/>\n\t<meta name=\"twitter:label2\" content=\"Dur\u00e9e de lecture estim\u00e9e\" \/>\n\t<meta name=\"twitter:data2\" content=\"2 minutes\" \/>\n<script type=\"application\/ld+json\" class=\"yoast-schema-graph\">{\"@context\":\"https:\/\/schema.org\",\"@graph\":[{\"@type\":\"Article\",\"@id\":\"https:\/\/www.africa-press.net\/guinee-conakry\/politique\/reprise-du-dialogue-inter-guineen-ousmane-gaoual-diallo-tranche#article\",\"isPartOf\":{\"@id\":\"https:\/\/www.africa-press.net\/guinee-conakry\/politique\/reprise-du-dialogue-inter-guineen-ousmane-gaoual-diallo-tranche\"},\"author\":{\"name\":\"cfeditorfr\",\"@id\":\"https:\/\/www.africa-press.net\/guinee-conakry\/#\/schema\/person\/2b1cf3cd81a31e3cd26889ca66d677f1\"},\"headline\":\"Reprise du dialogue inter-guin\u00e9en ? Ousmane Gaoual Diallo tranche !\",\"datePublished\":\"2023-01-12T19:09:00+00:00\",\"mainEntityOfPage\":{\"@id\":\"https:\/\/www.africa-press.net\/guinee-conakry\/politique\/reprise-du-dialogue-inter-guineen-ousmane-gaoual-diallo-tranche\"},\"wordCount\":367,\"commentCount\":0,\"image\":{\"@id\":\"https:\/\/www.africa-press.net\/guinee-conakry\/politique\/reprise-du-dialogue-inter-guineen-ousmane-gaoual-diallo-tranche#primaryimage\"},\"thumbnailUrl\":\"https:\/\/static.africa-press.net\/conakry\/sites\/63\/2023\/01\/Jokar1673537998.228149.jpg\",\"keywords\":[\"Africa Press\",\"Africa Press-Guin\u00e9e\",\"Guin\u00e9e\"],\"articleSection\":[\"Politique\",\"Toutes les actualit\u00e9s\"],\"inLanguage\":\"fr-FR\",\"potentialAction\":[{\"@type\":\"CommentAction\",\"name\":\"Comment\",\"target\":[\"https:\/\/www.africa-press.net\/guinee-conakry\/politique\/reprise-du-dialogue-inter-guineen-ousmane-gaoual-diallo-tranche#respond\"]}]},{\"@type\":\"WebPage\",\"@id\":\"https:\/\/www.africa-press.net\/guinee-conakry\/politique\/reprise-du-dialogue-inter-guineen-ousmane-gaoual-diallo-tranche\",\"url\":\"https:\/\/www.africa-press.net\/guinee-conakry\/politique\/reprise-du-dialogue-inter-guineen-ousmane-gaoual-diallo-tranche\",\"name\":\"Reprise du dialogue inter-guin\u00e9en ? Ousmane Gaoual Diallo tranche ! - guinee Conakry\",\"isPartOf\":{\"@id\":\"https:\/\/www.africa-press.net\/guinee-conakry\/#website\"},\"primaryImageOfPage\":{\"@id\":\"https:\/\/www.africa-press.net\/guinee-conakry\/politique\/reprise-du-dialogue-inter-guineen-ousmane-gaoual-diallo-tranche#primaryimage\"},\"image\":{\"@id\":\"https:\/\/www.africa-press.net\/guinee-conakry\/politique\/reprise-du-dialogue-inter-guineen-ousmane-gaoual-diallo-tranche#primaryimage\"},\"thumbnailUrl\":\"https:\/\/static.africa-press.net\/conakry\/sites\/63\/2023\/01\/Jokar1673537998.228149.jpg\",\"datePublished\":\"2023-01-12T19:09:00+00:00\",\"author\":{\"@id\":\"https:\/\/www.africa-press.net\/guinee-conakry\/#\/schema\/person\/2b1cf3cd81a31e3cd26889ca66d677f1\"},\"breadcrumb\":{\"@id\":\"https:\/\/www.africa-press.net\/guinee-conakry\/politique\/reprise-du-dialogue-inter-guineen-ousmane-gaoual-diallo-tranche#breadcrumb\"},\"inLanguage\":\"fr-FR\",\"potentialAction\":[{\"@type\":\"ReadAction\",\"target\":[\"https:\/\/www.africa-press.net\/guinee-conakry\/politique\/reprise-du-dialogue-inter-guineen-ousmane-gaoual-diallo-tranche\"]}]},{\"@type\":\"ImageObject\",\"inLanguage\":\"fr-FR\",\"@id\":\"https:\/\/www.africa-press.net\/guinee-conakry\/politique\/reprise-du-dialogue-inter-guineen-ousmane-gaoual-diallo-tranche#primaryimage\",\"url\":\"https:\/\/static.africa-press.net\/conakry\/sites\/63\/2023\/01\/Jokar1673537998.228149.jpg\",\"contentUrl\":\"https:\/\/static.africa-press.net\/conakry\/sites\/63\/2023\/01\/Jokar1673537998.228149.jpg\",\"width\":1280,\"height\":850,\"caption\":\"Reprise du dialogue inter-guin\u00e9en ? Ousmane Gaoual Diallo tranche !\"},{\"@type\":\"BreadcrumbList\",\"@id\":\"https:\/\/www.africa-press.net\/guinee-conakry\/politique\/reprise-du-dialogue-inter-guineen-ousmane-gaoual-diallo-tranche#breadcrumb\",\"itemListElement\":[{\"@type\":\"ListItem\",\"position\":1,\"name\":\"Accueil\",\"item\":\"https:\/\/www.africa-press.net\/guinee-conakry\/\"},{\"@type\":\"ListItem\",\"position\":2,\"name\":\"Reprise du dialogue inter-guin\u00e9en ? Ousmane Gaoual Diallo tranche !\"}]},{\"@type\":\"WebSite\",\"@id\":\"https:\/\/www.africa-press.net\/guinee-conakry\/#website\",\"url\":\"https:\/\/www.africa-press.net\/guinee-conakry\/\",\"name\":\"guinee Conakry\",\"description\":\"Just another Africa News Agency Sites site\",\"potentialAction\":[{\"@type\":\"SearchAction\",\"target\":{\"@type\":\"EntryPoint\",\"urlTemplate\":\"https:\/\/www.africa-press.net\/guinee-conakry\/?s={search_term_string}\"},\"query-input\":{\"@type\":\"PropertyValueSpecification\",\"valueRequired\":true,\"valueName\":\"search_term_string\"}}],\"inLanguage\":\"fr-FR\"},{\"@type\":\"Person\",\"@id\":\"https:\/\/www.africa-press.net\/guinee-conakry\/#\/schema\/person\/2b1cf3cd81a31e3cd26889ca66d677f1\",\"name\":\"cfeditorfr\"}]}<\/script>\n<!-- \/ Yoast SEO Premium plugin. -->","yoast_head_json":{"title":"Reprise du dialogue inter-guin\u00e9en ? Ousmane Gaoual Diallo tranche ! - guinee Conakry","robots":{"index":"index","follow":"follow","max-snippet":"max-snippet:-1","max-image-preview":"max-image-preview:large","max-video-preview":"max-video-preview:-1"},"canonical":"https:\/\/www.africa-press.net\/guinee-conakry\/politique\/reprise-du-dialogue-inter-guineen-ousmane-gaoual-diallo-tranche","og_locale":"fr_FR","og_type":"article","og_title":"Reprise du dialogue inter-guin\u00e9en ? Ousmane Gaoual Diallo tranche !","og_description":"Africa-Press &#8211; Guin\u00e9e. La possibilite\u0301 de la tenue d\u2019un dialogue inter-guine\u0301en en dehors des frontie\u0300res guine\u0301ennes avait e\u0301te\u0301 e\u0301mise par le pre\u0301sident de la commission de la CEDEAO au sortir du sommet des chefs d\u2019Etat et de gouvernement ouest africains tenu le 4 de\u0301cembre dernier a\u0300 Abuja (au Nige\u0301ria). \u00ab Si le dialogue n\u2019est pas [&hellip;]","og_url":"https:\/\/www.africa-press.net\/guinee-conakry\/politique\/reprise-du-dialogue-inter-guineen-ousmane-gaoual-diallo-tranche","og_site_name":"guinee Conakry","article_published_time":"2023-01-12T19:09:00+00:00","author":"cfeditorfr","twitter_card":"summary_large_image","twitter_misc":{"\u00c9crit par":"cfeditorfr","Dur\u00e9e de lecture estim\u00e9e":"2 minutes"},"schema":{"@context":"https:\/\/schema.org","@graph":[{"@type":"Article","@id":"https:\/\/www.africa-press.net\/guinee-conakry\/politique\/reprise-du-dialogue-inter-guineen-ousmane-gaoual-diallo-tranche#article","isPartOf":{"@id":"https:\/\/www.africa-press.net\/guinee-conakry\/politique\/reprise-du-dialogue-inter-guineen-ousmane-gaoual-diallo-tranche"},"author":{"name":"cfeditorfr","@id":"https:\/\/www.africa-press.net\/guinee-conakry\/#\/schema\/person\/2b1cf3cd81a31e3cd26889ca66d677f1"},"headline":"Reprise du dialogue inter-guin\u00e9en ? Ousmane Gaoual Diallo tranche !","datePublished":"2023-01-12T19:09:00+00:00","mainEntityOfPage":{"@id":"https:\/\/www.africa-press.net\/guinee-conakry\/politique\/reprise-du-dialogue-inter-guineen-ousmane-gaoual-diallo-tranche"},"wordCount":367,"commentCount":0,"image":{"@id":"https:\/\/www.africa-press.net\/guinee-conakry\/politique\/reprise-du-dialogue-inter-guineen-ousmane-gaoual-diallo-tranche#primaryimage"},"thumbnailUrl":"https:\/\/static.africa-press.net\/conakry\/sites\/63\/2023\/01\/Jokar1673537998.228149.jpg","keywords":["Africa Press","Africa Press-Guin\u00e9e","Guin\u00e9e"],"articleSection":["Politique","Toutes les actualit\u00e9s"],"inLanguage":"fr-FR","potentialAction":[{"@type":"CommentAction","name":"Comment","target":["https:\/\/www.africa-press.net\/guinee-conakry\/politique\/reprise-du-dialogue-inter-guineen-ousmane-gaoual-diallo-tranche#respond"]}]},{"@type":"WebPage","@id":"https:\/\/www.africa-press.net\/guinee-conakry\/politique\/reprise-du-dialogue-inter-guineen-ousmane-gaoual-diallo-tranche","url":"https:\/\/www.africa-press.net\/guinee-conakry\/politique\/reprise-du-dialogue-inter-guineen-ousmane-gaoual-diallo-tranche","name":"Reprise du dialogue inter-guin\u00e9en ? Ousmane Gaoual Diallo tranche ! - guinee Conakry","isPartOf":{"@id":"https:\/\/www.africa-press.net\/guinee-conakry\/#website"},"primaryImageOfPage":{"@id":"https:\/\/www.africa-press.net\/guinee-conakry\/politique\/reprise-du-dialogue-inter-guineen-ousmane-gaoual-diallo-tranche#primaryimage"},"image":{"@id":"https:\/\/www.africa-press.net\/guinee-conakry\/politique\/reprise-du-dialogue-inter-guineen-ousmane-gaoual-diallo-tranche#primaryimage"},"thumbnailUrl":"https:\/\/static.africa-press.net\/conakry\/sites\/63\/2023\/01\/Jokar1673537998.228149.jpg","datePublished":"2023-01-12T19:09:00+00:00","author":{"@id":"https:\/\/www.africa-press.net\/guinee-conakry\/#\/schema\/person\/2b1cf3cd81a31e3cd26889ca66d677f1"},"breadcrumb":{"@id":"https:\/\/www.africa-press.net\/guinee-conakry\/politique\/reprise-du-dialogue-inter-guineen-ousmane-gaoual-diallo-tranche#breadcrumb"},"inLanguage":"fr-FR","potentialAction":[{"@type":"ReadAction","target":["https:\/\/www.africa-press.net\/guinee-conakry\/politique\/reprise-du-dialogue-inter-guineen-ousmane-gaoual-diallo-tranche"]}]},{"@type":"ImageObject","inLanguage":"fr-FR","@id":"https:\/\/www.africa-press.net\/guinee-conakry\/politique\/reprise-du-dialogue-inter-guineen-ousmane-gaoual-diallo-tranche#primaryimage","url":"https:\/\/static.africa-press.net\/conakry\/sites\/63\/2023\/01\/Jokar1673537998.228149.jpg","contentUrl":"https:\/\/static.africa-press.net\/conakry\/sites\/63\/2023\/01\/Jokar1673537998.228149.jpg","width":1280,"height":850,"caption":"Reprise du dialogue inter-guin\u00e9en ? Ousmane Gaoual Diallo tranche !"},{"@type":"BreadcrumbList","@id":"https:\/\/www.africa-press.net\/guinee-conakry\/politique\/reprise-du-dialogue-inter-guineen-ousmane-gaoual-diallo-tranche#breadcrumb","itemListElement":[{"@type":"ListItem","position":1,"name":"Accueil","item":"https:\/\/www.africa-press.net\/guinee-conakry\/"},{"@type":"ListItem","position":2,"name":"Reprise du dialogue inter-guin\u00e9en ? Ousmane Gaoual Diallo tranche !"}]},{"@type":"WebSite","@id":"https:\/\/www.africa-press.net\/guinee-conakry\/#website","url":"https:\/\/www.africa-press.net\/guinee-conakry\/","name":"guinee Conakry","description":"Just another Africa News Agency Sites site","potentialAction":[{"@type":"SearchAction","target":{"@type":"EntryPoint","urlTemplate":"https:\/\/www.africa-press.net\/guinee-conakry\/?s={search_term_string}"},"query-input":{"@type":"PropertyValueSpecification","valueRequired":true,"valueName":"search_term_string"}}],"inLanguage":"fr-FR"},{"@type":"Person","@id":"https:\/\/www.africa-press.net\/guinee-conakry\/#\/schema\/person\/2b1cf3cd81a31e3cd26889ca66d677f1","name":"cfeditorfr"}]}},"_links":{"self":[{"href":"https:\/\/www.africa-press.net\/guinee-conakry\/wp-json\/wp\/v2\/posts\/11333","targetHints":{"allow":["GET"]}}],"collection":[{"href":"https:\/\/www.africa-press.net\/guinee-conakry\/wp-json\/wp\/v2\/posts"}],"about":[{"href":"https:\/\/www.africa-press.net\/guinee-conakry\/wp-json\/wp\/v2\/types\/post"}],"author":[{"embeddable":true,"href":"https:\/\/www.africa-press.net\/guinee-conakry\/wp-json\/wp\/v2\/users\/82"}],"replies":[{"embeddable":true,"href":"https:\/\/www.africa-press.net\/guinee-conakry\/wp-json\/wp\/v2\/comments?post=11333"}],"version-history":[{"count":0,"href":"https:\/\/www.africa-press.net\/guinee-conakry\/wp-json\/wp\/v2\/posts\/11333\/revisions"}],"wp:featuredmedia":[{"embeddable":true,"href":"https:\/\/www.africa-press.net\/guinee-conakry\/wp-json\/wp\/v2\/media\/11332"}],"wp:attachment":[{"href":"https:\/\/www.africa-press.net\/guinee-conakry\/wp-json\/wp\/v2\/media?parent=11333"}],"wp:term":[{"taxonomy":"category","embeddable":true,"href":"https:\/\/www.africa-press.net\/guinee-conakry\/wp-json\/wp\/v2\/categories?post=11333"},{"taxonomy":"post_tag","embeddable":true,"href":"https:\/\/www.africa-press.net\/guinee-conakry\/wp-json\/wp\/v2\/tags?post=11333"}],"curies":[{"name":"wp","href":"https:\/\/api.w.org\/{rel}","templated":true}]}}