{"id":11335,"date":"2023-01-12T20:03:00","date_gmt":"2023-01-12T20:03:00","guid":{"rendered":"https:\/\/www.africa-press.net\/guinee-conakry\/politique\/deces-de-texan-camara-depuis-que-mon-mari-est-tombe-malade-personne-na-ete-la"},"modified":"2023-01-12T20:03:00","modified_gmt":"2023-01-12T20:03:00","slug":"deces-de-texan-camara-depuis-que-mon-mari-est-tombe-malade-personne-na-ete-la","status":"publish","type":"post","link":"https:\/\/www.africa-press.net\/guinee-conakry\/politique\/deces-de-texan-camara-depuis-que-mon-mari-est-tombe-malade-personne-na-ete-la","title":{"rendered":"D\u00e9c\u00e8s de Texan Camara : \u00ab depuis que mon mari est tomb\u00e9 malade, personne n\u2019a \u00e9t\u00e9 l\u00e0\u2026 \u00bb"},"content":{"rendered":"<p><span style=\"color: #ff6600\"><strong>Africa-Press &#8211; Guin\u00e9e. <\/strong><\/span>Saibou Texan Camara, ancien pre\u0301sentateur de la page me\u0301te\u0301o a\u0300 la Radiote\u0301le\u0301vision guine\u0301enne (RTG) est de\u0301ce\u0301de\u0301 dans la journe\u0301e d\u2019hier, mercredi 11 janvier 2023, a\u0300 l\u2019ho\u0302pital Ignace Deen de Conakry. Dans son domicile, situe\u0301 Ansoumania, dans la commune de Dubre\u0301ka, c\u2019e\u0301tait la tristesse ce jeudi. Ses deux veuves, Aicha Keita et Nana Cisse\u0301, ont exprime\u0301 leur forte e\u0301motion suite a\u0300 la perte de leur e\u0301poux.<\/p>\n<p>Saibou Texan Camara e\u0301tait tre\u0300s connu des te\u0301le\u0301spectateurs de la RTG. En plus de la page Me\u0301te\u0301o, il pre\u0301sentait l\u2019e\u0301mission Questions-Re\u0301ponses, une e\u0301mission scientifique qui tenait en haleine de nombreux auditeurs de la radio me\u0300re. Pe\u0300re de 3 enfants, Texan laisse derrie\u0300re lui deux veuves tre\u0300s e\u0301prouve\u0301es.<\/p>\n<p><b>Ai\u0308cha Keita<\/b>, la premie\u0300re veuve de feu Saibou Texan Camara, se dit tre\u0300s attriste\u0301e par la mort de son de\u0301funt mari. Elle regrette aussi le manque de reconnaissance envers son mari.<\/p>\n<p>\u00ab Mon mari est tombe\u0301 malade, on l\u2019a envoye\u0301 a\u0300 Ignace Deen pendant une semaine. Il luttait contre la mort, mais je ne peux que dire Dieu merci. Il a fait son travail, il e\u0301tait tout pour nous et que le bon Dieu l\u2019accueille dans son paradis. On s\u2019est marie\u0301s il y a 35 ans de cela. C\u2019e\u0301tait mon mari, c\u2019e\u0301tait un grand fre\u0300re a\u0300 moi, il e\u0301tait un ami a\u0300 mon grand fre\u0300re. On s\u2019est marie\u0301, j\u2019ai fait 3 garc\u0327ons avec lui. Un est de\u0301ce\u0301de\u0301 et deux sont vivants. Ils ont fini leurs e\u0301tudes et sans emploi. Ils sont avec moi et se de\u0301brouillent. Il travaillait a\u0300 la RTG. Il a commence\u0301 d\u2019abord par la me\u0301te\u0301o ; apre\u0300s, il est alle\u0301 a\u0300 la RTG. Il e\u0301tait vraiment connu, mais depuis quelques anne\u0301es, il y a eu l\u2019abandon. Il est tombe\u0301 malade, on l\u2019a envoye\u0301 a\u0300 l\u2019ho\u0302pital et on n\u2019a vu personne. Il e\u0301tait a\u0300 la charge de sa famille, des fre\u0300res, des amis et de mes voisins. C\u2019e\u0301tait vraiment une bonne personne, de\u0300s qu\u2019il rentrait a\u0300 la maison, c\u2019e\u0301tait la joie. Il faisait la come\u0301die a\u0300 la maison comme il le faisait a\u0300 la te\u0301le\u0301. Il m\u2019a aide\u0301, il nous a aide\u0301 a\u0300 prendre soin de mes s\u0153urs, les enfants de mes s\u0153urs&#8230;. Depuis que mon mari est tombe\u0301 malade, personne n\u2019a e\u0301te\u0301 la\u0300. Pourtant, il a servi le pays ; me\u0302me un me\u0301decin a signale\u0301 c\u0327a la\u0300-bas, en disant c\u2019est un grand cadre qui est couche\u0301 comme c\u0327a ici. Mais bon, vous savez, on est en Guine\u0301e. L\u2019Etat devait vraiment faire quelque chose mais on n\u2019a vu personne \u00bb, a-t-elle laisse\u0301 entendre.<\/p>\n<p><b>Nana Cisse\u0301, la deuxie\u0300me veuve :<\/b> \u00ab aujourd\u2019hui, c\u2019est la tristesse. On ne peut me\u0302me pas parler, tellement que c\u2019est dur pour nous. On s\u2019est marie\u0301s il y a 12 ans de cela. Il e\u0301tait tout pour moi. J\u2019ai eu un enfant avec lui&#8230; Aujourd\u2019hui, je ne ressens que de la tristesse avec nos enfants. Personne n\u2019a e\u0301te\u0301 la\u0300, sauf sa famille, les garc\u0327ons de ses jeunes fre\u0300res avec nos maigres moyens et sa maigre pension&#8230; Il e\u0301tait joyeux avec nous, avec ses petits-enfants, bref avec tout le monde. Dans notre maison, il n\u2019y avait que la joie ; mais aujourd\u2019hui, c\u2019est la tristesse \u00bb, a-t-elle te\u0301moigne\u0301.<\/p>\n<p><strong>Pour plus d&rsquo;informations et d&rsquo;analyses sur la <a href=\"https:\/\/www.africa-press.net\/guinee-conakry\">Guin\u00e9e<\/a>, suivez <a href=\"https:\/\/www.africa-press.net\/\">Africa-Press<\/a><\/strong><\/p>\n","protected":false},"excerpt":{"rendered":"<p>Africa-Press &#8211; Guin\u00e9e. Saibou Texan Camara, ancien pre\u0301sentateur de la page me\u0301te\u0301o a\u0300 la Radiote\u0301le\u0301vision guine\u0301enne (RTG) est de\u0301ce\u0301de\u0301 dans la journe\u0301e d\u2019hier, mercredi 11 janvier 2023, a\u0300 l\u2019ho\u0302pital Ignace Deen de Conakry. Dans son domicile, situe\u0301 Ansoumania, dans la commune de Dubre\u0301ka, c\u2019e\u0301tait la tristesse ce jeudi. Ses deux veuves, Aicha Keita et Nana [&hellip;]<\/p>\n","protected":false},"author":82,"featured_media":11334,"comment_status":"open","ping_status":"closed","sticky":false,"template":"","format":"standard","meta":{"footnotes":""},"categories":[2,10],"tags":[36,57,58],"class_list":["post-11335","post","type-post","status-publish","format-standard","has-post-thumbnail","hentry","category-politique","category-toutes-les-actualites","tag-africa-press","tag-africa-press-guinee","tag-guinee"],"yoast_head":"<!-- This site is optimized with the Yoast SEO Premium plugin v26.1 (Yoast SEO v27.0) - https:\/\/yoast.com\/product\/yoast-seo-premium-wordpress\/ -->\n<title>D\u00e9c\u00e8s de Texan Camara : \u00ab depuis que mon mari est tomb\u00e9 malade, personne n\u2019a \u00e9t\u00e9 l\u00e0\u2026 \u00bb - guinee Conakry<\/title>\n<meta name=\"robots\" content=\"index, follow, max-snippet:-1, max-image-preview:large, max-video-preview:-1\" \/>\n<link rel=\"canonical\" href=\"https:\/\/www.africa-press.net\/guinee-conakry\/politique\/deces-de-texan-camara-depuis-que-mon-mari-est-tombe-malade-personne-na-ete-la\" \/>\n<meta property=\"og:locale\" content=\"fr_FR\" \/>\n<meta property=\"og:type\" content=\"article\" \/>\n<meta property=\"og:title\" content=\"D\u00e9c\u00e8s de Texan Camara : \u00ab depuis que mon mari est tomb\u00e9 malade, personne n\u2019a \u00e9t\u00e9 l\u00e0\u2026 \u00bb\" \/>\n<meta property=\"og:description\" content=\"Africa-Press &#8211; Guin\u00e9e. Saibou Texan Camara, ancien pre\u0301sentateur de la page me\u0301te\u0301o a\u0300 la Radiote\u0301le\u0301vision guine\u0301enne (RTG) est de\u0301ce\u0301de\u0301 dans la journe\u0301e d\u2019hier, mercredi 11 janvier 2023, a\u0300 l\u2019ho\u0302pital Ignace Deen de Conakry. Dans son domicile, situe\u0301 Ansoumania, dans la commune de Dubre\u0301ka, c\u2019e\u0301tait la tristesse ce jeudi. Ses deux veuves, Aicha Keita et Nana [&hellip;]\" \/>\n<meta property=\"og:url\" content=\"https:\/\/www.africa-press.net\/guinee-conakry\/politique\/deces-de-texan-camara-depuis-que-mon-mari-est-tombe-malade-personne-na-ete-la\" \/>\n<meta property=\"og:site_name\" content=\"guinee Conakry\" \/>\n<meta property=\"article:published_time\" content=\"2023-01-12T20:03:00+00:00\" \/>\n<meta name=\"author\" content=\"cfeditorfr\" \/>\n<meta name=\"twitter:card\" content=\"summary_large_image\" \/>\n<meta name=\"twitter:label1\" content=\"\u00c9crit par\" \/>\n\t<meta name=\"twitter:data1\" content=\"cfeditorfr\" \/>\n\t<meta name=\"twitter:label2\" content=\"Dur\u00e9e de lecture estim\u00e9e\" \/>\n\t<meta name=\"twitter:data2\" content=\"3 minutes\" \/>\n<script type=\"application\/ld+json\" class=\"yoast-schema-graph\">{\"@context\":\"https:\/\/schema.org\",\"@graph\":[{\"@type\":\"Article\",\"@id\":\"https:\/\/www.africa-press.net\/guinee-conakry\/politique\/deces-de-texan-camara-depuis-que-mon-mari-est-tombe-malade-personne-na-ete-la#article\",\"isPartOf\":{\"@id\":\"https:\/\/www.africa-press.net\/guinee-conakry\/politique\/deces-de-texan-camara-depuis-que-mon-mari-est-tombe-malade-personne-na-ete-la\"},\"author\":{\"name\":\"cfeditorfr\",\"@id\":\"https:\/\/www.africa-press.net\/guinee-conakry\/#\/schema\/person\/2b1cf3cd81a31e3cd26889ca66d677f1\"},\"headline\":\"D\u00e9c\u00e8s de Texan Camara : \u00ab depuis que mon mari est tomb\u00e9 malade, personne n\u2019a \u00e9t\u00e9 l\u00e0\u2026 \u00bb\",\"datePublished\":\"2023-01-12T20:03:00+00:00\",\"mainEntityOfPage\":{\"@id\":\"https:\/\/www.africa-press.net\/guinee-conakry\/politique\/deces-de-texan-camara-depuis-que-mon-mari-est-tombe-malade-personne-na-ete-la\"},\"wordCount\":657,\"commentCount\":0,\"image\":{\"@id\":\"https:\/\/www.africa-press.net\/guinee-conakry\/politique\/deces-de-texan-camara-depuis-que-mon-mari-est-tombe-malade-personne-na-ete-la#primaryimage\"},\"thumbnailUrl\":\"https:\/\/static.africa-press.net\/conakry\/sites\/63\/2023\/01\/Jokar1673541231.958516.jpg\",\"keywords\":[\"Africa Press\",\"Africa Press-Guin\u00e9e\",\"Guin\u00e9e\"],\"articleSection\":[\"Politique\",\"Toutes les actualit\u00e9s\"],\"inLanguage\":\"fr-FR\",\"potentialAction\":[{\"@type\":\"CommentAction\",\"name\":\"Comment\",\"target\":[\"https:\/\/www.africa-press.net\/guinee-conakry\/politique\/deces-de-texan-camara-depuis-que-mon-mari-est-tombe-malade-personne-na-ete-la#respond\"]}]},{\"@type\":\"WebPage\",\"@id\":\"https:\/\/www.africa-press.net\/guinee-conakry\/politique\/deces-de-texan-camara-depuis-que-mon-mari-est-tombe-malade-personne-na-ete-la\",\"url\":\"https:\/\/www.africa-press.net\/guinee-conakry\/politique\/deces-de-texan-camara-depuis-que-mon-mari-est-tombe-malade-personne-na-ete-la\",\"name\":\"D\u00e9c\u00e8s de Texan Camara : \u00ab depuis que mon mari est tomb\u00e9 malade, personne n\u2019a \u00e9t\u00e9 l\u00e0\u2026 \u00bb - guinee Conakry\",\"isPartOf\":{\"@id\":\"https:\/\/www.africa-press.net\/guinee-conakry\/#website\"},\"primaryImageOfPage\":{\"@id\":\"https:\/\/www.africa-press.net\/guinee-conakry\/politique\/deces-de-texan-camara-depuis-que-mon-mari-est-tombe-malade-personne-na-ete-la#primaryimage\"},\"image\":{\"@id\":\"https:\/\/www.africa-press.net\/guinee-conakry\/politique\/deces-de-texan-camara-depuis-que-mon-mari-est-tombe-malade-personne-na-ete-la#primaryimage\"},\"thumbnailUrl\":\"https:\/\/static.africa-press.net\/conakry\/sites\/63\/2023\/01\/Jokar1673541231.958516.jpg\",\"datePublished\":\"2023-01-12T20:03:00+00:00\",\"author\":{\"@id\":\"https:\/\/www.africa-press.net\/guinee-conakry\/#\/schema\/person\/2b1cf3cd81a31e3cd26889ca66d677f1\"},\"breadcrumb\":{\"@id\":\"https:\/\/www.africa-press.net\/guinee-conakry\/politique\/deces-de-texan-camara-depuis-que-mon-mari-est-tombe-malade-personne-na-ete-la#breadcrumb\"},\"inLanguage\":\"fr-FR\",\"potentialAction\":[{\"@type\":\"ReadAction\",\"target\":[\"https:\/\/www.africa-press.net\/guinee-conakry\/politique\/deces-de-texan-camara-depuis-que-mon-mari-est-tombe-malade-personne-na-ete-la\"]}]},{\"@type\":\"ImageObject\",\"inLanguage\":\"fr-FR\",\"@id\":\"https:\/\/www.africa-press.net\/guinee-conakry\/politique\/deces-de-texan-camara-depuis-que-mon-mari-est-tombe-malade-personne-na-ete-la#primaryimage\",\"url\":\"https:\/\/static.africa-press.net\/conakry\/sites\/63\/2023\/01\/Jokar1673541231.958516.jpg\",\"contentUrl\":\"https:\/\/static.africa-press.net\/conakry\/sites\/63\/2023\/01\/Jokar1673541231.958516.jpg\",\"width\":695,\"height\":769,\"caption\":\"D\u00e9c\u00e8s de Texan Camara : \u00ab depuis que mon mari est tomb\u00e9 malade, personne n\u2019a \u00e9t\u00e9 l\u00e0\u2026 \u00bb\"},{\"@type\":\"BreadcrumbList\",\"@id\":\"https:\/\/www.africa-press.net\/guinee-conakry\/politique\/deces-de-texan-camara-depuis-que-mon-mari-est-tombe-malade-personne-na-ete-la#breadcrumb\",\"itemListElement\":[{\"@type\":\"ListItem\",\"position\":1,\"name\":\"Accueil\",\"item\":\"https:\/\/www.africa-press.net\/guinee-conakry\/\"},{\"@type\":\"ListItem\",\"position\":2,\"name\":\"D\u00e9c\u00e8s de Texan Camara : \u00ab depuis que mon mari est tomb\u00e9 malade, personne n\u2019a \u00e9t\u00e9 l\u00e0\u2026 \u00bb\"}]},{\"@type\":\"WebSite\",\"@id\":\"https:\/\/www.africa-press.net\/guinee-conakry\/#website\",\"url\":\"https:\/\/www.africa-press.net\/guinee-conakry\/\",\"name\":\"guinee Conakry\",\"description\":\"Just another Africa News Agency Sites site\",\"potentialAction\":[{\"@type\":\"SearchAction\",\"target\":{\"@type\":\"EntryPoint\",\"urlTemplate\":\"https:\/\/www.africa-press.net\/guinee-conakry\/?s={search_term_string}\"},\"query-input\":{\"@type\":\"PropertyValueSpecification\",\"valueRequired\":true,\"valueName\":\"search_term_string\"}}],\"inLanguage\":\"fr-FR\"},{\"@type\":\"Person\",\"@id\":\"https:\/\/www.africa-press.net\/guinee-conakry\/#\/schema\/person\/2b1cf3cd81a31e3cd26889ca66d677f1\",\"name\":\"cfeditorfr\"}]}<\/script>\n<!-- \/ Yoast SEO Premium plugin. -->","yoast_head_json":{"title":"D\u00e9c\u00e8s de Texan Camara : \u00ab depuis que mon mari est tomb\u00e9 malade, personne n\u2019a \u00e9t\u00e9 l\u00e0\u2026 \u00bb - guinee Conakry","robots":{"index":"index","follow":"follow","max-snippet":"max-snippet:-1","max-image-preview":"max-image-preview:large","max-video-preview":"max-video-preview:-1"},"canonical":"https:\/\/www.africa-press.net\/guinee-conakry\/politique\/deces-de-texan-camara-depuis-que-mon-mari-est-tombe-malade-personne-na-ete-la","og_locale":"fr_FR","og_type":"article","og_title":"D\u00e9c\u00e8s de Texan Camara : \u00ab depuis que mon mari est tomb\u00e9 malade, personne n\u2019a \u00e9t\u00e9 l\u00e0\u2026 \u00bb","og_description":"Africa-Press &#8211; Guin\u00e9e. Saibou Texan Camara, ancien pre\u0301sentateur de la page me\u0301te\u0301o a\u0300 la Radiote\u0301le\u0301vision guine\u0301enne (RTG) est de\u0301ce\u0301de\u0301 dans la journe\u0301e d\u2019hier, mercredi 11 janvier 2023, a\u0300 l\u2019ho\u0302pital Ignace Deen de Conakry. Dans son domicile, situe\u0301 Ansoumania, dans la commune de Dubre\u0301ka, c\u2019e\u0301tait la tristesse ce jeudi. Ses deux veuves, Aicha Keita et Nana [&hellip;]","og_url":"https:\/\/www.africa-press.net\/guinee-conakry\/politique\/deces-de-texan-camara-depuis-que-mon-mari-est-tombe-malade-personne-na-ete-la","og_site_name":"guinee Conakry","article_published_time":"2023-01-12T20:03:00+00:00","author":"cfeditorfr","twitter_card":"summary_large_image","twitter_misc":{"\u00c9crit par":"cfeditorfr","Dur\u00e9e de lecture estim\u00e9e":"3 minutes"},"schema":{"@context":"https:\/\/schema.org","@graph":[{"@type":"Article","@id":"https:\/\/www.africa-press.net\/guinee-conakry\/politique\/deces-de-texan-camara-depuis-que-mon-mari-est-tombe-malade-personne-na-ete-la#article","isPartOf":{"@id":"https:\/\/www.africa-press.net\/guinee-conakry\/politique\/deces-de-texan-camara-depuis-que-mon-mari-est-tombe-malade-personne-na-ete-la"},"author":{"name":"cfeditorfr","@id":"https:\/\/www.africa-press.net\/guinee-conakry\/#\/schema\/person\/2b1cf3cd81a31e3cd26889ca66d677f1"},"headline":"D\u00e9c\u00e8s de Texan Camara : \u00ab depuis que mon mari est tomb\u00e9 malade, personne n\u2019a \u00e9t\u00e9 l\u00e0\u2026 \u00bb","datePublished":"2023-01-12T20:03:00+00:00","mainEntityOfPage":{"@id":"https:\/\/www.africa-press.net\/guinee-conakry\/politique\/deces-de-texan-camara-depuis-que-mon-mari-est-tombe-malade-personne-na-ete-la"},"wordCount":657,"commentCount":0,"image":{"@id":"https:\/\/www.africa-press.net\/guinee-conakry\/politique\/deces-de-texan-camara-depuis-que-mon-mari-est-tombe-malade-personne-na-ete-la#primaryimage"},"thumbnailUrl":"https:\/\/static.africa-press.net\/conakry\/sites\/63\/2023\/01\/Jokar1673541231.958516.jpg","keywords":["Africa Press","Africa Press-Guin\u00e9e","Guin\u00e9e"],"articleSection":["Politique","Toutes les actualit\u00e9s"],"inLanguage":"fr-FR","potentialAction":[{"@type":"CommentAction","name":"Comment","target":["https:\/\/www.africa-press.net\/guinee-conakry\/politique\/deces-de-texan-camara-depuis-que-mon-mari-est-tombe-malade-personne-na-ete-la#respond"]}]},{"@type":"WebPage","@id":"https:\/\/www.africa-press.net\/guinee-conakry\/politique\/deces-de-texan-camara-depuis-que-mon-mari-est-tombe-malade-personne-na-ete-la","url":"https:\/\/www.africa-press.net\/guinee-conakry\/politique\/deces-de-texan-camara-depuis-que-mon-mari-est-tombe-malade-personne-na-ete-la","name":"D\u00e9c\u00e8s de Texan Camara : \u00ab depuis que mon mari est tomb\u00e9 malade, personne n\u2019a \u00e9t\u00e9 l\u00e0\u2026 \u00bb - guinee Conakry","isPartOf":{"@id":"https:\/\/www.africa-press.net\/guinee-conakry\/#website"},"primaryImageOfPage":{"@id":"https:\/\/www.africa-press.net\/guinee-conakry\/politique\/deces-de-texan-camara-depuis-que-mon-mari-est-tombe-malade-personne-na-ete-la#primaryimage"},"image":{"@id":"https:\/\/www.africa-press.net\/guinee-conakry\/politique\/deces-de-texan-camara-depuis-que-mon-mari-est-tombe-malade-personne-na-ete-la#primaryimage"},"thumbnailUrl":"https:\/\/static.africa-press.net\/conakry\/sites\/63\/2023\/01\/Jokar1673541231.958516.jpg","datePublished":"2023-01-12T20:03:00+00:00","author":{"@id":"https:\/\/www.africa-press.net\/guinee-conakry\/#\/schema\/person\/2b1cf3cd81a31e3cd26889ca66d677f1"},"breadcrumb":{"@id":"https:\/\/www.africa-press.net\/guinee-conakry\/politique\/deces-de-texan-camara-depuis-que-mon-mari-est-tombe-malade-personne-na-ete-la#breadcrumb"},"inLanguage":"fr-FR","potentialAction":[{"@type":"ReadAction","target":["https:\/\/www.africa-press.net\/guinee-conakry\/politique\/deces-de-texan-camara-depuis-que-mon-mari-est-tombe-malade-personne-na-ete-la"]}]},{"@type":"ImageObject","inLanguage":"fr-FR","@id":"https:\/\/www.africa-press.net\/guinee-conakry\/politique\/deces-de-texan-camara-depuis-que-mon-mari-est-tombe-malade-personne-na-ete-la#primaryimage","url":"https:\/\/static.africa-press.net\/conakry\/sites\/63\/2023\/01\/Jokar1673541231.958516.jpg","contentUrl":"https:\/\/static.africa-press.net\/conakry\/sites\/63\/2023\/01\/Jokar1673541231.958516.jpg","width":695,"height":769,"caption":"D\u00e9c\u00e8s de Texan Camara : \u00ab depuis que mon mari est tomb\u00e9 malade, personne n\u2019a \u00e9t\u00e9 l\u00e0\u2026 \u00bb"},{"@type":"BreadcrumbList","@id":"https:\/\/www.africa-press.net\/guinee-conakry\/politique\/deces-de-texan-camara-depuis-que-mon-mari-est-tombe-malade-personne-na-ete-la#breadcrumb","itemListElement":[{"@type":"ListItem","position":1,"name":"Accueil","item":"https:\/\/www.africa-press.net\/guinee-conakry\/"},{"@type":"ListItem","position":2,"name":"D\u00e9c\u00e8s de Texan Camara : \u00ab depuis que mon mari est tomb\u00e9 malade, personne n\u2019a \u00e9t\u00e9 l\u00e0\u2026 \u00bb"}]},{"@type":"WebSite","@id":"https:\/\/www.africa-press.net\/guinee-conakry\/#website","url":"https:\/\/www.africa-press.net\/guinee-conakry\/","name":"guinee Conakry","description":"Just another Africa News Agency Sites site","potentialAction":[{"@type":"SearchAction","target":{"@type":"EntryPoint","urlTemplate":"https:\/\/www.africa-press.net\/guinee-conakry\/?s={search_term_string}"},"query-input":{"@type":"PropertyValueSpecification","valueRequired":true,"valueName":"search_term_string"}}],"inLanguage":"fr-FR"},{"@type":"Person","@id":"https:\/\/www.africa-press.net\/guinee-conakry\/#\/schema\/person\/2b1cf3cd81a31e3cd26889ca66d677f1","name":"cfeditorfr"}]}},"_links":{"self":[{"href":"https:\/\/www.africa-press.net\/guinee-conakry\/wp-json\/wp\/v2\/posts\/11335","targetHints":{"allow":["GET"]}}],"collection":[{"href":"https:\/\/www.africa-press.net\/guinee-conakry\/wp-json\/wp\/v2\/posts"}],"about":[{"href":"https:\/\/www.africa-press.net\/guinee-conakry\/wp-json\/wp\/v2\/types\/post"}],"author":[{"embeddable":true,"href":"https:\/\/www.africa-press.net\/guinee-conakry\/wp-json\/wp\/v2\/users\/82"}],"replies":[{"embeddable":true,"href":"https:\/\/www.africa-press.net\/guinee-conakry\/wp-json\/wp\/v2\/comments?post=11335"}],"version-history":[{"count":0,"href":"https:\/\/www.africa-press.net\/guinee-conakry\/wp-json\/wp\/v2\/posts\/11335\/revisions"}],"wp:featuredmedia":[{"embeddable":true,"href":"https:\/\/www.africa-press.net\/guinee-conakry\/wp-json\/wp\/v2\/media\/11334"}],"wp:attachment":[{"href":"https:\/\/www.africa-press.net\/guinee-conakry\/wp-json\/wp\/v2\/media?parent=11335"}],"wp:term":[{"taxonomy":"category","embeddable":true,"href":"https:\/\/www.africa-press.net\/guinee-conakry\/wp-json\/wp\/v2\/categories?post=11335"},{"taxonomy":"post_tag","embeddable":true,"href":"https:\/\/www.africa-press.net\/guinee-conakry\/wp-json\/wp\/v2\/tags?post=11335"}],"curies":[{"name":"wp","href":"https:\/\/api.w.org\/{rel}","templated":true}]}}