{"id":11339,"date":"2023-01-12T20:11:00","date_gmt":"2023-01-12T20:11:00","guid":{"rendered":"https:\/\/www.africa-press.net\/guinee-conakry\/politique\/chan-algerie-2023-le-maroc-ne-participera-pas-officiel"},"modified":"2023-01-12T20:11:00","modified_gmt":"2023-01-12T20:11:00","slug":"chan-algerie-2023-le-maroc-ne-participera-pas-officiel","status":"publish","type":"post","link":"https:\/\/www.africa-press.net\/guinee-conakry\/sports\/chan-algerie-2023-le-maroc-ne-participera-pas-officiel","title":{"rendered":"CHAN Alg\u00e9rie 2023 : le Maroc ne participera pas (officiel)"},"content":{"rendered":"<p><span style=\"color: #ff6600\"><strong>Africa-Press &#8211; Guin\u00e9e. <\/strong><\/span>La 7e\u0300me e\u0301dition du Championnat d\u2019Afrique des Nations (CHAN), organise\u0301e en Alge\u0301rie (du 13 janvier au 4 fe\u0301vrier 2023) se tiendra finalement sans les voisins marocains. C\u2019est l\u2019annonce faite ce jeudi par la Fe\u0301de\u0301ration royale de football. Re\u0301serve\u0301e aux joueurs locaux africains, cette compe\u0301tition s\u2019ouvre dans la soire\u0301e de demain, vendredi 13 janvier 2023, au nouveau stade Nelson Mandela de Baraki, a\u0300 Alger (Alge\u0301rie) avec de\u0301sormais 17 pays participants au lieu de 18, sous la supervision de la Confe\u0301de\u0301ration africaine de football (CAF).<\/p>\n<p>Double tenant du titre, le Maroc justifie sa de\u0301cision par la fermeture de l\u2019espace ae\u0301rien alge\u0301rien aux avions marocains. \u00ab Alors que la se\u0301lection nationale s\u2019appre\u0302tait a\u0300 se rendre dans la ville de Constantine le 10 janvier 2023 pour participer a\u0300 ce championnat continental qui de\u0301butera le 13 janvier, la Fe\u0301de\u0301ration Royale Marocaine de Football n\u2019est malheureusement pas parvenue a\u0300 l\u2019autorisation de\u0301finitive dans les limites de re\u0301daction de cette communication par la Confe\u0301de\u0301ration Africaine de Football pour se rendre en Alge\u0301rie via Royal Airlines marocaine \u00bb, e\u0301crit le royaume che\u0301rifien dans un communique\u0301 publie\u0301 ce jeudi.<\/p>\n<p>Dans le me\u0302me communique\u0301, la FRMF pre\u0301cise qu\u2019une autorisation de principe avait pourtant e\u0301te\u0301 obtenue : \u00ab la Fe\u0301de\u0301ration Royale Marocaine de Football avait de\u0301pose\u0301, le 22 de\u0301cembre 2022, une reque\u0302te aupre\u0300s de la Confe\u0301de\u0301ration africaine de football, en tant qu\u2019organisme charge\u0301 d\u2019organiser le Championnat d\u2019Afrique des joueurs locaux, en vue d\u2019obtenir une licence pour un vol via Royal Air Maroc a\u0300 partir de Rabat a\u0300 Constantine, et la demande a e\u0301te\u0301 accepte\u0301e en principe \u00bb.<\/p>\n<p>Comme on le sait, depuis septembre 2021, l\u2019espace ae\u0301rien alge\u0301rien est ferme\u0301 aux avions marocains et que la situation politique entre les deux pays ne s\u2019ame\u0301liore pas, a\u0300 cause notamment du Sahara Occidental.<\/p>\n<p><b>Quel changement ce retrait pourrait-il entrai\u0302ner ?<\/b><\/p>\n<p>Selon l\u2019article 68 du Chapitre 27 (FORFAIT, RETRAIT, REFUS DE JOUER, REMPLACEMENT) du re\u0300glement inte\u0301rieur du CHAN stipule que \u00ab pour les matchs de groupe, si une e\u0301quipe se retire avant le de\u0301but de la compe\u0301tition, le groupe sera compose\u0301 du nombre d\u2019e\u0301quipes restantes sauf de\u0301cision contraire de la Commission d\u2019Organisation \u00bb.<\/p>\n<p>Ainsi, le groupe C du Maroc sera compose\u0301 de : Soudan, Madagascar et Ghana.<\/p>\n<p>Au lieu de 18 e\u0301quipes, il y aura 17, qui seront re\u0301parties en 5 groupes :<\/p>\n<p><b>Groupe A : Alge\u0301rie, Libye, Mozambique et E\u0301thiopie <\/b><\/p>\n<p><b>Groupe B : Re\u0301publique De\u0301mocratique du Congo, Ouganda, Co\u0302te d\u2019Ivoire et Se\u0301ne\u0301gal <\/b><\/p>\n<p><b>Groupe C : Soudan, Madagascar et Ghana <\/b><\/p>\n<p><b>Groupe D : Mali, Angola et Mauritanie <\/b><\/p>\n<p><b>Groupe E : Cameroun, Congo et Niger.<\/b><\/p>\n<p>A\u0300 rappeler que la premie\u0300re e\u0301dition du Championnat d\u2019Afrique des nations a eu lieu en 2009 en Co\u0302te d\u2019Ivoire. Elle fut remporte\u0301e par la Re\u0301publique De\u0301mocratique du Congo. Lors des deux dernie\u0300res e\u0301ditions, ce sont les locaux marocains qui sont sortis victorieux. Le Syli national local, amene\u0301 par le Duo Morlaye Sylla et Yaghouba Gnagna Barry, avait remporte\u0301 la troisie\u0300me place face au Cameroun, pays ho\u0302te de la sixie\u0300me e\u0301dition en 2020.<\/p>\n<p>Pour cette 7e\u0300me e\u0301dition, les poulains de Kanfory Lappe\u0301 Bangoura ont e\u0301te\u0301 e\u0301limine\u0301s lors de la double confrontation par les Lions Locaux du Se\u0301ne\u0301gal. A\u0300 l\u2019aller (a\u0300 Dakar), le Se\u0301ne\u0301gal a battu la Guinee sur le score d\u2019un but a\u0300 ze\u0301ro ; et, au retour, a\u0300 Bamako (Mali), le Syli local (apre\u0300s e\u0302tre revenu au score (1-0) apre\u0300s le temps re\u0300glementaire) avait finalement e\u0301te\u0301 e\u0301limine\u0301 lors des se\u0301ances fatidiques des tirs au but. Le Se\u0301ne\u0301gal, apre\u0300s 3 e\u0301liminations conse\u0301cutives par la Guine\u0301e, s\u2019est qualifie\u0301 enfin pour le CHAN.<\/p>\n<p>Au moment ou\u0300 nous mettions cette de\u0301pe\u0302che en ligne, il n\u2019y avait aucune re\u0301action de la Confe\u0301de\u0301ration africaine de football ou du pays ho\u0302te, l\u2019Alge\u0301rie.<\/p>\n<p><strong>Pour plus d&rsquo;informations et d&rsquo;analyses sur la <a href=\"https:\/\/www.africa-press.net\/guinee-conakry\">Guin\u00e9e<\/a>, suivez <a href=\"https:\/\/www.africa-press.net\/\">Africa-Press<\/a><\/strong><\/p>\n","protected":false},"excerpt":{"rendered":"<p>Africa-Press &#8211; Guin\u00e9e. La 7e\u0300me e\u0301dition du Championnat d\u2019Afrique des Nations (CHAN), organise\u0301e en Alge\u0301rie (du 13 janvier au 4 fe\u0301vrier 2023) se tiendra finalement sans les voisins marocains. C\u2019est l\u2019annonce faite ce jeudi par la Fe\u0301de\u0301ration royale de football. Re\u0301serve\u0301e aux joueurs locaux africains, cette compe\u0301tition s\u2019ouvre dans la soire\u0301e de demain, vendredi 13 [&hellip;]<\/p>\n","protected":false},"author":82,"featured_media":11338,"comment_status":"open","ping_status":"closed","sticky":false,"template":"","format":"standard","meta":{"footnotes":""},"categories":[6,56,10],"tags":[36,57,58],"class_list":["post-11339","post","type-post","status-publish","format-standard","has-post-thumbnail","hentry","category-sports","category-to-homepage","category-toutes-les-actualites","tag-africa-press","tag-africa-press-guinee","tag-guinee"],"yoast_head":"<!-- This site is optimized with the Yoast SEO Premium plugin v26.1 (Yoast SEO v27.0) - https:\/\/yoast.com\/product\/yoast-seo-premium-wordpress\/ -->\n<title>CHAN Alg\u00e9rie 2023 : le Maroc ne participera pas (officiel) - guinee Conakry<\/title>\n<meta name=\"robots\" content=\"index, follow, max-snippet:-1, max-image-preview:large, max-video-preview:-1\" \/>\n<link rel=\"canonical\" href=\"https:\/\/www.africa-press.net\/guinee-conakry\/politique\/chan-algerie-2023-le-maroc-ne-participera-pas-officiel\" \/>\n<meta property=\"og:locale\" content=\"fr_FR\" \/>\n<meta property=\"og:type\" content=\"article\" \/>\n<meta property=\"og:title\" content=\"CHAN Alg\u00e9rie 2023 : le Maroc ne participera pas (officiel)\" \/>\n<meta property=\"og:description\" content=\"Africa-Press &#8211; Guin\u00e9e. La 7e\u0300me e\u0301dition du Championnat d\u2019Afrique des Nations (CHAN), organise\u0301e en Alge\u0301rie (du 13 janvier au 4 fe\u0301vrier 2023) se tiendra finalement sans les voisins marocains. C\u2019est l\u2019annonce faite ce jeudi par la Fe\u0301de\u0301ration royale de football. Re\u0301serve\u0301e aux joueurs locaux africains, cette compe\u0301tition s\u2019ouvre dans la soire\u0301e de demain, vendredi 13 [&hellip;]\" \/>\n<meta property=\"og:url\" content=\"https:\/\/www.africa-press.net\/guinee-conakry\/politique\/chan-algerie-2023-le-maroc-ne-participera-pas-officiel\" \/>\n<meta property=\"og:site_name\" content=\"guinee Conakry\" \/>\n<meta property=\"article:published_time\" content=\"2023-01-12T20:11:00+00:00\" \/>\n<meta name=\"author\" content=\"cfeditorfr\" \/>\n<meta name=\"twitter:card\" content=\"summary_large_image\" \/>\n<meta name=\"twitter:label1\" content=\"\u00c9crit par\" \/>\n\t<meta name=\"twitter:data1\" content=\"cfeditorfr\" \/>\n\t<meta name=\"twitter:label2\" content=\"Dur\u00e9e de lecture estim\u00e9e\" \/>\n\t<meta name=\"twitter:data2\" content=\"4 minutes\" \/>\n<script type=\"application\/ld+json\" class=\"yoast-schema-graph\">{\"@context\":\"https:\/\/schema.org\",\"@graph\":[{\"@type\":\"Article\",\"@id\":\"https:\/\/www.africa-press.net\/guinee-conakry\/politique\/chan-algerie-2023-le-maroc-ne-participera-pas-officiel#article\",\"isPartOf\":{\"@id\":\"https:\/\/www.africa-press.net\/guinee-conakry\/politique\/chan-algerie-2023-le-maroc-ne-participera-pas-officiel\"},\"author\":{\"name\":\"cfeditorfr\",\"@id\":\"https:\/\/www.africa-press.net\/guinee-conakry\/#\/schema\/person\/2b1cf3cd81a31e3cd26889ca66d677f1\"},\"headline\":\"CHAN Alg\u00e9rie 2023 : le Maroc ne participera pas (officiel)\",\"datePublished\":\"2023-01-12T20:11:00+00:00\",\"mainEntityOfPage\":{\"@id\":\"https:\/\/www.africa-press.net\/guinee-conakry\/politique\/chan-algerie-2023-le-maroc-ne-participera-pas-officiel\"},\"wordCount\":723,\"commentCount\":0,\"image\":{\"@id\":\"https:\/\/www.africa-press.net\/guinee-conakry\/politique\/chan-algerie-2023-le-maroc-ne-participera-pas-officiel#primaryimage\"},\"thumbnailUrl\":\"https:\/\/static.africa-press.net\/conakry\/sites\/63\/2023\/01\/Jokar1673541704.055819.jpg\",\"keywords\":[\"Africa Press\",\"Africa Press-Guin\u00e9e\",\"Guin\u00e9e\"],\"articleSection\":[\"Sports\",\"to-homepage\",\"Toutes les actualit\u00e9s\"],\"inLanguage\":\"fr-FR\",\"potentialAction\":[{\"@type\":\"CommentAction\",\"name\":\"Comment\",\"target\":[\"https:\/\/www.africa-press.net\/guinee-conakry\/politique\/chan-algerie-2023-le-maroc-ne-participera-pas-officiel#respond\"]}]},{\"@type\":\"WebPage\",\"@id\":\"https:\/\/www.africa-press.net\/guinee-conakry\/politique\/chan-algerie-2023-le-maroc-ne-participera-pas-officiel\",\"url\":\"https:\/\/www.africa-press.net\/guinee-conakry\/politique\/chan-algerie-2023-le-maroc-ne-participera-pas-officiel\",\"name\":\"CHAN Alg\u00e9rie 2023 : le Maroc ne participera pas (officiel) - guinee Conakry\",\"isPartOf\":{\"@id\":\"https:\/\/www.africa-press.net\/guinee-conakry\/#website\"},\"primaryImageOfPage\":{\"@id\":\"https:\/\/www.africa-press.net\/guinee-conakry\/politique\/chan-algerie-2023-le-maroc-ne-participera-pas-officiel#primaryimage\"},\"image\":{\"@id\":\"https:\/\/www.africa-press.net\/guinee-conakry\/politique\/chan-algerie-2023-le-maroc-ne-participera-pas-officiel#primaryimage\"},\"thumbnailUrl\":\"https:\/\/static.africa-press.net\/conakry\/sites\/63\/2023\/01\/Jokar1673541704.055819.jpg\",\"datePublished\":\"2023-01-12T20:11:00+00:00\",\"author\":{\"@id\":\"https:\/\/www.africa-press.net\/guinee-conakry\/#\/schema\/person\/2b1cf3cd81a31e3cd26889ca66d677f1\"},\"breadcrumb\":{\"@id\":\"https:\/\/www.africa-press.net\/guinee-conakry\/politique\/chan-algerie-2023-le-maroc-ne-participera-pas-officiel#breadcrumb\"},\"inLanguage\":\"fr-FR\",\"potentialAction\":[{\"@type\":\"ReadAction\",\"target\":[\"https:\/\/www.africa-press.net\/guinee-conakry\/politique\/chan-algerie-2023-le-maroc-ne-participera-pas-officiel\"]}]},{\"@type\":\"ImageObject\",\"inLanguage\":\"fr-FR\",\"@id\":\"https:\/\/www.africa-press.net\/guinee-conakry\/politique\/chan-algerie-2023-le-maroc-ne-participera-pas-officiel#primaryimage\",\"url\":\"https:\/\/static.africa-press.net\/conakry\/sites\/63\/2023\/01\/Jokar1673541704.055819.jpg\",\"contentUrl\":\"https:\/\/static.africa-press.net\/conakry\/sites\/63\/2023\/01\/Jokar1673541704.055819.jpg\",\"width\":708,\"height\":647,\"caption\":\"CHAN Alg\u00e9rie 2023 : le Maroc ne participera pas (officiel)\"},{\"@type\":\"BreadcrumbList\",\"@id\":\"https:\/\/www.africa-press.net\/guinee-conakry\/politique\/chan-algerie-2023-le-maroc-ne-participera-pas-officiel#breadcrumb\",\"itemListElement\":[{\"@type\":\"ListItem\",\"position\":1,\"name\":\"Accueil\",\"item\":\"https:\/\/www.africa-press.net\/guinee-conakry\/\"},{\"@type\":\"ListItem\",\"position\":2,\"name\":\"CHAN Alg\u00e9rie 2023 : le Maroc ne participera pas (officiel)\"}]},{\"@type\":\"WebSite\",\"@id\":\"https:\/\/www.africa-press.net\/guinee-conakry\/#website\",\"url\":\"https:\/\/www.africa-press.net\/guinee-conakry\/\",\"name\":\"guinee Conakry\",\"description\":\"Just another Africa News Agency Sites site\",\"potentialAction\":[{\"@type\":\"SearchAction\",\"target\":{\"@type\":\"EntryPoint\",\"urlTemplate\":\"https:\/\/www.africa-press.net\/guinee-conakry\/?s={search_term_string}\"},\"query-input\":{\"@type\":\"PropertyValueSpecification\",\"valueRequired\":true,\"valueName\":\"search_term_string\"}}],\"inLanguage\":\"fr-FR\"},{\"@type\":\"Person\",\"@id\":\"https:\/\/www.africa-press.net\/guinee-conakry\/#\/schema\/person\/2b1cf3cd81a31e3cd26889ca66d677f1\",\"name\":\"cfeditorfr\"}]}<\/script>\n<!-- \/ Yoast SEO Premium plugin. -->","yoast_head_json":{"title":"CHAN Alg\u00e9rie 2023 : le Maroc ne participera pas (officiel) - guinee Conakry","robots":{"index":"index","follow":"follow","max-snippet":"max-snippet:-1","max-image-preview":"max-image-preview:large","max-video-preview":"max-video-preview:-1"},"canonical":"https:\/\/www.africa-press.net\/guinee-conakry\/politique\/chan-algerie-2023-le-maroc-ne-participera-pas-officiel","og_locale":"fr_FR","og_type":"article","og_title":"CHAN Alg\u00e9rie 2023 : le Maroc ne participera pas (officiel)","og_description":"Africa-Press &#8211; Guin\u00e9e. La 7e\u0300me e\u0301dition du Championnat d\u2019Afrique des Nations (CHAN), organise\u0301e en Alge\u0301rie (du 13 janvier au 4 fe\u0301vrier 2023) se tiendra finalement sans les voisins marocains. C\u2019est l\u2019annonce faite ce jeudi par la Fe\u0301de\u0301ration royale de football. Re\u0301serve\u0301e aux joueurs locaux africains, cette compe\u0301tition s\u2019ouvre dans la soire\u0301e de demain, vendredi 13 [&hellip;]","og_url":"https:\/\/www.africa-press.net\/guinee-conakry\/politique\/chan-algerie-2023-le-maroc-ne-participera-pas-officiel","og_site_name":"guinee Conakry","article_published_time":"2023-01-12T20:11:00+00:00","author":"cfeditorfr","twitter_card":"summary_large_image","twitter_misc":{"\u00c9crit par":"cfeditorfr","Dur\u00e9e de lecture estim\u00e9e":"4 minutes"},"schema":{"@context":"https:\/\/schema.org","@graph":[{"@type":"Article","@id":"https:\/\/www.africa-press.net\/guinee-conakry\/politique\/chan-algerie-2023-le-maroc-ne-participera-pas-officiel#article","isPartOf":{"@id":"https:\/\/www.africa-press.net\/guinee-conakry\/politique\/chan-algerie-2023-le-maroc-ne-participera-pas-officiel"},"author":{"name":"cfeditorfr","@id":"https:\/\/www.africa-press.net\/guinee-conakry\/#\/schema\/person\/2b1cf3cd81a31e3cd26889ca66d677f1"},"headline":"CHAN Alg\u00e9rie 2023 : le Maroc ne participera pas (officiel)","datePublished":"2023-01-12T20:11:00+00:00","mainEntityOfPage":{"@id":"https:\/\/www.africa-press.net\/guinee-conakry\/politique\/chan-algerie-2023-le-maroc-ne-participera-pas-officiel"},"wordCount":723,"commentCount":0,"image":{"@id":"https:\/\/www.africa-press.net\/guinee-conakry\/politique\/chan-algerie-2023-le-maroc-ne-participera-pas-officiel#primaryimage"},"thumbnailUrl":"https:\/\/static.africa-press.net\/conakry\/sites\/63\/2023\/01\/Jokar1673541704.055819.jpg","keywords":["Africa Press","Africa Press-Guin\u00e9e","Guin\u00e9e"],"articleSection":["Sports","to-homepage","Toutes les actualit\u00e9s"],"inLanguage":"fr-FR","potentialAction":[{"@type":"CommentAction","name":"Comment","target":["https:\/\/www.africa-press.net\/guinee-conakry\/politique\/chan-algerie-2023-le-maroc-ne-participera-pas-officiel#respond"]}]},{"@type":"WebPage","@id":"https:\/\/www.africa-press.net\/guinee-conakry\/politique\/chan-algerie-2023-le-maroc-ne-participera-pas-officiel","url":"https:\/\/www.africa-press.net\/guinee-conakry\/politique\/chan-algerie-2023-le-maroc-ne-participera-pas-officiel","name":"CHAN Alg\u00e9rie 2023 : le Maroc ne participera pas (officiel) - guinee Conakry","isPartOf":{"@id":"https:\/\/www.africa-press.net\/guinee-conakry\/#website"},"primaryImageOfPage":{"@id":"https:\/\/www.africa-press.net\/guinee-conakry\/politique\/chan-algerie-2023-le-maroc-ne-participera-pas-officiel#primaryimage"},"image":{"@id":"https:\/\/www.africa-press.net\/guinee-conakry\/politique\/chan-algerie-2023-le-maroc-ne-participera-pas-officiel#primaryimage"},"thumbnailUrl":"https:\/\/static.africa-press.net\/conakry\/sites\/63\/2023\/01\/Jokar1673541704.055819.jpg","datePublished":"2023-01-12T20:11:00+00:00","author":{"@id":"https:\/\/www.africa-press.net\/guinee-conakry\/#\/schema\/person\/2b1cf3cd81a31e3cd26889ca66d677f1"},"breadcrumb":{"@id":"https:\/\/www.africa-press.net\/guinee-conakry\/politique\/chan-algerie-2023-le-maroc-ne-participera-pas-officiel#breadcrumb"},"inLanguage":"fr-FR","potentialAction":[{"@type":"ReadAction","target":["https:\/\/www.africa-press.net\/guinee-conakry\/politique\/chan-algerie-2023-le-maroc-ne-participera-pas-officiel"]}]},{"@type":"ImageObject","inLanguage":"fr-FR","@id":"https:\/\/www.africa-press.net\/guinee-conakry\/politique\/chan-algerie-2023-le-maroc-ne-participera-pas-officiel#primaryimage","url":"https:\/\/static.africa-press.net\/conakry\/sites\/63\/2023\/01\/Jokar1673541704.055819.jpg","contentUrl":"https:\/\/static.africa-press.net\/conakry\/sites\/63\/2023\/01\/Jokar1673541704.055819.jpg","width":708,"height":647,"caption":"CHAN Alg\u00e9rie 2023 : le Maroc ne participera pas (officiel)"},{"@type":"BreadcrumbList","@id":"https:\/\/www.africa-press.net\/guinee-conakry\/politique\/chan-algerie-2023-le-maroc-ne-participera-pas-officiel#breadcrumb","itemListElement":[{"@type":"ListItem","position":1,"name":"Accueil","item":"https:\/\/www.africa-press.net\/guinee-conakry\/"},{"@type":"ListItem","position":2,"name":"CHAN Alg\u00e9rie 2023 : le Maroc ne participera pas (officiel)"}]},{"@type":"WebSite","@id":"https:\/\/www.africa-press.net\/guinee-conakry\/#website","url":"https:\/\/www.africa-press.net\/guinee-conakry\/","name":"guinee Conakry","description":"Just another Africa News Agency Sites site","potentialAction":[{"@type":"SearchAction","target":{"@type":"EntryPoint","urlTemplate":"https:\/\/www.africa-press.net\/guinee-conakry\/?s={search_term_string}"},"query-input":{"@type":"PropertyValueSpecification","valueRequired":true,"valueName":"search_term_string"}}],"inLanguage":"fr-FR"},{"@type":"Person","@id":"https:\/\/www.africa-press.net\/guinee-conakry\/#\/schema\/person\/2b1cf3cd81a31e3cd26889ca66d677f1","name":"cfeditorfr"}]}},"_links":{"self":[{"href":"https:\/\/www.africa-press.net\/guinee-conakry\/wp-json\/wp\/v2\/posts\/11339","targetHints":{"allow":["GET"]}}],"collection":[{"href":"https:\/\/www.africa-press.net\/guinee-conakry\/wp-json\/wp\/v2\/posts"}],"about":[{"href":"https:\/\/www.africa-press.net\/guinee-conakry\/wp-json\/wp\/v2\/types\/post"}],"author":[{"embeddable":true,"href":"https:\/\/www.africa-press.net\/guinee-conakry\/wp-json\/wp\/v2\/users\/82"}],"replies":[{"embeddable":true,"href":"https:\/\/www.africa-press.net\/guinee-conakry\/wp-json\/wp\/v2\/comments?post=11339"}],"version-history":[{"count":0,"href":"https:\/\/www.africa-press.net\/guinee-conakry\/wp-json\/wp\/v2\/posts\/11339\/revisions"}],"wp:featuredmedia":[{"embeddable":true,"href":"https:\/\/www.africa-press.net\/guinee-conakry\/wp-json\/wp\/v2\/media\/11338"}],"wp:attachment":[{"href":"https:\/\/www.africa-press.net\/guinee-conakry\/wp-json\/wp\/v2\/media?parent=11339"}],"wp:term":[{"taxonomy":"category","embeddable":true,"href":"https:\/\/www.africa-press.net\/guinee-conakry\/wp-json\/wp\/v2\/categories?post=11339"},{"taxonomy":"post_tag","embeddable":true,"href":"https:\/\/www.africa-press.net\/guinee-conakry\/wp-json\/wp\/v2\/tags?post=11339"}],"curies":[{"name":"wp","href":"https:\/\/api.w.org\/{rel}","templated":true}]}}