{"id":11343,"date":"2023-01-13T15:33:00","date_gmt":"2023-01-13T15:33:00","guid":{"rendered":"https:\/\/www.africa-press.net\/guinee-conakry\/politique\/reprise-du-dialogue-inter-guineen-dr-faya-millimouno-lance-un-appel-au-trio"},"modified":"2023-01-13T15:33:00","modified_gmt":"2023-01-13T15:33:00","slug":"reprise-du-dialogue-inter-guineen-dr-faya-millimouno-lance-un-appel-au-trio","status":"publish","type":"post","link":"https:\/\/www.africa-press.net\/guinee-conakry\/politique\/reprise-du-dialogue-inter-guineen-dr-faya-millimouno-lance-un-appel-au-trio","title":{"rendered":"Reprise du dialogue inter-guin\u00e9en : Dr Faya Millimouno lance un appel au \u2018\u2019Trio\u2019\u2019"},"content":{"rendered":"<p><span style=\"color: #ff6600\"><strong>Africa-Press &#8211; Guin\u00e9e. <\/strong><\/span>Trois semaines apre\u0300s la clo\u0302ture du dialogue inter-guine\u0301en [le 20 de\u0301cembre dernier], certains acteurs politiques et sociaux continuent de re\u0301clamer la tenue d\u2019un dialogue inclusif pour la conduite de la transition. Mais, le gouvernement est fermement oppose\u0301 a\u0300 toute ide\u0301e de reprise du dialogue. En tout cas, en confe\u0301rence de presse hier, jeudi 12 janvier 2023, le porte-parole du gouvernement, Ousmane Gaoual Diallo, a laisse\u0301 entendre que \u00ab ce dialogue est derrie\u0300re nous \u00bb. Et, \u00ab si dans l\u2019avenir il y a la difficulte\u0301 de mise en \u0153uvre qui ne\u0301cessitera un autre dialogue, ce dialogue se fera ici (en Guine\u0301e) \u00bb. Une position que partage Dr Faya Millimouno, le pre\u0301sident de Bloc Libe\u0301ral (BL).<\/p>\n<p>Dans un entretien ce vendredi, ce leader politique a parle\u0301 d\u2019une \u00ab confusion \u00bb autour du dialogue et il a lance\u0301 un appel au trio (ANAD, FNDC-politique et RPG arc-en-ciel et allie\u0301s) d\u2019ou\u0300 viennent ge\u0301ne\u0301ralement les re\u0301clamations pour la reprise du dialogue inter-guine\u0301en.<\/p>\n<p>\u00ab Sur la question du dialogue, il y a un peu une confusion que les gens cre\u0301ent. Il y en a des acteurs qui demandent la reprise inte\u0301grale du dialogue. Mais nous (le Bloc Libe\u0301ral), notre compre\u0301hension de tout c\u0327a, quand on lance\u0301 un appel aux autres, a\u0300 ceux qui n\u2019ont pas pris part a\u0300 la premie\u0300re se\u0301ance du dialogue, e\u0301tant donne\u0301 que le cadre de dialogue qui a e\u0301te\u0301 cre\u0301e\u0301 est un cadre permanent, on pense que dans les mois qui vont suivre, la ne\u0301cessite\u0301 peut se faire sentir et que les acteurs sociaux et politiques se retrouvent autour de la table pour e\u0301changer. Mais, toujours dans le cadre de ce cadre permanent qui a e\u0301te\u0301 instaure\u0301. Alors, mon appel au trio (ANAD, FNDC-politique et RPG arc-en-ciel et allie\u0301s), c\u2019est de s\u2019appre\u0302ter a\u0300 e\u0302tre au rendez-vous quand cette ne\u0301cessite\u0301 va se faire sentir \u00bb, a indique\u0301 Dr Faya Millimouno.<\/p>\n<p><strong>Pour plus d&rsquo;informations et d&rsquo;analyses sur la <a href=\"https:\/\/www.africa-press.net\/guinee-conakry\">Guin\u00e9e<\/a>, suivez <a href=\"https:\/\/www.africa-press.net\/\">Africa-Press<\/a><\/strong><\/p>\n","protected":false},"excerpt":{"rendered":"<p>Africa-Press &#8211; Guin\u00e9e. Trois semaines apre\u0300s la clo\u0302ture du dialogue inter-guine\u0301en [le 20 de\u0301cembre dernier], certains acteurs politiques et sociaux continuent de re\u0301clamer la tenue d\u2019un dialogue inclusif pour la conduite de la transition. Mais, le gouvernement est fermement oppose\u0301 a\u0300 toute ide\u0301e de reprise du dialogue. En tout cas, en confe\u0301rence de presse hier, [&hellip;]<\/p>\n","protected":false},"author":82,"featured_media":11342,"comment_status":"open","ping_status":"closed","sticky":false,"template":"","format":"standard","meta":{"footnotes":""},"categories":[2,56,20,10],"tags":[36,57,58],"class_list":["post-11343","post","type-post","status-publish","format-standard","has-post-thumbnail","hentry","category-politique","category-to-homepage","category-top-nouvelles","category-toutes-les-actualites","tag-africa-press","tag-africa-press-guinee","tag-guinee"],"yoast_head":"<!-- This site is optimized with the Yoast SEO Premium plugin v26.1 (Yoast SEO v27.0) - https:\/\/yoast.com\/product\/yoast-seo-premium-wordpress\/ -->\n<title>Reprise du dialogue inter-guin\u00e9en : Dr Faya Millimouno lance un appel au \u2018\u2019Trio\u2019\u2019 - guinee Conakry<\/title>\n<meta name=\"robots\" content=\"index, follow, max-snippet:-1, max-image-preview:large, max-video-preview:-1\" \/>\n<link rel=\"canonical\" href=\"https:\/\/www.africa-press.net\/guinee-conakry\/politique\/reprise-du-dialogue-inter-guineen-dr-faya-millimouno-lance-un-appel-au-trio\" \/>\n<meta property=\"og:locale\" content=\"fr_FR\" \/>\n<meta property=\"og:type\" content=\"article\" \/>\n<meta property=\"og:title\" content=\"Reprise du dialogue inter-guin\u00e9en : Dr Faya Millimouno lance un appel au \u2018\u2019Trio\u2019\u2019\" \/>\n<meta property=\"og:description\" content=\"Africa-Press &#8211; Guin\u00e9e. Trois semaines apre\u0300s la clo\u0302ture du dialogue inter-guine\u0301en [le 20 de\u0301cembre dernier], certains acteurs politiques et sociaux continuent de re\u0301clamer la tenue d\u2019un dialogue inclusif pour la conduite de la transition. Mais, le gouvernement est fermement oppose\u0301 a\u0300 toute ide\u0301e de reprise du dialogue. En tout cas, en confe\u0301rence de presse hier, [&hellip;]\" \/>\n<meta property=\"og:url\" content=\"https:\/\/www.africa-press.net\/guinee-conakry\/politique\/reprise-du-dialogue-inter-guineen-dr-faya-millimouno-lance-un-appel-au-trio\" \/>\n<meta property=\"og:site_name\" content=\"guinee Conakry\" \/>\n<meta property=\"article:published_time\" content=\"2023-01-13T15:33:00+00:00\" \/>\n<meta name=\"author\" content=\"cfeditorfr\" \/>\n<meta name=\"twitter:card\" content=\"summary_large_image\" \/>\n<meta name=\"twitter:label1\" content=\"\u00c9crit par\" \/>\n\t<meta name=\"twitter:data1\" content=\"cfeditorfr\" \/>\n\t<meta name=\"twitter:label2\" content=\"Dur\u00e9e de lecture estim\u00e9e\" \/>\n\t<meta name=\"twitter:data2\" content=\"2 minutes\" \/>\n<script type=\"application\/ld+json\" class=\"yoast-schema-graph\">{\"@context\":\"https:\/\/schema.org\",\"@graph\":[{\"@type\":\"Article\",\"@id\":\"https:\/\/www.africa-press.net\/guinee-conakry\/politique\/reprise-du-dialogue-inter-guineen-dr-faya-millimouno-lance-un-appel-au-trio#article\",\"isPartOf\":{\"@id\":\"https:\/\/www.africa-press.net\/guinee-conakry\/politique\/reprise-du-dialogue-inter-guineen-dr-faya-millimouno-lance-un-appel-au-trio\"},\"author\":{\"name\":\"cfeditorfr\",\"@id\":\"https:\/\/www.africa-press.net\/guinee-conakry\/#\/schema\/person\/2b1cf3cd81a31e3cd26889ca66d677f1\"},\"headline\":\"Reprise du dialogue inter-guin\u00e9en : Dr Faya Millimouno lance un appel au \u2018\u2019Trio\u2019\u2019\",\"datePublished\":\"2023-01-13T15:33:00+00:00\",\"mainEntityOfPage\":{\"@id\":\"https:\/\/www.africa-press.net\/guinee-conakry\/politique\/reprise-du-dialogue-inter-guineen-dr-faya-millimouno-lance-un-appel-au-trio\"},\"wordCount\":367,\"commentCount\":0,\"image\":{\"@id\":\"https:\/\/www.africa-press.net\/guinee-conakry\/politique\/reprise-du-dialogue-inter-guineen-dr-faya-millimouno-lance-un-appel-au-trio#primaryimage\"},\"thumbnailUrl\":\"https:\/\/static.africa-press.net\/conakry\/sites\/63\/2023\/01\/Jokar1673611400.339536.jpg\",\"keywords\":[\"Africa Press\",\"Africa Press-Guin\u00e9e\",\"Guin\u00e9e\"],\"articleSection\":[\"Politique\",\"to-homepage\",\"Top Nouvelles\",\"Toutes les actualit\u00e9s\"],\"inLanguage\":\"fr-FR\",\"potentialAction\":[{\"@type\":\"CommentAction\",\"name\":\"Comment\",\"target\":[\"https:\/\/www.africa-press.net\/guinee-conakry\/politique\/reprise-du-dialogue-inter-guineen-dr-faya-millimouno-lance-un-appel-au-trio#respond\"]}]},{\"@type\":\"WebPage\",\"@id\":\"https:\/\/www.africa-press.net\/guinee-conakry\/politique\/reprise-du-dialogue-inter-guineen-dr-faya-millimouno-lance-un-appel-au-trio\",\"url\":\"https:\/\/www.africa-press.net\/guinee-conakry\/politique\/reprise-du-dialogue-inter-guineen-dr-faya-millimouno-lance-un-appel-au-trio\",\"name\":\"Reprise du dialogue inter-guin\u00e9en : Dr Faya Millimouno lance un appel au \u2018\u2019Trio\u2019\u2019 - guinee Conakry\",\"isPartOf\":{\"@id\":\"https:\/\/www.africa-press.net\/guinee-conakry\/#website\"},\"primaryImageOfPage\":{\"@id\":\"https:\/\/www.africa-press.net\/guinee-conakry\/politique\/reprise-du-dialogue-inter-guineen-dr-faya-millimouno-lance-un-appel-au-trio#primaryimage\"},\"image\":{\"@id\":\"https:\/\/www.africa-press.net\/guinee-conakry\/politique\/reprise-du-dialogue-inter-guineen-dr-faya-millimouno-lance-un-appel-au-trio#primaryimage\"},\"thumbnailUrl\":\"https:\/\/static.africa-press.net\/conakry\/sites\/63\/2023\/01\/Jokar1673611400.339536.jpg\",\"datePublished\":\"2023-01-13T15:33:00+00:00\",\"author\":{\"@id\":\"https:\/\/www.africa-press.net\/guinee-conakry\/#\/schema\/person\/2b1cf3cd81a31e3cd26889ca66d677f1\"},\"breadcrumb\":{\"@id\":\"https:\/\/www.africa-press.net\/guinee-conakry\/politique\/reprise-du-dialogue-inter-guineen-dr-faya-millimouno-lance-un-appel-au-trio#breadcrumb\"},\"inLanguage\":\"fr-FR\",\"potentialAction\":[{\"@type\":\"ReadAction\",\"target\":[\"https:\/\/www.africa-press.net\/guinee-conakry\/politique\/reprise-du-dialogue-inter-guineen-dr-faya-millimouno-lance-un-appel-au-trio\"]}]},{\"@type\":\"ImageObject\",\"inLanguage\":\"fr-FR\",\"@id\":\"https:\/\/www.africa-press.net\/guinee-conakry\/politique\/reprise-du-dialogue-inter-guineen-dr-faya-millimouno-lance-un-appel-au-trio#primaryimage\",\"url\":\"https:\/\/static.africa-press.net\/conakry\/sites\/63\/2023\/01\/Jokar1673611400.339536.jpg\",\"contentUrl\":\"https:\/\/static.africa-press.net\/conakry\/sites\/63\/2023\/01\/Jokar1673611400.339536.jpg\",\"width\":1280,\"height\":828,\"caption\":\"Reprise du dialogue inter-guin\u00e9en : Dr Faya Millimouno lance un appel au \u2018\u2019Trio\u2019\u2019\"},{\"@type\":\"BreadcrumbList\",\"@id\":\"https:\/\/www.africa-press.net\/guinee-conakry\/politique\/reprise-du-dialogue-inter-guineen-dr-faya-millimouno-lance-un-appel-au-trio#breadcrumb\",\"itemListElement\":[{\"@type\":\"ListItem\",\"position\":1,\"name\":\"Accueil\",\"item\":\"https:\/\/www.africa-press.net\/guinee-conakry\/\"},{\"@type\":\"ListItem\",\"position\":2,\"name\":\"Reprise du dialogue inter-guin\u00e9en : Dr Faya Millimouno lance un appel au \u2018\u2019Trio\u2019\u2019\"}]},{\"@type\":\"WebSite\",\"@id\":\"https:\/\/www.africa-press.net\/guinee-conakry\/#website\",\"url\":\"https:\/\/www.africa-press.net\/guinee-conakry\/\",\"name\":\"guinee Conakry\",\"description\":\"Just another Africa News Agency Sites site\",\"potentialAction\":[{\"@type\":\"SearchAction\",\"target\":{\"@type\":\"EntryPoint\",\"urlTemplate\":\"https:\/\/www.africa-press.net\/guinee-conakry\/?s={search_term_string}\"},\"query-input\":{\"@type\":\"PropertyValueSpecification\",\"valueRequired\":true,\"valueName\":\"search_term_string\"}}],\"inLanguage\":\"fr-FR\"},{\"@type\":\"Person\",\"@id\":\"https:\/\/www.africa-press.net\/guinee-conakry\/#\/schema\/person\/2b1cf3cd81a31e3cd26889ca66d677f1\",\"name\":\"cfeditorfr\"}]}<\/script>\n<!-- \/ Yoast SEO Premium plugin. -->","yoast_head_json":{"title":"Reprise du dialogue inter-guin\u00e9en : Dr Faya Millimouno lance un appel au \u2018\u2019Trio\u2019\u2019 - guinee Conakry","robots":{"index":"index","follow":"follow","max-snippet":"max-snippet:-1","max-image-preview":"max-image-preview:large","max-video-preview":"max-video-preview:-1"},"canonical":"https:\/\/www.africa-press.net\/guinee-conakry\/politique\/reprise-du-dialogue-inter-guineen-dr-faya-millimouno-lance-un-appel-au-trio","og_locale":"fr_FR","og_type":"article","og_title":"Reprise du dialogue inter-guin\u00e9en : Dr Faya Millimouno lance un appel au \u2018\u2019Trio\u2019\u2019","og_description":"Africa-Press &#8211; Guin\u00e9e. Trois semaines apre\u0300s la clo\u0302ture du dialogue inter-guine\u0301en [le 20 de\u0301cembre dernier], certains acteurs politiques et sociaux continuent de re\u0301clamer la tenue d\u2019un dialogue inclusif pour la conduite de la transition. Mais, le gouvernement est fermement oppose\u0301 a\u0300 toute ide\u0301e de reprise du dialogue. En tout cas, en confe\u0301rence de presse hier, [&hellip;]","og_url":"https:\/\/www.africa-press.net\/guinee-conakry\/politique\/reprise-du-dialogue-inter-guineen-dr-faya-millimouno-lance-un-appel-au-trio","og_site_name":"guinee Conakry","article_published_time":"2023-01-13T15:33:00+00:00","author":"cfeditorfr","twitter_card":"summary_large_image","twitter_misc":{"\u00c9crit par":"cfeditorfr","Dur\u00e9e de lecture estim\u00e9e":"2 minutes"},"schema":{"@context":"https:\/\/schema.org","@graph":[{"@type":"Article","@id":"https:\/\/www.africa-press.net\/guinee-conakry\/politique\/reprise-du-dialogue-inter-guineen-dr-faya-millimouno-lance-un-appel-au-trio#article","isPartOf":{"@id":"https:\/\/www.africa-press.net\/guinee-conakry\/politique\/reprise-du-dialogue-inter-guineen-dr-faya-millimouno-lance-un-appel-au-trio"},"author":{"name":"cfeditorfr","@id":"https:\/\/www.africa-press.net\/guinee-conakry\/#\/schema\/person\/2b1cf3cd81a31e3cd26889ca66d677f1"},"headline":"Reprise du dialogue inter-guin\u00e9en : Dr Faya Millimouno lance un appel au \u2018\u2019Trio\u2019\u2019","datePublished":"2023-01-13T15:33:00+00:00","mainEntityOfPage":{"@id":"https:\/\/www.africa-press.net\/guinee-conakry\/politique\/reprise-du-dialogue-inter-guineen-dr-faya-millimouno-lance-un-appel-au-trio"},"wordCount":367,"commentCount":0,"image":{"@id":"https:\/\/www.africa-press.net\/guinee-conakry\/politique\/reprise-du-dialogue-inter-guineen-dr-faya-millimouno-lance-un-appel-au-trio#primaryimage"},"thumbnailUrl":"https:\/\/static.africa-press.net\/conakry\/sites\/63\/2023\/01\/Jokar1673611400.339536.jpg","keywords":["Africa Press","Africa Press-Guin\u00e9e","Guin\u00e9e"],"articleSection":["Politique","to-homepage","Top Nouvelles","Toutes les actualit\u00e9s"],"inLanguage":"fr-FR","potentialAction":[{"@type":"CommentAction","name":"Comment","target":["https:\/\/www.africa-press.net\/guinee-conakry\/politique\/reprise-du-dialogue-inter-guineen-dr-faya-millimouno-lance-un-appel-au-trio#respond"]}]},{"@type":"WebPage","@id":"https:\/\/www.africa-press.net\/guinee-conakry\/politique\/reprise-du-dialogue-inter-guineen-dr-faya-millimouno-lance-un-appel-au-trio","url":"https:\/\/www.africa-press.net\/guinee-conakry\/politique\/reprise-du-dialogue-inter-guineen-dr-faya-millimouno-lance-un-appel-au-trio","name":"Reprise du dialogue inter-guin\u00e9en : Dr Faya Millimouno lance un appel au \u2018\u2019Trio\u2019\u2019 - guinee Conakry","isPartOf":{"@id":"https:\/\/www.africa-press.net\/guinee-conakry\/#website"},"primaryImageOfPage":{"@id":"https:\/\/www.africa-press.net\/guinee-conakry\/politique\/reprise-du-dialogue-inter-guineen-dr-faya-millimouno-lance-un-appel-au-trio#primaryimage"},"image":{"@id":"https:\/\/www.africa-press.net\/guinee-conakry\/politique\/reprise-du-dialogue-inter-guineen-dr-faya-millimouno-lance-un-appel-au-trio#primaryimage"},"thumbnailUrl":"https:\/\/static.africa-press.net\/conakry\/sites\/63\/2023\/01\/Jokar1673611400.339536.jpg","datePublished":"2023-01-13T15:33:00+00:00","author":{"@id":"https:\/\/www.africa-press.net\/guinee-conakry\/#\/schema\/person\/2b1cf3cd81a31e3cd26889ca66d677f1"},"breadcrumb":{"@id":"https:\/\/www.africa-press.net\/guinee-conakry\/politique\/reprise-du-dialogue-inter-guineen-dr-faya-millimouno-lance-un-appel-au-trio#breadcrumb"},"inLanguage":"fr-FR","potentialAction":[{"@type":"ReadAction","target":["https:\/\/www.africa-press.net\/guinee-conakry\/politique\/reprise-du-dialogue-inter-guineen-dr-faya-millimouno-lance-un-appel-au-trio"]}]},{"@type":"ImageObject","inLanguage":"fr-FR","@id":"https:\/\/www.africa-press.net\/guinee-conakry\/politique\/reprise-du-dialogue-inter-guineen-dr-faya-millimouno-lance-un-appel-au-trio#primaryimage","url":"https:\/\/static.africa-press.net\/conakry\/sites\/63\/2023\/01\/Jokar1673611400.339536.jpg","contentUrl":"https:\/\/static.africa-press.net\/conakry\/sites\/63\/2023\/01\/Jokar1673611400.339536.jpg","width":1280,"height":828,"caption":"Reprise du dialogue inter-guin\u00e9en : Dr Faya Millimouno lance un appel au \u2018\u2019Trio\u2019\u2019"},{"@type":"BreadcrumbList","@id":"https:\/\/www.africa-press.net\/guinee-conakry\/politique\/reprise-du-dialogue-inter-guineen-dr-faya-millimouno-lance-un-appel-au-trio#breadcrumb","itemListElement":[{"@type":"ListItem","position":1,"name":"Accueil","item":"https:\/\/www.africa-press.net\/guinee-conakry\/"},{"@type":"ListItem","position":2,"name":"Reprise du dialogue inter-guin\u00e9en : Dr Faya Millimouno lance un appel au \u2018\u2019Trio\u2019\u2019"}]},{"@type":"WebSite","@id":"https:\/\/www.africa-press.net\/guinee-conakry\/#website","url":"https:\/\/www.africa-press.net\/guinee-conakry\/","name":"guinee Conakry","description":"Just another Africa News Agency Sites site","potentialAction":[{"@type":"SearchAction","target":{"@type":"EntryPoint","urlTemplate":"https:\/\/www.africa-press.net\/guinee-conakry\/?s={search_term_string}"},"query-input":{"@type":"PropertyValueSpecification","valueRequired":true,"valueName":"search_term_string"}}],"inLanguage":"fr-FR"},{"@type":"Person","@id":"https:\/\/www.africa-press.net\/guinee-conakry\/#\/schema\/person\/2b1cf3cd81a31e3cd26889ca66d677f1","name":"cfeditorfr"}]}},"_links":{"self":[{"href":"https:\/\/www.africa-press.net\/guinee-conakry\/wp-json\/wp\/v2\/posts\/11343","targetHints":{"allow":["GET"]}}],"collection":[{"href":"https:\/\/www.africa-press.net\/guinee-conakry\/wp-json\/wp\/v2\/posts"}],"about":[{"href":"https:\/\/www.africa-press.net\/guinee-conakry\/wp-json\/wp\/v2\/types\/post"}],"author":[{"embeddable":true,"href":"https:\/\/www.africa-press.net\/guinee-conakry\/wp-json\/wp\/v2\/users\/82"}],"replies":[{"embeddable":true,"href":"https:\/\/www.africa-press.net\/guinee-conakry\/wp-json\/wp\/v2\/comments?post=11343"}],"version-history":[{"count":0,"href":"https:\/\/www.africa-press.net\/guinee-conakry\/wp-json\/wp\/v2\/posts\/11343\/revisions"}],"wp:featuredmedia":[{"embeddable":true,"href":"https:\/\/www.africa-press.net\/guinee-conakry\/wp-json\/wp\/v2\/media\/11342"}],"wp:attachment":[{"href":"https:\/\/www.africa-press.net\/guinee-conakry\/wp-json\/wp\/v2\/media?parent=11343"}],"wp:term":[{"taxonomy":"category","embeddable":true,"href":"https:\/\/www.africa-press.net\/guinee-conakry\/wp-json\/wp\/v2\/categories?post=11343"},{"taxonomy":"post_tag","embeddable":true,"href":"https:\/\/www.africa-press.net\/guinee-conakry\/wp-json\/wp\/v2\/tags?post=11343"}],"curies":[{"name":"wp","href":"https:\/\/api.w.org\/{rel}","templated":true}]}}