{"id":11345,"date":"2023-01-13T15:45:00","date_gmt":"2023-01-13T15:45:00","guid":{"rendered":"https:\/\/www.africa-press.net\/guinee-conakry\/politique\/abdourahmane-sanoh-salue-limpartialite-de-la-justice-et-demande-la-liberation-de-fonike-mangue-et-dibrahima-diallo"},"modified":"2023-01-13T15:45:00","modified_gmt":"2023-01-13T15:45:00","slug":"abdourahmane-sanoh-salue-limpartialite-de-la-justice-et-demande-la-liberation-de-fonike-mangue-et-dibrahima-diallo","status":"publish","type":"post","link":"https:\/\/www.africa-press.net\/guinee-conakry\/politique\/abdourahmane-sanoh-salue-limpartialite-de-la-justice-et-demande-la-liberation-de-fonike-mangue-et-dibrahima-diallo","title":{"rendered":"Abdourahmane Sanoh salue l\u2019impartialit\u00e9 de la justice et demande la lib\u00e9ration de Fonik\u00e9 Mangu\u00e9 et d\u2019Ibrahima Diallo"},"content":{"rendered":"<p><span style=\"color: #ff6600\"><strong>Africa-Press &#8211; Guin\u00e9e. <\/strong><\/span>En confe\u0301rence de presse ce vendredi, 13 janvier 2023, le pre\u0301sident de la Plateforme des citoyens unis pour le de\u0301veloppement (PCUD), est revenu sur sa relaxe par le tribunal de Mafanco intervenue il y a quelques jours.<\/p>\n<p>Dans un communique\u0301 publie\u0301 a\u0300 cet effet, Abdourahmane Sanoh a salue\u0301 le courage du magistrat qui a pris cette de\u0301cision avant d\u2019inviter les autorite\u0301s de la transition a\u0300 l\u2019apaisement pour que notre pays sorte de cette transition dans de meilleures conditions.<\/p>\n<p>Dans un premier temps, Abdourahmane Sanoh est revenu sur les pe\u0301ripe\u0301ties qui ont conduit a\u0300 son proce\u0300s pour \u00ab participation de\u0301lictueuse a\u0300 des re\u0301unions publiques \u00bb avant de demander au CNRD \u00ab a\u0300 examiner objectivement les fractures devenues nombreuses et a\u0300 explorer les possibilite\u0301s d\u2019un recadrage strictement fonde\u0301 sur l\u2019inte\u0301re\u0302t de la nation a\u0300 travers le citoyen guine\u0301en&#8230; \u00bb.<\/p>\n<p><b> ci-dessous l\u2019inte\u0301gralite\u0301 dudit communique\u0301 :<\/b><\/p>\n<p>Le mercredi 4 janvier 2023, j\u2019ai rec\u0327u a\u0300 9 heures 38 minutes, une convocation de la Direction centrale des investigations judiciaires de la Gendarmerie nationale. Sans attendre, je m\u2019y suis rendu le me\u0302me jour, aux environs de 12 heures, ou\u0300 j\u2019ai e\u0301te\u0301 rec\u0327u par le Directeur et son adjoint. Avec eux, j\u2019ai appris que je suis \u00ab convoque\u0301 pour avoir participe\u0301 a\u0300 une re\u0301union a\u0300 Lansanayah village, le 30 novembre \u00bb 2022. Ce que je me suis empresse\u0301 de reconnai\u0302tre, en pre\u0301cisant que je ne me rappelais pas de la date exacte ; et que, ce n\u2019est pas le seul quartier, mais qu\u2019il y en avait plusieurs autres ou\u0300 je suis passe\u0301 pour tenir des re\u0301unions. Il s\u2019en est suivi l\u2019audition du lendemain jeudi 5 janvier en trois temps d\u2019une dure\u0301e maximum d\u2019environ 30 a\u0300 45mn. Mais j\u2019ai e\u0301te\u0301 retenu pendant 8h 30mn. Tout s\u2019est passe\u0301 dans un climat de respect.<\/p>\n<p>Comme vous le savez tous, le vendredi 6 janvier, j\u2019ai e\u0301te\u0301 pre\u0301sente\u0301 au parquet pre\u0300s le Tribunal de Premie\u0300re Instance de Mafanco, qui a de\u0301cide\u0301 de la tenue d\u2019un proce\u0300s en flagrant de\u0301lit, pour le lundi 9 janvier 2022.<\/p>\n<p>Je voudrais saisir cette occasion :<\/p>\n<p>Pour exprimer ma gratitude a\u0300 mes avocats, Me Didi Diop et Me Kerfalla Soumah (et ceux qui n\u2019ont pas pu e\u0302tre physiquement pre\u0301sents au proce\u0300s) qui se sont spontane\u0301ment mobilise\u0301s autour de l\u2019ancien Ba\u0302tonnier, Me Mohamed Traore\u0301, qui a consacre\u0301 une bonne partie de son pre\u0301cieux temps a\u0300 m\u2019accompagner dans cette nouvelle expe\u0301rience. Qu\u2019ils soient remercie\u0301s de leur acte citoyen et de leur constant attachement.<\/p>\n<p>Pour signaler combien, le verdict rendu ce mercredi 11 janvier, constitue un acte d\u2019une tre\u0300s haute porte\u0301e sur les plans du respect des droits de l\u2019homme, de la dignite\u0301 des Guine\u0301ens, de la cohe\u0301sion et de la paix sociales, de la consolidation de l\u2019E\u0301tat de droit et de la cre\u0301dibilite\u0301 de la justice. Le sens de responsabilite\u0301 qui a caracte\u0301rise\u0301 ce verdict doit inspirer la magistrature dans notre pays, afin que ces bons exemples cessent d\u2019e\u0302tre des exceptions. Je fe\u0301licite donc les juges qui ont dit le droit en respectant scrupuleusement la loi. Ce que le futur CPR compte espe\u0301rer de tous, que l\u2019on soit gouvernant ou gouverne\u0301. J\u2019espe\u0300re que cette de\u0301cision conduira a\u0300 des changements syste\u0301miques dans notre appareil judiciaire et je me re\u0301jouis du fait que par cet implacable te\u0301moignage judiciaire, notre justice vient de reconnai\u0302tre que les re\u0301unions publiques sont libres conforme\u0301ment a\u0300 l\u2019article 624 du code pe\u0301nal et que la non-de\u0301claration n\u2019est pas une infraction.<\/p>\n<p>Pour exprimer ma profonde gratitude a\u0300 toutes les organisations sociales et politiques, les organisations de de\u0301fense des droits de l\u2019homme et les media, mais aussi ces tre\u0300s nombreux compatriotes et de\u0301mocrates e\u0301trangers qui se sont faits voix, ou qui m\u2019ont te\u0301moigne\u0301 leur solidarite\u0301. Leur prise de position et leur marque de soutien ont fortement contribue\u0301 a\u0300 l\u2019alerte et a\u0300 mon assurance.<\/p>\n<p>Pour fe\u0301liciter et remercier toutes et tous mes camarades qui \u0153uvrent sans rela\u0302che pour la cre\u0301ation du CPR et la re\u0301alisation d\u2019une Guine\u0301e unie et heureuse, mais aussi pour leur soutien. Les immenses sacrifices qu\u2019ils ne cessent de consentir pour l\u2019affermissement de l\u2019amour entre les Guine\u0301ens, la consolidation de la justice sociale et de la paix, la promotion de l\u2019E\u0301tat de droit et de la bonne gouvernance et pour une citoyennete\u0301 e\u0301panouie dans notre pays, ne sauront e\u0302tre vains.<\/p>\n<p>En outre, je ne peux pas dire avec certitude pourquoi j\u2019ai e\u0301te\u0301 interpele\u0301 et sans e\u0302tre dupe, je voudrais e\u0301viter d\u2019alimenter les supputations en ce moment tre\u0300s difficile pour notre pays, d\u2019autant que je reconnais a\u0300 l\u2019E\u0301tat, le droit de renseignements et d\u2019investigation dans les limites de la loi.<\/p>\n<p>Cependant, je retiens de la proce\u0301dure qui a conduit a\u0300 ce proce\u0300s, qu\u2019il y a encore du chemin a\u0300 faire dans notre marche vers la de\u0301mocratie et que nos magistrats ont un ro\u0302le pre\u0301ponde\u0301rant et une responsabilite\u0301 inde\u0301finie dans la consolidation de l\u2019E\u0301tat de droit et dans le respect de la dignite\u0301 des Guine\u0301ens, condition fondamentale de la stabilite\u0301. Un syste\u0300me judiciaire inde\u0301pendant et impartial est la pierre angulaire de la de\u0301mocratie, l\u2019unite\u0301 nationale et de la bonne gouvernance.<\/p>\n<p>Dans cette circonstance tre\u0300s e\u0301vocatrice des droits de l\u2019homme, je voudrais une pense\u0301e pour Oumar Sylla et Ibrahima Diallo, pour qui j\u2019e\u0301prouve beaucoup de peine a\u0300 voir en prison, plus pour leur opinion, que pour toute autre raison. J\u2019exhorte les autorite\u0301s a\u0300 leur rendre au plus vite leur liberte\u0301. Il en est ainsi, pour tous ceux qui sont en de\u0301tention, en violation de leurs droits. Je les exhorte a\u0300 un acte d\u2019apaisement envers les acteurs sociaux en clandestinite\u0301 et sous contro\u0302le judiciaire et envers ceux qui sont en exil dans le respect de la loi. Ce serait un acte d\u2019apaisement dont notre pays a, plus que jamais, besoin aujourd\u2019hui.<\/p>\n<p>Notre pays est a\u0300 la croise\u0301e des chemins et est encore davantage mine\u0301 par ses travers d\u2019hier. C\u2019est pourquoi, conscient du poids de la division sociale sur l\u2019unite\u0301 et la stabilite\u0301 de la nation, de la de\u0301mission de l\u2019e\u0301lite qui affecte l\u2019exercice et la jouissance de la citoyennete\u0301, de la mauvaise gouvernance qui amplifie la pre\u0301varication et aggrave les ine\u0301galite\u0301s, j\u2019ai de\u0301cide\u0301 de m\u2019engager dans un ide\u0301al contraire, qui ne peut ve\u0301ritablement s\u2019exprimer que par la prise de conscience des be\u0301ne\u0301fices de la citoyennete\u0301. Ce choix, qui n\u2019est pas nouveau, est ine\u0301branlable et aucun sacrifice n\u2019est de trop pour l\u2019assumer. C\u2019est pour cela que, pour moi, le plein exercice de la citoyennete\u0301 est une question de dignite\u0301. Le ne\u0301gocier, l\u2019alie\u0301ner, l\u2019abandonner ou ruser avec, est un acte de la\u0302chete\u0301.<\/p>\n<p>Par ailleurs, au regard du climat sociopolitique de plus en plus pre\u0301caire qui pre\u0301vaut actuellement dans notre pays, il devient urgent que chacun \u0153uvre davantage et avec since\u0301rite\u0301, a\u0300 la consolidation de la cohe\u0301sion nationale et de la paix, a\u0300 commencer par les autorite\u0301s militaires. Il y a un besoin e\u0301vident de recadrage de la conduite de la transition pour cre\u0301er de ve\u0301ritables conditions d\u2019un re\u0301el apaisement, d\u2019une le\u0301gitimite\u0301 des actes, d\u2019une fiabilite\u0301 des acquis. C\u2019est de cette fac\u0327on que nous poserons ensemble les vraies bases d\u2019une transition re\u0301ussie.<\/p>\n<p>C\u2019est pourquoi, j\u2019encourage les autorite\u0301s de la transition a\u0300 examiner objectivement les fractures devenues nombreuses et a\u0300 explorer les possibilite\u0301s d\u2019un recadrage strictement fonde\u0301 sur l\u2019inte\u0301re\u0302t de la nation a\u0300 travers le citoyen guine\u0301en. Ce serait un acte de grandeur sublime que seuls les dirigeants d\u2019exception peuvent poser.<\/p>\n<p><strong>Pour plus d&rsquo;informations et d&rsquo;analyses sur la <a href=\"https:\/\/www.africa-press.net\/guinee-conakry\">Guin\u00e9e<\/a>, suivez <a href=\"https:\/\/www.africa-press.net\/\">Africa-Press<\/a><\/strong><\/p>\n","protected":false},"excerpt":{"rendered":"<p>Africa-Press &#8211; Guin\u00e9e. En confe\u0301rence de presse ce vendredi, 13 janvier 2023, le pre\u0301sident de la Plateforme des citoyens unis pour le de\u0301veloppement (PCUD), est revenu sur sa relaxe par le tribunal de Mafanco intervenue il y a quelques jours. Dans un communique\u0301 publie\u0301 a\u0300 cet effet, Abdourahmane Sanoh a salue\u0301 le courage du magistrat [&hellip;]<\/p>\n","protected":false},"author":82,"featured_media":11344,"comment_status":"open","ping_status":"closed","sticky":false,"template":"","format":"standard","meta":{"footnotes":""},"categories":[2,10],"tags":[36,57,58],"class_list":["post-11345","post","type-post","status-publish","format-standard","has-post-thumbnail","hentry","category-politique","category-toutes-les-actualites","tag-africa-press","tag-africa-press-guinee","tag-guinee"],"yoast_head":"<!-- This site is optimized with the Yoast SEO Premium plugin v26.1 (Yoast SEO v27.0) - https:\/\/yoast.com\/product\/yoast-seo-premium-wordpress\/ -->\n<title>Abdourahmane Sanoh salue l\u2019impartialit\u00e9 de la justice et demande la lib\u00e9ration de Fonik\u00e9 Mangu\u00e9 et d\u2019Ibrahima Diallo - guinee Conakry<\/title>\n<meta name=\"robots\" content=\"index, follow, max-snippet:-1, max-image-preview:large, max-video-preview:-1\" \/>\n<link rel=\"canonical\" href=\"https:\/\/www.africa-press.net\/guinee-conakry\/politique\/abdourahmane-sanoh-salue-limpartialite-de-la-justice-et-demande-la-liberation-de-fonike-mangue-et-dibrahima-diallo\" \/>\n<meta property=\"og:locale\" content=\"fr_FR\" \/>\n<meta property=\"og:type\" content=\"article\" \/>\n<meta property=\"og:title\" content=\"Abdourahmane Sanoh salue l\u2019impartialit\u00e9 de la justice et demande la lib\u00e9ration de Fonik\u00e9 Mangu\u00e9 et d\u2019Ibrahima Diallo\" \/>\n<meta property=\"og:description\" content=\"Africa-Press &#8211; Guin\u00e9e. En confe\u0301rence de presse ce vendredi, 13 janvier 2023, le pre\u0301sident de la Plateforme des citoyens unis pour le de\u0301veloppement (PCUD), est revenu sur sa relaxe par le tribunal de Mafanco intervenue il y a quelques jours. Dans un communique\u0301 publie\u0301 a\u0300 cet effet, Abdourahmane Sanoh a salue\u0301 le courage du magistrat [&hellip;]\" \/>\n<meta property=\"og:url\" content=\"https:\/\/www.africa-press.net\/guinee-conakry\/politique\/abdourahmane-sanoh-salue-limpartialite-de-la-justice-et-demande-la-liberation-de-fonike-mangue-et-dibrahima-diallo\" \/>\n<meta property=\"og:site_name\" content=\"guinee Conakry\" \/>\n<meta property=\"article:published_time\" content=\"2023-01-13T15:45:00+00:00\" \/>\n<meta name=\"author\" content=\"cfeditorfr\" \/>\n<meta name=\"twitter:card\" content=\"summary_large_image\" \/>\n<meta name=\"twitter:label1\" content=\"\u00c9crit par\" \/>\n\t<meta name=\"twitter:data1\" content=\"cfeditorfr\" \/>\n\t<meta name=\"twitter:label2\" content=\"Dur\u00e9e de lecture estim\u00e9e\" \/>\n\t<meta name=\"twitter:data2\" content=\"7 minutes\" \/>\n<script type=\"application\/ld+json\" class=\"yoast-schema-graph\">{\"@context\":\"https:\/\/schema.org\",\"@graph\":[{\"@type\":\"Article\",\"@id\":\"https:\/\/www.africa-press.net\/guinee-conakry\/politique\/abdourahmane-sanoh-salue-limpartialite-de-la-justice-et-demande-la-liberation-de-fonike-mangue-et-dibrahima-diallo#article\",\"isPartOf\":{\"@id\":\"https:\/\/www.africa-press.net\/guinee-conakry\/politique\/abdourahmane-sanoh-salue-limpartialite-de-la-justice-et-demande-la-liberation-de-fonike-mangue-et-dibrahima-diallo\"},\"author\":{\"name\":\"cfeditorfr\",\"@id\":\"https:\/\/www.africa-press.net\/guinee-conakry\/#\/schema\/person\/2b1cf3cd81a31e3cd26889ca66d677f1\"},\"headline\":\"Abdourahmane Sanoh salue l\u2019impartialit\u00e9 de la justice et demande la lib\u00e9ration de Fonik\u00e9 Mangu\u00e9 et d\u2019Ibrahima Diallo\",\"datePublished\":\"2023-01-13T15:45:00+00:00\",\"mainEntityOfPage\":{\"@id\":\"https:\/\/www.africa-press.net\/guinee-conakry\/politique\/abdourahmane-sanoh-salue-limpartialite-de-la-justice-et-demande-la-liberation-de-fonike-mangue-et-dibrahima-diallo\"},\"wordCount\":1425,\"commentCount\":0,\"image\":{\"@id\":\"https:\/\/www.africa-press.net\/guinee-conakry\/politique\/abdourahmane-sanoh-salue-limpartialite-de-la-justice-et-demande-la-liberation-de-fonike-mangue-et-dibrahima-diallo#primaryimage\"},\"thumbnailUrl\":\"https:\/\/static.africa-press.net\/conakry\/sites\/63\/2023\/01\/Jokar1673612130.2603.jpg\",\"keywords\":[\"Africa Press\",\"Africa Press-Guin\u00e9e\",\"Guin\u00e9e\"],\"articleSection\":[\"Politique\",\"Toutes les actualit\u00e9s\"],\"inLanguage\":\"fr-FR\",\"potentialAction\":[{\"@type\":\"CommentAction\",\"name\":\"Comment\",\"target\":[\"https:\/\/www.africa-press.net\/guinee-conakry\/politique\/abdourahmane-sanoh-salue-limpartialite-de-la-justice-et-demande-la-liberation-de-fonike-mangue-et-dibrahima-diallo#respond\"]}]},{\"@type\":\"WebPage\",\"@id\":\"https:\/\/www.africa-press.net\/guinee-conakry\/politique\/abdourahmane-sanoh-salue-limpartialite-de-la-justice-et-demande-la-liberation-de-fonike-mangue-et-dibrahima-diallo\",\"url\":\"https:\/\/www.africa-press.net\/guinee-conakry\/politique\/abdourahmane-sanoh-salue-limpartialite-de-la-justice-et-demande-la-liberation-de-fonike-mangue-et-dibrahima-diallo\",\"name\":\"Abdourahmane Sanoh salue l\u2019impartialit\u00e9 de la justice et demande la lib\u00e9ration de Fonik\u00e9 Mangu\u00e9 et d\u2019Ibrahima Diallo - guinee Conakry\",\"isPartOf\":{\"@id\":\"https:\/\/www.africa-press.net\/guinee-conakry\/#website\"},\"primaryImageOfPage\":{\"@id\":\"https:\/\/www.africa-press.net\/guinee-conakry\/politique\/abdourahmane-sanoh-salue-limpartialite-de-la-justice-et-demande-la-liberation-de-fonike-mangue-et-dibrahima-diallo#primaryimage\"},\"image\":{\"@id\":\"https:\/\/www.africa-press.net\/guinee-conakry\/politique\/abdourahmane-sanoh-salue-limpartialite-de-la-justice-et-demande-la-liberation-de-fonike-mangue-et-dibrahima-diallo#primaryimage\"},\"thumbnailUrl\":\"https:\/\/static.africa-press.net\/conakry\/sites\/63\/2023\/01\/Jokar1673612130.2603.jpg\",\"datePublished\":\"2023-01-13T15:45:00+00:00\",\"author\":{\"@id\":\"https:\/\/www.africa-press.net\/guinee-conakry\/#\/schema\/person\/2b1cf3cd81a31e3cd26889ca66d677f1\"},\"breadcrumb\":{\"@id\":\"https:\/\/www.africa-press.net\/guinee-conakry\/politique\/abdourahmane-sanoh-salue-limpartialite-de-la-justice-et-demande-la-liberation-de-fonike-mangue-et-dibrahima-diallo#breadcrumb\"},\"inLanguage\":\"fr-FR\",\"potentialAction\":[{\"@type\":\"ReadAction\",\"target\":[\"https:\/\/www.africa-press.net\/guinee-conakry\/politique\/abdourahmane-sanoh-salue-limpartialite-de-la-justice-et-demande-la-liberation-de-fonike-mangue-et-dibrahima-diallo\"]}]},{\"@type\":\"ImageObject\",\"inLanguage\":\"fr-FR\",\"@id\":\"https:\/\/www.africa-press.net\/guinee-conakry\/politique\/abdourahmane-sanoh-salue-limpartialite-de-la-justice-et-demande-la-liberation-de-fonike-mangue-et-dibrahima-diallo#primaryimage\",\"url\":\"https:\/\/static.africa-press.net\/conakry\/sites\/63\/2023\/01\/Jokar1673612130.2603.jpg\",\"contentUrl\":\"https:\/\/static.africa-press.net\/conakry\/sites\/63\/2023\/01\/Jokar1673612130.2603.jpg\",\"width\":670,\"height\":670,\"caption\":\"Abdourahmane Sanoh salue l\u2019impartialit\u00e9 de la justice et demande la lib\u00e9ration de Fonik\u00e9 Mangu\u00e9 et d\u2019Ibrahima Diallo\"},{\"@type\":\"BreadcrumbList\",\"@id\":\"https:\/\/www.africa-press.net\/guinee-conakry\/politique\/abdourahmane-sanoh-salue-limpartialite-de-la-justice-et-demande-la-liberation-de-fonike-mangue-et-dibrahima-diallo#breadcrumb\",\"itemListElement\":[{\"@type\":\"ListItem\",\"position\":1,\"name\":\"Accueil\",\"item\":\"https:\/\/www.africa-press.net\/guinee-conakry\/\"},{\"@type\":\"ListItem\",\"position\":2,\"name\":\"Abdourahmane Sanoh salue l\u2019impartialit\u00e9 de la justice et demande la lib\u00e9ration de Fonik\u00e9 Mangu\u00e9 et d\u2019Ibrahima Diallo\"}]},{\"@type\":\"WebSite\",\"@id\":\"https:\/\/www.africa-press.net\/guinee-conakry\/#website\",\"url\":\"https:\/\/www.africa-press.net\/guinee-conakry\/\",\"name\":\"guinee Conakry\",\"description\":\"Just another Africa News Agency Sites site\",\"potentialAction\":[{\"@type\":\"SearchAction\",\"target\":{\"@type\":\"EntryPoint\",\"urlTemplate\":\"https:\/\/www.africa-press.net\/guinee-conakry\/?s={search_term_string}\"},\"query-input\":{\"@type\":\"PropertyValueSpecification\",\"valueRequired\":true,\"valueName\":\"search_term_string\"}}],\"inLanguage\":\"fr-FR\"},{\"@type\":\"Person\",\"@id\":\"https:\/\/www.africa-press.net\/guinee-conakry\/#\/schema\/person\/2b1cf3cd81a31e3cd26889ca66d677f1\",\"name\":\"cfeditorfr\"}]}<\/script>\n<!-- \/ Yoast SEO Premium plugin. -->","yoast_head_json":{"title":"Abdourahmane Sanoh salue l\u2019impartialit\u00e9 de la justice et demande la lib\u00e9ration de Fonik\u00e9 Mangu\u00e9 et d\u2019Ibrahima Diallo - guinee Conakry","robots":{"index":"index","follow":"follow","max-snippet":"max-snippet:-1","max-image-preview":"max-image-preview:large","max-video-preview":"max-video-preview:-1"},"canonical":"https:\/\/www.africa-press.net\/guinee-conakry\/politique\/abdourahmane-sanoh-salue-limpartialite-de-la-justice-et-demande-la-liberation-de-fonike-mangue-et-dibrahima-diallo","og_locale":"fr_FR","og_type":"article","og_title":"Abdourahmane Sanoh salue l\u2019impartialit\u00e9 de la justice et demande la lib\u00e9ration de Fonik\u00e9 Mangu\u00e9 et d\u2019Ibrahima Diallo","og_description":"Africa-Press &#8211; Guin\u00e9e. En confe\u0301rence de presse ce vendredi, 13 janvier 2023, le pre\u0301sident de la Plateforme des citoyens unis pour le de\u0301veloppement (PCUD), est revenu sur sa relaxe par le tribunal de Mafanco intervenue il y a quelques jours. Dans un communique\u0301 publie\u0301 a\u0300 cet effet, Abdourahmane Sanoh a salue\u0301 le courage du magistrat [&hellip;]","og_url":"https:\/\/www.africa-press.net\/guinee-conakry\/politique\/abdourahmane-sanoh-salue-limpartialite-de-la-justice-et-demande-la-liberation-de-fonike-mangue-et-dibrahima-diallo","og_site_name":"guinee Conakry","article_published_time":"2023-01-13T15:45:00+00:00","author":"cfeditorfr","twitter_card":"summary_large_image","twitter_misc":{"\u00c9crit par":"cfeditorfr","Dur\u00e9e de lecture estim\u00e9e":"7 minutes"},"schema":{"@context":"https:\/\/schema.org","@graph":[{"@type":"Article","@id":"https:\/\/www.africa-press.net\/guinee-conakry\/politique\/abdourahmane-sanoh-salue-limpartialite-de-la-justice-et-demande-la-liberation-de-fonike-mangue-et-dibrahima-diallo#article","isPartOf":{"@id":"https:\/\/www.africa-press.net\/guinee-conakry\/politique\/abdourahmane-sanoh-salue-limpartialite-de-la-justice-et-demande-la-liberation-de-fonike-mangue-et-dibrahima-diallo"},"author":{"name":"cfeditorfr","@id":"https:\/\/www.africa-press.net\/guinee-conakry\/#\/schema\/person\/2b1cf3cd81a31e3cd26889ca66d677f1"},"headline":"Abdourahmane Sanoh salue l\u2019impartialit\u00e9 de la justice et demande la lib\u00e9ration de Fonik\u00e9 Mangu\u00e9 et d\u2019Ibrahima Diallo","datePublished":"2023-01-13T15:45:00+00:00","mainEntityOfPage":{"@id":"https:\/\/www.africa-press.net\/guinee-conakry\/politique\/abdourahmane-sanoh-salue-limpartialite-de-la-justice-et-demande-la-liberation-de-fonike-mangue-et-dibrahima-diallo"},"wordCount":1425,"commentCount":0,"image":{"@id":"https:\/\/www.africa-press.net\/guinee-conakry\/politique\/abdourahmane-sanoh-salue-limpartialite-de-la-justice-et-demande-la-liberation-de-fonike-mangue-et-dibrahima-diallo#primaryimage"},"thumbnailUrl":"https:\/\/static.africa-press.net\/conakry\/sites\/63\/2023\/01\/Jokar1673612130.2603.jpg","keywords":["Africa Press","Africa Press-Guin\u00e9e","Guin\u00e9e"],"articleSection":["Politique","Toutes les actualit\u00e9s"],"inLanguage":"fr-FR","potentialAction":[{"@type":"CommentAction","name":"Comment","target":["https:\/\/www.africa-press.net\/guinee-conakry\/politique\/abdourahmane-sanoh-salue-limpartialite-de-la-justice-et-demande-la-liberation-de-fonike-mangue-et-dibrahima-diallo#respond"]}]},{"@type":"WebPage","@id":"https:\/\/www.africa-press.net\/guinee-conakry\/politique\/abdourahmane-sanoh-salue-limpartialite-de-la-justice-et-demande-la-liberation-de-fonike-mangue-et-dibrahima-diallo","url":"https:\/\/www.africa-press.net\/guinee-conakry\/politique\/abdourahmane-sanoh-salue-limpartialite-de-la-justice-et-demande-la-liberation-de-fonike-mangue-et-dibrahima-diallo","name":"Abdourahmane Sanoh salue l\u2019impartialit\u00e9 de la justice et demande la lib\u00e9ration de Fonik\u00e9 Mangu\u00e9 et d\u2019Ibrahima Diallo - guinee Conakry","isPartOf":{"@id":"https:\/\/www.africa-press.net\/guinee-conakry\/#website"},"primaryImageOfPage":{"@id":"https:\/\/www.africa-press.net\/guinee-conakry\/politique\/abdourahmane-sanoh-salue-limpartialite-de-la-justice-et-demande-la-liberation-de-fonike-mangue-et-dibrahima-diallo#primaryimage"},"image":{"@id":"https:\/\/www.africa-press.net\/guinee-conakry\/politique\/abdourahmane-sanoh-salue-limpartialite-de-la-justice-et-demande-la-liberation-de-fonike-mangue-et-dibrahima-diallo#primaryimage"},"thumbnailUrl":"https:\/\/static.africa-press.net\/conakry\/sites\/63\/2023\/01\/Jokar1673612130.2603.jpg","datePublished":"2023-01-13T15:45:00+00:00","author":{"@id":"https:\/\/www.africa-press.net\/guinee-conakry\/#\/schema\/person\/2b1cf3cd81a31e3cd26889ca66d677f1"},"breadcrumb":{"@id":"https:\/\/www.africa-press.net\/guinee-conakry\/politique\/abdourahmane-sanoh-salue-limpartialite-de-la-justice-et-demande-la-liberation-de-fonike-mangue-et-dibrahima-diallo#breadcrumb"},"inLanguage":"fr-FR","potentialAction":[{"@type":"ReadAction","target":["https:\/\/www.africa-press.net\/guinee-conakry\/politique\/abdourahmane-sanoh-salue-limpartialite-de-la-justice-et-demande-la-liberation-de-fonike-mangue-et-dibrahima-diallo"]}]},{"@type":"ImageObject","inLanguage":"fr-FR","@id":"https:\/\/www.africa-press.net\/guinee-conakry\/politique\/abdourahmane-sanoh-salue-limpartialite-de-la-justice-et-demande-la-liberation-de-fonike-mangue-et-dibrahima-diallo#primaryimage","url":"https:\/\/static.africa-press.net\/conakry\/sites\/63\/2023\/01\/Jokar1673612130.2603.jpg","contentUrl":"https:\/\/static.africa-press.net\/conakry\/sites\/63\/2023\/01\/Jokar1673612130.2603.jpg","width":670,"height":670,"caption":"Abdourahmane Sanoh salue l\u2019impartialit\u00e9 de la justice et demande la lib\u00e9ration de Fonik\u00e9 Mangu\u00e9 et d\u2019Ibrahima Diallo"},{"@type":"BreadcrumbList","@id":"https:\/\/www.africa-press.net\/guinee-conakry\/politique\/abdourahmane-sanoh-salue-limpartialite-de-la-justice-et-demande-la-liberation-de-fonike-mangue-et-dibrahima-diallo#breadcrumb","itemListElement":[{"@type":"ListItem","position":1,"name":"Accueil","item":"https:\/\/www.africa-press.net\/guinee-conakry\/"},{"@type":"ListItem","position":2,"name":"Abdourahmane Sanoh salue l\u2019impartialit\u00e9 de la justice et demande la lib\u00e9ration de Fonik\u00e9 Mangu\u00e9 et d\u2019Ibrahima Diallo"}]},{"@type":"WebSite","@id":"https:\/\/www.africa-press.net\/guinee-conakry\/#website","url":"https:\/\/www.africa-press.net\/guinee-conakry\/","name":"guinee Conakry","description":"Just another Africa News Agency Sites site","potentialAction":[{"@type":"SearchAction","target":{"@type":"EntryPoint","urlTemplate":"https:\/\/www.africa-press.net\/guinee-conakry\/?s={search_term_string}"},"query-input":{"@type":"PropertyValueSpecification","valueRequired":true,"valueName":"search_term_string"}}],"inLanguage":"fr-FR"},{"@type":"Person","@id":"https:\/\/www.africa-press.net\/guinee-conakry\/#\/schema\/person\/2b1cf3cd81a31e3cd26889ca66d677f1","name":"cfeditorfr"}]}},"_links":{"self":[{"href":"https:\/\/www.africa-press.net\/guinee-conakry\/wp-json\/wp\/v2\/posts\/11345","targetHints":{"allow":["GET"]}}],"collection":[{"href":"https:\/\/www.africa-press.net\/guinee-conakry\/wp-json\/wp\/v2\/posts"}],"about":[{"href":"https:\/\/www.africa-press.net\/guinee-conakry\/wp-json\/wp\/v2\/types\/post"}],"author":[{"embeddable":true,"href":"https:\/\/www.africa-press.net\/guinee-conakry\/wp-json\/wp\/v2\/users\/82"}],"replies":[{"embeddable":true,"href":"https:\/\/www.africa-press.net\/guinee-conakry\/wp-json\/wp\/v2\/comments?post=11345"}],"version-history":[{"count":0,"href":"https:\/\/www.africa-press.net\/guinee-conakry\/wp-json\/wp\/v2\/posts\/11345\/revisions"}],"wp:featuredmedia":[{"embeddable":true,"href":"https:\/\/www.africa-press.net\/guinee-conakry\/wp-json\/wp\/v2\/media\/11344"}],"wp:attachment":[{"href":"https:\/\/www.africa-press.net\/guinee-conakry\/wp-json\/wp\/v2\/media?parent=11345"}],"wp:term":[{"taxonomy":"category","embeddable":true,"href":"https:\/\/www.africa-press.net\/guinee-conakry\/wp-json\/wp\/v2\/categories?post=11345"},{"taxonomy":"post_tag","embeddable":true,"href":"https:\/\/www.africa-press.net\/guinee-conakry\/wp-json\/wp\/v2\/tags?post=11345"}],"curies":[{"name":"wp","href":"https:\/\/api.w.org\/{rel}","templated":true}]}}