{"id":11353,"date":"2023-01-13T16:35:00","date_gmt":"2023-01-13T16:35:00","guid":{"rendered":"https:\/\/www.africa-press.net\/guinee-conakry\/politique\/abdourahmane-sanoh-je-nai-pas-de-lien-avec-le-fndc"},"modified":"2023-01-13T16:35:00","modified_gmt":"2023-01-13T16:35:00","slug":"abdourahmane-sanoh-je-nai-pas-de-lien-avec-le-fndc","status":"publish","type":"post","link":"https:\/\/www.africa-press.net\/guinee-conakry\/politique\/abdourahmane-sanoh-je-nai-pas-de-lien-avec-le-fndc","title":{"rendered":"Abdourahmane Sanoh : \u00ab Je n\u2019ai pas de lien avec le FNDC \u00bb"},"content":{"rendered":"<p><span style=\"color: #ff6600\"><strong>Africa-Press &#8211; Guin\u00e9e. <\/strong><\/span>Le pre\u0301sident de la Plateforme des citoyens unis pour le de\u0301veloppement (PCUD) semble avoir coupe\u0301 tous les ponts avec le Front national pour la de\u0301fense de la constitution (FNDC) dont est l\u2019un des fondateurs (en 2019) et qu\u2019il a dirige\u0301 jusqu\u2019au 03 fe\u0301vrier 2022. En tout cas, lors d\u2019une confe\u0301rence de presse ce vendredi, 13 janvier 2023, Abdourahmane Sano a de\u0301clare\u0301 qu\u2019il n\u2019a pas de lien aujourd\u2019hui avec ce mouvement social dont e\u0301tait le coordinateur national. Il assure que son objectif au sein du FNDC e\u0301tait la lutte contre le 3e\u0300me mandat d\u2019Alpha Conde\u0301 et son objectif a e\u0301te\u0301 atteint avec la chute de ce dernier.<\/p>\n<p>\u00ab Mon lien avec le FNDC, chacun le sait. Il n\u2019est un secret pour personne que j\u2019ai e\u0301te\u0301 un des membres fondateurs sinon le principale fondateur du FNDC. J\u2019avais un objectif assez pre\u0301cis, c\u2019e\u0301tait contre le troisie\u0300me mandat. Et, a\u0300 mon avis, lorsque mon ro\u0302le historique e\u0301tait termine\u0301 pour moi, j\u2019ai du\u0302 passer la main. C\u2019e\u0301tait aussi pour donner un exemple lorsqu\u2019on se bas pour l\u2019alternance. C\u2019est ma structure, la structure a\u0300 laquelle j\u2019ai appartenu. Et, aujourd\u2019hui, je n\u2019ai pas de lien avec le FNDC. Mais, j\u2019ai une relation humaine que j\u2019ai eu a\u0300 cre\u0301er, de\u0301velopper, avec tous les membres du FNDC. Tous ces Guine\u0301ens qui ont choisi de s\u2019engager sous mon autorite\u0301 et celle du FNDC et mener mon combat qui e\u0301tait vraiment ne\u0301cessaire a\u0300 cette e\u0301poque pour notre pays \u00bb, a indique\u0301 Abdourahamane Sano.<\/p>\n<p>Les 10 et 11 janvier dernier, l\u2019ancien coordinateur national du FNDC a e\u0301te\u0301 juge\u0301 pour \u00ab participation a\u0300 une re\u0301union non de\u0301clare\u0301e \u00bb. Mais, il a e\u0301te\u0301 finalement relaxe\u0301 pour \u00ab de\u0301lit non constitue\u0301 \u00bb. Cependant, son proce\u0300s a e\u0301te\u0301 qualifie\u0301 par de nombreux observateurs de \u00ab tentative d\u2019intimidation \u00bb. Mais, ce vendredi, Abdourahamane Sano a martele\u0301 avec insistance que personne ne pourra l\u2019arre\u0302ter dans son engagement.<\/p>\n<p>\u00ab Pour moi, le plein exercice de la citoyennete\u0301 est une question de dignite\u0301. Le ne\u0301gocier, l\u2019alie\u0301ner, l\u2019abandonner ou rejet avec, est un acte de la\u0302chete\u0301. Donc, ce dans quoi je suis engage\u0301 apparai\u0302t pour moi, apre\u0300s l\u2019islam, comme la seconde religion. C\u2019est avec foi que je m\u2019engage dedans. Personne, personne, personne, ne pourra m\u2019arre\u0302ter dans cet engagement \u00bb, a-t-il martele\u0301.<\/p>\n<p><strong>Pour plus d&rsquo;informations et d&rsquo;analyses sur la <a href=\"https:\/\/www.africa-press.net\/guinee-conakry\">Guin\u00e9e<\/a>, suivez <a href=\"https:\/\/www.africa-press.net\/\">Africa-Press<\/a><\/strong><\/p>\n","protected":false},"excerpt":{"rendered":"<p>Africa-Press &#8211; Guin\u00e9e. Le pre\u0301sident de la Plateforme des citoyens unis pour le de\u0301veloppement (PCUD) semble avoir coupe\u0301 tous les ponts avec le Front national pour la de\u0301fense de la constitution (FNDC) dont est l\u2019un des fondateurs (en 2019) et qu\u2019il a dirige\u0301 jusqu\u2019au 03 fe\u0301vrier 2022. En tout cas, lors d\u2019une confe\u0301rence de presse [&hellip;]<\/p>\n","protected":false},"author":82,"featured_media":11352,"comment_status":"open","ping_status":"closed","sticky":false,"template":"","format":"standard","meta":{"footnotes":""},"categories":[2,56,20,10],"tags":[36,57,58],"class_list":["post-11353","post","type-post","status-publish","format-standard","has-post-thumbnail","hentry","category-politique","category-to-homepage","category-top-nouvelles","category-toutes-les-actualites","tag-africa-press","tag-africa-press-guinee","tag-guinee"],"yoast_head":"<!-- This site is optimized with the Yoast SEO Premium plugin v26.1 (Yoast SEO v27.0) - https:\/\/yoast.com\/product\/yoast-seo-premium-wordpress\/ -->\n<title>Abdourahmane Sanoh : \u00ab Je n\u2019ai pas de lien avec le FNDC \u00bb - guinee Conakry<\/title>\n<meta name=\"robots\" content=\"index, follow, max-snippet:-1, max-image-preview:large, max-video-preview:-1\" \/>\n<link rel=\"canonical\" href=\"https:\/\/www.africa-press.net\/guinee-conakry\/politique\/abdourahmane-sanoh-je-nai-pas-de-lien-avec-le-fndc\" \/>\n<meta property=\"og:locale\" content=\"fr_FR\" \/>\n<meta property=\"og:type\" content=\"article\" \/>\n<meta property=\"og:title\" content=\"Abdourahmane Sanoh : \u00ab Je n\u2019ai pas de lien avec le FNDC \u00bb\" \/>\n<meta property=\"og:description\" content=\"Africa-Press &#8211; Guin\u00e9e. Le pre\u0301sident de la Plateforme des citoyens unis pour le de\u0301veloppement (PCUD) semble avoir coupe\u0301 tous les ponts avec le Front national pour la de\u0301fense de la constitution (FNDC) dont est l\u2019un des fondateurs (en 2019) et qu\u2019il a dirige\u0301 jusqu\u2019au 03 fe\u0301vrier 2022. En tout cas, lors d\u2019une confe\u0301rence de presse [&hellip;]\" \/>\n<meta property=\"og:url\" content=\"https:\/\/www.africa-press.net\/guinee-conakry\/politique\/abdourahmane-sanoh-je-nai-pas-de-lien-avec-le-fndc\" \/>\n<meta property=\"og:site_name\" content=\"guinee Conakry\" \/>\n<meta property=\"article:published_time\" content=\"2023-01-13T16:35:00+00:00\" \/>\n<meta name=\"author\" content=\"cfeditorfr\" \/>\n<meta name=\"twitter:card\" content=\"summary_large_image\" \/>\n<meta name=\"twitter:label1\" content=\"\u00c9crit par\" \/>\n\t<meta name=\"twitter:data1\" content=\"cfeditorfr\" \/>\n\t<meta name=\"twitter:label2\" content=\"Dur\u00e9e de lecture estim\u00e9e\" \/>\n\t<meta name=\"twitter:data2\" content=\"2 minutes\" \/>\n<script type=\"application\/ld+json\" class=\"yoast-schema-graph\">{\"@context\":\"https:\/\/schema.org\",\"@graph\":[{\"@type\":\"Article\",\"@id\":\"https:\/\/www.africa-press.net\/guinee-conakry\/politique\/abdourahmane-sanoh-je-nai-pas-de-lien-avec-le-fndc#article\",\"isPartOf\":{\"@id\":\"https:\/\/www.africa-press.net\/guinee-conakry\/politique\/abdourahmane-sanoh-je-nai-pas-de-lien-avec-le-fndc\"},\"author\":{\"name\":\"cfeditorfr\",\"@id\":\"https:\/\/www.africa-press.net\/guinee-conakry\/#\/schema\/person\/2b1cf3cd81a31e3cd26889ca66d677f1\"},\"headline\":\"Abdourahmane Sanoh : \u00ab Je n\u2019ai pas de lien avec le FNDC \u00bb\",\"datePublished\":\"2023-01-13T16:35:00+00:00\",\"mainEntityOfPage\":{\"@id\":\"https:\/\/www.africa-press.net\/guinee-conakry\/politique\/abdourahmane-sanoh-je-nai-pas-de-lien-avec-le-fndc\"},\"wordCount\":451,\"commentCount\":0,\"image\":{\"@id\":\"https:\/\/www.africa-press.net\/guinee-conakry\/politique\/abdourahmane-sanoh-je-nai-pas-de-lien-avec-le-fndc#primaryimage\"},\"thumbnailUrl\":\"https:\/\/static.africa-press.net\/conakry\/sites\/63\/2023\/01\/Jokar1673615143.474332.jpg\",\"keywords\":[\"Africa Press\",\"Africa Press-Guin\u00e9e\",\"Guin\u00e9e\"],\"articleSection\":[\"Politique\",\"to-homepage\",\"Top Nouvelles\",\"Toutes les actualit\u00e9s\"],\"inLanguage\":\"fr-FR\",\"potentialAction\":[{\"@type\":\"CommentAction\",\"name\":\"Comment\",\"target\":[\"https:\/\/www.africa-press.net\/guinee-conakry\/politique\/abdourahmane-sanoh-je-nai-pas-de-lien-avec-le-fndc#respond\"]}]},{\"@type\":\"WebPage\",\"@id\":\"https:\/\/www.africa-press.net\/guinee-conakry\/politique\/abdourahmane-sanoh-je-nai-pas-de-lien-avec-le-fndc\",\"url\":\"https:\/\/www.africa-press.net\/guinee-conakry\/politique\/abdourahmane-sanoh-je-nai-pas-de-lien-avec-le-fndc\",\"name\":\"Abdourahmane Sanoh : \u00ab Je n\u2019ai pas de lien avec le FNDC \u00bb - guinee Conakry\",\"isPartOf\":{\"@id\":\"https:\/\/www.africa-press.net\/guinee-conakry\/#website\"},\"primaryImageOfPage\":{\"@id\":\"https:\/\/www.africa-press.net\/guinee-conakry\/politique\/abdourahmane-sanoh-je-nai-pas-de-lien-avec-le-fndc#primaryimage\"},\"image\":{\"@id\":\"https:\/\/www.africa-press.net\/guinee-conakry\/politique\/abdourahmane-sanoh-je-nai-pas-de-lien-avec-le-fndc#primaryimage\"},\"thumbnailUrl\":\"https:\/\/static.africa-press.net\/conakry\/sites\/63\/2023\/01\/Jokar1673615143.474332.jpg\",\"datePublished\":\"2023-01-13T16:35:00+00:00\",\"author\":{\"@id\":\"https:\/\/www.africa-press.net\/guinee-conakry\/#\/schema\/person\/2b1cf3cd81a31e3cd26889ca66d677f1\"},\"breadcrumb\":{\"@id\":\"https:\/\/www.africa-press.net\/guinee-conakry\/politique\/abdourahmane-sanoh-je-nai-pas-de-lien-avec-le-fndc#breadcrumb\"},\"inLanguage\":\"fr-FR\",\"potentialAction\":[{\"@type\":\"ReadAction\",\"target\":[\"https:\/\/www.africa-press.net\/guinee-conakry\/politique\/abdourahmane-sanoh-je-nai-pas-de-lien-avec-le-fndc\"]}]},{\"@type\":\"ImageObject\",\"inLanguage\":\"fr-FR\",\"@id\":\"https:\/\/www.africa-press.net\/guinee-conakry\/politique\/abdourahmane-sanoh-je-nai-pas-de-lien-avec-le-fndc#primaryimage\",\"url\":\"https:\/\/static.africa-press.net\/conakry\/sites\/63\/2023\/01\/Jokar1673615143.474332.jpg\",\"contentUrl\":\"https:\/\/static.africa-press.net\/conakry\/sites\/63\/2023\/01\/Jokar1673615143.474332.jpg\",\"width\":670,\"height\":670,\"caption\":\"Abdourahmane Sanoh : \u00ab Je n\u2019ai pas de lien avec le FNDC \u00bb\"},{\"@type\":\"BreadcrumbList\",\"@id\":\"https:\/\/www.africa-press.net\/guinee-conakry\/politique\/abdourahmane-sanoh-je-nai-pas-de-lien-avec-le-fndc#breadcrumb\",\"itemListElement\":[{\"@type\":\"ListItem\",\"position\":1,\"name\":\"Accueil\",\"item\":\"https:\/\/www.africa-press.net\/guinee-conakry\/\"},{\"@type\":\"ListItem\",\"position\":2,\"name\":\"Abdourahmane Sanoh : \u00ab Je n\u2019ai pas de lien avec le FNDC \u00bb\"}]},{\"@type\":\"WebSite\",\"@id\":\"https:\/\/www.africa-press.net\/guinee-conakry\/#website\",\"url\":\"https:\/\/www.africa-press.net\/guinee-conakry\/\",\"name\":\"guinee Conakry\",\"description\":\"Just another Africa News Agency Sites site\",\"potentialAction\":[{\"@type\":\"SearchAction\",\"target\":{\"@type\":\"EntryPoint\",\"urlTemplate\":\"https:\/\/www.africa-press.net\/guinee-conakry\/?s={search_term_string}\"},\"query-input\":{\"@type\":\"PropertyValueSpecification\",\"valueRequired\":true,\"valueName\":\"search_term_string\"}}],\"inLanguage\":\"fr-FR\"},{\"@type\":\"Person\",\"@id\":\"https:\/\/www.africa-press.net\/guinee-conakry\/#\/schema\/person\/2b1cf3cd81a31e3cd26889ca66d677f1\",\"name\":\"cfeditorfr\"}]}<\/script>\n<!-- \/ Yoast SEO Premium plugin. -->","yoast_head_json":{"title":"Abdourahmane Sanoh : \u00ab Je n\u2019ai pas de lien avec le FNDC \u00bb - guinee Conakry","robots":{"index":"index","follow":"follow","max-snippet":"max-snippet:-1","max-image-preview":"max-image-preview:large","max-video-preview":"max-video-preview:-1"},"canonical":"https:\/\/www.africa-press.net\/guinee-conakry\/politique\/abdourahmane-sanoh-je-nai-pas-de-lien-avec-le-fndc","og_locale":"fr_FR","og_type":"article","og_title":"Abdourahmane Sanoh : \u00ab Je n\u2019ai pas de lien avec le FNDC \u00bb","og_description":"Africa-Press &#8211; Guin\u00e9e. Le pre\u0301sident de la Plateforme des citoyens unis pour le de\u0301veloppement (PCUD) semble avoir coupe\u0301 tous les ponts avec le Front national pour la de\u0301fense de la constitution (FNDC) dont est l\u2019un des fondateurs (en 2019) et qu\u2019il a dirige\u0301 jusqu\u2019au 03 fe\u0301vrier 2022. En tout cas, lors d\u2019une confe\u0301rence de presse [&hellip;]","og_url":"https:\/\/www.africa-press.net\/guinee-conakry\/politique\/abdourahmane-sanoh-je-nai-pas-de-lien-avec-le-fndc","og_site_name":"guinee Conakry","article_published_time":"2023-01-13T16:35:00+00:00","author":"cfeditorfr","twitter_card":"summary_large_image","twitter_misc":{"\u00c9crit par":"cfeditorfr","Dur\u00e9e de lecture estim\u00e9e":"2 minutes"},"schema":{"@context":"https:\/\/schema.org","@graph":[{"@type":"Article","@id":"https:\/\/www.africa-press.net\/guinee-conakry\/politique\/abdourahmane-sanoh-je-nai-pas-de-lien-avec-le-fndc#article","isPartOf":{"@id":"https:\/\/www.africa-press.net\/guinee-conakry\/politique\/abdourahmane-sanoh-je-nai-pas-de-lien-avec-le-fndc"},"author":{"name":"cfeditorfr","@id":"https:\/\/www.africa-press.net\/guinee-conakry\/#\/schema\/person\/2b1cf3cd81a31e3cd26889ca66d677f1"},"headline":"Abdourahmane Sanoh : \u00ab Je n\u2019ai pas de lien avec le FNDC \u00bb","datePublished":"2023-01-13T16:35:00+00:00","mainEntityOfPage":{"@id":"https:\/\/www.africa-press.net\/guinee-conakry\/politique\/abdourahmane-sanoh-je-nai-pas-de-lien-avec-le-fndc"},"wordCount":451,"commentCount":0,"image":{"@id":"https:\/\/www.africa-press.net\/guinee-conakry\/politique\/abdourahmane-sanoh-je-nai-pas-de-lien-avec-le-fndc#primaryimage"},"thumbnailUrl":"https:\/\/static.africa-press.net\/conakry\/sites\/63\/2023\/01\/Jokar1673615143.474332.jpg","keywords":["Africa Press","Africa Press-Guin\u00e9e","Guin\u00e9e"],"articleSection":["Politique","to-homepage","Top Nouvelles","Toutes les actualit\u00e9s"],"inLanguage":"fr-FR","potentialAction":[{"@type":"CommentAction","name":"Comment","target":["https:\/\/www.africa-press.net\/guinee-conakry\/politique\/abdourahmane-sanoh-je-nai-pas-de-lien-avec-le-fndc#respond"]}]},{"@type":"WebPage","@id":"https:\/\/www.africa-press.net\/guinee-conakry\/politique\/abdourahmane-sanoh-je-nai-pas-de-lien-avec-le-fndc","url":"https:\/\/www.africa-press.net\/guinee-conakry\/politique\/abdourahmane-sanoh-je-nai-pas-de-lien-avec-le-fndc","name":"Abdourahmane Sanoh : \u00ab Je n\u2019ai pas de lien avec le FNDC \u00bb - guinee Conakry","isPartOf":{"@id":"https:\/\/www.africa-press.net\/guinee-conakry\/#website"},"primaryImageOfPage":{"@id":"https:\/\/www.africa-press.net\/guinee-conakry\/politique\/abdourahmane-sanoh-je-nai-pas-de-lien-avec-le-fndc#primaryimage"},"image":{"@id":"https:\/\/www.africa-press.net\/guinee-conakry\/politique\/abdourahmane-sanoh-je-nai-pas-de-lien-avec-le-fndc#primaryimage"},"thumbnailUrl":"https:\/\/static.africa-press.net\/conakry\/sites\/63\/2023\/01\/Jokar1673615143.474332.jpg","datePublished":"2023-01-13T16:35:00+00:00","author":{"@id":"https:\/\/www.africa-press.net\/guinee-conakry\/#\/schema\/person\/2b1cf3cd81a31e3cd26889ca66d677f1"},"breadcrumb":{"@id":"https:\/\/www.africa-press.net\/guinee-conakry\/politique\/abdourahmane-sanoh-je-nai-pas-de-lien-avec-le-fndc#breadcrumb"},"inLanguage":"fr-FR","potentialAction":[{"@type":"ReadAction","target":["https:\/\/www.africa-press.net\/guinee-conakry\/politique\/abdourahmane-sanoh-je-nai-pas-de-lien-avec-le-fndc"]}]},{"@type":"ImageObject","inLanguage":"fr-FR","@id":"https:\/\/www.africa-press.net\/guinee-conakry\/politique\/abdourahmane-sanoh-je-nai-pas-de-lien-avec-le-fndc#primaryimage","url":"https:\/\/static.africa-press.net\/conakry\/sites\/63\/2023\/01\/Jokar1673615143.474332.jpg","contentUrl":"https:\/\/static.africa-press.net\/conakry\/sites\/63\/2023\/01\/Jokar1673615143.474332.jpg","width":670,"height":670,"caption":"Abdourahmane Sanoh : \u00ab Je n\u2019ai pas de lien avec le FNDC \u00bb"},{"@type":"BreadcrumbList","@id":"https:\/\/www.africa-press.net\/guinee-conakry\/politique\/abdourahmane-sanoh-je-nai-pas-de-lien-avec-le-fndc#breadcrumb","itemListElement":[{"@type":"ListItem","position":1,"name":"Accueil","item":"https:\/\/www.africa-press.net\/guinee-conakry\/"},{"@type":"ListItem","position":2,"name":"Abdourahmane Sanoh : \u00ab Je n\u2019ai pas de lien avec le FNDC \u00bb"}]},{"@type":"WebSite","@id":"https:\/\/www.africa-press.net\/guinee-conakry\/#website","url":"https:\/\/www.africa-press.net\/guinee-conakry\/","name":"guinee Conakry","description":"Just another Africa News Agency Sites site","potentialAction":[{"@type":"SearchAction","target":{"@type":"EntryPoint","urlTemplate":"https:\/\/www.africa-press.net\/guinee-conakry\/?s={search_term_string}"},"query-input":{"@type":"PropertyValueSpecification","valueRequired":true,"valueName":"search_term_string"}}],"inLanguage":"fr-FR"},{"@type":"Person","@id":"https:\/\/www.africa-press.net\/guinee-conakry\/#\/schema\/person\/2b1cf3cd81a31e3cd26889ca66d677f1","name":"cfeditorfr"}]}},"_links":{"self":[{"href":"https:\/\/www.africa-press.net\/guinee-conakry\/wp-json\/wp\/v2\/posts\/11353","targetHints":{"allow":["GET"]}}],"collection":[{"href":"https:\/\/www.africa-press.net\/guinee-conakry\/wp-json\/wp\/v2\/posts"}],"about":[{"href":"https:\/\/www.africa-press.net\/guinee-conakry\/wp-json\/wp\/v2\/types\/post"}],"author":[{"embeddable":true,"href":"https:\/\/www.africa-press.net\/guinee-conakry\/wp-json\/wp\/v2\/users\/82"}],"replies":[{"embeddable":true,"href":"https:\/\/www.africa-press.net\/guinee-conakry\/wp-json\/wp\/v2\/comments?post=11353"}],"version-history":[{"count":0,"href":"https:\/\/www.africa-press.net\/guinee-conakry\/wp-json\/wp\/v2\/posts\/11353\/revisions"}],"wp:featuredmedia":[{"embeddable":true,"href":"https:\/\/www.africa-press.net\/guinee-conakry\/wp-json\/wp\/v2\/media\/11352"}],"wp:attachment":[{"href":"https:\/\/www.africa-press.net\/guinee-conakry\/wp-json\/wp\/v2\/media?parent=11353"}],"wp:term":[{"taxonomy":"category","embeddable":true,"href":"https:\/\/www.africa-press.net\/guinee-conakry\/wp-json\/wp\/v2\/categories?post=11353"},{"taxonomy":"post_tag","embeddable":true,"href":"https:\/\/www.africa-press.net\/guinee-conakry\/wp-json\/wp\/v2\/tags?post=11353"}],"curies":[{"name":"wp","href":"https:\/\/api.w.org\/{rel}","templated":true}]}}