{"id":11357,"date":"2023-01-13T16:50:00","date_gmt":"2023-01-13T16:50:00","guid":{"rendered":"https:\/\/www.africa-press.net\/guinee-conakry\/politique\/voici-lobjet-la-mission-la-forme-du-fgpe-s-a-decret"},"modified":"2023-01-13T16:50:00","modified_gmt":"2023-01-13T16:50:00","slug":"voici-lobjet-la-mission-la-forme-du-fgpe-s-a-decret","status":"publish","type":"post","link":"https:\/\/www.africa-press.net\/guinee-conakry\/politique\/voici-lobjet-la-mission-la-forme-du-fgpe-s-a-decret","title":{"rendered":"voici l\u2019objet, la mission, la forme\u2026 du FGPE S.A (D\u00e9cret)"},"content":{"rendered":"<p><span style=\"color: #ff6600\"><strong>Africa-Press &#8211; Guin\u00e9e. <\/strong><\/span>Dans un de\u0301cret rendu public dans la soire\u0301e d\u2019hier, jeudi 12 janvier 2023, a\u0300 la te\u0301le\u0301vision nationale, le pre\u0301sident de la transition, Colonel Mamadi Doumbouya, a de\u0301voile\u0301 la forme, la de\u0301nomination, l\u2019objet, la missions et le sie\u0300ge social du Fonds de Garantie des Pre\u0302ts aux Entreprises (FGPE).<\/p>\n<p>Ci-dessous la transcription dudit de\u0301cret :<\/p>\n<p>Chapitre 1 : Forme, de\u0301nomination, objet, missions, sie\u0300ge social.<\/p>\n<p><b>Article 1er :<\/b> L\u2019actionnaire unique la Re\u0301publique de Guine\u0301e repre\u0301sente\u0301e a\u0300 l\u2019effet des pre\u0301sentes par le ministe\u0300re de l\u2019e\u0301conomie et des finances, a e\u0301tabli ainsi qu\u2019il suit les statuts du Fonds de Garantie des Pre\u0302ts aux Entreprises (FGPE), socie\u0301te\u0301 publique avec Conseil d\u2019Administration dote\u0301e de la personnalite\u0301 juridique et de l\u2019autonomie financie\u0300re et de gestion.<\/p>\n<p>La socie\u0301te\u0301 est en outres re\u0301gis par les dispositions de la loi L2017\/056\/AN du 8 de\u0301cembre 2017, portant gouvernance financie\u0300re des socie\u0301te\u0301s et e\u0301tablissements publics en Re\u0301publique de Guine\u0301e par l\u2019acte uniforme relatif aux droits des socie\u0301te\u0301s commerciales ci-apre\u0300s de\u0301signe\u0301 par les termes \u00ab l\u2019acte uniforme \u00bb et la loi L2013\/017\/CNT du 12 Aou\u0302t 2013 portant re\u0301glementation bancaire en Re\u0301publique de Guine\u0301e, ci-apre\u0300s de\u0301signe\u0301 par les termes \u00ab loi bancaire \u00bb.<\/p>\n<p>La de\u0301nomination de la socie\u0301te\u0301 est : \u00ab Fonds de Garantie des Pre\u0302ts aux Entreprises \u00bb en abre\u0301ge\u0301, FGPE. SA.<\/p>\n<p>Le FGPE, est place\u0301 sous la tutelle technique du ministe\u0300re du commerce de l\u2019industrie et des petites et moyennes entreprises et sous la tutelle financie\u0300re du ministe\u0300re en charge des finances.<\/p>\n<p>Le FGPE a pour mission, la mise \u0153uvre d\u2019une politique du gouvernance en matie\u0300re de financement des entreprises par le biais des garanties et d\u2019en assurer le suivi. A\u0300 ce titre, il est particulie\u0300rement charge\u0301 de :<\/p>\n<p>\u2013 Passager les risques avec les acteurs du secteur financier pour faciliter l\u2019acce\u0300s des entreprises locales et de droit guine\u0301en au financement ;<\/p>\n<p>\u2013 Promouvoir le de\u0301veloppement e\u0301conomique et \u0153uvrer a\u0300 la re\u0301duction de la pauvrete\u0301 en fournissant aux institutions financie\u0300res des garanties et autres produits financiers similaires ou connexes ou en maximisant l\u2019usage des autres garanties non consommatrices de fonds public ;<\/p>\n<p>\u2013 Est conside\u0301re\u0301 comme entreprise locale et de droit guine\u0301en : toute entreprise dont le capital social est de\u0301tenu a\u0300 51% par les personnes physiques de nationalite\u0301 guine\u0301enne aux personnes morales de droit guine\u0301en conforme\u0301ment aux dispositions de la loi L2022\/0010\/CNT du 22 septembre 2022 portant contenu local.<\/p>\n<p>Et, ge\u0301ne\u0301ralement, le FGPE. SA est charge\u0301e :<\/p>\n<p>\u2013 D\u2019effectuer toute ope\u0301ration industrielle, commerciale, financie\u0300re, civile, mobilie\u0300re ou immobilie\u0300re pouvant se rattacher directement ou indirectement a\u0300 l\u2019un des objets vise\u0301s ci-dessus ou a\u0300 tout objet similaire ou connexe.<\/p>\n<p>Le sie\u0300ge social du FGPE. SA est fixe\u0301 a\u0300 Conakry et peut-e\u0302tre transfe\u0301re\u0301 en tout autres endroits de la ville par de\u0301cision du Conseil d\u2019Administration ou dans les limites du territoire de la Re\u0301publique de Guine\u0301e par de\u0301cision du Conseil d\u2019Administration qui modifie les statuts en conse\u0301quence sous re\u0301serve de l\u2019approbation de la tutelle repre\u0301sente\u0301e l\u2019actionnaire unique ;<\/p>\n<p>Les sie\u0300ges administratifs ou d\u2019exploitation des succursales ou chambres consulaires peuvent e\u0302tre e\u0301tablis et, tout autre endroit du territoire national par de\u0301cision du Conseil d\u2019Administration.<\/p>\n<p><b>Dispositions finales :<\/b> le pre\u0301sent de\u0301cret qui abroge toute disposition ante\u0301rieure contraire notamment celle du de\u0301cret D2022\/0332\/PRG\/CNRD\/SGG du 30 juin 2022, portant cre\u0301ation, attribution, organisation et fonctionnement du Fonds de Garantie des Pre\u0302ts aux Entreprises, prend effet a\u0300 compter a\u0300 la date de sa signature et sera enregistre\u0301 et publie\u0301 au journal officiel de la Re\u0301publique.<\/p>\n<p><strong>Pour plus d&rsquo;informations et d&rsquo;analyses sur la <a href=\"https:\/\/www.africa-press.net\/guinee-conakry\">Guin\u00e9e<\/a>, suivez <a href=\"https:\/\/www.africa-press.net\/\">Africa-Press<\/a><\/strong><\/p>\n","protected":false},"excerpt":{"rendered":"<p>Africa-Press &#8211; Guin\u00e9e. Dans un de\u0301cret rendu public dans la soire\u0301e d\u2019hier, jeudi 12 janvier 2023, a\u0300 la te\u0301le\u0301vision nationale, le pre\u0301sident de la transition, Colonel Mamadi Doumbouya, a de\u0301voile\u0301 la forme, la de\u0301nomination, l\u2019objet, la missions et le sie\u0300ge social du Fonds de Garantie des Pre\u0302ts aux Entreprises (FGPE). Ci-dessous la transcription dudit de\u0301cret [&hellip;]<\/p>\n","protected":false},"author":82,"featured_media":11356,"comment_status":"open","ping_status":"closed","sticky":false,"template":"","format":"standard","meta":{"footnotes":""},"categories":[2,10],"tags":[36,57,58],"class_list":["post-11357","post","type-post","status-publish","format-standard","has-post-thumbnail","hentry","category-politique","category-toutes-les-actualites","tag-africa-press","tag-africa-press-guinee","tag-guinee"],"yoast_head":"<!-- This site is optimized with the Yoast SEO Premium plugin v26.1 (Yoast SEO v27.0) - https:\/\/yoast.com\/product\/yoast-seo-premium-wordpress\/ -->\n<title>voici l\u2019objet, la mission, la forme\u2026 du FGPE S.A (D\u00e9cret) - guinee Conakry<\/title>\n<meta name=\"robots\" content=\"index, follow, max-snippet:-1, max-image-preview:large, max-video-preview:-1\" \/>\n<link rel=\"canonical\" href=\"https:\/\/www.africa-press.net\/guinee-conakry\/politique\/voici-lobjet-la-mission-la-forme-du-fgpe-s-a-decret\" \/>\n<meta property=\"og:locale\" content=\"fr_FR\" \/>\n<meta property=\"og:type\" content=\"article\" \/>\n<meta property=\"og:title\" content=\"voici l\u2019objet, la mission, la forme\u2026 du FGPE S.A (D\u00e9cret)\" \/>\n<meta property=\"og:description\" content=\"Africa-Press &#8211; Guin\u00e9e. Dans un de\u0301cret rendu public dans la soire\u0301e d\u2019hier, jeudi 12 janvier 2023, a\u0300 la te\u0301le\u0301vision nationale, le pre\u0301sident de la transition, Colonel Mamadi Doumbouya, a de\u0301voile\u0301 la forme, la de\u0301nomination, l\u2019objet, la missions et le sie\u0300ge social du Fonds de Garantie des Pre\u0302ts aux Entreprises (FGPE). Ci-dessous la transcription dudit de\u0301cret [&hellip;]\" \/>\n<meta property=\"og:url\" content=\"https:\/\/www.africa-press.net\/guinee-conakry\/politique\/voici-lobjet-la-mission-la-forme-du-fgpe-s-a-decret\" \/>\n<meta property=\"og:site_name\" content=\"guinee Conakry\" \/>\n<meta property=\"article:published_time\" content=\"2023-01-13T16:50:00+00:00\" \/>\n<meta name=\"author\" content=\"cfeditorfr\" \/>\n<meta name=\"twitter:card\" content=\"summary_large_image\" \/>\n<meta name=\"twitter:label1\" content=\"\u00c9crit par\" \/>\n\t<meta name=\"twitter:data1\" content=\"cfeditorfr\" \/>\n\t<meta name=\"twitter:label2\" content=\"Dur\u00e9e de lecture estim\u00e9e\" \/>\n\t<meta name=\"twitter:data2\" content=\"3 minutes\" \/>\n<script type=\"application\/ld+json\" class=\"yoast-schema-graph\">{\"@context\":\"https:\/\/schema.org\",\"@graph\":[{\"@type\":\"Article\",\"@id\":\"https:\/\/www.africa-press.net\/guinee-conakry\/politique\/voici-lobjet-la-mission-la-forme-du-fgpe-s-a-decret#article\",\"isPartOf\":{\"@id\":\"https:\/\/www.africa-press.net\/guinee-conakry\/politique\/voici-lobjet-la-mission-la-forme-du-fgpe-s-a-decret\"},\"author\":{\"name\":\"cfeditorfr\",\"@id\":\"https:\/\/www.africa-press.net\/guinee-conakry\/#\/schema\/person\/2b1cf3cd81a31e3cd26889ca66d677f1\"},\"headline\":\"voici l\u2019objet, la mission, la forme\u2026 du FGPE S.A (D\u00e9cret)\",\"datePublished\":\"2023-01-13T16:50:00+00:00\",\"mainEntityOfPage\":{\"@id\":\"https:\/\/www.africa-press.net\/guinee-conakry\/politique\/voici-lobjet-la-mission-la-forme-du-fgpe-s-a-decret\"},\"wordCount\":684,\"commentCount\":0,\"image\":{\"@id\":\"https:\/\/www.africa-press.net\/guinee-conakry\/politique\/voici-lobjet-la-mission-la-forme-du-fgpe-s-a-decret#primaryimage\"},\"thumbnailUrl\":\"https:\/\/static.africa-press.net\/conakry\/sites\/63\/2023\/01\/Jokar1673616015.232778.jpg\",\"keywords\":[\"Africa Press\",\"Africa Press-Guin\u00e9e\",\"Guin\u00e9e\"],\"articleSection\":[\"Politique\",\"Toutes les actualit\u00e9s\"],\"inLanguage\":\"fr-FR\",\"potentialAction\":[{\"@type\":\"CommentAction\",\"name\":\"Comment\",\"target\":[\"https:\/\/www.africa-press.net\/guinee-conakry\/politique\/voici-lobjet-la-mission-la-forme-du-fgpe-s-a-decret#respond\"]}]},{\"@type\":\"WebPage\",\"@id\":\"https:\/\/www.africa-press.net\/guinee-conakry\/politique\/voici-lobjet-la-mission-la-forme-du-fgpe-s-a-decret\",\"url\":\"https:\/\/www.africa-press.net\/guinee-conakry\/politique\/voici-lobjet-la-mission-la-forme-du-fgpe-s-a-decret\",\"name\":\"voici l\u2019objet, la mission, la forme\u2026 du FGPE S.A (D\u00e9cret) - guinee Conakry\",\"isPartOf\":{\"@id\":\"https:\/\/www.africa-press.net\/guinee-conakry\/#website\"},\"primaryImageOfPage\":{\"@id\":\"https:\/\/www.africa-press.net\/guinee-conakry\/politique\/voici-lobjet-la-mission-la-forme-du-fgpe-s-a-decret#primaryimage\"},\"image\":{\"@id\":\"https:\/\/www.africa-press.net\/guinee-conakry\/politique\/voici-lobjet-la-mission-la-forme-du-fgpe-s-a-decret#primaryimage\"},\"thumbnailUrl\":\"https:\/\/static.africa-press.net\/conakry\/sites\/63\/2023\/01\/Jokar1673616015.232778.jpg\",\"datePublished\":\"2023-01-13T16:50:00+00:00\",\"author\":{\"@id\":\"https:\/\/www.africa-press.net\/guinee-conakry\/#\/schema\/person\/2b1cf3cd81a31e3cd26889ca66d677f1\"},\"breadcrumb\":{\"@id\":\"https:\/\/www.africa-press.net\/guinee-conakry\/politique\/voici-lobjet-la-mission-la-forme-du-fgpe-s-a-decret#breadcrumb\"},\"inLanguage\":\"fr-FR\",\"potentialAction\":[{\"@type\":\"ReadAction\",\"target\":[\"https:\/\/www.africa-press.net\/guinee-conakry\/politique\/voici-lobjet-la-mission-la-forme-du-fgpe-s-a-decret\"]}]},{\"@type\":\"ImageObject\",\"inLanguage\":\"fr-FR\",\"@id\":\"https:\/\/www.africa-press.net\/guinee-conakry\/politique\/voici-lobjet-la-mission-la-forme-du-fgpe-s-a-decret#primaryimage\",\"url\":\"https:\/\/static.africa-press.net\/conakry\/sites\/63\/2023\/01\/Jokar1673616015.232778.jpg\",\"contentUrl\":\"https:\/\/static.africa-press.net\/conakry\/sites\/63\/2023\/01\/Jokar1673616015.232778.jpg\",\"width\":1006,\"height\":899,\"caption\":\"voici l\u2019objet, la mission, la forme\u2026 du FGPE S.A (D\u00e9cret)\"},{\"@type\":\"BreadcrumbList\",\"@id\":\"https:\/\/www.africa-press.net\/guinee-conakry\/politique\/voici-lobjet-la-mission-la-forme-du-fgpe-s-a-decret#breadcrumb\",\"itemListElement\":[{\"@type\":\"ListItem\",\"position\":1,\"name\":\"Accueil\",\"item\":\"https:\/\/www.africa-press.net\/guinee-conakry\/\"},{\"@type\":\"ListItem\",\"position\":2,\"name\":\"voici l\u2019objet, la mission, la forme\u2026 du FGPE S.A (D\u00e9cret)\"}]},{\"@type\":\"WebSite\",\"@id\":\"https:\/\/www.africa-press.net\/guinee-conakry\/#website\",\"url\":\"https:\/\/www.africa-press.net\/guinee-conakry\/\",\"name\":\"guinee Conakry\",\"description\":\"Just another Africa News Agency Sites site\",\"potentialAction\":[{\"@type\":\"SearchAction\",\"target\":{\"@type\":\"EntryPoint\",\"urlTemplate\":\"https:\/\/www.africa-press.net\/guinee-conakry\/?s={search_term_string}\"},\"query-input\":{\"@type\":\"PropertyValueSpecification\",\"valueRequired\":true,\"valueName\":\"search_term_string\"}}],\"inLanguage\":\"fr-FR\"},{\"@type\":\"Person\",\"@id\":\"https:\/\/www.africa-press.net\/guinee-conakry\/#\/schema\/person\/2b1cf3cd81a31e3cd26889ca66d677f1\",\"name\":\"cfeditorfr\"}]}<\/script>\n<!-- \/ Yoast SEO Premium plugin. -->","yoast_head_json":{"title":"voici l\u2019objet, la mission, la forme\u2026 du FGPE S.A (D\u00e9cret) - guinee Conakry","robots":{"index":"index","follow":"follow","max-snippet":"max-snippet:-1","max-image-preview":"max-image-preview:large","max-video-preview":"max-video-preview:-1"},"canonical":"https:\/\/www.africa-press.net\/guinee-conakry\/politique\/voici-lobjet-la-mission-la-forme-du-fgpe-s-a-decret","og_locale":"fr_FR","og_type":"article","og_title":"voici l\u2019objet, la mission, la forme\u2026 du FGPE S.A (D\u00e9cret)","og_description":"Africa-Press &#8211; Guin\u00e9e. Dans un de\u0301cret rendu public dans la soire\u0301e d\u2019hier, jeudi 12 janvier 2023, a\u0300 la te\u0301le\u0301vision nationale, le pre\u0301sident de la transition, Colonel Mamadi Doumbouya, a de\u0301voile\u0301 la forme, la de\u0301nomination, l\u2019objet, la missions et le sie\u0300ge social du Fonds de Garantie des Pre\u0302ts aux Entreprises (FGPE). Ci-dessous la transcription dudit de\u0301cret [&hellip;]","og_url":"https:\/\/www.africa-press.net\/guinee-conakry\/politique\/voici-lobjet-la-mission-la-forme-du-fgpe-s-a-decret","og_site_name":"guinee Conakry","article_published_time":"2023-01-13T16:50:00+00:00","author":"cfeditorfr","twitter_card":"summary_large_image","twitter_misc":{"\u00c9crit par":"cfeditorfr","Dur\u00e9e de lecture estim\u00e9e":"3 minutes"},"schema":{"@context":"https:\/\/schema.org","@graph":[{"@type":"Article","@id":"https:\/\/www.africa-press.net\/guinee-conakry\/politique\/voici-lobjet-la-mission-la-forme-du-fgpe-s-a-decret#article","isPartOf":{"@id":"https:\/\/www.africa-press.net\/guinee-conakry\/politique\/voici-lobjet-la-mission-la-forme-du-fgpe-s-a-decret"},"author":{"name":"cfeditorfr","@id":"https:\/\/www.africa-press.net\/guinee-conakry\/#\/schema\/person\/2b1cf3cd81a31e3cd26889ca66d677f1"},"headline":"voici l\u2019objet, la mission, la forme\u2026 du FGPE S.A (D\u00e9cret)","datePublished":"2023-01-13T16:50:00+00:00","mainEntityOfPage":{"@id":"https:\/\/www.africa-press.net\/guinee-conakry\/politique\/voici-lobjet-la-mission-la-forme-du-fgpe-s-a-decret"},"wordCount":684,"commentCount":0,"image":{"@id":"https:\/\/www.africa-press.net\/guinee-conakry\/politique\/voici-lobjet-la-mission-la-forme-du-fgpe-s-a-decret#primaryimage"},"thumbnailUrl":"https:\/\/static.africa-press.net\/conakry\/sites\/63\/2023\/01\/Jokar1673616015.232778.jpg","keywords":["Africa Press","Africa Press-Guin\u00e9e","Guin\u00e9e"],"articleSection":["Politique","Toutes les actualit\u00e9s"],"inLanguage":"fr-FR","potentialAction":[{"@type":"CommentAction","name":"Comment","target":["https:\/\/www.africa-press.net\/guinee-conakry\/politique\/voici-lobjet-la-mission-la-forme-du-fgpe-s-a-decret#respond"]}]},{"@type":"WebPage","@id":"https:\/\/www.africa-press.net\/guinee-conakry\/politique\/voici-lobjet-la-mission-la-forme-du-fgpe-s-a-decret","url":"https:\/\/www.africa-press.net\/guinee-conakry\/politique\/voici-lobjet-la-mission-la-forme-du-fgpe-s-a-decret","name":"voici l\u2019objet, la mission, la forme\u2026 du FGPE S.A (D\u00e9cret) - guinee Conakry","isPartOf":{"@id":"https:\/\/www.africa-press.net\/guinee-conakry\/#website"},"primaryImageOfPage":{"@id":"https:\/\/www.africa-press.net\/guinee-conakry\/politique\/voici-lobjet-la-mission-la-forme-du-fgpe-s-a-decret#primaryimage"},"image":{"@id":"https:\/\/www.africa-press.net\/guinee-conakry\/politique\/voici-lobjet-la-mission-la-forme-du-fgpe-s-a-decret#primaryimage"},"thumbnailUrl":"https:\/\/static.africa-press.net\/conakry\/sites\/63\/2023\/01\/Jokar1673616015.232778.jpg","datePublished":"2023-01-13T16:50:00+00:00","author":{"@id":"https:\/\/www.africa-press.net\/guinee-conakry\/#\/schema\/person\/2b1cf3cd81a31e3cd26889ca66d677f1"},"breadcrumb":{"@id":"https:\/\/www.africa-press.net\/guinee-conakry\/politique\/voici-lobjet-la-mission-la-forme-du-fgpe-s-a-decret#breadcrumb"},"inLanguage":"fr-FR","potentialAction":[{"@type":"ReadAction","target":["https:\/\/www.africa-press.net\/guinee-conakry\/politique\/voici-lobjet-la-mission-la-forme-du-fgpe-s-a-decret"]}]},{"@type":"ImageObject","inLanguage":"fr-FR","@id":"https:\/\/www.africa-press.net\/guinee-conakry\/politique\/voici-lobjet-la-mission-la-forme-du-fgpe-s-a-decret#primaryimage","url":"https:\/\/static.africa-press.net\/conakry\/sites\/63\/2023\/01\/Jokar1673616015.232778.jpg","contentUrl":"https:\/\/static.africa-press.net\/conakry\/sites\/63\/2023\/01\/Jokar1673616015.232778.jpg","width":1006,"height":899,"caption":"voici l\u2019objet, la mission, la forme\u2026 du FGPE S.A (D\u00e9cret)"},{"@type":"BreadcrumbList","@id":"https:\/\/www.africa-press.net\/guinee-conakry\/politique\/voici-lobjet-la-mission-la-forme-du-fgpe-s-a-decret#breadcrumb","itemListElement":[{"@type":"ListItem","position":1,"name":"Accueil","item":"https:\/\/www.africa-press.net\/guinee-conakry\/"},{"@type":"ListItem","position":2,"name":"voici l\u2019objet, la mission, la forme\u2026 du FGPE S.A (D\u00e9cret)"}]},{"@type":"WebSite","@id":"https:\/\/www.africa-press.net\/guinee-conakry\/#website","url":"https:\/\/www.africa-press.net\/guinee-conakry\/","name":"guinee Conakry","description":"Just another Africa News Agency Sites site","potentialAction":[{"@type":"SearchAction","target":{"@type":"EntryPoint","urlTemplate":"https:\/\/www.africa-press.net\/guinee-conakry\/?s={search_term_string}"},"query-input":{"@type":"PropertyValueSpecification","valueRequired":true,"valueName":"search_term_string"}}],"inLanguage":"fr-FR"},{"@type":"Person","@id":"https:\/\/www.africa-press.net\/guinee-conakry\/#\/schema\/person\/2b1cf3cd81a31e3cd26889ca66d677f1","name":"cfeditorfr"}]}},"_links":{"self":[{"href":"https:\/\/www.africa-press.net\/guinee-conakry\/wp-json\/wp\/v2\/posts\/11357","targetHints":{"allow":["GET"]}}],"collection":[{"href":"https:\/\/www.africa-press.net\/guinee-conakry\/wp-json\/wp\/v2\/posts"}],"about":[{"href":"https:\/\/www.africa-press.net\/guinee-conakry\/wp-json\/wp\/v2\/types\/post"}],"author":[{"embeddable":true,"href":"https:\/\/www.africa-press.net\/guinee-conakry\/wp-json\/wp\/v2\/users\/82"}],"replies":[{"embeddable":true,"href":"https:\/\/www.africa-press.net\/guinee-conakry\/wp-json\/wp\/v2\/comments?post=11357"}],"version-history":[{"count":0,"href":"https:\/\/www.africa-press.net\/guinee-conakry\/wp-json\/wp\/v2\/posts\/11357\/revisions"}],"wp:featuredmedia":[{"embeddable":true,"href":"https:\/\/www.africa-press.net\/guinee-conakry\/wp-json\/wp\/v2\/media\/11356"}],"wp:attachment":[{"href":"https:\/\/www.africa-press.net\/guinee-conakry\/wp-json\/wp\/v2\/media?parent=11357"}],"wp:term":[{"taxonomy":"category","embeddable":true,"href":"https:\/\/www.africa-press.net\/guinee-conakry\/wp-json\/wp\/v2\/categories?post=11357"},{"taxonomy":"post_tag","embeddable":true,"href":"https:\/\/www.africa-press.net\/guinee-conakry\/wp-json\/wp\/v2\/tags?post=11357"}],"curies":[{"name":"wp","href":"https:\/\/api.w.org\/{rel}","templated":true}]}}