{"id":11363,"date":"2023-01-13T17:18:00","date_gmt":"2023-01-13T17:18:00","guid":{"rendered":"https:\/\/www.africa-press.net\/guinee-conakry\/politique\/nzerekore-le-colonel-souleymane-diallo-prend-les-renes-de-la-direction-regionale-de-la-douane"},"modified":"2023-01-13T17:18:00","modified_gmt":"2023-01-13T17:18:00","slug":"nzerekore-le-colonel-souleymane-diallo-prend-les-renes-de-la-direction-regionale-de-la-douane","status":"publish","type":"post","link":"https:\/\/www.africa-press.net\/guinee-conakry\/politique\/nzerekore-le-colonel-souleymane-diallo-prend-les-renes-de-la-direction-regionale-de-la-douane","title":{"rendered":"N\u2019Z\u00e9r\u00e9kor\u00e9 : le Colonel Souleymane Diallo prend les r\u00eanes de la direction r\u00e9gionale de la Douane"},"content":{"rendered":"<p><span style=\"color: #ff6600\"><strong>Africa-Press &#8211; Guin\u00e9e. <\/strong><\/span>Apre\u0300s avoir passe\u0301 14 mois a\u0300 la te\u0302te de la direction re\u0301gionale de la douane de N\u2019Ze\u0301re\u0301kore\u0301, le Colonel Aly Nestor Fancinadouno a passe\u0301 le te\u0301moin au Colonel Souleymane Diallo dans la journe\u0301e d\u2019hier, jeudi 12 janvier 2023. Le Colonel Diallo s\u2019est engage\u0301 a\u0300 \u00ab \u0153uvrer pour ame\u0301liorer la qualite\u0301 du service relatif aux cordons douaniers et a\u0300 maximiser de fac\u0327on significative les revenus \u00bb.<\/p>\n<p>La ce\u0301re\u0301monie, qui s\u2019est de\u0301roule\u0301e dans l\u2019enceinte de la direction re\u0301gionale de la douane, a e\u0301te\u0301 pre\u0301side\u0301e par le gouverneur de la re\u0301gion, en pre\u0301sence de nombreuses autorite\u0301s.<\/p>\n<p>Dans son discours, le sortant, le Colonel Aly Nestor Fancinadouno, qui a passe\u0301 plus d\u2019un an a\u0300 ce poste, est revenu les actions qu\u2019il a mene\u0301es a\u0300 la te\u0302te de la direction re\u0301gionale de la Douane de N\u2019ze\u0301re\u0301kore\u0301. \u00ab Durant mon exercice, la direction re\u0301gionale de la douane de N\u2019Ze\u0301re\u0301kore\u0301 a eu a\u0300 aboutir a\u0300 la re\u0301alisation des 26 milliards 344 millions 882 mille 590 GNF, sur une pre\u0301vision de 24 milliards 750 millions GNF ; soit un taux de re\u0301alisation de 106,44% pour 19 affaires contentieuses de 93 millions 137 mille 276 GNF durant cet exercice. En de\u0301pit de ces prouesses, la direction a e\u0301te\u0301 informatise\u0301e par SYDONIA Word en se connectant aux bureaux informatise\u0301s de Die\u0301cke\u0301 et N\u2019Zoo ; cela, depuis le 02 mars 2022. Un forage est mis a\u0300 la disposition des collaborateurs et des populations des quartiers environnants \u00bb, a indique\u0301 le Colonel Aly Nestor Fancinadouno.<\/p>\n<p>Avant d\u2019installer le nouveau directeur re\u0301gional, le gouverneur de la re\u0301gion administrative de N\u2019Ze\u0301re\u0301kore\u0301, le Contro\u0302leur ge\u0301ne\u0301ral de police Lamine Keita, a loue\u0301 les efforts consentis par le sortant avant d\u2019inviter le nouveau a\u0300 emboi\u0302ter ses pas.<\/p>\n<p>Pour sa part, le Colonel Souleymane Diallo, directeur re\u0301gional entrant de la douane de N\u2019ze\u0301re\u0301kore\u0301, promet de s\u2019investir pour ame\u0301liorer le service douanier de la re\u0301gion. \u00ab Je vous assure de mon entie\u0300re disponibilite\u0301 a\u0300 travailler sans rela\u0302che pour ame\u0301liorer la qualite\u0301 du service relatif aux cordons douaniers dans cette re\u0301gion et a\u0300 maximiser de fac\u0327on significative les revenus en cette pe\u0301riode importante pour notre pays. Il s\u2019agira pour nous tous de s\u2019inscrire dans la vision des nouvelles autorite\u0301s en faisant de la lutte contre la corruption notre cheval de bataille et accroi\u0302tre de fac\u0327on significative la mobilisation des ressources internes pour lesquelles la douane a un ro\u0302le important a\u0300 jouer. Je voudrais rassurer l\u2019ensemble des collaborateurs a\u0300 tous les niveaux de ma franche collaboration et surtout vous dire que je m\u2019en tiendrais de tous les pre\u0301juge\u0301s pour juger chacun a\u0300 la ta\u0302che qui lui incombe. Nous partirons des erreurs du passe\u0301 et du bon sens exprime\u0301 par les uns et les autres pour asseoir notre mode ope\u0301ratoire a\u0300 la satisfaction de l\u2019autorite\u0301 et les usagers des services de douanes \u00bb, a promis le directeur entrant.<\/p>\n<p><strong>Pour plus d&rsquo;informations et d&rsquo;analyses sur la <a href=\"https:\/\/www.africa-press.net\/guinee-conakry\">Guin\u00e9e<\/a>, suivez <a href=\"https:\/\/www.africa-press.net\/\">Africa-Press<\/a><\/strong><\/p>\n","protected":false},"excerpt":{"rendered":"<p>Africa-Press &#8211; Guin\u00e9e. Apre\u0300s avoir passe\u0301 14 mois a\u0300 la te\u0302te de la direction re\u0301gionale de la douane de N\u2019Ze\u0301re\u0301kore\u0301, le Colonel Aly Nestor Fancinadouno a passe\u0301 le te\u0301moin au Colonel Souleymane Diallo dans la journe\u0301e d\u2019hier, jeudi 12 janvier 2023. Le Colonel Diallo s\u2019est engage\u0301 a\u0300 \u00ab \u0153uvrer pour ame\u0301liorer la qualite\u0301 du service [&hellip;]<\/p>\n","protected":false},"author":82,"featured_media":11362,"comment_status":"open","ping_status":"closed","sticky":false,"template":"","format":"standard","meta":{"footnotes":""},"categories":[2,10],"tags":[36,57,58],"class_list":["post-11363","post","type-post","status-publish","format-standard","has-post-thumbnail","hentry","category-politique","category-toutes-les-actualites","tag-africa-press","tag-africa-press-guinee","tag-guinee"],"yoast_head":"<!-- This site is optimized with the Yoast SEO Premium plugin v26.1 (Yoast SEO v27.0) - https:\/\/yoast.com\/product\/yoast-seo-premium-wordpress\/ -->\n<title>N\u2019Z\u00e9r\u00e9kor\u00e9 : le Colonel Souleymane Diallo prend les r\u00eanes de la direction r\u00e9gionale de la Douane - guinee Conakry<\/title>\n<meta name=\"robots\" content=\"index, follow, max-snippet:-1, max-image-preview:large, max-video-preview:-1\" \/>\n<link rel=\"canonical\" href=\"https:\/\/www.africa-press.net\/guinee-conakry\/politique\/nzerekore-le-colonel-souleymane-diallo-prend-les-renes-de-la-direction-regionale-de-la-douane\" \/>\n<meta property=\"og:locale\" content=\"fr_FR\" \/>\n<meta property=\"og:type\" content=\"article\" \/>\n<meta property=\"og:title\" content=\"N\u2019Z\u00e9r\u00e9kor\u00e9 : le Colonel Souleymane Diallo prend les r\u00eanes de la direction r\u00e9gionale de la Douane\" \/>\n<meta property=\"og:description\" content=\"Africa-Press &#8211; Guin\u00e9e. Apre\u0300s avoir passe\u0301 14 mois a\u0300 la te\u0302te de la direction re\u0301gionale de la douane de N\u2019Ze\u0301re\u0301kore\u0301, le Colonel Aly Nestor Fancinadouno a passe\u0301 le te\u0301moin au Colonel Souleymane Diallo dans la journe\u0301e d\u2019hier, jeudi 12 janvier 2023. Le Colonel Diallo s\u2019est engage\u0301 a\u0300 \u00ab \u0153uvrer pour ame\u0301liorer la qualite\u0301 du service [&hellip;]\" \/>\n<meta property=\"og:url\" content=\"https:\/\/www.africa-press.net\/guinee-conakry\/politique\/nzerekore-le-colonel-souleymane-diallo-prend-les-renes-de-la-direction-regionale-de-la-douane\" \/>\n<meta property=\"og:site_name\" content=\"guinee Conakry\" \/>\n<meta property=\"article:published_time\" content=\"2023-01-13T17:18:00+00:00\" \/>\n<meta name=\"author\" content=\"cfeditorfr\" \/>\n<meta name=\"twitter:card\" content=\"summary_large_image\" \/>\n<meta name=\"twitter:label1\" content=\"\u00c9crit par\" \/>\n\t<meta name=\"twitter:data1\" content=\"cfeditorfr\" \/>\n\t<meta name=\"twitter:label2\" content=\"Dur\u00e9e de lecture estim\u00e9e\" \/>\n\t<meta name=\"twitter:data2\" content=\"3 minutes\" \/>\n<script type=\"application\/ld+json\" class=\"yoast-schema-graph\">{\"@context\":\"https:\/\/schema.org\",\"@graph\":[{\"@type\":\"Article\",\"@id\":\"https:\/\/www.africa-press.net\/guinee-conakry\/politique\/nzerekore-le-colonel-souleymane-diallo-prend-les-renes-de-la-direction-regionale-de-la-douane#article\",\"isPartOf\":{\"@id\":\"https:\/\/www.africa-press.net\/guinee-conakry\/politique\/nzerekore-le-colonel-souleymane-diallo-prend-les-renes-de-la-direction-regionale-de-la-douane\"},\"author\":{\"name\":\"cfeditorfr\",\"@id\":\"https:\/\/www.africa-press.net\/guinee-conakry\/#\/schema\/person\/2b1cf3cd81a31e3cd26889ca66d677f1\"},\"headline\":\"N\u2019Z\u00e9r\u00e9kor\u00e9 : le Colonel Souleymane Diallo prend les r\u00eanes de la direction r\u00e9gionale de la Douane\",\"datePublished\":\"2023-01-13T17:18:00+00:00\",\"mainEntityOfPage\":{\"@id\":\"https:\/\/www.africa-press.net\/guinee-conakry\/politique\/nzerekore-le-colonel-souleymane-diallo-prend-les-renes-de-la-direction-regionale-de-la-douane\"},\"wordCount\":562,\"commentCount\":0,\"image\":{\"@id\":\"https:\/\/www.africa-press.net\/guinee-conakry\/politique\/nzerekore-le-colonel-souleymane-diallo-prend-les-renes-de-la-direction-regionale-de-la-douane#primaryimage\"},\"thumbnailUrl\":\"https:\/\/static.africa-press.net\/conakry\/sites\/63\/2023\/01\/Jokar1673617726.498925.jpg\",\"keywords\":[\"Africa Press\",\"Africa Press-Guin\u00e9e\",\"Guin\u00e9e\"],\"articleSection\":[\"Politique\",\"Toutes les actualit\u00e9s\"],\"inLanguage\":\"fr-FR\",\"potentialAction\":[{\"@type\":\"CommentAction\",\"name\":\"Comment\",\"target\":[\"https:\/\/www.africa-press.net\/guinee-conakry\/politique\/nzerekore-le-colonel-souleymane-diallo-prend-les-renes-de-la-direction-regionale-de-la-douane#respond\"]}]},{\"@type\":\"WebPage\",\"@id\":\"https:\/\/www.africa-press.net\/guinee-conakry\/politique\/nzerekore-le-colonel-souleymane-diallo-prend-les-renes-de-la-direction-regionale-de-la-douane\",\"url\":\"https:\/\/www.africa-press.net\/guinee-conakry\/politique\/nzerekore-le-colonel-souleymane-diallo-prend-les-renes-de-la-direction-regionale-de-la-douane\",\"name\":\"N\u2019Z\u00e9r\u00e9kor\u00e9 : le Colonel Souleymane Diallo prend les r\u00eanes de la direction r\u00e9gionale de la Douane - guinee Conakry\",\"isPartOf\":{\"@id\":\"https:\/\/www.africa-press.net\/guinee-conakry\/#website\"},\"primaryImageOfPage\":{\"@id\":\"https:\/\/www.africa-press.net\/guinee-conakry\/politique\/nzerekore-le-colonel-souleymane-diallo-prend-les-renes-de-la-direction-regionale-de-la-douane#primaryimage\"},\"image\":{\"@id\":\"https:\/\/www.africa-press.net\/guinee-conakry\/politique\/nzerekore-le-colonel-souleymane-diallo-prend-les-renes-de-la-direction-regionale-de-la-douane#primaryimage\"},\"thumbnailUrl\":\"https:\/\/static.africa-press.net\/conakry\/sites\/63\/2023\/01\/Jokar1673617726.498925.jpg\",\"datePublished\":\"2023-01-13T17:18:00+00:00\",\"author\":{\"@id\":\"https:\/\/www.africa-press.net\/guinee-conakry\/#\/schema\/person\/2b1cf3cd81a31e3cd26889ca66d677f1\"},\"breadcrumb\":{\"@id\":\"https:\/\/www.africa-press.net\/guinee-conakry\/politique\/nzerekore-le-colonel-souleymane-diallo-prend-les-renes-de-la-direction-regionale-de-la-douane#breadcrumb\"},\"inLanguage\":\"fr-FR\",\"potentialAction\":[{\"@type\":\"ReadAction\",\"target\":[\"https:\/\/www.africa-press.net\/guinee-conakry\/politique\/nzerekore-le-colonel-souleymane-diallo-prend-les-renes-de-la-direction-regionale-de-la-douane\"]}]},{\"@type\":\"ImageObject\",\"inLanguage\":\"fr-FR\",\"@id\":\"https:\/\/www.africa-press.net\/guinee-conakry\/politique\/nzerekore-le-colonel-souleymane-diallo-prend-les-renes-de-la-direction-regionale-de-la-douane#primaryimage\",\"url\":\"https:\/\/static.africa-press.net\/conakry\/sites\/63\/2023\/01\/Jokar1673617726.498925.jpg\",\"contentUrl\":\"https:\/\/static.africa-press.net\/conakry\/sites\/63\/2023\/01\/Jokar1673617726.498925.jpg\",\"width\":1280,\"height\":1030,\"caption\":\"N\u2019Z\u00e9r\u00e9kor\u00e9 : le Colonel Souleymane Diallo prend les r\u00eanes de la direction r\u00e9gionale de la Douane\"},{\"@type\":\"BreadcrumbList\",\"@id\":\"https:\/\/www.africa-press.net\/guinee-conakry\/politique\/nzerekore-le-colonel-souleymane-diallo-prend-les-renes-de-la-direction-regionale-de-la-douane#breadcrumb\",\"itemListElement\":[{\"@type\":\"ListItem\",\"position\":1,\"name\":\"Accueil\",\"item\":\"https:\/\/www.africa-press.net\/guinee-conakry\/\"},{\"@type\":\"ListItem\",\"position\":2,\"name\":\"N\u2019Z\u00e9r\u00e9kor\u00e9 : le Colonel Souleymane Diallo prend les r\u00eanes de la direction r\u00e9gionale de la Douane\"}]},{\"@type\":\"WebSite\",\"@id\":\"https:\/\/www.africa-press.net\/guinee-conakry\/#website\",\"url\":\"https:\/\/www.africa-press.net\/guinee-conakry\/\",\"name\":\"guinee Conakry\",\"description\":\"Just another Africa News Agency Sites site\",\"potentialAction\":[{\"@type\":\"SearchAction\",\"target\":{\"@type\":\"EntryPoint\",\"urlTemplate\":\"https:\/\/www.africa-press.net\/guinee-conakry\/?s={search_term_string}\"},\"query-input\":{\"@type\":\"PropertyValueSpecification\",\"valueRequired\":true,\"valueName\":\"search_term_string\"}}],\"inLanguage\":\"fr-FR\"},{\"@type\":\"Person\",\"@id\":\"https:\/\/www.africa-press.net\/guinee-conakry\/#\/schema\/person\/2b1cf3cd81a31e3cd26889ca66d677f1\",\"name\":\"cfeditorfr\"}]}<\/script>\n<!-- \/ Yoast SEO Premium plugin. -->","yoast_head_json":{"title":"N\u2019Z\u00e9r\u00e9kor\u00e9 : le Colonel Souleymane Diallo prend les r\u00eanes de la direction r\u00e9gionale de la Douane - guinee Conakry","robots":{"index":"index","follow":"follow","max-snippet":"max-snippet:-1","max-image-preview":"max-image-preview:large","max-video-preview":"max-video-preview:-1"},"canonical":"https:\/\/www.africa-press.net\/guinee-conakry\/politique\/nzerekore-le-colonel-souleymane-diallo-prend-les-renes-de-la-direction-regionale-de-la-douane","og_locale":"fr_FR","og_type":"article","og_title":"N\u2019Z\u00e9r\u00e9kor\u00e9 : le Colonel Souleymane Diallo prend les r\u00eanes de la direction r\u00e9gionale de la Douane","og_description":"Africa-Press &#8211; Guin\u00e9e. Apre\u0300s avoir passe\u0301 14 mois a\u0300 la te\u0302te de la direction re\u0301gionale de la douane de N\u2019Ze\u0301re\u0301kore\u0301, le Colonel Aly Nestor Fancinadouno a passe\u0301 le te\u0301moin au Colonel Souleymane Diallo dans la journe\u0301e d\u2019hier, jeudi 12 janvier 2023. Le Colonel Diallo s\u2019est engage\u0301 a\u0300 \u00ab \u0153uvrer pour ame\u0301liorer la qualite\u0301 du service [&hellip;]","og_url":"https:\/\/www.africa-press.net\/guinee-conakry\/politique\/nzerekore-le-colonel-souleymane-diallo-prend-les-renes-de-la-direction-regionale-de-la-douane","og_site_name":"guinee Conakry","article_published_time":"2023-01-13T17:18:00+00:00","author":"cfeditorfr","twitter_card":"summary_large_image","twitter_misc":{"\u00c9crit par":"cfeditorfr","Dur\u00e9e de lecture estim\u00e9e":"3 minutes"},"schema":{"@context":"https:\/\/schema.org","@graph":[{"@type":"Article","@id":"https:\/\/www.africa-press.net\/guinee-conakry\/politique\/nzerekore-le-colonel-souleymane-diallo-prend-les-renes-de-la-direction-regionale-de-la-douane#article","isPartOf":{"@id":"https:\/\/www.africa-press.net\/guinee-conakry\/politique\/nzerekore-le-colonel-souleymane-diallo-prend-les-renes-de-la-direction-regionale-de-la-douane"},"author":{"name":"cfeditorfr","@id":"https:\/\/www.africa-press.net\/guinee-conakry\/#\/schema\/person\/2b1cf3cd81a31e3cd26889ca66d677f1"},"headline":"N\u2019Z\u00e9r\u00e9kor\u00e9 : le Colonel Souleymane Diallo prend les r\u00eanes de la direction r\u00e9gionale de la Douane","datePublished":"2023-01-13T17:18:00+00:00","mainEntityOfPage":{"@id":"https:\/\/www.africa-press.net\/guinee-conakry\/politique\/nzerekore-le-colonel-souleymane-diallo-prend-les-renes-de-la-direction-regionale-de-la-douane"},"wordCount":562,"commentCount":0,"image":{"@id":"https:\/\/www.africa-press.net\/guinee-conakry\/politique\/nzerekore-le-colonel-souleymane-diallo-prend-les-renes-de-la-direction-regionale-de-la-douane#primaryimage"},"thumbnailUrl":"https:\/\/static.africa-press.net\/conakry\/sites\/63\/2023\/01\/Jokar1673617726.498925.jpg","keywords":["Africa Press","Africa Press-Guin\u00e9e","Guin\u00e9e"],"articleSection":["Politique","Toutes les actualit\u00e9s"],"inLanguage":"fr-FR","potentialAction":[{"@type":"CommentAction","name":"Comment","target":["https:\/\/www.africa-press.net\/guinee-conakry\/politique\/nzerekore-le-colonel-souleymane-diallo-prend-les-renes-de-la-direction-regionale-de-la-douane#respond"]}]},{"@type":"WebPage","@id":"https:\/\/www.africa-press.net\/guinee-conakry\/politique\/nzerekore-le-colonel-souleymane-diallo-prend-les-renes-de-la-direction-regionale-de-la-douane","url":"https:\/\/www.africa-press.net\/guinee-conakry\/politique\/nzerekore-le-colonel-souleymane-diallo-prend-les-renes-de-la-direction-regionale-de-la-douane","name":"N\u2019Z\u00e9r\u00e9kor\u00e9 : le Colonel Souleymane Diallo prend les r\u00eanes de la direction r\u00e9gionale de la Douane - guinee Conakry","isPartOf":{"@id":"https:\/\/www.africa-press.net\/guinee-conakry\/#website"},"primaryImageOfPage":{"@id":"https:\/\/www.africa-press.net\/guinee-conakry\/politique\/nzerekore-le-colonel-souleymane-diallo-prend-les-renes-de-la-direction-regionale-de-la-douane#primaryimage"},"image":{"@id":"https:\/\/www.africa-press.net\/guinee-conakry\/politique\/nzerekore-le-colonel-souleymane-diallo-prend-les-renes-de-la-direction-regionale-de-la-douane#primaryimage"},"thumbnailUrl":"https:\/\/static.africa-press.net\/conakry\/sites\/63\/2023\/01\/Jokar1673617726.498925.jpg","datePublished":"2023-01-13T17:18:00+00:00","author":{"@id":"https:\/\/www.africa-press.net\/guinee-conakry\/#\/schema\/person\/2b1cf3cd81a31e3cd26889ca66d677f1"},"breadcrumb":{"@id":"https:\/\/www.africa-press.net\/guinee-conakry\/politique\/nzerekore-le-colonel-souleymane-diallo-prend-les-renes-de-la-direction-regionale-de-la-douane#breadcrumb"},"inLanguage":"fr-FR","potentialAction":[{"@type":"ReadAction","target":["https:\/\/www.africa-press.net\/guinee-conakry\/politique\/nzerekore-le-colonel-souleymane-diallo-prend-les-renes-de-la-direction-regionale-de-la-douane"]}]},{"@type":"ImageObject","inLanguage":"fr-FR","@id":"https:\/\/www.africa-press.net\/guinee-conakry\/politique\/nzerekore-le-colonel-souleymane-diallo-prend-les-renes-de-la-direction-regionale-de-la-douane#primaryimage","url":"https:\/\/static.africa-press.net\/conakry\/sites\/63\/2023\/01\/Jokar1673617726.498925.jpg","contentUrl":"https:\/\/static.africa-press.net\/conakry\/sites\/63\/2023\/01\/Jokar1673617726.498925.jpg","width":1280,"height":1030,"caption":"N\u2019Z\u00e9r\u00e9kor\u00e9 : le Colonel Souleymane Diallo prend les r\u00eanes de la direction r\u00e9gionale de la Douane"},{"@type":"BreadcrumbList","@id":"https:\/\/www.africa-press.net\/guinee-conakry\/politique\/nzerekore-le-colonel-souleymane-diallo-prend-les-renes-de-la-direction-regionale-de-la-douane#breadcrumb","itemListElement":[{"@type":"ListItem","position":1,"name":"Accueil","item":"https:\/\/www.africa-press.net\/guinee-conakry\/"},{"@type":"ListItem","position":2,"name":"N\u2019Z\u00e9r\u00e9kor\u00e9 : le Colonel Souleymane Diallo prend les r\u00eanes de la direction r\u00e9gionale de la Douane"}]},{"@type":"WebSite","@id":"https:\/\/www.africa-press.net\/guinee-conakry\/#website","url":"https:\/\/www.africa-press.net\/guinee-conakry\/","name":"guinee Conakry","description":"Just another Africa News Agency Sites site","potentialAction":[{"@type":"SearchAction","target":{"@type":"EntryPoint","urlTemplate":"https:\/\/www.africa-press.net\/guinee-conakry\/?s={search_term_string}"},"query-input":{"@type":"PropertyValueSpecification","valueRequired":true,"valueName":"search_term_string"}}],"inLanguage":"fr-FR"},{"@type":"Person","@id":"https:\/\/www.africa-press.net\/guinee-conakry\/#\/schema\/person\/2b1cf3cd81a31e3cd26889ca66d677f1","name":"cfeditorfr"}]}},"_links":{"self":[{"href":"https:\/\/www.africa-press.net\/guinee-conakry\/wp-json\/wp\/v2\/posts\/11363","targetHints":{"allow":["GET"]}}],"collection":[{"href":"https:\/\/www.africa-press.net\/guinee-conakry\/wp-json\/wp\/v2\/posts"}],"about":[{"href":"https:\/\/www.africa-press.net\/guinee-conakry\/wp-json\/wp\/v2\/types\/post"}],"author":[{"embeddable":true,"href":"https:\/\/www.africa-press.net\/guinee-conakry\/wp-json\/wp\/v2\/users\/82"}],"replies":[{"embeddable":true,"href":"https:\/\/www.africa-press.net\/guinee-conakry\/wp-json\/wp\/v2\/comments?post=11363"}],"version-history":[{"count":0,"href":"https:\/\/www.africa-press.net\/guinee-conakry\/wp-json\/wp\/v2\/posts\/11363\/revisions"}],"wp:featuredmedia":[{"embeddable":true,"href":"https:\/\/www.africa-press.net\/guinee-conakry\/wp-json\/wp\/v2\/media\/11362"}],"wp:attachment":[{"href":"https:\/\/www.africa-press.net\/guinee-conakry\/wp-json\/wp\/v2\/media?parent=11363"}],"wp:term":[{"taxonomy":"category","embeddable":true,"href":"https:\/\/www.africa-press.net\/guinee-conakry\/wp-json\/wp\/v2\/categories?post=11363"},{"taxonomy":"post_tag","embeddable":true,"href":"https:\/\/www.africa-press.net\/guinee-conakry\/wp-json\/wp\/v2\/tags?post=11363"}],"curies":[{"name":"wp","href":"https:\/\/api.w.org\/{rel}","templated":true}]}}