{"id":11373,"date":"2023-01-14T22:40:00","date_gmt":"2023-01-14T22:40:00","guid":{"rendered":"https:\/\/www.africa-press.net\/guinee-conakry\/politique\/cellou-dalein-diallo-a-ses-militants-la-victoire-sera-de-notre-cote"},"modified":"2023-01-14T22:40:00","modified_gmt":"2023-01-14T22:40:00","slug":"cellou-dalein-diallo-a-ses-militants-la-victoire-sera-de-notre-cote","status":"publish","type":"post","link":"https:\/\/www.africa-press.net\/guinee-conakry\/politique\/cellou-dalein-diallo-a-ses-militants-la-victoire-sera-de-notre-cote","title":{"rendered":"Cellou Dalein Diallo \u00e0 ses militants : \u00ab la victoire sera de notre c\u00f4t\u00e9 \u00bb"},"content":{"rendered":"<p><span style=\"color: #ff6600\"><strong>Africa-Press &#8211; Guin\u00e9e. <\/strong><\/span>Depuis l\u2019e\u0301tranger ou\u0300 il vit en \u00ab exil \u00bb depuis plusieurs mois, Cellou Dalein Diallo multiplie les appels a\u0300 la mobilisation a\u0300 l\u2019endroit de ses militants et sympathisants. Le pre\u0301sident de l\u2019Union des forces de\u0301mocratiques de Guine\u0301e (UFDG) est visiblement certain de la victoire de son parti aux prochaines e\u0301lections en Guine\u0301e. En tout cas, a\u0300 l\u2019assemble\u0301e ge\u0301ne\u0301rale hebdomadaire de l\u2019UFDG ce samedi, 14 janvier 2023, l\u2019ancien Premier ministre a rassure\u0301 que son parti a \u00ab un nombre suffisant d\u2019e\u0301lecteurs pre\u0302ts a\u0300 le ple\u0301bisciter \u00bb et a\u0300 le propulser a\u0300 la magistrature supre\u0302me de notre pays.<\/p>\n<p>C\u2019est un Cellou Dalein Diallo confiant et tre\u0300s optimiste qui s\u2019est adresse\u0301 aujourd\u2019hui a\u0300 ses militants, via le te\u0301le\u0301phone. Et, dans son allocution, il leur a promis \u00ab la victoire \u00bb aux prochaines e\u0301lections en Guine\u0301e.<\/p>\n<p>\u00ab A nos militants qui sont la\u0300 aujourd\u2019hui pour montrer au peuple de Guine\u0301e et a\u0300 la communaute\u0301 internationale que l\u2019UFDG reste la premie\u0300re force politique du pays, je tiens encore une fois a\u0300 les encourager. Et, comme je le disais la semaine dernie\u0300re, le combat parai\u0302t difficile ; mais, croyez-moi, on va y arriver. La victoire sera de notre co\u0302te\u0301, parce que nous nous battons pour la promotion de la de\u0301mocratie, de la justice et pour mettre fin a\u0300 l\u2019arbitraire, a\u0300 la discrimination et pour lutter efficacement contre la pauvrete\u0301 \u00bb, a de\u0301clare\u0301 Cellou Dalein Diallo.<\/p>\n<p>Poursuivant son speech, le leader de l\u2019UFDG a rappele\u0301 que \u00ab c\u2019est au peuple de choisir ses dirigeants \u00bb et il a appele\u0301 a\u0300 la mobilisation pour \u00ab lutter contre ceux qui ne veulent pas qu\u2019il y ait des e\u0301lections en Guine\u0301e.<\/p>\n<p><b>\u00ab <\/b>Je sais que les conditions de vie sont actuellement tre\u0300s difficiles ; mais, ce qui pre\u0301occupe le plus aujourd\u2019hui les militants de l\u2019UFDG, c\u2019est de savoir quand et comment les e\u0301lections seront organise\u0301es. Parce que, comme vous le savez, nous avons un nombre suffisant d\u2019e\u0301lecteurs, parce que les Guine\u0301ens nous font confiance. Ils font confiance a\u0300 l\u2019UFDG et a\u0300 son pre\u0301sident, ils sont pre\u0302ts a\u0300 le ple\u0301bisciter de\u0300s qu\u2019il y aura une e\u0301lection cre\u0301dible. Et, croyez-moi qu\u2019il ne peut pas y avoir une e\u0301lection sans l\u2019UFDG. Restez mobilise\u0301s et pre\u0302ts pour lutter contre ceux qui ne veulent pas qu\u2019il y ait des e\u0301lections, ceux qui ne veulent pas que le peuple de Guine\u0301e choisisse ses dirigeants, ceux qui pensent qu\u2019ils sont investis du droit de choisir les dirigeants a\u0300 la place du peuple de Guine\u0301e. C\u2019est au peuple de Guine\u0301e et lui seul peut choisir ses dirigeants. Et ce combat, nous devons continuer a\u0300 le mener comme on l\u2019a fait depuis de\u0301ja\u0300 de longues anne\u0301es. Mais, nous sommes tre\u0300s proches de la victoire, croyez-moi. Restez mobilise\u0301s, votre pre\u0301sident est pre\u0302t, il ne fle\u0301chira pas pour le triomphe des valeurs pour lesquelles on s\u2019est battus. Beaucoup d\u2019entre nous ont de\u0301ja\u0300 donne\u0301 leur vie et nous sommes pre\u0302ts, le cas e\u0301che\u0301ant, a\u0300 le faire pour que la Guine\u0301e soit un pays libre et que les Guine\u0301ens vivent dans une Guine\u0301e libre. Une Guine\u0301e dans laquelle c\u2019est au peuple de Guine\u0301e et au peuple seulement de choisir ses dirigeants \u00bb, a indique\u0301 Cellou Dalein Diallo.<\/p>\n<p><iframe loading=\"lazy\" title=\"Cellou Dalein Diallo \u00e0 ses militants : \u00ab il ne peut pas y avoir une \u00e9lection sans l\u2019UFDG... \u00bb\" width=\"696\" height=\"392\" src=\"https:\/\/www.youtube.com\/embed\/mtMKwUZFBzk?feature=oembed\" frameborder=\"0\" allow=\"accelerometer; autoplay; clipboard-write; encrypted-media; gyroscope; picture-in-picture; web-share\" allowfullscreen><\/iframe><\/p>\n<p><strong>Pour plus d&rsquo;informations et d&rsquo;analyses sur la <a href=\"https:\/\/www.africa-press.net\/guinee-conakry\">Guin\u00e9e<\/a>, suivez <a href=\"https:\/\/www.africa-press.net\/\">Africa-Press<\/a><\/strong><\/p>\n","protected":false},"excerpt":{"rendered":"<p>Africa-Press &#8211; Guin\u00e9e. Depuis l\u2019e\u0301tranger ou\u0300 il vit en \u00ab exil \u00bb depuis plusieurs mois, Cellou Dalein Diallo multiplie les appels a\u0300 la mobilisation a\u0300 l\u2019endroit de ses militants et sympathisants. Le pre\u0301sident de l\u2019Union des forces de\u0301mocratiques de Guine\u0301e (UFDG) est visiblement certain de la victoire de son parti aux prochaines e\u0301lections en Guine\u0301e. [&hellip;]<\/p>\n","protected":false},"author":82,"featured_media":11372,"comment_status":"open","ping_status":"closed","sticky":false,"template":"","format":"standard","meta":{"footnotes":""},"categories":[2,10,9],"tags":[36,57,58],"class_list":["post-11373","post","type-post","status-publish","format-standard","has-post-thumbnail","hentry","category-politique","category-toutes-les-actualites","category-video","tag-africa-press","tag-africa-press-guinee","tag-guinee"],"yoast_head":"<!-- This site is optimized with the Yoast SEO Premium plugin v26.1 (Yoast SEO v27.0) - https:\/\/yoast.com\/product\/yoast-seo-premium-wordpress\/ -->\n<title>Cellou Dalein Diallo \u00e0 ses militants : \u00ab la victoire sera de notre c\u00f4t\u00e9 \u00bb - guinee Conakry<\/title>\n<meta name=\"robots\" content=\"index, follow, max-snippet:-1, max-image-preview:large, max-video-preview:-1\" \/>\n<link rel=\"canonical\" href=\"https:\/\/www.africa-press.net\/guinee-conakry\/politique\/cellou-dalein-diallo-a-ses-militants-la-victoire-sera-de-notre-cote\" \/>\n<meta property=\"og:locale\" content=\"fr_FR\" \/>\n<meta property=\"og:type\" content=\"article\" \/>\n<meta property=\"og:title\" content=\"Cellou Dalein Diallo \u00e0 ses militants : \u00ab la victoire sera de notre c\u00f4t\u00e9 \u00bb\" \/>\n<meta property=\"og:description\" content=\"Africa-Press &#8211; Guin\u00e9e. Depuis l\u2019e\u0301tranger ou\u0300 il vit en \u00ab exil \u00bb depuis plusieurs mois, Cellou Dalein Diallo multiplie les appels a\u0300 la mobilisation a\u0300 l\u2019endroit de ses militants et sympathisants. Le pre\u0301sident de l\u2019Union des forces de\u0301mocratiques de Guine\u0301e (UFDG) est visiblement certain de la victoire de son parti aux prochaines e\u0301lections en Guine\u0301e. [&hellip;]\" \/>\n<meta property=\"og:url\" content=\"https:\/\/www.africa-press.net\/guinee-conakry\/politique\/cellou-dalein-diallo-a-ses-militants-la-victoire-sera-de-notre-cote\" \/>\n<meta property=\"og:site_name\" content=\"guinee Conakry\" \/>\n<meta property=\"article:published_time\" content=\"2023-01-14T22:40:00+00:00\" \/>\n<meta name=\"author\" content=\"cfeditorfr\" \/>\n<meta name=\"twitter:card\" content=\"summary_large_image\" \/>\n<meta name=\"twitter:label1\" content=\"\u00c9crit par\" \/>\n\t<meta name=\"twitter:data1\" content=\"cfeditorfr\" \/>\n\t<meta name=\"twitter:label2\" content=\"Dur\u00e9e de lecture estim\u00e9e\" \/>\n\t<meta name=\"twitter:data2\" content=\"3 minutes\" \/>\n<script type=\"application\/ld+json\" class=\"yoast-schema-graph\">{\"@context\":\"https:\/\/schema.org\",\"@graph\":[{\"@type\":\"Article\",\"@id\":\"https:\/\/www.africa-press.net\/guinee-conakry\/politique\/cellou-dalein-diallo-a-ses-militants-la-victoire-sera-de-notre-cote#article\",\"isPartOf\":{\"@id\":\"https:\/\/www.africa-press.net\/guinee-conakry\/politique\/cellou-dalein-diallo-a-ses-militants-la-victoire-sera-de-notre-cote\"},\"author\":{\"name\":\"cfeditorfr\",\"@id\":\"https:\/\/www.africa-press.net\/guinee-conakry\/#\/schema\/person\/2b1cf3cd81a31e3cd26889ca66d677f1\"},\"headline\":\"Cellou Dalein Diallo \u00e0 ses militants : \u00ab la victoire sera de notre c\u00f4t\u00e9 \u00bb\",\"datePublished\":\"2023-01-14T22:40:00+00:00\",\"mainEntityOfPage\":{\"@id\":\"https:\/\/www.africa-press.net\/guinee-conakry\/politique\/cellou-dalein-diallo-a-ses-militants-la-victoire-sera-de-notre-cote\"},\"wordCount\":636,\"commentCount\":0,\"image\":{\"@id\":\"https:\/\/www.africa-press.net\/guinee-conakry\/politique\/cellou-dalein-diallo-a-ses-militants-la-victoire-sera-de-notre-cote#primaryimage\"},\"thumbnailUrl\":\"https:\/\/static.africa-press.net\/conakry\/sites\/63\/2023\/01\/Jokar1673723459.058836.jpg\",\"keywords\":[\"Africa Press\",\"Africa Press-Guin\u00e9e\",\"Guin\u00e9e\"],\"articleSection\":[\"Politique\",\"Toutes les actualit\u00e9s\",\"vid\u00e9o\"],\"inLanguage\":\"fr-FR\",\"potentialAction\":[{\"@type\":\"CommentAction\",\"name\":\"Comment\",\"target\":[\"https:\/\/www.africa-press.net\/guinee-conakry\/politique\/cellou-dalein-diallo-a-ses-militants-la-victoire-sera-de-notre-cote#respond\"]}]},{\"@type\":\"WebPage\",\"@id\":\"https:\/\/www.africa-press.net\/guinee-conakry\/politique\/cellou-dalein-diallo-a-ses-militants-la-victoire-sera-de-notre-cote\",\"url\":\"https:\/\/www.africa-press.net\/guinee-conakry\/politique\/cellou-dalein-diallo-a-ses-militants-la-victoire-sera-de-notre-cote\",\"name\":\"Cellou Dalein Diallo \u00e0 ses militants : \u00ab la victoire sera de notre c\u00f4t\u00e9 \u00bb - guinee Conakry\",\"isPartOf\":{\"@id\":\"https:\/\/www.africa-press.net\/guinee-conakry\/#website\"},\"primaryImageOfPage\":{\"@id\":\"https:\/\/www.africa-press.net\/guinee-conakry\/politique\/cellou-dalein-diallo-a-ses-militants-la-victoire-sera-de-notre-cote#primaryimage\"},\"image\":{\"@id\":\"https:\/\/www.africa-press.net\/guinee-conakry\/politique\/cellou-dalein-diallo-a-ses-militants-la-victoire-sera-de-notre-cote#primaryimage\"},\"thumbnailUrl\":\"https:\/\/static.africa-press.net\/conakry\/sites\/63\/2023\/01\/Jokar1673723459.058836.jpg\",\"datePublished\":\"2023-01-14T22:40:00+00:00\",\"author\":{\"@id\":\"https:\/\/www.africa-press.net\/guinee-conakry\/#\/schema\/person\/2b1cf3cd81a31e3cd26889ca66d677f1\"},\"breadcrumb\":{\"@id\":\"https:\/\/www.africa-press.net\/guinee-conakry\/politique\/cellou-dalein-diallo-a-ses-militants-la-victoire-sera-de-notre-cote#breadcrumb\"},\"inLanguage\":\"fr-FR\",\"potentialAction\":[{\"@type\":\"ReadAction\",\"target\":[\"https:\/\/www.africa-press.net\/guinee-conakry\/politique\/cellou-dalein-diallo-a-ses-militants-la-victoire-sera-de-notre-cote\"]}]},{\"@type\":\"ImageObject\",\"inLanguage\":\"fr-FR\",\"@id\":\"https:\/\/www.africa-press.net\/guinee-conakry\/politique\/cellou-dalein-diallo-a-ses-militants-la-victoire-sera-de-notre-cote#primaryimage\",\"url\":\"https:\/\/static.africa-press.net\/conakry\/sites\/63\/2023\/01\/Jokar1673723459.058836.jpg\",\"contentUrl\":\"https:\/\/static.africa-press.net\/conakry\/sites\/63\/2023\/01\/Jokar1673723459.058836.jpg\",\"width\":713,\"height\":768,\"caption\":\"Cellou Dalein Diallo \u00e0 ses militants : \u00ab la victoire sera de notre c\u00f4t\u00e9 \u00bb\"},{\"@type\":\"BreadcrumbList\",\"@id\":\"https:\/\/www.africa-press.net\/guinee-conakry\/politique\/cellou-dalein-diallo-a-ses-militants-la-victoire-sera-de-notre-cote#breadcrumb\",\"itemListElement\":[{\"@type\":\"ListItem\",\"position\":1,\"name\":\"Accueil\",\"item\":\"https:\/\/www.africa-press.net\/guinee-conakry\/\"},{\"@type\":\"ListItem\",\"position\":2,\"name\":\"Cellou Dalein Diallo \u00e0 ses militants : \u00ab la victoire sera de notre c\u00f4t\u00e9 \u00bb\"}]},{\"@type\":\"WebSite\",\"@id\":\"https:\/\/www.africa-press.net\/guinee-conakry\/#website\",\"url\":\"https:\/\/www.africa-press.net\/guinee-conakry\/\",\"name\":\"guinee Conakry\",\"description\":\"Just another Africa News Agency Sites site\",\"potentialAction\":[{\"@type\":\"SearchAction\",\"target\":{\"@type\":\"EntryPoint\",\"urlTemplate\":\"https:\/\/www.africa-press.net\/guinee-conakry\/?s={search_term_string}\"},\"query-input\":{\"@type\":\"PropertyValueSpecification\",\"valueRequired\":true,\"valueName\":\"search_term_string\"}}],\"inLanguage\":\"fr-FR\"},{\"@type\":\"Person\",\"@id\":\"https:\/\/www.africa-press.net\/guinee-conakry\/#\/schema\/person\/2b1cf3cd81a31e3cd26889ca66d677f1\",\"name\":\"cfeditorfr\"}]}<\/script>\n<!-- \/ Yoast SEO Premium plugin. -->","yoast_head_json":{"title":"Cellou Dalein Diallo \u00e0 ses militants : \u00ab la victoire sera de notre c\u00f4t\u00e9 \u00bb - guinee Conakry","robots":{"index":"index","follow":"follow","max-snippet":"max-snippet:-1","max-image-preview":"max-image-preview:large","max-video-preview":"max-video-preview:-1"},"canonical":"https:\/\/www.africa-press.net\/guinee-conakry\/politique\/cellou-dalein-diallo-a-ses-militants-la-victoire-sera-de-notre-cote","og_locale":"fr_FR","og_type":"article","og_title":"Cellou Dalein Diallo \u00e0 ses militants : \u00ab la victoire sera de notre c\u00f4t\u00e9 \u00bb","og_description":"Africa-Press &#8211; Guin\u00e9e. Depuis l\u2019e\u0301tranger ou\u0300 il vit en \u00ab exil \u00bb depuis plusieurs mois, Cellou Dalein Diallo multiplie les appels a\u0300 la mobilisation a\u0300 l\u2019endroit de ses militants et sympathisants. Le pre\u0301sident de l\u2019Union des forces de\u0301mocratiques de Guine\u0301e (UFDG) est visiblement certain de la victoire de son parti aux prochaines e\u0301lections en Guine\u0301e. [&hellip;]","og_url":"https:\/\/www.africa-press.net\/guinee-conakry\/politique\/cellou-dalein-diallo-a-ses-militants-la-victoire-sera-de-notre-cote","og_site_name":"guinee Conakry","article_published_time":"2023-01-14T22:40:00+00:00","author":"cfeditorfr","twitter_card":"summary_large_image","twitter_misc":{"\u00c9crit par":"cfeditorfr","Dur\u00e9e de lecture estim\u00e9e":"3 minutes"},"schema":{"@context":"https:\/\/schema.org","@graph":[{"@type":"Article","@id":"https:\/\/www.africa-press.net\/guinee-conakry\/politique\/cellou-dalein-diallo-a-ses-militants-la-victoire-sera-de-notre-cote#article","isPartOf":{"@id":"https:\/\/www.africa-press.net\/guinee-conakry\/politique\/cellou-dalein-diallo-a-ses-militants-la-victoire-sera-de-notre-cote"},"author":{"name":"cfeditorfr","@id":"https:\/\/www.africa-press.net\/guinee-conakry\/#\/schema\/person\/2b1cf3cd81a31e3cd26889ca66d677f1"},"headline":"Cellou Dalein Diallo \u00e0 ses militants : \u00ab la victoire sera de notre c\u00f4t\u00e9 \u00bb","datePublished":"2023-01-14T22:40:00+00:00","mainEntityOfPage":{"@id":"https:\/\/www.africa-press.net\/guinee-conakry\/politique\/cellou-dalein-diallo-a-ses-militants-la-victoire-sera-de-notre-cote"},"wordCount":636,"commentCount":0,"image":{"@id":"https:\/\/www.africa-press.net\/guinee-conakry\/politique\/cellou-dalein-diallo-a-ses-militants-la-victoire-sera-de-notre-cote#primaryimage"},"thumbnailUrl":"https:\/\/static.africa-press.net\/conakry\/sites\/63\/2023\/01\/Jokar1673723459.058836.jpg","keywords":["Africa Press","Africa Press-Guin\u00e9e","Guin\u00e9e"],"articleSection":["Politique","Toutes les actualit\u00e9s","vid\u00e9o"],"inLanguage":"fr-FR","potentialAction":[{"@type":"CommentAction","name":"Comment","target":["https:\/\/www.africa-press.net\/guinee-conakry\/politique\/cellou-dalein-diallo-a-ses-militants-la-victoire-sera-de-notre-cote#respond"]}]},{"@type":"WebPage","@id":"https:\/\/www.africa-press.net\/guinee-conakry\/politique\/cellou-dalein-diallo-a-ses-militants-la-victoire-sera-de-notre-cote","url":"https:\/\/www.africa-press.net\/guinee-conakry\/politique\/cellou-dalein-diallo-a-ses-militants-la-victoire-sera-de-notre-cote","name":"Cellou Dalein Diallo \u00e0 ses militants : \u00ab la victoire sera de notre c\u00f4t\u00e9 \u00bb - guinee Conakry","isPartOf":{"@id":"https:\/\/www.africa-press.net\/guinee-conakry\/#website"},"primaryImageOfPage":{"@id":"https:\/\/www.africa-press.net\/guinee-conakry\/politique\/cellou-dalein-diallo-a-ses-militants-la-victoire-sera-de-notre-cote#primaryimage"},"image":{"@id":"https:\/\/www.africa-press.net\/guinee-conakry\/politique\/cellou-dalein-diallo-a-ses-militants-la-victoire-sera-de-notre-cote#primaryimage"},"thumbnailUrl":"https:\/\/static.africa-press.net\/conakry\/sites\/63\/2023\/01\/Jokar1673723459.058836.jpg","datePublished":"2023-01-14T22:40:00+00:00","author":{"@id":"https:\/\/www.africa-press.net\/guinee-conakry\/#\/schema\/person\/2b1cf3cd81a31e3cd26889ca66d677f1"},"breadcrumb":{"@id":"https:\/\/www.africa-press.net\/guinee-conakry\/politique\/cellou-dalein-diallo-a-ses-militants-la-victoire-sera-de-notre-cote#breadcrumb"},"inLanguage":"fr-FR","potentialAction":[{"@type":"ReadAction","target":["https:\/\/www.africa-press.net\/guinee-conakry\/politique\/cellou-dalein-diallo-a-ses-militants-la-victoire-sera-de-notre-cote"]}]},{"@type":"ImageObject","inLanguage":"fr-FR","@id":"https:\/\/www.africa-press.net\/guinee-conakry\/politique\/cellou-dalein-diallo-a-ses-militants-la-victoire-sera-de-notre-cote#primaryimage","url":"https:\/\/static.africa-press.net\/conakry\/sites\/63\/2023\/01\/Jokar1673723459.058836.jpg","contentUrl":"https:\/\/static.africa-press.net\/conakry\/sites\/63\/2023\/01\/Jokar1673723459.058836.jpg","width":713,"height":768,"caption":"Cellou Dalein Diallo \u00e0 ses militants : \u00ab la victoire sera de notre c\u00f4t\u00e9 \u00bb"},{"@type":"BreadcrumbList","@id":"https:\/\/www.africa-press.net\/guinee-conakry\/politique\/cellou-dalein-diallo-a-ses-militants-la-victoire-sera-de-notre-cote#breadcrumb","itemListElement":[{"@type":"ListItem","position":1,"name":"Accueil","item":"https:\/\/www.africa-press.net\/guinee-conakry\/"},{"@type":"ListItem","position":2,"name":"Cellou Dalein Diallo \u00e0 ses militants : \u00ab la victoire sera de notre c\u00f4t\u00e9 \u00bb"}]},{"@type":"WebSite","@id":"https:\/\/www.africa-press.net\/guinee-conakry\/#website","url":"https:\/\/www.africa-press.net\/guinee-conakry\/","name":"guinee Conakry","description":"Just another Africa News Agency Sites site","potentialAction":[{"@type":"SearchAction","target":{"@type":"EntryPoint","urlTemplate":"https:\/\/www.africa-press.net\/guinee-conakry\/?s={search_term_string}"},"query-input":{"@type":"PropertyValueSpecification","valueRequired":true,"valueName":"search_term_string"}}],"inLanguage":"fr-FR"},{"@type":"Person","@id":"https:\/\/www.africa-press.net\/guinee-conakry\/#\/schema\/person\/2b1cf3cd81a31e3cd26889ca66d677f1","name":"cfeditorfr"}]}},"_links":{"self":[{"href":"https:\/\/www.africa-press.net\/guinee-conakry\/wp-json\/wp\/v2\/posts\/11373","targetHints":{"allow":["GET"]}}],"collection":[{"href":"https:\/\/www.africa-press.net\/guinee-conakry\/wp-json\/wp\/v2\/posts"}],"about":[{"href":"https:\/\/www.africa-press.net\/guinee-conakry\/wp-json\/wp\/v2\/types\/post"}],"author":[{"embeddable":true,"href":"https:\/\/www.africa-press.net\/guinee-conakry\/wp-json\/wp\/v2\/users\/82"}],"replies":[{"embeddable":true,"href":"https:\/\/www.africa-press.net\/guinee-conakry\/wp-json\/wp\/v2\/comments?post=11373"}],"version-history":[{"count":0,"href":"https:\/\/www.africa-press.net\/guinee-conakry\/wp-json\/wp\/v2\/posts\/11373\/revisions"}],"wp:featuredmedia":[{"embeddable":true,"href":"https:\/\/www.africa-press.net\/guinee-conakry\/wp-json\/wp\/v2\/media\/11372"}],"wp:attachment":[{"href":"https:\/\/www.africa-press.net\/guinee-conakry\/wp-json\/wp\/v2\/media?parent=11373"}],"wp:term":[{"taxonomy":"category","embeddable":true,"href":"https:\/\/www.africa-press.net\/guinee-conakry\/wp-json\/wp\/v2\/categories?post=11373"},{"taxonomy":"post_tag","embeddable":true,"href":"https:\/\/www.africa-press.net\/guinee-conakry\/wp-json\/wp\/v2\/tags?post=11373"}],"curies":[{"name":"wp","href":"https:\/\/api.w.org\/{rel}","templated":true}]}}