{"id":11381,"date":"2023-01-15T19:56:00","date_gmt":"2023-01-15T19:56:00","guid":{"rendered":"https:\/\/www.africa-press.net\/guinee-conakry\/politique\/thierno-yaya-diallo-de-tabital-pulaaku-aux-jeunes-reveillez-et-mettez-en-valeur-le-talent-qui-sommeille-en-vous"},"modified":"2023-01-15T19:56:00","modified_gmt":"2023-01-15T19:56:00","slug":"thierno-yaya-diallo-de-tabital-pulaaku-aux-jeunes-reveillez-et-mettez-en-valeur-le-talent-qui-sommeille-en-vous","status":"publish","type":"post","link":"https:\/\/www.africa-press.net\/guinee-conakry\/toutes-les-actualites\/thierno-yaya-diallo-de-tabital-pulaaku-aux-jeunes-reveillez-et-mettez-en-valeur-le-talent-qui-sommeille-en-vous","title":{"rendered":"Thierno Yaya Diallo de Tabital Pulaaku aux jeunes : \u00ab r\u00e9veillez et mettez en valeur le talent qui sommeille en vous \u00bb"},"content":{"rendered":"<p><span style=\"color: #ff6600\"><strong>Africa-Press &#8211; Guin\u00e9e. <\/strong><\/span>Comme annonce\u0301 pre\u0301ce\u0301demment, le bureau exe\u0301cutif de la Coordination Nationale des Foulbhe\u0301 et Haali Pular de Guine\u0301e a e\u0301te\u0301 installe\u0301e hier, samedi 14 octobre 2023. La ce\u0301re\u0301monie s\u2019est tenue au quartier Taouyah, dans la commune de Ratoma, en pre\u0301sence de plusieurs personnalite\u0301s. Thierno Yaya Diallo, pre\u0301disent de la Jeunesse de Tabital Pulaaku national, a invite\u0301 chacun a\u0300 jouer sa partition pour l\u2019atteinte des objectifs par les deux structures.<\/p>\n<p>Interroge\u0301 par notre reporter, Thierno Yaya Diallo est revenu sur ce qu\u2019est le Tabital Pulaaku et sa mission. \u00ab Tabital Pulaaku signifie la pe\u0301rennisation de la culture Peulh. Tabital Pulaaku est une organisation apolitique qui \u0153uvre pour le de\u0301veloppement culturel, social et e\u0301conomique des Fulbe\u0301s. Elle est ouverte a\u0300 tous les Fulbe\u0301s et les amis des foulbe\u0301s et de la culture peule sans distinction de sexe, de race et d\u2019appartenance religieuse. L\u2019enjeu de notre e\u0301poque est de faire de Tabital Pulaaku, cet arbre a\u0300 palabre de nos ance\u0302tres pour mettre la lumie\u0300re sur nos choix de vie au sein de cette communaute\u0301. En tant que pre\u0301sident de la jeunesse de Tabital Pulaaku national, je me battrais de toutes mes forces pour que nous puissions saisir ces opportunite\u0301s, dans l\u2019unite\u0301. Cette unite\u0301 cre\u0301e\u0301e peut bel et bien e\u0302tre l\u2019ouverture d\u2019une porte d\u2019inte\u0301gration entre notre communaute\u0301 et toutes les autres communaute\u0301s de notre pays. Car, il ne faut jamais oublier que la Guine\u0301e est riche de sa diversite\u0301 et celle-ci peut e\u0302tre positivement appre\u0301cie\u0301e et valorise\u0301e. Cette inte\u0301gration, en plus de rapprocher davantage les communaute\u0301s, peut e\u0301galement e\u0302tre le point de de\u0301part d\u2019une re\u0301unification totale du peuple guine\u0301en \u00bb, a indique\u0301 Thierno Yaya Diallo.<\/p>\n<p>Le nouveau pre\u0301sident de la jeunesse Tabital Pulaaku international en a profite\u0301 pour faire appel a\u0300 tout le monde, mais surtout a\u0300 la jeunesse de la Guine\u0301e, pour le succe\u0300s de Tabital Pulaaku. \u00ab Notre objectif, la\u0300 je m\u2019adresse a\u0300 la jeunesse, est de remplir convenablement notre mission. Vous les jeunes, vous avez droit a\u0300 toutes les grandes responsabilite\u0301 qu\u2019un homme puisse avoir, main dans la main, marche par marche, aucune station ne sera e\u0301leve\u0301e pour nous. Nous devons y croire. Alors, venez prendre ce qui vous revient de droit, assumez votre leadership, faites des erreurs, s\u2019il le faut, mais l\u2019essentiel est d\u2019apprendre. En chacun d\u2019entre vous sommeille un talent qu\u2019il faut re\u0301veiller et mettre en valeur. Vous en avez l\u2019e\u0301nergie, vous en avez l\u2019intelligence, vous devez en avoir la volonte\u0301 et l\u2019engagement, n\u2019attendez pas que l\u2019on vous interpelle. Vous avez en vous-me\u0302mes une richesse ine\u0301puisable, il s\u2019agit de l\u2019a\u0302ge et de l\u2019offre programmatique que le Tabital Pulaaku vous fait, une offre qui nous permettra, nous tous, sans exception, de nous former davantage, d\u2019avoir des opportunite\u0301s a\u0300 saisir, d\u2019ouvrir nous-me\u0302mes les portes jadis ferme\u0301es, nous avons la cle\u0301 de toutes les portes de la re\u0301ussite. Les seuls mots magiques qui les ouvrent s\u2019appellent volonte\u0301 et confiance en soi. Croyons-en nous et en nos chances \u00bb, a conseille\u0301 Thierno Yaya Diallo.<\/p>\n<p><strong>Pour plus d&rsquo;informations et d&rsquo;analyses sur la <a href=\"https:\/\/www.africa-press.net\/guinee-conakry\">Guin\u00e9e<\/a>, suivez <a href=\"https:\/\/www.africa-press.net\/\">Africa-Press<\/a><\/strong><\/p>\n","protected":false},"excerpt":{"rendered":"<p>Africa-Press &#8211; Guin\u00e9e. Comme annonce\u0301 pre\u0301ce\u0301demment, le bureau exe\u0301cutif de la Coordination Nationale des Foulbhe\u0301 et Haali Pular de Guine\u0301e a e\u0301te\u0301 installe\u0301e hier, samedi 14 octobre 2023. La ce\u0301re\u0301monie s\u2019est tenue au quartier Taouyah, dans la commune de Ratoma, en pre\u0301sence de plusieurs personnalite\u0301s. Thierno Yaya Diallo, pre\u0301disent de la Jeunesse de Tabital Pulaaku [&hellip;]<\/p>\n","protected":false},"author":82,"featured_media":11380,"comment_status":"open","ping_status":"closed","sticky":false,"template":"","format":"standard","meta":{"footnotes":""},"categories":[21,10],"tags":[36,57,58],"class_list":["post-11381","post","type-post","status-publish","format-standard","has-post-thumbnail","hentry","category-communaute","category-toutes-les-actualites","tag-africa-press","tag-africa-press-guinee","tag-guinee"],"yoast_head":"<!-- This site is optimized with the Yoast SEO Premium plugin v26.1 (Yoast SEO v27.0) - https:\/\/yoast.com\/product\/yoast-seo-premium-wordpress\/ -->\n<title>Thierno Yaya Diallo de Tabital Pulaaku aux jeunes : \u00ab r\u00e9veillez et mettez en valeur le talent qui sommeille en vous \u00bb - guinee Conakry<\/title>\n<meta name=\"robots\" content=\"index, follow, max-snippet:-1, max-image-preview:large, max-video-preview:-1\" \/>\n<link rel=\"canonical\" href=\"https:\/\/www.africa-press.net\/guinee-conakry\/politique\/thierno-yaya-diallo-de-tabital-pulaaku-aux-jeunes-reveillez-et-mettez-en-valeur-le-talent-qui-sommeille-en-vous\" \/>\n<meta property=\"og:locale\" content=\"fr_FR\" \/>\n<meta property=\"og:type\" content=\"article\" \/>\n<meta property=\"og:title\" content=\"Thierno Yaya Diallo de Tabital Pulaaku aux jeunes : \u00ab r\u00e9veillez et mettez en valeur le talent qui sommeille en vous \u00bb\" \/>\n<meta property=\"og:description\" content=\"Africa-Press &#8211; Guin\u00e9e. Comme annonce\u0301 pre\u0301ce\u0301demment, le bureau exe\u0301cutif de la Coordination Nationale des Foulbhe\u0301 et Haali Pular de Guine\u0301e a e\u0301te\u0301 installe\u0301e hier, samedi 14 octobre 2023. La ce\u0301re\u0301monie s\u2019est tenue au quartier Taouyah, dans la commune de Ratoma, en pre\u0301sence de plusieurs personnalite\u0301s. Thierno Yaya Diallo, pre\u0301disent de la Jeunesse de Tabital Pulaaku [&hellip;]\" \/>\n<meta property=\"og:url\" content=\"https:\/\/www.africa-press.net\/guinee-conakry\/politique\/thierno-yaya-diallo-de-tabital-pulaaku-aux-jeunes-reveillez-et-mettez-en-valeur-le-talent-qui-sommeille-en-vous\" \/>\n<meta property=\"og:site_name\" content=\"guinee Conakry\" \/>\n<meta property=\"article:published_time\" content=\"2023-01-15T19:56:00+00:00\" \/>\n<meta name=\"author\" content=\"cfeditorfr\" \/>\n<meta name=\"twitter:card\" content=\"summary_large_image\" \/>\n<meta name=\"twitter:label1\" content=\"\u00c9crit par\" \/>\n\t<meta name=\"twitter:data1\" content=\"cfeditorfr\" \/>\n\t<meta name=\"twitter:label2\" content=\"Dur\u00e9e de lecture estim\u00e9e\" \/>\n\t<meta name=\"twitter:data2\" content=\"3 minutes\" \/>\n<script type=\"application\/ld+json\" class=\"yoast-schema-graph\">{\"@context\":\"https:\/\/schema.org\",\"@graph\":[{\"@type\":\"Article\",\"@id\":\"https:\/\/www.africa-press.net\/guinee-conakry\/politique\/thierno-yaya-diallo-de-tabital-pulaaku-aux-jeunes-reveillez-et-mettez-en-valeur-le-talent-qui-sommeille-en-vous#article\",\"isPartOf\":{\"@id\":\"https:\/\/www.africa-press.net\/guinee-conakry\/politique\/thierno-yaya-diallo-de-tabital-pulaaku-aux-jeunes-reveillez-et-mettez-en-valeur-le-talent-qui-sommeille-en-vous\"},\"author\":{\"name\":\"cfeditorfr\",\"@id\":\"https:\/\/www.africa-press.net\/guinee-conakry\/#\/schema\/person\/2b1cf3cd81a31e3cd26889ca66d677f1\"},\"headline\":\"Thierno Yaya Diallo de Tabital Pulaaku aux jeunes : \u00ab r\u00e9veillez et mettez en valeur le talent qui sommeille en vous \u00bb\",\"datePublished\":\"2023-01-15T19:56:00+00:00\",\"mainEntityOfPage\":{\"@id\":\"https:\/\/www.africa-press.net\/guinee-conakry\/politique\/thierno-yaya-diallo-de-tabital-pulaaku-aux-jeunes-reveillez-et-mettez-en-valeur-le-talent-qui-sommeille-en-vous\"},\"wordCount\":602,\"commentCount\":0,\"image\":{\"@id\":\"https:\/\/www.africa-press.net\/guinee-conakry\/politique\/thierno-yaya-diallo-de-tabital-pulaaku-aux-jeunes-reveillez-et-mettez-en-valeur-le-talent-qui-sommeille-en-vous#primaryimage\"},\"thumbnailUrl\":\"https:\/\/static.africa-press.net\/conakry\/sites\/63\/2023\/01\/Jokar1673800002.837985.jpg\",\"keywords\":[\"Africa Press\",\"Africa Press-Guin\u00e9e\",\"Guin\u00e9e\"],\"articleSection\":[\"Communaut\u00e9\",\"Toutes les actualit\u00e9s\"],\"inLanguage\":\"fr-FR\",\"potentialAction\":[{\"@type\":\"CommentAction\",\"name\":\"Comment\",\"target\":[\"https:\/\/www.africa-press.net\/guinee-conakry\/politique\/thierno-yaya-diallo-de-tabital-pulaaku-aux-jeunes-reveillez-et-mettez-en-valeur-le-talent-qui-sommeille-en-vous#respond\"]}]},{\"@type\":\"WebPage\",\"@id\":\"https:\/\/www.africa-press.net\/guinee-conakry\/politique\/thierno-yaya-diallo-de-tabital-pulaaku-aux-jeunes-reveillez-et-mettez-en-valeur-le-talent-qui-sommeille-en-vous\",\"url\":\"https:\/\/www.africa-press.net\/guinee-conakry\/politique\/thierno-yaya-diallo-de-tabital-pulaaku-aux-jeunes-reveillez-et-mettez-en-valeur-le-talent-qui-sommeille-en-vous\",\"name\":\"Thierno Yaya Diallo de Tabital Pulaaku aux jeunes : \u00ab r\u00e9veillez et mettez en valeur le talent qui sommeille en vous \u00bb - guinee Conakry\",\"isPartOf\":{\"@id\":\"https:\/\/www.africa-press.net\/guinee-conakry\/#website\"},\"primaryImageOfPage\":{\"@id\":\"https:\/\/www.africa-press.net\/guinee-conakry\/politique\/thierno-yaya-diallo-de-tabital-pulaaku-aux-jeunes-reveillez-et-mettez-en-valeur-le-talent-qui-sommeille-en-vous#primaryimage\"},\"image\":{\"@id\":\"https:\/\/www.africa-press.net\/guinee-conakry\/politique\/thierno-yaya-diallo-de-tabital-pulaaku-aux-jeunes-reveillez-et-mettez-en-valeur-le-talent-qui-sommeille-en-vous#primaryimage\"},\"thumbnailUrl\":\"https:\/\/static.africa-press.net\/conakry\/sites\/63\/2023\/01\/Jokar1673800002.837985.jpg\",\"datePublished\":\"2023-01-15T19:56:00+00:00\",\"author\":{\"@id\":\"https:\/\/www.africa-press.net\/guinee-conakry\/#\/schema\/person\/2b1cf3cd81a31e3cd26889ca66d677f1\"},\"breadcrumb\":{\"@id\":\"https:\/\/www.africa-press.net\/guinee-conakry\/politique\/thierno-yaya-diallo-de-tabital-pulaaku-aux-jeunes-reveillez-et-mettez-en-valeur-le-talent-qui-sommeille-en-vous#breadcrumb\"},\"inLanguage\":\"fr-FR\",\"potentialAction\":[{\"@type\":\"ReadAction\",\"target\":[\"https:\/\/www.africa-press.net\/guinee-conakry\/politique\/thierno-yaya-diallo-de-tabital-pulaaku-aux-jeunes-reveillez-et-mettez-en-valeur-le-talent-qui-sommeille-en-vous\"]}]},{\"@type\":\"ImageObject\",\"inLanguage\":\"fr-FR\",\"@id\":\"https:\/\/www.africa-press.net\/guinee-conakry\/politique\/thierno-yaya-diallo-de-tabital-pulaaku-aux-jeunes-reveillez-et-mettez-en-valeur-le-talent-qui-sommeille-en-vous#primaryimage\",\"url\":\"https:\/\/static.africa-press.net\/conakry\/sites\/63\/2023\/01\/Jokar1673800002.837985.jpg\",\"contentUrl\":\"https:\/\/static.africa-press.net\/conakry\/sites\/63\/2023\/01\/Jokar1673800002.837985.jpg\",\"width\":1082,\"height\":1280,\"caption\":\"Thierno Yaya Diallo de Tabital Pulaaku aux jeunes : \u00ab r\u00e9veillez et mettez en valeur le talent qui sommeille en vous \u00bb\"},{\"@type\":\"BreadcrumbList\",\"@id\":\"https:\/\/www.africa-press.net\/guinee-conakry\/politique\/thierno-yaya-diallo-de-tabital-pulaaku-aux-jeunes-reveillez-et-mettez-en-valeur-le-talent-qui-sommeille-en-vous#breadcrumb\",\"itemListElement\":[{\"@type\":\"ListItem\",\"position\":1,\"name\":\"Accueil\",\"item\":\"https:\/\/www.africa-press.net\/guinee-conakry\/\"},{\"@type\":\"ListItem\",\"position\":2,\"name\":\"Thierno Yaya Diallo de Tabital Pulaaku aux jeunes : \u00ab r\u00e9veillez et mettez en valeur le talent qui sommeille en vous \u00bb\"}]},{\"@type\":\"WebSite\",\"@id\":\"https:\/\/www.africa-press.net\/guinee-conakry\/#website\",\"url\":\"https:\/\/www.africa-press.net\/guinee-conakry\/\",\"name\":\"guinee Conakry\",\"description\":\"Just another Africa News Agency Sites site\",\"potentialAction\":[{\"@type\":\"SearchAction\",\"target\":{\"@type\":\"EntryPoint\",\"urlTemplate\":\"https:\/\/www.africa-press.net\/guinee-conakry\/?s={search_term_string}\"},\"query-input\":{\"@type\":\"PropertyValueSpecification\",\"valueRequired\":true,\"valueName\":\"search_term_string\"}}],\"inLanguage\":\"fr-FR\"},{\"@type\":\"Person\",\"@id\":\"https:\/\/www.africa-press.net\/guinee-conakry\/#\/schema\/person\/2b1cf3cd81a31e3cd26889ca66d677f1\",\"name\":\"cfeditorfr\"}]}<\/script>\n<!-- \/ Yoast SEO Premium plugin. -->","yoast_head_json":{"title":"Thierno Yaya Diallo de Tabital Pulaaku aux jeunes : \u00ab r\u00e9veillez et mettez en valeur le talent qui sommeille en vous \u00bb - guinee Conakry","robots":{"index":"index","follow":"follow","max-snippet":"max-snippet:-1","max-image-preview":"max-image-preview:large","max-video-preview":"max-video-preview:-1"},"canonical":"https:\/\/www.africa-press.net\/guinee-conakry\/politique\/thierno-yaya-diallo-de-tabital-pulaaku-aux-jeunes-reveillez-et-mettez-en-valeur-le-talent-qui-sommeille-en-vous","og_locale":"fr_FR","og_type":"article","og_title":"Thierno Yaya Diallo de Tabital Pulaaku aux jeunes : \u00ab r\u00e9veillez et mettez en valeur le talent qui sommeille en vous \u00bb","og_description":"Africa-Press &#8211; Guin\u00e9e. Comme annonce\u0301 pre\u0301ce\u0301demment, le bureau exe\u0301cutif de la Coordination Nationale des Foulbhe\u0301 et Haali Pular de Guine\u0301e a e\u0301te\u0301 installe\u0301e hier, samedi 14 octobre 2023. La ce\u0301re\u0301monie s\u2019est tenue au quartier Taouyah, dans la commune de Ratoma, en pre\u0301sence de plusieurs personnalite\u0301s. Thierno Yaya Diallo, pre\u0301disent de la Jeunesse de Tabital Pulaaku [&hellip;]","og_url":"https:\/\/www.africa-press.net\/guinee-conakry\/politique\/thierno-yaya-diallo-de-tabital-pulaaku-aux-jeunes-reveillez-et-mettez-en-valeur-le-talent-qui-sommeille-en-vous","og_site_name":"guinee Conakry","article_published_time":"2023-01-15T19:56:00+00:00","author":"cfeditorfr","twitter_card":"summary_large_image","twitter_misc":{"\u00c9crit par":"cfeditorfr","Dur\u00e9e de lecture estim\u00e9e":"3 minutes"},"schema":{"@context":"https:\/\/schema.org","@graph":[{"@type":"Article","@id":"https:\/\/www.africa-press.net\/guinee-conakry\/politique\/thierno-yaya-diallo-de-tabital-pulaaku-aux-jeunes-reveillez-et-mettez-en-valeur-le-talent-qui-sommeille-en-vous#article","isPartOf":{"@id":"https:\/\/www.africa-press.net\/guinee-conakry\/politique\/thierno-yaya-diallo-de-tabital-pulaaku-aux-jeunes-reveillez-et-mettez-en-valeur-le-talent-qui-sommeille-en-vous"},"author":{"name":"cfeditorfr","@id":"https:\/\/www.africa-press.net\/guinee-conakry\/#\/schema\/person\/2b1cf3cd81a31e3cd26889ca66d677f1"},"headline":"Thierno Yaya Diallo de Tabital Pulaaku aux jeunes : \u00ab r\u00e9veillez et mettez en valeur le talent qui sommeille en vous \u00bb","datePublished":"2023-01-15T19:56:00+00:00","mainEntityOfPage":{"@id":"https:\/\/www.africa-press.net\/guinee-conakry\/politique\/thierno-yaya-diallo-de-tabital-pulaaku-aux-jeunes-reveillez-et-mettez-en-valeur-le-talent-qui-sommeille-en-vous"},"wordCount":602,"commentCount":0,"image":{"@id":"https:\/\/www.africa-press.net\/guinee-conakry\/politique\/thierno-yaya-diallo-de-tabital-pulaaku-aux-jeunes-reveillez-et-mettez-en-valeur-le-talent-qui-sommeille-en-vous#primaryimage"},"thumbnailUrl":"https:\/\/static.africa-press.net\/conakry\/sites\/63\/2023\/01\/Jokar1673800002.837985.jpg","keywords":["Africa Press","Africa Press-Guin\u00e9e","Guin\u00e9e"],"articleSection":["Communaut\u00e9","Toutes les actualit\u00e9s"],"inLanguage":"fr-FR","potentialAction":[{"@type":"CommentAction","name":"Comment","target":["https:\/\/www.africa-press.net\/guinee-conakry\/politique\/thierno-yaya-diallo-de-tabital-pulaaku-aux-jeunes-reveillez-et-mettez-en-valeur-le-talent-qui-sommeille-en-vous#respond"]}]},{"@type":"WebPage","@id":"https:\/\/www.africa-press.net\/guinee-conakry\/politique\/thierno-yaya-diallo-de-tabital-pulaaku-aux-jeunes-reveillez-et-mettez-en-valeur-le-talent-qui-sommeille-en-vous","url":"https:\/\/www.africa-press.net\/guinee-conakry\/politique\/thierno-yaya-diallo-de-tabital-pulaaku-aux-jeunes-reveillez-et-mettez-en-valeur-le-talent-qui-sommeille-en-vous","name":"Thierno Yaya Diallo de Tabital Pulaaku aux jeunes : \u00ab r\u00e9veillez et mettez en valeur le talent qui sommeille en vous \u00bb - guinee Conakry","isPartOf":{"@id":"https:\/\/www.africa-press.net\/guinee-conakry\/#website"},"primaryImageOfPage":{"@id":"https:\/\/www.africa-press.net\/guinee-conakry\/politique\/thierno-yaya-diallo-de-tabital-pulaaku-aux-jeunes-reveillez-et-mettez-en-valeur-le-talent-qui-sommeille-en-vous#primaryimage"},"image":{"@id":"https:\/\/www.africa-press.net\/guinee-conakry\/politique\/thierno-yaya-diallo-de-tabital-pulaaku-aux-jeunes-reveillez-et-mettez-en-valeur-le-talent-qui-sommeille-en-vous#primaryimage"},"thumbnailUrl":"https:\/\/static.africa-press.net\/conakry\/sites\/63\/2023\/01\/Jokar1673800002.837985.jpg","datePublished":"2023-01-15T19:56:00+00:00","author":{"@id":"https:\/\/www.africa-press.net\/guinee-conakry\/#\/schema\/person\/2b1cf3cd81a31e3cd26889ca66d677f1"},"breadcrumb":{"@id":"https:\/\/www.africa-press.net\/guinee-conakry\/politique\/thierno-yaya-diallo-de-tabital-pulaaku-aux-jeunes-reveillez-et-mettez-en-valeur-le-talent-qui-sommeille-en-vous#breadcrumb"},"inLanguage":"fr-FR","potentialAction":[{"@type":"ReadAction","target":["https:\/\/www.africa-press.net\/guinee-conakry\/politique\/thierno-yaya-diallo-de-tabital-pulaaku-aux-jeunes-reveillez-et-mettez-en-valeur-le-talent-qui-sommeille-en-vous"]}]},{"@type":"ImageObject","inLanguage":"fr-FR","@id":"https:\/\/www.africa-press.net\/guinee-conakry\/politique\/thierno-yaya-diallo-de-tabital-pulaaku-aux-jeunes-reveillez-et-mettez-en-valeur-le-talent-qui-sommeille-en-vous#primaryimage","url":"https:\/\/static.africa-press.net\/conakry\/sites\/63\/2023\/01\/Jokar1673800002.837985.jpg","contentUrl":"https:\/\/static.africa-press.net\/conakry\/sites\/63\/2023\/01\/Jokar1673800002.837985.jpg","width":1082,"height":1280,"caption":"Thierno Yaya Diallo de Tabital Pulaaku aux jeunes : \u00ab r\u00e9veillez et mettez en valeur le talent qui sommeille en vous \u00bb"},{"@type":"BreadcrumbList","@id":"https:\/\/www.africa-press.net\/guinee-conakry\/politique\/thierno-yaya-diallo-de-tabital-pulaaku-aux-jeunes-reveillez-et-mettez-en-valeur-le-talent-qui-sommeille-en-vous#breadcrumb","itemListElement":[{"@type":"ListItem","position":1,"name":"Accueil","item":"https:\/\/www.africa-press.net\/guinee-conakry\/"},{"@type":"ListItem","position":2,"name":"Thierno Yaya Diallo de Tabital Pulaaku aux jeunes : \u00ab r\u00e9veillez et mettez en valeur le talent qui sommeille en vous \u00bb"}]},{"@type":"WebSite","@id":"https:\/\/www.africa-press.net\/guinee-conakry\/#website","url":"https:\/\/www.africa-press.net\/guinee-conakry\/","name":"guinee Conakry","description":"Just another Africa News Agency Sites site","potentialAction":[{"@type":"SearchAction","target":{"@type":"EntryPoint","urlTemplate":"https:\/\/www.africa-press.net\/guinee-conakry\/?s={search_term_string}"},"query-input":{"@type":"PropertyValueSpecification","valueRequired":true,"valueName":"search_term_string"}}],"inLanguage":"fr-FR"},{"@type":"Person","@id":"https:\/\/www.africa-press.net\/guinee-conakry\/#\/schema\/person\/2b1cf3cd81a31e3cd26889ca66d677f1","name":"cfeditorfr"}]}},"_links":{"self":[{"href":"https:\/\/www.africa-press.net\/guinee-conakry\/wp-json\/wp\/v2\/posts\/11381","targetHints":{"allow":["GET"]}}],"collection":[{"href":"https:\/\/www.africa-press.net\/guinee-conakry\/wp-json\/wp\/v2\/posts"}],"about":[{"href":"https:\/\/www.africa-press.net\/guinee-conakry\/wp-json\/wp\/v2\/types\/post"}],"author":[{"embeddable":true,"href":"https:\/\/www.africa-press.net\/guinee-conakry\/wp-json\/wp\/v2\/users\/82"}],"replies":[{"embeddable":true,"href":"https:\/\/www.africa-press.net\/guinee-conakry\/wp-json\/wp\/v2\/comments?post=11381"}],"version-history":[{"count":0,"href":"https:\/\/www.africa-press.net\/guinee-conakry\/wp-json\/wp\/v2\/posts\/11381\/revisions"}],"wp:featuredmedia":[{"embeddable":true,"href":"https:\/\/www.africa-press.net\/guinee-conakry\/wp-json\/wp\/v2\/media\/11380"}],"wp:attachment":[{"href":"https:\/\/www.africa-press.net\/guinee-conakry\/wp-json\/wp\/v2\/media?parent=11381"}],"wp:term":[{"taxonomy":"category","embeddable":true,"href":"https:\/\/www.africa-press.net\/guinee-conakry\/wp-json\/wp\/v2\/categories?post=11381"},{"taxonomy":"post_tag","embeddable":true,"href":"https:\/\/www.africa-press.net\/guinee-conakry\/wp-json\/wp\/v2\/tags?post=11381"}],"curies":[{"name":"wp","href":"https:\/\/api.w.org\/{rel}","templated":true}]}}