{"id":11385,"date":"2023-01-15T20:07:00","date_gmt":"2023-01-15T20:07:00","guid":{"rendered":"https:\/\/www.africa-press.net\/guinee-conakry\/politique\/metfp-remise-des-satisfecits-a-77-cadres-retraites"},"modified":"2023-01-15T20:07:00","modified_gmt":"2023-01-15T20:07:00","slug":"metfp-remise-des-satisfecits-a-77-cadres-retraites","status":"publish","type":"post","link":"https:\/\/www.africa-press.net\/guinee-conakry\/toutes-les-actualites\/metfp-remise-des-satisfecits-a-77-cadres-retraites","title":{"rendered":"METFP : remise des satisfecits \u00e0 77 cadres retrait\u00e9s !"},"content":{"rendered":"<p><span style=\"color: #ff6600\"><strong>Africa-Press &#8211; Guin\u00e9e. <\/strong><\/span>Le ministre de l\u2019Enseignement technique, de la formation professionnelle et de l\u2019emploi, Alpha Bacar Barry, a pre\u0301side\u0301 hier, samedi 14 janvier 2023, la ce\u0301re\u0301monie de remise des satisfecits aux 77 cadres admis a\u0300 faire valoir leurs droits a\u0300 la retraite au niveau de son de\u0301partement. L\u2019occasion a e\u0301te\u0301 mise a\u0300 profit pour leur rendre un vibrant hommage pour les loyaux services rendus a\u0300 la nation guine\u0301enne pendant des anne\u0301es.<\/p>\n<p>A\u0300 l\u2019occasion de cette ce\u0301re\u0301monie, le chef de cabinet du de\u0301partement du METFP a adresse\u0301 le message d\u2019aurevoir du ministe\u0300re a\u0300 ces cadres retraite\u0301s suite a\u0300 leur admission a\u0300 faire valoir leurs droits a\u0300 la retraite a\u0300 compter du 1er janvier 2023. Il a ensuite salue\u0301 leurs efforts consentis durant des anne\u0301es de loyaux services rendus a\u0300 la nation.<\/p>\n<p>\u00ab Cette rencontre repre\u0301sente pour nous, un moment charge\u0301 d\u2019e\u0301motions, qui consacre l\u2019ensemble de vos carrie\u0300res mene\u0301es jusque-la\u0300, vers une autre e\u0301tape de votre vie. Il y a de\u0301ja\u0300 plus d\u2019une trentaine d\u2019anne\u0301es, on vous souhaitait la bienvenue a\u0300 la fonction publique guine\u0301enne, aujourd\u2019hui on revient vers vous pour vous fe\u0301liciter de vous en e\u0302tre sortis, et surtout pour en e\u0302tre sortis avec honneur et fierte\u0301 pour service rendu a\u0300 la nation toute entie\u0300re.<\/p>\n<p>Durant toute votre carrie\u0300re, vous avez du\u0302 relever d\u2019importants de\u0301fis tant au niveau professionnel que social. Des de\u0301fis qui ont permis a\u0300 l\u2019ETFPE de connaitre un plein essor. C\u2019est pourquoi, au nom de M. le Ministre et de son Cabinet, nous vous adressons nos since\u0300res remerciements.<\/p>\n<p>Nous tenons e\u0301galement a\u0300 remercier l\u2019ensemble des membres de vos familles respectives ainsi que vos proches pour tous les efforts et sacrifices consentis a\u0300 l\u2019atteinte de ces re\u0301sultats e\u0301logieux que nous allons magnifier durant toute cette ce\u0301re\u0301monie de remise \u00bb, a dit Alpha Saliou Kourouma.<\/p>\n<p>A\u0300 son tour, le ministre de l\u2019enseignement technique et de la formation professionnelle a aussi salue\u0301 les loyaux services de ces cadres retraite\u0301s. \u00ab Vous avez passe\u0301 votre carrie\u0300re a\u0300 construire, a\u0300 e\u0301difier le syste\u0300me de l\u2019enseignement technique et de la formation professionnelle et de l\u2019emploi, vous y avez consacre\u0301 une partie de votre vie. Le temps que vous avez commence\u0301 a\u0300 enseigner jusqu\u2019a\u0300 nos jours, le nombre de jeunes guine\u0301ens qui ont be\u0301ne\u0301ficie\u0301 de vos connaissances sont innombrables et continuent a\u0300 y obtenir. Donc, c\u2019est le syste\u0300me de l\u2019e\u0301ducation qui vous dit merci, c\u2019est notre e\u0301conomie qui vous dit merci, c\u2019est la Guine\u0301e toute entie\u0300re qui vous dit merci (&#8230;) \u00bb, a salue\u0301 Alpha Bacar Barry.<\/p>\n<p>Par ailleurs, le ministre a annonce\u0301 que ces cadres envoye\u0301s a\u0300 la retraite vont toujours servir son de\u0301partement. \u00ab Vous avez juste arre\u0302te\u0301 de vous lever a\u0300 8 heures 30 pour venir a\u0300 l\u2019e\u0301cole pour certains et pour d\u2019autres dans les bureaux. Mais c\u0327a ne veut pas dire que vous n\u2019e\u0302tes plus de l\u2019enseignement technique et de la formation professionnelle. Partout ou\u0300 vous serrez, vous serrez attentifs a\u0300 nos re\u0301formes (&#8230;). A\u0300 notre tour, la seule chose que nous pourrons obtenir de vous et que nous ne pouvons pas cre\u0301er, c\u2019est les lec\u0327ons de vos expe\u0301riences, c\u2019est l\u2019enseignement de votre carrie\u0300re, ce sont vos sages conseils. Nous comptons sur vous pour venir aggrandir le comite\u0301 que nous avons mis en place a\u0300 l\u2019attention des sages. Ceux qui de par leurs expe\u0301riences peuvent toujours contribuer a\u0300 la re\u0301flexion permanentes pour l\u2019ame\u0301lioration du syste\u0300me de l\u2019enseignement technique et de la formation professionnelle \u00bb, a-t-il souhaite\u0301.<\/p>\n<p>Au nom des cadres retraite\u0301s, Fode\u0301 Conde\u0301 s\u2019est dit fier de servir la nation guine\u0301enne pendant des anne\u0301es . \u00ab C\u2019est pour une tre\u0300s immense joie et un grand honneur de prendre la parole pour m\u2019acquitter de cette ve\u0301ritable mission qui consiste a\u0300 traduire ici publiquement le sentiment des 77 cadres admis a\u0300 faire valoir leurs droits a\u0300 la retraite a\u0300 partir du 31 de\u0301cembre 2022 au compte du ministe\u0300re de l\u2019enseignement technique et de la formation professionnelle et de l\u2019emploi. La retraite est une chose curieuse. En effet, de l\u2019Enfance, a\u0300 l\u2019e\u0301cole, durant toute votre vie professionnelle on vous demande de travailler et un jour vous obtenez la permission officielle de ne plus rien faire. Nous ne regrettons pas cette belle pe\u0301riode de notre vie professionnelle. Elle est tout simplement re\u0301volue. Nous sommes tous heureux de laisser nos place a\u0300 la nouvelle ge\u0301ne\u0301ration, plein de promesses et porteuse de projets ge\u0301ne\u0301raux pour le futur \u00bb, a-t-il dit, ajoutant que \u00ab nous avons le c\u0153ur un peu triste de vous quitter. Toute fois, nous avons des raisons de pouvoir. C\u2019est une page de l\u2019histoire et que l\u2019e\u0301cole n\u2019est pas ferme\u0301e \u00bb.<\/p>\n<p>A\u0300 la fin de cette ce\u0301re\u0301monie, les cadres du ministe\u0300re de l\u2019enseignement technique et de la formation professionnelle et de l\u2019emploi ont remis un satisfe\u0301cit de reconnaissance au ministre Alpha Bacar Barry et compagnie de son e\u0301pouse.<\/p>\n<p><strong>Pour plus d&rsquo;informations et d&rsquo;analyses sur la <a href=\"https:\/\/www.africa-press.net\/guinee-conakry\">Guin\u00e9e<\/a>, suivez <a href=\"https:\/\/www.africa-press.net\/\">Africa-Press<\/a><\/strong><\/p>\n","protected":false},"excerpt":{"rendered":"<p>Africa-Press &#8211; Guin\u00e9e. Le ministre de l\u2019Enseignement technique, de la formation professionnelle et de l\u2019emploi, Alpha Bacar Barry, a pre\u0301side\u0301 hier, samedi 14 janvier 2023, la ce\u0301re\u0301monie de remise des satisfecits aux 77 cadres admis a\u0300 faire valoir leurs droits a\u0300 la retraite au niveau de son de\u0301partement. L\u2019occasion a e\u0301te\u0301 mise a\u0300 profit pour [&hellip;]<\/p>\n","protected":false},"author":82,"featured_media":11384,"comment_status":"open","ping_status":"closed","sticky":false,"template":"","format":"standard","meta":{"footnotes":""},"categories":[21,10],"tags":[36,57,58],"class_list":["post-11385","post","type-post","status-publish","format-standard","has-post-thumbnail","hentry","category-communaute","category-toutes-les-actualites","tag-africa-press","tag-africa-press-guinee","tag-guinee"],"yoast_head":"<!-- This site is optimized with the Yoast SEO Premium plugin v26.1 (Yoast SEO v27.0) - https:\/\/yoast.com\/product\/yoast-seo-premium-wordpress\/ -->\n<title>METFP : remise des satisfecits \u00e0 77 cadres retrait\u00e9s ! - guinee Conakry<\/title>\n<meta name=\"robots\" content=\"index, follow, max-snippet:-1, max-image-preview:large, max-video-preview:-1\" \/>\n<link rel=\"canonical\" href=\"https:\/\/www.africa-press.net\/guinee-conakry\/politique\/metfp-remise-des-satisfecits-a-77-cadres-retraites\" \/>\n<meta property=\"og:locale\" content=\"fr_FR\" \/>\n<meta property=\"og:type\" content=\"article\" \/>\n<meta property=\"og:title\" content=\"METFP : remise des satisfecits \u00e0 77 cadres retrait\u00e9s !\" \/>\n<meta property=\"og:description\" content=\"Africa-Press &#8211; Guin\u00e9e. Le ministre de l\u2019Enseignement technique, de la formation professionnelle et de l\u2019emploi, Alpha Bacar Barry, a pre\u0301side\u0301 hier, samedi 14 janvier 2023, la ce\u0301re\u0301monie de remise des satisfecits aux 77 cadres admis a\u0300 faire valoir leurs droits a\u0300 la retraite au niveau de son de\u0301partement. L\u2019occasion a e\u0301te\u0301 mise a\u0300 profit pour [&hellip;]\" \/>\n<meta property=\"og:url\" content=\"https:\/\/www.africa-press.net\/guinee-conakry\/politique\/metfp-remise-des-satisfecits-a-77-cadres-retraites\" \/>\n<meta property=\"og:site_name\" content=\"guinee Conakry\" \/>\n<meta property=\"article:published_time\" content=\"2023-01-15T20:07:00+00:00\" \/>\n<meta name=\"author\" content=\"cfeditorfr\" \/>\n<meta name=\"twitter:card\" content=\"summary_large_image\" \/>\n<meta name=\"twitter:label1\" content=\"\u00c9crit par\" \/>\n\t<meta name=\"twitter:data1\" content=\"cfeditorfr\" \/>\n\t<meta name=\"twitter:label2\" content=\"Dur\u00e9e de lecture estim\u00e9e\" \/>\n\t<meta name=\"twitter:data2\" content=\"5 minutes\" \/>\n<script type=\"application\/ld+json\" class=\"yoast-schema-graph\">{\"@context\":\"https:\/\/schema.org\",\"@graph\":[{\"@type\":\"Article\",\"@id\":\"https:\/\/www.africa-press.net\/guinee-conakry\/politique\/metfp-remise-des-satisfecits-a-77-cadres-retraites#article\",\"isPartOf\":{\"@id\":\"https:\/\/www.africa-press.net\/guinee-conakry\/politique\/metfp-remise-des-satisfecits-a-77-cadres-retraites\"},\"author\":{\"name\":\"cfeditorfr\",\"@id\":\"https:\/\/www.africa-press.net\/guinee-conakry\/#\/schema\/person\/2b1cf3cd81a31e3cd26889ca66d677f1\"},\"headline\":\"METFP : remise des satisfecits \u00e0 77 cadres retrait\u00e9s !\",\"datePublished\":\"2023-01-15T20:07:00+00:00\",\"mainEntityOfPage\":{\"@id\":\"https:\/\/www.africa-press.net\/guinee-conakry\/politique\/metfp-remise-des-satisfecits-a-77-cadres-retraites\"},\"wordCount\":922,\"commentCount\":0,\"image\":{\"@id\":\"https:\/\/www.africa-press.net\/guinee-conakry\/politique\/metfp-remise-des-satisfecits-a-77-cadres-retraites#primaryimage\"},\"thumbnailUrl\":\"https:\/\/static.africa-press.net\/conakry\/sites\/63\/2023\/01\/Jokar1673800673.477633.jpg\",\"keywords\":[\"Africa Press\",\"Africa Press-Guin\u00e9e\",\"Guin\u00e9e\"],\"articleSection\":[\"Communaut\u00e9\",\"Toutes les actualit\u00e9s\"],\"inLanguage\":\"fr-FR\",\"potentialAction\":[{\"@type\":\"CommentAction\",\"name\":\"Comment\",\"target\":[\"https:\/\/www.africa-press.net\/guinee-conakry\/politique\/metfp-remise-des-satisfecits-a-77-cadres-retraites#respond\"]}]},{\"@type\":\"WebPage\",\"@id\":\"https:\/\/www.africa-press.net\/guinee-conakry\/politique\/metfp-remise-des-satisfecits-a-77-cadres-retraites\",\"url\":\"https:\/\/www.africa-press.net\/guinee-conakry\/politique\/metfp-remise-des-satisfecits-a-77-cadres-retraites\",\"name\":\"METFP : remise des satisfecits \u00e0 77 cadres retrait\u00e9s ! - guinee Conakry\",\"isPartOf\":{\"@id\":\"https:\/\/www.africa-press.net\/guinee-conakry\/#website\"},\"primaryImageOfPage\":{\"@id\":\"https:\/\/www.africa-press.net\/guinee-conakry\/politique\/metfp-remise-des-satisfecits-a-77-cadres-retraites#primaryimage\"},\"image\":{\"@id\":\"https:\/\/www.africa-press.net\/guinee-conakry\/politique\/metfp-remise-des-satisfecits-a-77-cadres-retraites#primaryimage\"},\"thumbnailUrl\":\"https:\/\/static.africa-press.net\/conakry\/sites\/63\/2023\/01\/Jokar1673800673.477633.jpg\",\"datePublished\":\"2023-01-15T20:07:00+00:00\",\"author\":{\"@id\":\"https:\/\/www.africa-press.net\/guinee-conakry\/#\/schema\/person\/2b1cf3cd81a31e3cd26889ca66d677f1\"},\"breadcrumb\":{\"@id\":\"https:\/\/www.africa-press.net\/guinee-conakry\/politique\/metfp-remise-des-satisfecits-a-77-cadres-retraites#breadcrumb\"},\"inLanguage\":\"fr-FR\",\"potentialAction\":[{\"@type\":\"ReadAction\",\"target\":[\"https:\/\/www.africa-press.net\/guinee-conakry\/politique\/metfp-remise-des-satisfecits-a-77-cadres-retraites\"]}]},{\"@type\":\"ImageObject\",\"inLanguage\":\"fr-FR\",\"@id\":\"https:\/\/www.africa-press.net\/guinee-conakry\/politique\/metfp-remise-des-satisfecits-a-77-cadres-retraites#primaryimage\",\"url\":\"https:\/\/static.africa-press.net\/conakry\/sites\/63\/2023\/01\/Jokar1673800673.477633.jpg\",\"contentUrl\":\"https:\/\/static.africa-press.net\/conakry\/sites\/63\/2023\/01\/Jokar1673800673.477633.jpg\",\"width\":1280,\"height\":658,\"caption\":\"METFP : remise des satisfecits \u00e0 77 cadres retrait\u00e9s !\"},{\"@type\":\"BreadcrumbList\",\"@id\":\"https:\/\/www.africa-press.net\/guinee-conakry\/politique\/metfp-remise-des-satisfecits-a-77-cadres-retraites#breadcrumb\",\"itemListElement\":[{\"@type\":\"ListItem\",\"position\":1,\"name\":\"Accueil\",\"item\":\"https:\/\/www.africa-press.net\/guinee-conakry\/\"},{\"@type\":\"ListItem\",\"position\":2,\"name\":\"METFP : remise des satisfecits \u00e0 77 cadres retrait\u00e9s !\"}]},{\"@type\":\"WebSite\",\"@id\":\"https:\/\/www.africa-press.net\/guinee-conakry\/#website\",\"url\":\"https:\/\/www.africa-press.net\/guinee-conakry\/\",\"name\":\"guinee Conakry\",\"description\":\"Just another Africa News Agency Sites site\",\"potentialAction\":[{\"@type\":\"SearchAction\",\"target\":{\"@type\":\"EntryPoint\",\"urlTemplate\":\"https:\/\/www.africa-press.net\/guinee-conakry\/?s={search_term_string}\"},\"query-input\":{\"@type\":\"PropertyValueSpecification\",\"valueRequired\":true,\"valueName\":\"search_term_string\"}}],\"inLanguage\":\"fr-FR\"},{\"@type\":\"Person\",\"@id\":\"https:\/\/www.africa-press.net\/guinee-conakry\/#\/schema\/person\/2b1cf3cd81a31e3cd26889ca66d677f1\",\"name\":\"cfeditorfr\"}]}<\/script>\n<!-- \/ Yoast SEO Premium plugin. -->","yoast_head_json":{"title":"METFP : remise des satisfecits \u00e0 77 cadres retrait\u00e9s ! - guinee Conakry","robots":{"index":"index","follow":"follow","max-snippet":"max-snippet:-1","max-image-preview":"max-image-preview:large","max-video-preview":"max-video-preview:-1"},"canonical":"https:\/\/www.africa-press.net\/guinee-conakry\/politique\/metfp-remise-des-satisfecits-a-77-cadres-retraites","og_locale":"fr_FR","og_type":"article","og_title":"METFP : remise des satisfecits \u00e0 77 cadres retrait\u00e9s !","og_description":"Africa-Press &#8211; Guin\u00e9e. Le ministre de l\u2019Enseignement technique, de la formation professionnelle et de l\u2019emploi, Alpha Bacar Barry, a pre\u0301side\u0301 hier, samedi 14 janvier 2023, la ce\u0301re\u0301monie de remise des satisfecits aux 77 cadres admis a\u0300 faire valoir leurs droits a\u0300 la retraite au niveau de son de\u0301partement. L\u2019occasion a e\u0301te\u0301 mise a\u0300 profit pour [&hellip;]","og_url":"https:\/\/www.africa-press.net\/guinee-conakry\/politique\/metfp-remise-des-satisfecits-a-77-cadres-retraites","og_site_name":"guinee Conakry","article_published_time":"2023-01-15T20:07:00+00:00","author":"cfeditorfr","twitter_card":"summary_large_image","twitter_misc":{"\u00c9crit par":"cfeditorfr","Dur\u00e9e de lecture estim\u00e9e":"5 minutes"},"schema":{"@context":"https:\/\/schema.org","@graph":[{"@type":"Article","@id":"https:\/\/www.africa-press.net\/guinee-conakry\/politique\/metfp-remise-des-satisfecits-a-77-cadres-retraites#article","isPartOf":{"@id":"https:\/\/www.africa-press.net\/guinee-conakry\/politique\/metfp-remise-des-satisfecits-a-77-cadres-retraites"},"author":{"name":"cfeditorfr","@id":"https:\/\/www.africa-press.net\/guinee-conakry\/#\/schema\/person\/2b1cf3cd81a31e3cd26889ca66d677f1"},"headline":"METFP : remise des satisfecits \u00e0 77 cadres retrait\u00e9s !","datePublished":"2023-01-15T20:07:00+00:00","mainEntityOfPage":{"@id":"https:\/\/www.africa-press.net\/guinee-conakry\/politique\/metfp-remise-des-satisfecits-a-77-cadres-retraites"},"wordCount":922,"commentCount":0,"image":{"@id":"https:\/\/www.africa-press.net\/guinee-conakry\/politique\/metfp-remise-des-satisfecits-a-77-cadres-retraites#primaryimage"},"thumbnailUrl":"https:\/\/static.africa-press.net\/conakry\/sites\/63\/2023\/01\/Jokar1673800673.477633.jpg","keywords":["Africa Press","Africa Press-Guin\u00e9e","Guin\u00e9e"],"articleSection":["Communaut\u00e9","Toutes les actualit\u00e9s"],"inLanguage":"fr-FR","potentialAction":[{"@type":"CommentAction","name":"Comment","target":["https:\/\/www.africa-press.net\/guinee-conakry\/politique\/metfp-remise-des-satisfecits-a-77-cadres-retraites#respond"]}]},{"@type":"WebPage","@id":"https:\/\/www.africa-press.net\/guinee-conakry\/politique\/metfp-remise-des-satisfecits-a-77-cadres-retraites","url":"https:\/\/www.africa-press.net\/guinee-conakry\/politique\/metfp-remise-des-satisfecits-a-77-cadres-retraites","name":"METFP : remise des satisfecits \u00e0 77 cadres retrait\u00e9s ! - guinee Conakry","isPartOf":{"@id":"https:\/\/www.africa-press.net\/guinee-conakry\/#website"},"primaryImageOfPage":{"@id":"https:\/\/www.africa-press.net\/guinee-conakry\/politique\/metfp-remise-des-satisfecits-a-77-cadres-retraites#primaryimage"},"image":{"@id":"https:\/\/www.africa-press.net\/guinee-conakry\/politique\/metfp-remise-des-satisfecits-a-77-cadres-retraites#primaryimage"},"thumbnailUrl":"https:\/\/static.africa-press.net\/conakry\/sites\/63\/2023\/01\/Jokar1673800673.477633.jpg","datePublished":"2023-01-15T20:07:00+00:00","author":{"@id":"https:\/\/www.africa-press.net\/guinee-conakry\/#\/schema\/person\/2b1cf3cd81a31e3cd26889ca66d677f1"},"breadcrumb":{"@id":"https:\/\/www.africa-press.net\/guinee-conakry\/politique\/metfp-remise-des-satisfecits-a-77-cadres-retraites#breadcrumb"},"inLanguage":"fr-FR","potentialAction":[{"@type":"ReadAction","target":["https:\/\/www.africa-press.net\/guinee-conakry\/politique\/metfp-remise-des-satisfecits-a-77-cadres-retraites"]}]},{"@type":"ImageObject","inLanguage":"fr-FR","@id":"https:\/\/www.africa-press.net\/guinee-conakry\/politique\/metfp-remise-des-satisfecits-a-77-cadres-retraites#primaryimage","url":"https:\/\/static.africa-press.net\/conakry\/sites\/63\/2023\/01\/Jokar1673800673.477633.jpg","contentUrl":"https:\/\/static.africa-press.net\/conakry\/sites\/63\/2023\/01\/Jokar1673800673.477633.jpg","width":1280,"height":658,"caption":"METFP : remise des satisfecits \u00e0 77 cadres retrait\u00e9s !"},{"@type":"BreadcrumbList","@id":"https:\/\/www.africa-press.net\/guinee-conakry\/politique\/metfp-remise-des-satisfecits-a-77-cadres-retraites#breadcrumb","itemListElement":[{"@type":"ListItem","position":1,"name":"Accueil","item":"https:\/\/www.africa-press.net\/guinee-conakry\/"},{"@type":"ListItem","position":2,"name":"METFP : remise des satisfecits \u00e0 77 cadres retrait\u00e9s !"}]},{"@type":"WebSite","@id":"https:\/\/www.africa-press.net\/guinee-conakry\/#website","url":"https:\/\/www.africa-press.net\/guinee-conakry\/","name":"guinee Conakry","description":"Just another Africa News Agency Sites site","potentialAction":[{"@type":"SearchAction","target":{"@type":"EntryPoint","urlTemplate":"https:\/\/www.africa-press.net\/guinee-conakry\/?s={search_term_string}"},"query-input":{"@type":"PropertyValueSpecification","valueRequired":true,"valueName":"search_term_string"}}],"inLanguage":"fr-FR"},{"@type":"Person","@id":"https:\/\/www.africa-press.net\/guinee-conakry\/#\/schema\/person\/2b1cf3cd81a31e3cd26889ca66d677f1","name":"cfeditorfr"}]}},"_links":{"self":[{"href":"https:\/\/www.africa-press.net\/guinee-conakry\/wp-json\/wp\/v2\/posts\/11385","targetHints":{"allow":["GET"]}}],"collection":[{"href":"https:\/\/www.africa-press.net\/guinee-conakry\/wp-json\/wp\/v2\/posts"}],"about":[{"href":"https:\/\/www.africa-press.net\/guinee-conakry\/wp-json\/wp\/v2\/types\/post"}],"author":[{"embeddable":true,"href":"https:\/\/www.africa-press.net\/guinee-conakry\/wp-json\/wp\/v2\/users\/82"}],"replies":[{"embeddable":true,"href":"https:\/\/www.africa-press.net\/guinee-conakry\/wp-json\/wp\/v2\/comments?post=11385"}],"version-history":[{"count":0,"href":"https:\/\/www.africa-press.net\/guinee-conakry\/wp-json\/wp\/v2\/posts\/11385\/revisions"}],"wp:featuredmedia":[{"embeddable":true,"href":"https:\/\/www.africa-press.net\/guinee-conakry\/wp-json\/wp\/v2\/media\/11384"}],"wp:attachment":[{"href":"https:\/\/www.africa-press.net\/guinee-conakry\/wp-json\/wp\/v2\/media?parent=11385"}],"wp:term":[{"taxonomy":"category","embeddable":true,"href":"https:\/\/www.africa-press.net\/guinee-conakry\/wp-json\/wp\/v2\/categories?post=11385"},{"taxonomy":"post_tag","embeddable":true,"href":"https:\/\/www.africa-press.net\/guinee-conakry\/wp-json\/wp\/v2\/tags?post=11385"}],"curies":[{"name":"wp","href":"https:\/\/api.w.org\/{rel}","templated":true}]}}