{"id":11412,"date":"2023-01-16T20:14:00","date_gmt":"2023-01-16T20:14:00","guid":{"rendered":"https:\/\/www.africa-press.net\/guinee-conakry\/politique\/debut-du-duel-entre-maitre-paul-yomba-et-dadis-camara-si-cest-parce-que-je-ne-vous-ai-pas-nomme-ministre-que"},"modified":"2023-01-16T20:14:00","modified_gmt":"2023-01-16T20:14:00","slug":"debut-du-duel-entre-maitre-paul-yomba-et-dadis-camara-si-cest-parce-que-je-ne-vous-ai-pas-nomme-ministre-que","status":"publish","type":"post","link":"https:\/\/www.africa-press.net\/guinee-conakry\/politique\/debut-du-duel-entre-maitre-paul-yomba-et-dadis-camara-si-cest-parce-que-je-ne-vous-ai-pas-nomme-ministre-que","title":{"rendered":"D\u00e9but du \u00ab\u00a0duel\u00a0\u00bb entre ma\u00eetre Paul Yomba et Dadis Camara : \u00ab si c\u2019est parce que je ne vous ai pas nomm\u00e9 ministre que\u2026\u00bb"},"content":{"rendered":"<p><span style=\"color: #ff6600\"><strong>Africa-Press &#8211; Guin\u00e9e. <\/strong><\/span>Si c\u2019est parce que comme vous le dites ,on s\u2019est connus a\u0300 l\u2019universite\u0301. Si c\u2019est parce que je ne vous ai pas nomme\u0301 ministre que vous e\u0302tes hargneux contre moi. J\u2019attire l\u2019attention de monsieur le pre\u0301sident, il a passe\u0301 tout le temps a\u0300 me saboter a\u0300 la radio, sur le plan international monsieur le Pre\u0301sident. Alors, ce qu\u2019il a fait dans les radios, dans la presse, je pense que cela ne doit pas se re\u0301pe\u0301ter ici \u00bb, a notamment indique\u0301 le capitaine Moussa Dadis Camara.<\/p>\n<p><b>Comme indique\u0301 dans nos pre\u0301ce\u0301dentes de\u0301pe\u0302ches<\/b>, le proce\u0300s des massacres perpe\u0301tre\u0301s le 28 septembre 2009 se poursuit au tribunal de premie\u0300re instance de Dixinn, de\u0301localise\u0301 a\u0300 la Cour d\u2019Appel de Conakry. Ce proce\u0300s qui a de\u0301bute\u0301 le 28 septembre 2022 est aujourd\u2019hui a\u0300 son 36e\u0300me jour. Et, c\u2019est le capitaine Moussa Dadis Camara, pre\u0301sident de la Re\u0301publique a\u0300 l\u2019e\u0301poque, qui est a\u0300 la barre pour sa dixie\u0300me journe\u0301e.<\/p>\n<p>Apre\u0300s le passage de quelques avocats de la de\u0301fense, c\u2019est le tre\u0300s attendu face a\u0300 face entre le capitaine Moussa Dadis Camara et Mai\u0302tre Pau Yomba Kourouma, avocat de Toumba Diakite\u0301.<\/p>\n<p>Ci-dessous, Guineematin.com a de\u0301crypte\u0301 pour vous le premier e\u0301change entre Mai\u0302tre Paul Yomba Kourouma et le capitaine Moussa Dadis Camara :<\/p>\n<p>Mai\u0302tre Paul Yomba : &#8230;Moussa Dadis Camara, j\u2019aurais bien voulu vous saluer mais je sais que vous ne me re\u0301pondriez pas. Je peux tenter, bonjour&#8230;<\/p>\n<p>Pre\u0301sident du tribunal : Allez-y Mai\u0302tre, posez votre question.<\/p>\n<p>Mai\u0302tre Paul Yomba : Monsieur Dadis, je crois que vous avez de\u0301ja\u0300 assume\u0301 des fonctions de juge dans votre Dadis Show. Quelle comparaison faites-vous avec ce tribunal dont les juges ont me\u0302mes de la peine a\u0300 remuer la te\u0302te ?<\/p>\n<p>Capitaine Moussa Dadis Camara : Merci mai\u0302tre. Je vais juste demander une dole\u0301ance a\u0300 Monsieur le Pre\u0301sident, avant de re\u0301pondre a\u0300 la question de mai\u0302tre. J\u2019estime que comme il a dit, il y a le langage. Lorsqu\u2019il est respectueux, c\u0327a s\u2019ave\u0300re ne\u0301cessaire. Mais, lorsqu\u2019on parle de l\u2019ironie, je ne suis pas une personne qu\u2019on doit ironiser. Mai\u0302tre Yomba n\u2019a pas besoin de faire un rappel par rapport a\u0300 mon statut. Je suis conscient. Je suis officier d\u2019E\u0301tat-major, si je l\u2019ai fait, vous n\u2019avez pas besoin de dire qu\u2019il a renonce\u0301. Ce n\u2019est pas vous qui m\u2019avez fait venir ici mai\u0302tre. Par rapport donc a\u0300 cela, je demande seulement avec respect, c\u2019est maintenant que, merci mai\u0302tre Yomba, j\u2019ai beaucoup de respect pour lui. Par rapport d\u2019ailleurs a\u0300 l\u2019universite\u0301 jusqu\u2019a\u0300 maintenant. Et que si il venait de manie\u0300re tre\u0300s tre\u0300s respectueuse comme les autres ont fait, j\u2019estime qu\u2019il pourra aider la cour d\u2019avoir ce qu\u2019il veut avoir de moi. Autrement, c\u0327a va e\u0302tre difficile pour lui d\u2019ou\u0300 par conse\u0301quent pas pour nous parler de Dadis Show. Je me dis que c\u2019est de l\u2019ironie. C\u2019est de l\u2019ironie. C\u2019est une forme de frustration. Je sais tre\u0300s bien. Si c\u2019est parce que comme vous le dites ,on s\u2019est connus a\u0300 l\u2019universite\u0301. Si c\u2019est parce que je ne vous ai pas nomme\u0301 ministre que vous e\u0302tes hargneux contre moi. J\u2019attire l\u2019attention de monsieur le pre\u0301sident, il a passe\u0301 tout le temps a\u0300 me saboter a\u0300 la radio, sur le plan international monsieur le Pre\u0301sident. Alors, ce qu\u2019il a fait dans les radios, dans la presse, je pense que cela ne doit pas se re\u0301pe\u0301ter ici.<\/p>\n<p>L\u2019e\u0301change entre les deux se poursuit !<\/p>\n<p><strong>Pour plus d&rsquo;informations et d&rsquo;analyses sur la <a href=\"https:\/\/www.africa-press.net\/guinee-conakry\">Guin\u00e9e<\/a>, suivez <a href=\"https:\/\/www.africa-press.net\/\">Africa-Press<\/a><\/strong><\/p>\n","protected":false},"excerpt":{"rendered":"<p>Africa-Press &#8211; Guin\u00e9e. Si c\u2019est parce que comme vous le dites ,on s\u2019est connus a\u0300 l\u2019universite\u0301. Si c\u2019est parce que je ne vous ai pas nomme\u0301 ministre que vous e\u0302tes hargneux contre moi. J\u2019attire l\u2019attention de monsieur le pre\u0301sident, il a passe\u0301 tout le temps a\u0300 me saboter a\u0300 la radio, sur le plan international [&hellip;]<\/p>\n","protected":false},"author":82,"featured_media":11411,"comment_status":"open","ping_status":"closed","sticky":false,"template":"","format":"standard","meta":{"footnotes":""},"categories":[2,20,10],"tags":[36,57,58],"class_list":["post-11412","post","type-post","status-publish","format-standard","has-post-thumbnail","hentry","category-politique","category-top-nouvelles","category-toutes-les-actualites","tag-africa-press","tag-africa-press-guinee","tag-guinee"],"yoast_head":"<!-- This site is optimized with the Yoast SEO Premium plugin v26.1 (Yoast SEO v27.0) - https:\/\/yoast.com\/product\/yoast-seo-premium-wordpress\/ -->\n<title>D\u00e9but du \u00ab\u00a0duel\u00a0\u00bb entre ma\u00eetre Paul Yomba et Dadis Camara : \u00ab si c\u2019est parce que je ne vous ai pas nomm\u00e9 ministre que\u2026\u00bb - guinee Conakry<\/title>\n<meta name=\"robots\" content=\"index, follow, max-snippet:-1, max-image-preview:large, max-video-preview:-1\" \/>\n<link rel=\"canonical\" href=\"https:\/\/www.africa-press.net\/guinee-conakry\/politique\/debut-du-duel-entre-maitre-paul-yomba-et-dadis-camara-si-cest-parce-que-je-ne-vous-ai-pas-nomme-ministre-que\" \/>\n<meta property=\"og:locale\" content=\"fr_FR\" \/>\n<meta property=\"og:type\" content=\"article\" \/>\n<meta property=\"og:title\" content=\"D\u00e9but du \u00ab\u00a0duel\u00a0\u00bb entre ma\u00eetre Paul Yomba et Dadis Camara : \u00ab si c\u2019est parce que je ne vous ai pas nomm\u00e9 ministre que\u2026\u00bb\" \/>\n<meta property=\"og:description\" content=\"Africa-Press &#8211; Guin\u00e9e. Si c\u2019est parce que comme vous le dites ,on s\u2019est connus a\u0300 l\u2019universite\u0301. Si c\u2019est parce que je ne vous ai pas nomme\u0301 ministre que vous e\u0302tes hargneux contre moi. J\u2019attire l\u2019attention de monsieur le pre\u0301sident, il a passe\u0301 tout le temps a\u0300 me saboter a\u0300 la radio, sur le plan international [&hellip;]\" \/>\n<meta property=\"og:url\" content=\"https:\/\/www.africa-press.net\/guinee-conakry\/politique\/debut-du-duel-entre-maitre-paul-yomba-et-dadis-camara-si-cest-parce-que-je-ne-vous-ai-pas-nomme-ministre-que\" \/>\n<meta property=\"og:site_name\" content=\"guinee Conakry\" \/>\n<meta property=\"article:published_time\" content=\"2023-01-16T20:14:00+00:00\" \/>\n<meta name=\"author\" content=\"cfeditorfr\" \/>\n<meta name=\"twitter:card\" content=\"summary_large_image\" \/>\n<meta name=\"twitter:label1\" content=\"\u00c9crit par\" \/>\n\t<meta name=\"twitter:data1\" content=\"cfeditorfr\" \/>\n\t<meta name=\"twitter:label2\" content=\"Dur\u00e9e de lecture estim\u00e9e\" \/>\n\t<meta name=\"twitter:data2\" content=\"3 minutes\" \/>\n<script type=\"application\/ld+json\" class=\"yoast-schema-graph\">{\"@context\":\"https:\/\/schema.org\",\"@graph\":[{\"@type\":\"Article\",\"@id\":\"https:\/\/www.africa-press.net\/guinee-conakry\/politique\/debut-du-duel-entre-maitre-paul-yomba-et-dadis-camara-si-cest-parce-que-je-ne-vous-ai-pas-nomme-ministre-que#article\",\"isPartOf\":{\"@id\":\"https:\/\/www.africa-press.net\/guinee-conakry\/politique\/debut-du-duel-entre-maitre-paul-yomba-et-dadis-camara-si-cest-parce-que-je-ne-vous-ai-pas-nomme-ministre-que\"},\"author\":{\"name\":\"cfeditorfr\",\"@id\":\"https:\/\/www.africa-press.net\/guinee-conakry\/#\/schema\/person\/2b1cf3cd81a31e3cd26889ca66d677f1\"},\"headline\":\"D\u00e9but du \u00ab\u00a0duel\u00a0\u00bb entre ma\u00eetre Paul Yomba et Dadis Camara : \u00ab si c\u2019est parce que je ne vous ai pas nomm\u00e9 ministre que\u2026\u00bb\",\"datePublished\":\"2023-01-16T20:14:00+00:00\",\"mainEntityOfPage\":{\"@id\":\"https:\/\/www.africa-press.net\/guinee-conakry\/politique\/debut-du-duel-entre-maitre-paul-yomba-et-dadis-camara-si-cest-parce-que-je-ne-vous-ai-pas-nomme-ministre-que\"},\"wordCount\":697,\"commentCount\":0,\"image\":{\"@id\":\"https:\/\/www.africa-press.net\/guinee-conakry\/politique\/debut-du-duel-entre-maitre-paul-yomba-et-dadis-camara-si-cest-parce-que-je-ne-vous-ai-pas-nomme-ministre-que#primaryimage\"},\"thumbnailUrl\":\"https:\/\/static.africa-press.net\/conakry\/sites\/63\/2023\/01\/Jokar1673887484.718205.jpg\",\"keywords\":[\"Africa Press\",\"Africa Press-Guin\u00e9e\",\"Guin\u00e9e\"],\"articleSection\":[\"Politique\",\"Top Nouvelles\",\"Toutes les actualit\u00e9s\"],\"inLanguage\":\"fr-FR\",\"potentialAction\":[{\"@type\":\"CommentAction\",\"name\":\"Comment\",\"target\":[\"https:\/\/www.africa-press.net\/guinee-conakry\/politique\/debut-du-duel-entre-maitre-paul-yomba-et-dadis-camara-si-cest-parce-que-je-ne-vous-ai-pas-nomme-ministre-que#respond\"]}]},{\"@type\":\"WebPage\",\"@id\":\"https:\/\/www.africa-press.net\/guinee-conakry\/politique\/debut-du-duel-entre-maitre-paul-yomba-et-dadis-camara-si-cest-parce-que-je-ne-vous-ai-pas-nomme-ministre-que\",\"url\":\"https:\/\/www.africa-press.net\/guinee-conakry\/politique\/debut-du-duel-entre-maitre-paul-yomba-et-dadis-camara-si-cest-parce-que-je-ne-vous-ai-pas-nomme-ministre-que\",\"name\":\"D\u00e9but du \u00ab\u00a0duel\u00a0\u00bb entre ma\u00eetre Paul Yomba et Dadis Camara : \u00ab si c\u2019est parce que je ne vous ai pas nomm\u00e9 ministre que\u2026\u00bb - guinee Conakry\",\"isPartOf\":{\"@id\":\"https:\/\/www.africa-press.net\/guinee-conakry\/#website\"},\"primaryImageOfPage\":{\"@id\":\"https:\/\/www.africa-press.net\/guinee-conakry\/politique\/debut-du-duel-entre-maitre-paul-yomba-et-dadis-camara-si-cest-parce-que-je-ne-vous-ai-pas-nomme-ministre-que#primaryimage\"},\"image\":{\"@id\":\"https:\/\/www.africa-press.net\/guinee-conakry\/politique\/debut-du-duel-entre-maitre-paul-yomba-et-dadis-camara-si-cest-parce-que-je-ne-vous-ai-pas-nomme-ministre-que#primaryimage\"},\"thumbnailUrl\":\"https:\/\/static.africa-press.net\/conakry\/sites\/63\/2023\/01\/Jokar1673887484.718205.jpg\",\"datePublished\":\"2023-01-16T20:14:00+00:00\",\"author\":{\"@id\":\"https:\/\/www.africa-press.net\/guinee-conakry\/#\/schema\/person\/2b1cf3cd81a31e3cd26889ca66d677f1\"},\"breadcrumb\":{\"@id\":\"https:\/\/www.africa-press.net\/guinee-conakry\/politique\/debut-du-duel-entre-maitre-paul-yomba-et-dadis-camara-si-cest-parce-que-je-ne-vous-ai-pas-nomme-ministre-que#breadcrumb\"},\"inLanguage\":\"fr-FR\",\"potentialAction\":[{\"@type\":\"ReadAction\",\"target\":[\"https:\/\/www.africa-press.net\/guinee-conakry\/politique\/debut-du-duel-entre-maitre-paul-yomba-et-dadis-camara-si-cest-parce-que-je-ne-vous-ai-pas-nomme-ministre-que\"]}]},{\"@type\":\"ImageObject\",\"inLanguage\":\"fr-FR\",\"@id\":\"https:\/\/www.africa-press.net\/guinee-conakry\/politique\/debut-du-duel-entre-maitre-paul-yomba-et-dadis-camara-si-cest-parce-que-je-ne-vous-ai-pas-nomme-ministre-que#primaryimage\",\"url\":\"https:\/\/static.africa-press.net\/conakry\/sites\/63\/2023\/01\/Jokar1673887484.718205.jpg\",\"contentUrl\":\"https:\/\/static.africa-press.net\/conakry\/sites\/63\/2023\/01\/Jokar1673887484.718205.jpg\",\"width\":609,\"height\":649,\"caption\":\"D\u00e9but du \u00ab\u00a0duel\u00a0\u00bb entre ma\u00eetre Paul Yomba et Dadis Camara : \u00ab si c\u2019est parce que je ne vous ai pas nomm\u00e9 ministre que\u2026\u00bb\"},{\"@type\":\"BreadcrumbList\",\"@id\":\"https:\/\/www.africa-press.net\/guinee-conakry\/politique\/debut-du-duel-entre-maitre-paul-yomba-et-dadis-camara-si-cest-parce-que-je-ne-vous-ai-pas-nomme-ministre-que#breadcrumb\",\"itemListElement\":[{\"@type\":\"ListItem\",\"position\":1,\"name\":\"Accueil\",\"item\":\"https:\/\/www.africa-press.net\/guinee-conakry\/\"},{\"@type\":\"ListItem\",\"position\":2,\"name\":\"D\u00e9but du \u00ab\u00a0duel\u00a0\u00bb entre ma\u00eetre Paul Yomba et Dadis Camara : \u00ab si c\u2019est parce que je ne vous ai pas nomm\u00e9 ministre que\u2026\u00bb\"}]},{\"@type\":\"WebSite\",\"@id\":\"https:\/\/www.africa-press.net\/guinee-conakry\/#website\",\"url\":\"https:\/\/www.africa-press.net\/guinee-conakry\/\",\"name\":\"guinee Conakry\",\"description\":\"Just another Africa News Agency Sites site\",\"potentialAction\":[{\"@type\":\"SearchAction\",\"target\":{\"@type\":\"EntryPoint\",\"urlTemplate\":\"https:\/\/www.africa-press.net\/guinee-conakry\/?s={search_term_string}\"},\"query-input\":{\"@type\":\"PropertyValueSpecification\",\"valueRequired\":true,\"valueName\":\"search_term_string\"}}],\"inLanguage\":\"fr-FR\"},{\"@type\":\"Person\",\"@id\":\"https:\/\/www.africa-press.net\/guinee-conakry\/#\/schema\/person\/2b1cf3cd81a31e3cd26889ca66d677f1\",\"name\":\"cfeditorfr\"}]}<\/script>\n<!-- \/ Yoast SEO Premium plugin. -->","yoast_head_json":{"title":"D\u00e9but du \u00ab\u00a0duel\u00a0\u00bb entre ma\u00eetre Paul Yomba et Dadis Camara : \u00ab si c\u2019est parce que je ne vous ai pas nomm\u00e9 ministre que\u2026\u00bb - guinee Conakry","robots":{"index":"index","follow":"follow","max-snippet":"max-snippet:-1","max-image-preview":"max-image-preview:large","max-video-preview":"max-video-preview:-1"},"canonical":"https:\/\/www.africa-press.net\/guinee-conakry\/politique\/debut-du-duel-entre-maitre-paul-yomba-et-dadis-camara-si-cest-parce-que-je-ne-vous-ai-pas-nomme-ministre-que","og_locale":"fr_FR","og_type":"article","og_title":"D\u00e9but du \u00ab\u00a0duel\u00a0\u00bb entre ma\u00eetre Paul Yomba et Dadis Camara : \u00ab si c\u2019est parce que je ne vous ai pas nomm\u00e9 ministre que\u2026\u00bb","og_description":"Africa-Press &#8211; Guin\u00e9e. Si c\u2019est parce que comme vous le dites ,on s\u2019est connus a\u0300 l\u2019universite\u0301. Si c\u2019est parce que je ne vous ai pas nomme\u0301 ministre que vous e\u0302tes hargneux contre moi. J\u2019attire l\u2019attention de monsieur le pre\u0301sident, il a passe\u0301 tout le temps a\u0300 me saboter a\u0300 la radio, sur le plan international [&hellip;]","og_url":"https:\/\/www.africa-press.net\/guinee-conakry\/politique\/debut-du-duel-entre-maitre-paul-yomba-et-dadis-camara-si-cest-parce-que-je-ne-vous-ai-pas-nomme-ministre-que","og_site_name":"guinee Conakry","article_published_time":"2023-01-16T20:14:00+00:00","author":"cfeditorfr","twitter_card":"summary_large_image","twitter_misc":{"\u00c9crit par":"cfeditorfr","Dur\u00e9e de lecture estim\u00e9e":"3 minutes"},"schema":{"@context":"https:\/\/schema.org","@graph":[{"@type":"Article","@id":"https:\/\/www.africa-press.net\/guinee-conakry\/politique\/debut-du-duel-entre-maitre-paul-yomba-et-dadis-camara-si-cest-parce-que-je-ne-vous-ai-pas-nomme-ministre-que#article","isPartOf":{"@id":"https:\/\/www.africa-press.net\/guinee-conakry\/politique\/debut-du-duel-entre-maitre-paul-yomba-et-dadis-camara-si-cest-parce-que-je-ne-vous-ai-pas-nomme-ministre-que"},"author":{"name":"cfeditorfr","@id":"https:\/\/www.africa-press.net\/guinee-conakry\/#\/schema\/person\/2b1cf3cd81a31e3cd26889ca66d677f1"},"headline":"D\u00e9but du \u00ab\u00a0duel\u00a0\u00bb entre ma\u00eetre Paul Yomba et Dadis Camara : \u00ab si c\u2019est parce que je ne vous ai pas nomm\u00e9 ministre que\u2026\u00bb","datePublished":"2023-01-16T20:14:00+00:00","mainEntityOfPage":{"@id":"https:\/\/www.africa-press.net\/guinee-conakry\/politique\/debut-du-duel-entre-maitre-paul-yomba-et-dadis-camara-si-cest-parce-que-je-ne-vous-ai-pas-nomme-ministre-que"},"wordCount":697,"commentCount":0,"image":{"@id":"https:\/\/www.africa-press.net\/guinee-conakry\/politique\/debut-du-duel-entre-maitre-paul-yomba-et-dadis-camara-si-cest-parce-que-je-ne-vous-ai-pas-nomme-ministre-que#primaryimage"},"thumbnailUrl":"https:\/\/static.africa-press.net\/conakry\/sites\/63\/2023\/01\/Jokar1673887484.718205.jpg","keywords":["Africa Press","Africa Press-Guin\u00e9e","Guin\u00e9e"],"articleSection":["Politique","Top Nouvelles","Toutes les actualit\u00e9s"],"inLanguage":"fr-FR","potentialAction":[{"@type":"CommentAction","name":"Comment","target":["https:\/\/www.africa-press.net\/guinee-conakry\/politique\/debut-du-duel-entre-maitre-paul-yomba-et-dadis-camara-si-cest-parce-que-je-ne-vous-ai-pas-nomme-ministre-que#respond"]}]},{"@type":"WebPage","@id":"https:\/\/www.africa-press.net\/guinee-conakry\/politique\/debut-du-duel-entre-maitre-paul-yomba-et-dadis-camara-si-cest-parce-que-je-ne-vous-ai-pas-nomme-ministre-que","url":"https:\/\/www.africa-press.net\/guinee-conakry\/politique\/debut-du-duel-entre-maitre-paul-yomba-et-dadis-camara-si-cest-parce-que-je-ne-vous-ai-pas-nomme-ministre-que","name":"D\u00e9but du \u00ab\u00a0duel\u00a0\u00bb entre ma\u00eetre Paul Yomba et Dadis Camara : \u00ab si c\u2019est parce que je ne vous ai pas nomm\u00e9 ministre que\u2026\u00bb - guinee Conakry","isPartOf":{"@id":"https:\/\/www.africa-press.net\/guinee-conakry\/#website"},"primaryImageOfPage":{"@id":"https:\/\/www.africa-press.net\/guinee-conakry\/politique\/debut-du-duel-entre-maitre-paul-yomba-et-dadis-camara-si-cest-parce-que-je-ne-vous-ai-pas-nomme-ministre-que#primaryimage"},"image":{"@id":"https:\/\/www.africa-press.net\/guinee-conakry\/politique\/debut-du-duel-entre-maitre-paul-yomba-et-dadis-camara-si-cest-parce-que-je-ne-vous-ai-pas-nomme-ministre-que#primaryimage"},"thumbnailUrl":"https:\/\/static.africa-press.net\/conakry\/sites\/63\/2023\/01\/Jokar1673887484.718205.jpg","datePublished":"2023-01-16T20:14:00+00:00","author":{"@id":"https:\/\/www.africa-press.net\/guinee-conakry\/#\/schema\/person\/2b1cf3cd81a31e3cd26889ca66d677f1"},"breadcrumb":{"@id":"https:\/\/www.africa-press.net\/guinee-conakry\/politique\/debut-du-duel-entre-maitre-paul-yomba-et-dadis-camara-si-cest-parce-que-je-ne-vous-ai-pas-nomme-ministre-que#breadcrumb"},"inLanguage":"fr-FR","potentialAction":[{"@type":"ReadAction","target":["https:\/\/www.africa-press.net\/guinee-conakry\/politique\/debut-du-duel-entre-maitre-paul-yomba-et-dadis-camara-si-cest-parce-que-je-ne-vous-ai-pas-nomme-ministre-que"]}]},{"@type":"ImageObject","inLanguage":"fr-FR","@id":"https:\/\/www.africa-press.net\/guinee-conakry\/politique\/debut-du-duel-entre-maitre-paul-yomba-et-dadis-camara-si-cest-parce-que-je-ne-vous-ai-pas-nomme-ministre-que#primaryimage","url":"https:\/\/static.africa-press.net\/conakry\/sites\/63\/2023\/01\/Jokar1673887484.718205.jpg","contentUrl":"https:\/\/static.africa-press.net\/conakry\/sites\/63\/2023\/01\/Jokar1673887484.718205.jpg","width":609,"height":649,"caption":"D\u00e9but du \u00ab\u00a0duel\u00a0\u00bb entre ma\u00eetre Paul Yomba et Dadis Camara : \u00ab si c\u2019est parce que je ne vous ai pas nomm\u00e9 ministre que\u2026\u00bb"},{"@type":"BreadcrumbList","@id":"https:\/\/www.africa-press.net\/guinee-conakry\/politique\/debut-du-duel-entre-maitre-paul-yomba-et-dadis-camara-si-cest-parce-que-je-ne-vous-ai-pas-nomme-ministre-que#breadcrumb","itemListElement":[{"@type":"ListItem","position":1,"name":"Accueil","item":"https:\/\/www.africa-press.net\/guinee-conakry\/"},{"@type":"ListItem","position":2,"name":"D\u00e9but du \u00ab\u00a0duel\u00a0\u00bb entre ma\u00eetre Paul Yomba et Dadis Camara : \u00ab si c\u2019est parce que je ne vous ai pas nomm\u00e9 ministre que\u2026\u00bb"}]},{"@type":"WebSite","@id":"https:\/\/www.africa-press.net\/guinee-conakry\/#website","url":"https:\/\/www.africa-press.net\/guinee-conakry\/","name":"guinee Conakry","description":"Just another Africa News Agency Sites site","potentialAction":[{"@type":"SearchAction","target":{"@type":"EntryPoint","urlTemplate":"https:\/\/www.africa-press.net\/guinee-conakry\/?s={search_term_string}"},"query-input":{"@type":"PropertyValueSpecification","valueRequired":true,"valueName":"search_term_string"}}],"inLanguage":"fr-FR"},{"@type":"Person","@id":"https:\/\/www.africa-press.net\/guinee-conakry\/#\/schema\/person\/2b1cf3cd81a31e3cd26889ca66d677f1","name":"cfeditorfr"}]}},"_links":{"self":[{"href":"https:\/\/www.africa-press.net\/guinee-conakry\/wp-json\/wp\/v2\/posts\/11412","targetHints":{"allow":["GET"]}}],"collection":[{"href":"https:\/\/www.africa-press.net\/guinee-conakry\/wp-json\/wp\/v2\/posts"}],"about":[{"href":"https:\/\/www.africa-press.net\/guinee-conakry\/wp-json\/wp\/v2\/types\/post"}],"author":[{"embeddable":true,"href":"https:\/\/www.africa-press.net\/guinee-conakry\/wp-json\/wp\/v2\/users\/82"}],"replies":[{"embeddable":true,"href":"https:\/\/www.africa-press.net\/guinee-conakry\/wp-json\/wp\/v2\/comments?post=11412"}],"version-history":[{"count":0,"href":"https:\/\/www.africa-press.net\/guinee-conakry\/wp-json\/wp\/v2\/posts\/11412\/revisions"}],"wp:featuredmedia":[{"embeddable":true,"href":"https:\/\/www.africa-press.net\/guinee-conakry\/wp-json\/wp\/v2\/media\/11411"}],"wp:attachment":[{"href":"https:\/\/www.africa-press.net\/guinee-conakry\/wp-json\/wp\/v2\/media?parent=11412"}],"wp:term":[{"taxonomy":"category","embeddable":true,"href":"https:\/\/www.africa-press.net\/guinee-conakry\/wp-json\/wp\/v2\/categories?post=11412"},{"taxonomy":"post_tag","embeddable":true,"href":"https:\/\/www.africa-press.net\/guinee-conakry\/wp-json\/wp\/v2\/tags?post=11412"}],"curies":[{"name":"wp","href":"https:\/\/api.w.org\/{rel}","templated":true}]}}