{"id":11426,"date":"2023-01-17T20:18:00","date_gmt":"2023-01-17T20:18:00","guid":{"rendered":"https:\/\/www.africa-press.net\/guinee-conakry\/politique\/detention-darmes-legeres-abdoulaye-barry-et-ousmane-diallo-condamnes-a-conakry"},"modified":"2023-01-17T20:18:00","modified_gmt":"2023-01-17T20:18:00","slug":"detention-darmes-legeres-abdoulaye-barry-et-ousmane-diallo-condamnes-a-conakry","status":"publish","type":"post","link":"https:\/\/www.africa-press.net\/guinee-conakry\/toutes-les-actualites\/detention-darmes-legeres-abdoulaye-barry-et-ousmane-diallo-condamnes-a-conakry","title":{"rendered":"D\u00e9tention d\u2019armes l\u00e9g\u00e8res : Abdoulaye Barry et Ousmane Diallo condamn\u00e9s \u00e0 Conakry"},"content":{"rendered":"<p><span style=\"color: #ff6600\"><strong>Africa-Press &#8211; Guin\u00e9e. <\/strong><\/span>Le Tribunal correctionnel de Dixinn, de\u0301localise\u0301 a\u0300 la mairie de Ratoma, a condamne\u0301 ce mardi, 17 janvier 2023, Abdoulaye Barry et Ousmane Diallo. Les deux jeunes ont e\u0301te\u0301 reconnus coupables d\u2019associations de malfaiteurs et de de\u0301tention d\u2019une arme le\u0301ge\u0300re.<\/p>\n<p>En de\u0301tention depuis le 24 mai 2022, Abdoulaye Barry et Ousmane Diallo e\u0301taient poursuivis pour de\u0301tention d\u2019une carabine ame\u0301ricaine et des munitions, retrouve\u0301s chez eux, dans le quartier Wanindara. A la barre, les pre\u0301venus ont reconnu que l\u2019arme e\u0301tait effectivement dans leur maison, mais ils ont assure\u0301 qu\u2019elle ne leur appartenait pas. Ousmane Diallo, qui dit e\u0302tre marabout, soutient qu\u2019il n\u2019e\u0301tait me\u0302me pas au courant de la pre\u0301sence de l\u2019arme sur les lieux.<\/p>\n<p>\u00ab J\u2019e\u0301tais dans la maison avec Abdoulaye Barry. Abdoulaye Sow, Ibou et Oumar Sow sont venus a\u0300 1 heure du matin avec des corps habille\u0301s pour frapper a\u0300 la porte en appelant Abdoulaye Barry. C\u2019est ainsi que j\u2019ai ouvert la porte. A\u0300 ce niveau, j\u2019ai tort. Mais en ce qui concerne l\u2019arme, je ne sais pas qui l\u2019a envoye\u0301e a\u0300 la maison, parce que je suis nouveau la\u0300-bas. C\u2019est quand ils m\u2019ont attrape\u0301 que j\u2019ai su que l\u2019arme se trouvait au salon \u00bb, s\u2019est-il de\u0301fendu.<\/p>\n<p>Abdoulaye Barry, 26 ans, a aussi nie\u0301 les faits qui lui sont reproche\u0301s. Il accuse deux de ses compagnons d\u2019avoir transporte\u0301 l\u2019arme chez lui. \u00ab J\u2019ai vu l\u2019arme sous le fauteuil dans le salon. Mais c\u2019est Oumar Sow et Alpha Sow qui ont amene\u0301 l\u2019arme avec 27 munitions \u00bb, a-t-il laisse\u0301 entendre.<\/p>\n<p>Dans les re\u0301quisitions, le ministe\u0300re public, repre\u0301sente\u0301 par Siba Toupou, a demande\u0301 au tribunal de retenir Abdoulaye Barry et Ousmane Diallo dans les liens de la culpabilite\u0301, en les condamnant a\u0300 une peine infe\u0301rieure a\u0300 3 ans d\u2019emprisonnement et a\u0300 une amende infe\u0301rieure a\u0300 un million cinq cent mille (1 500 000) francs guine\u0301ens. De son co\u0302te\u0301, l\u2019avocate de la de\u0301fense, mai\u0302tre Ai\u0308ssata Fofana, a tout simplement demande\u0301 au tribunal de faire application de la loi.<\/p>\n<p>Dans sa de\u0301cision, le pre\u0301sident du tribunal, Mohamed Kei\u0308ta, a de\u0301clare\u0301 les pre\u0301venus coupables des faits. En application des dispositions de la loi, il a condamne\u0301 Abdoulaye Barry a\u0300 4 ans et Ousmane Diallo a\u0300 3 ans d\u2019emprisonnement et au paiement d\u2019un million cinq cent mille (1 500 000) francs guine\u0301ens chacun. Le juge a ensuite ordonne\u0301 la confiscation de l\u2019arme et sa mise a\u0300 la disposition de l\u2019E\u0301tat.<\/p>\n<p><strong>Pour plus d&rsquo;informations et d&rsquo;analyses sur la <a href=\"https:\/\/www.africa-press.net\/guinee-conakry\">Guin\u00e9e<\/a>, suivez <a href=\"https:\/\/www.africa-press.net\/\">Africa-Press<\/a><\/strong><\/p>\n","protected":false},"excerpt":{"rendered":"<p>Africa-Press &#8211; Guin\u00e9e. Le Tribunal correctionnel de Dixinn, de\u0301localise\u0301 a\u0300 la mairie de Ratoma, a condamne\u0301 ce mardi, 17 janvier 2023, Abdoulaye Barry et Ousmane Diallo. Les deux jeunes ont e\u0301te\u0301 reconnus coupables d\u2019associations de malfaiteurs et de de\u0301tention d\u2019une arme le\u0301ge\u0300re. En de\u0301tention depuis le 24 mai 2022, Abdoulaye Barry et Ousmane Diallo e\u0301taient [&hellip;]<\/p>\n","protected":false},"author":82,"featured_media":11425,"comment_status":"open","ping_status":"closed","sticky":false,"template":"","format":"standard","meta":{"footnotes":""},"categories":[21,10],"tags":[36,57,58],"class_list":["post-11426","post","type-post","status-publish","format-standard","has-post-thumbnail","hentry","category-communaute","category-toutes-les-actualites","tag-africa-press","tag-africa-press-guinee","tag-guinee"],"yoast_head":"<!-- This site is optimized with the Yoast SEO Premium plugin v26.1 (Yoast SEO v27.0) - https:\/\/yoast.com\/product\/yoast-seo-premium-wordpress\/ -->\n<title>D\u00e9tention d\u2019armes l\u00e9g\u00e8res : Abdoulaye Barry et Ousmane Diallo condamn\u00e9s \u00e0 Conakry - guinee Conakry<\/title>\n<meta name=\"robots\" content=\"index, follow, max-snippet:-1, max-image-preview:large, max-video-preview:-1\" \/>\n<link rel=\"canonical\" href=\"https:\/\/www.africa-press.net\/guinee-conakry\/politique\/detention-darmes-legeres-abdoulaye-barry-et-ousmane-diallo-condamnes-a-conakry\" \/>\n<meta property=\"og:locale\" content=\"fr_FR\" \/>\n<meta property=\"og:type\" content=\"article\" \/>\n<meta property=\"og:title\" content=\"D\u00e9tention d\u2019armes l\u00e9g\u00e8res : Abdoulaye Barry et Ousmane Diallo condamn\u00e9s \u00e0 Conakry\" \/>\n<meta property=\"og:description\" content=\"Africa-Press &#8211; Guin\u00e9e. Le Tribunal correctionnel de Dixinn, de\u0301localise\u0301 a\u0300 la mairie de Ratoma, a condamne\u0301 ce mardi, 17 janvier 2023, Abdoulaye Barry et Ousmane Diallo. Les deux jeunes ont e\u0301te\u0301 reconnus coupables d\u2019associations de malfaiteurs et de de\u0301tention d\u2019une arme le\u0301ge\u0300re. En de\u0301tention depuis le 24 mai 2022, Abdoulaye Barry et Ousmane Diallo e\u0301taient [&hellip;]\" \/>\n<meta property=\"og:url\" content=\"https:\/\/www.africa-press.net\/guinee-conakry\/politique\/detention-darmes-legeres-abdoulaye-barry-et-ousmane-diallo-condamnes-a-conakry\" \/>\n<meta property=\"og:site_name\" content=\"guinee Conakry\" \/>\n<meta property=\"article:published_time\" content=\"2023-01-17T20:18:00+00:00\" \/>\n<meta name=\"author\" content=\"cfeditorfr\" \/>\n<meta name=\"twitter:card\" content=\"summary_large_image\" \/>\n<meta name=\"twitter:label1\" content=\"\u00c9crit par\" \/>\n\t<meta name=\"twitter:data1\" content=\"cfeditorfr\" \/>\n\t<meta name=\"twitter:label2\" content=\"Dur\u00e9e de lecture estim\u00e9e\" \/>\n\t<meta name=\"twitter:data2\" content=\"2 minutes\" \/>\n<script type=\"application\/ld+json\" class=\"yoast-schema-graph\">{\"@context\":\"https:\/\/schema.org\",\"@graph\":[{\"@type\":\"Article\",\"@id\":\"https:\/\/www.africa-press.net\/guinee-conakry\/politique\/detention-darmes-legeres-abdoulaye-barry-et-ousmane-diallo-condamnes-a-conakry#article\",\"isPartOf\":{\"@id\":\"https:\/\/www.africa-press.net\/guinee-conakry\/politique\/detention-darmes-legeres-abdoulaye-barry-et-ousmane-diallo-condamnes-a-conakry\"},\"author\":{\"name\":\"cfeditorfr\",\"@id\":\"https:\/\/www.africa-press.net\/guinee-conakry\/#\/schema\/person\/2b1cf3cd81a31e3cd26889ca66d677f1\"},\"headline\":\"D\u00e9tention d\u2019armes l\u00e9g\u00e8res : Abdoulaye Barry et Ousmane Diallo condamn\u00e9s \u00e0 Conakry\",\"datePublished\":\"2023-01-17T20:18:00+00:00\",\"mainEntityOfPage\":{\"@id\":\"https:\/\/www.africa-press.net\/guinee-conakry\/politique\/detention-darmes-legeres-abdoulaye-barry-et-ousmane-diallo-condamnes-a-conakry\"},\"wordCount\":476,\"commentCount\":0,\"image\":{\"@id\":\"https:\/\/www.africa-press.net\/guinee-conakry\/politique\/detention-darmes-legeres-abdoulaye-barry-et-ousmane-diallo-condamnes-a-conakry#primaryimage\"},\"thumbnailUrl\":\"https:\/\/static.africa-press.net\/conakry\/sites\/63\/2023\/01\/Jokar1673974080.762398.jpg\",\"keywords\":[\"Africa Press\",\"Africa Press-Guin\u00e9e\",\"Guin\u00e9e\"],\"articleSection\":[\"Communaut\u00e9\",\"Toutes les actualit\u00e9s\"],\"inLanguage\":\"fr-FR\",\"potentialAction\":[{\"@type\":\"CommentAction\",\"name\":\"Comment\",\"target\":[\"https:\/\/www.africa-press.net\/guinee-conakry\/politique\/detention-darmes-legeres-abdoulaye-barry-et-ousmane-diallo-condamnes-a-conakry#respond\"]}]},{\"@type\":\"WebPage\",\"@id\":\"https:\/\/www.africa-press.net\/guinee-conakry\/politique\/detention-darmes-legeres-abdoulaye-barry-et-ousmane-diallo-condamnes-a-conakry\",\"url\":\"https:\/\/www.africa-press.net\/guinee-conakry\/politique\/detention-darmes-legeres-abdoulaye-barry-et-ousmane-diallo-condamnes-a-conakry\",\"name\":\"D\u00e9tention d\u2019armes l\u00e9g\u00e8res : Abdoulaye Barry et Ousmane Diallo condamn\u00e9s \u00e0 Conakry - guinee Conakry\",\"isPartOf\":{\"@id\":\"https:\/\/www.africa-press.net\/guinee-conakry\/#website\"},\"primaryImageOfPage\":{\"@id\":\"https:\/\/www.africa-press.net\/guinee-conakry\/politique\/detention-darmes-legeres-abdoulaye-barry-et-ousmane-diallo-condamnes-a-conakry#primaryimage\"},\"image\":{\"@id\":\"https:\/\/www.africa-press.net\/guinee-conakry\/politique\/detention-darmes-legeres-abdoulaye-barry-et-ousmane-diallo-condamnes-a-conakry#primaryimage\"},\"thumbnailUrl\":\"https:\/\/static.africa-press.net\/conakry\/sites\/63\/2023\/01\/Jokar1673974080.762398.jpg\",\"datePublished\":\"2023-01-17T20:18:00+00:00\",\"author\":{\"@id\":\"https:\/\/www.africa-press.net\/guinee-conakry\/#\/schema\/person\/2b1cf3cd81a31e3cd26889ca66d677f1\"},\"breadcrumb\":{\"@id\":\"https:\/\/www.africa-press.net\/guinee-conakry\/politique\/detention-darmes-legeres-abdoulaye-barry-et-ousmane-diallo-condamnes-a-conakry#breadcrumb\"},\"inLanguage\":\"fr-FR\",\"potentialAction\":[{\"@type\":\"ReadAction\",\"target\":[\"https:\/\/www.africa-press.net\/guinee-conakry\/politique\/detention-darmes-legeres-abdoulaye-barry-et-ousmane-diallo-condamnes-a-conakry\"]}]},{\"@type\":\"ImageObject\",\"inLanguage\":\"fr-FR\",\"@id\":\"https:\/\/www.africa-press.net\/guinee-conakry\/politique\/detention-darmes-legeres-abdoulaye-barry-et-ousmane-diallo-condamnes-a-conakry#primaryimage\",\"url\":\"https:\/\/static.africa-press.net\/conakry\/sites\/63\/2023\/01\/Jokar1673974080.762398.jpg\",\"contentUrl\":\"https:\/\/static.africa-press.net\/conakry\/sites\/63\/2023\/01\/Jokar1673974080.762398.jpg\",\"width\":918,\"height\":682,\"caption\":\"D\u00e9tention d\u2019armes l\u00e9g\u00e8res : Abdoulaye Barry et Ousmane Diallo condamn\u00e9s \u00e0 Conakry\"},{\"@type\":\"BreadcrumbList\",\"@id\":\"https:\/\/www.africa-press.net\/guinee-conakry\/politique\/detention-darmes-legeres-abdoulaye-barry-et-ousmane-diallo-condamnes-a-conakry#breadcrumb\",\"itemListElement\":[{\"@type\":\"ListItem\",\"position\":1,\"name\":\"Accueil\",\"item\":\"https:\/\/www.africa-press.net\/guinee-conakry\/\"},{\"@type\":\"ListItem\",\"position\":2,\"name\":\"D\u00e9tention d\u2019armes l\u00e9g\u00e8res : Abdoulaye Barry et Ousmane Diallo condamn\u00e9s \u00e0 Conakry\"}]},{\"@type\":\"WebSite\",\"@id\":\"https:\/\/www.africa-press.net\/guinee-conakry\/#website\",\"url\":\"https:\/\/www.africa-press.net\/guinee-conakry\/\",\"name\":\"guinee Conakry\",\"description\":\"Just another Africa News Agency Sites site\",\"potentialAction\":[{\"@type\":\"SearchAction\",\"target\":{\"@type\":\"EntryPoint\",\"urlTemplate\":\"https:\/\/www.africa-press.net\/guinee-conakry\/?s={search_term_string}\"},\"query-input\":{\"@type\":\"PropertyValueSpecification\",\"valueRequired\":true,\"valueName\":\"search_term_string\"}}],\"inLanguage\":\"fr-FR\"},{\"@type\":\"Person\",\"@id\":\"https:\/\/www.africa-press.net\/guinee-conakry\/#\/schema\/person\/2b1cf3cd81a31e3cd26889ca66d677f1\",\"name\":\"cfeditorfr\"}]}<\/script>\n<!-- \/ Yoast SEO Premium plugin. -->","yoast_head_json":{"title":"D\u00e9tention d\u2019armes l\u00e9g\u00e8res : Abdoulaye Barry et Ousmane Diallo condamn\u00e9s \u00e0 Conakry - guinee Conakry","robots":{"index":"index","follow":"follow","max-snippet":"max-snippet:-1","max-image-preview":"max-image-preview:large","max-video-preview":"max-video-preview:-1"},"canonical":"https:\/\/www.africa-press.net\/guinee-conakry\/politique\/detention-darmes-legeres-abdoulaye-barry-et-ousmane-diallo-condamnes-a-conakry","og_locale":"fr_FR","og_type":"article","og_title":"D\u00e9tention d\u2019armes l\u00e9g\u00e8res : Abdoulaye Barry et Ousmane Diallo condamn\u00e9s \u00e0 Conakry","og_description":"Africa-Press &#8211; Guin\u00e9e. Le Tribunal correctionnel de Dixinn, de\u0301localise\u0301 a\u0300 la mairie de Ratoma, a condamne\u0301 ce mardi, 17 janvier 2023, Abdoulaye Barry et Ousmane Diallo. Les deux jeunes ont e\u0301te\u0301 reconnus coupables d\u2019associations de malfaiteurs et de de\u0301tention d\u2019une arme le\u0301ge\u0300re. En de\u0301tention depuis le 24 mai 2022, Abdoulaye Barry et Ousmane Diallo e\u0301taient [&hellip;]","og_url":"https:\/\/www.africa-press.net\/guinee-conakry\/politique\/detention-darmes-legeres-abdoulaye-barry-et-ousmane-diallo-condamnes-a-conakry","og_site_name":"guinee Conakry","article_published_time":"2023-01-17T20:18:00+00:00","author":"cfeditorfr","twitter_card":"summary_large_image","twitter_misc":{"\u00c9crit par":"cfeditorfr","Dur\u00e9e de lecture estim\u00e9e":"2 minutes"},"schema":{"@context":"https:\/\/schema.org","@graph":[{"@type":"Article","@id":"https:\/\/www.africa-press.net\/guinee-conakry\/politique\/detention-darmes-legeres-abdoulaye-barry-et-ousmane-diallo-condamnes-a-conakry#article","isPartOf":{"@id":"https:\/\/www.africa-press.net\/guinee-conakry\/politique\/detention-darmes-legeres-abdoulaye-barry-et-ousmane-diallo-condamnes-a-conakry"},"author":{"name":"cfeditorfr","@id":"https:\/\/www.africa-press.net\/guinee-conakry\/#\/schema\/person\/2b1cf3cd81a31e3cd26889ca66d677f1"},"headline":"D\u00e9tention d\u2019armes l\u00e9g\u00e8res : Abdoulaye Barry et Ousmane Diallo condamn\u00e9s \u00e0 Conakry","datePublished":"2023-01-17T20:18:00+00:00","mainEntityOfPage":{"@id":"https:\/\/www.africa-press.net\/guinee-conakry\/politique\/detention-darmes-legeres-abdoulaye-barry-et-ousmane-diallo-condamnes-a-conakry"},"wordCount":476,"commentCount":0,"image":{"@id":"https:\/\/www.africa-press.net\/guinee-conakry\/politique\/detention-darmes-legeres-abdoulaye-barry-et-ousmane-diallo-condamnes-a-conakry#primaryimage"},"thumbnailUrl":"https:\/\/static.africa-press.net\/conakry\/sites\/63\/2023\/01\/Jokar1673974080.762398.jpg","keywords":["Africa Press","Africa Press-Guin\u00e9e","Guin\u00e9e"],"articleSection":["Communaut\u00e9","Toutes les actualit\u00e9s"],"inLanguage":"fr-FR","potentialAction":[{"@type":"CommentAction","name":"Comment","target":["https:\/\/www.africa-press.net\/guinee-conakry\/politique\/detention-darmes-legeres-abdoulaye-barry-et-ousmane-diallo-condamnes-a-conakry#respond"]}]},{"@type":"WebPage","@id":"https:\/\/www.africa-press.net\/guinee-conakry\/politique\/detention-darmes-legeres-abdoulaye-barry-et-ousmane-diallo-condamnes-a-conakry","url":"https:\/\/www.africa-press.net\/guinee-conakry\/politique\/detention-darmes-legeres-abdoulaye-barry-et-ousmane-diallo-condamnes-a-conakry","name":"D\u00e9tention d\u2019armes l\u00e9g\u00e8res : Abdoulaye Barry et Ousmane Diallo condamn\u00e9s \u00e0 Conakry - guinee Conakry","isPartOf":{"@id":"https:\/\/www.africa-press.net\/guinee-conakry\/#website"},"primaryImageOfPage":{"@id":"https:\/\/www.africa-press.net\/guinee-conakry\/politique\/detention-darmes-legeres-abdoulaye-barry-et-ousmane-diallo-condamnes-a-conakry#primaryimage"},"image":{"@id":"https:\/\/www.africa-press.net\/guinee-conakry\/politique\/detention-darmes-legeres-abdoulaye-barry-et-ousmane-diallo-condamnes-a-conakry#primaryimage"},"thumbnailUrl":"https:\/\/static.africa-press.net\/conakry\/sites\/63\/2023\/01\/Jokar1673974080.762398.jpg","datePublished":"2023-01-17T20:18:00+00:00","author":{"@id":"https:\/\/www.africa-press.net\/guinee-conakry\/#\/schema\/person\/2b1cf3cd81a31e3cd26889ca66d677f1"},"breadcrumb":{"@id":"https:\/\/www.africa-press.net\/guinee-conakry\/politique\/detention-darmes-legeres-abdoulaye-barry-et-ousmane-diallo-condamnes-a-conakry#breadcrumb"},"inLanguage":"fr-FR","potentialAction":[{"@type":"ReadAction","target":["https:\/\/www.africa-press.net\/guinee-conakry\/politique\/detention-darmes-legeres-abdoulaye-barry-et-ousmane-diallo-condamnes-a-conakry"]}]},{"@type":"ImageObject","inLanguage":"fr-FR","@id":"https:\/\/www.africa-press.net\/guinee-conakry\/politique\/detention-darmes-legeres-abdoulaye-barry-et-ousmane-diallo-condamnes-a-conakry#primaryimage","url":"https:\/\/static.africa-press.net\/conakry\/sites\/63\/2023\/01\/Jokar1673974080.762398.jpg","contentUrl":"https:\/\/static.africa-press.net\/conakry\/sites\/63\/2023\/01\/Jokar1673974080.762398.jpg","width":918,"height":682,"caption":"D\u00e9tention d\u2019armes l\u00e9g\u00e8res : Abdoulaye Barry et Ousmane Diallo condamn\u00e9s \u00e0 Conakry"},{"@type":"BreadcrumbList","@id":"https:\/\/www.africa-press.net\/guinee-conakry\/politique\/detention-darmes-legeres-abdoulaye-barry-et-ousmane-diallo-condamnes-a-conakry#breadcrumb","itemListElement":[{"@type":"ListItem","position":1,"name":"Accueil","item":"https:\/\/www.africa-press.net\/guinee-conakry\/"},{"@type":"ListItem","position":2,"name":"D\u00e9tention d\u2019armes l\u00e9g\u00e8res : Abdoulaye Barry et Ousmane Diallo condamn\u00e9s \u00e0 Conakry"}]},{"@type":"WebSite","@id":"https:\/\/www.africa-press.net\/guinee-conakry\/#website","url":"https:\/\/www.africa-press.net\/guinee-conakry\/","name":"guinee Conakry","description":"Just another Africa News Agency Sites site","potentialAction":[{"@type":"SearchAction","target":{"@type":"EntryPoint","urlTemplate":"https:\/\/www.africa-press.net\/guinee-conakry\/?s={search_term_string}"},"query-input":{"@type":"PropertyValueSpecification","valueRequired":true,"valueName":"search_term_string"}}],"inLanguage":"fr-FR"},{"@type":"Person","@id":"https:\/\/www.africa-press.net\/guinee-conakry\/#\/schema\/person\/2b1cf3cd81a31e3cd26889ca66d677f1","name":"cfeditorfr"}]}},"_links":{"self":[{"href":"https:\/\/www.africa-press.net\/guinee-conakry\/wp-json\/wp\/v2\/posts\/11426","targetHints":{"allow":["GET"]}}],"collection":[{"href":"https:\/\/www.africa-press.net\/guinee-conakry\/wp-json\/wp\/v2\/posts"}],"about":[{"href":"https:\/\/www.africa-press.net\/guinee-conakry\/wp-json\/wp\/v2\/types\/post"}],"author":[{"embeddable":true,"href":"https:\/\/www.africa-press.net\/guinee-conakry\/wp-json\/wp\/v2\/users\/82"}],"replies":[{"embeddable":true,"href":"https:\/\/www.africa-press.net\/guinee-conakry\/wp-json\/wp\/v2\/comments?post=11426"}],"version-history":[{"count":0,"href":"https:\/\/www.africa-press.net\/guinee-conakry\/wp-json\/wp\/v2\/posts\/11426\/revisions"}],"wp:featuredmedia":[{"embeddable":true,"href":"https:\/\/www.africa-press.net\/guinee-conakry\/wp-json\/wp\/v2\/media\/11425"}],"wp:attachment":[{"href":"https:\/\/www.africa-press.net\/guinee-conakry\/wp-json\/wp\/v2\/media?parent=11426"}],"wp:term":[{"taxonomy":"category","embeddable":true,"href":"https:\/\/www.africa-press.net\/guinee-conakry\/wp-json\/wp\/v2\/categories?post=11426"},{"taxonomy":"post_tag","embeddable":true,"href":"https:\/\/www.africa-press.net\/guinee-conakry\/wp-json\/wp\/v2\/tags?post=11426"}],"curies":[{"name":"wp","href":"https:\/\/api.w.org\/{rel}","templated":true}]}}