{"id":11428,"date":"2023-01-17T20:25:00","date_gmt":"2023-01-17T20:25:00","guid":{"rendered":"https:\/\/www.africa-press.net\/guinee-conakry\/politique\/capitaine-dadis-camara-au-proces-du-28-septembre-je-ne-suis-pas-alle-a-marocana"},"modified":"2023-01-17T20:25:00","modified_gmt":"2023-01-17T20:25:00","slug":"capitaine-dadis-camara-au-proces-du-28-septembre-je-ne-suis-pas-alle-a-marocana","status":"publish","type":"post","link":"https:\/\/www.africa-press.net\/guinee-conakry\/politique\/capitaine-dadis-camara-au-proces-du-28-septembre-je-ne-suis-pas-alle-a-marocana","title":{"rendered":"Capitaine Dadis Camara au proc\u00e8s du 28 septembre : \u00ab\u00a0je ne suis pas all\u00e9 \u00e0 Marocana\u00a0\u00bb"},"content":{"rendered":"<p><span style=\"color: #ff6600\"><strong>Africa-Press &#8211; Guin\u00e9e. <\/strong><\/span>Apre\u0300s plus d\u2019une heure de pause, le capitaine Moussa Dadis Camara est revenu a\u0300 la barre dans l\u2019apre\u0300s-midi de ce mardi, 17 janvier 2023. C\u2019est Mai\u0302tre Pe\u0301pe\u0301 Antoine Lamah, l\u2019un des avocats de l\u2019ex chef de la junte guine\u0301enne du CNDD, qui a repris la parole pour continuer d\u2019interroger son client.<\/p>\n<p>Comme on le sait, hier, lundi 16 janvier 2023, mai\u0302tre Paul Yomba Kourouma avait surpris l\u2019opinion en annonc\u0327ant que le capitaine Moussa Dadis Camara e\u0301tait sorti du camp Alpha Yaya Diallo pour se rendre au stade du 28 septembre le jour du massacre. L\u2019avocat du commandant Toumba Diakite\u0301 en avait profite\u0301 pour accuser l\u2019ex chef de la junte d\u2019e\u0302tre le concepteur et le mai\u0302tre d\u2019\u0153uvre de ces crimes qui ont emporte\u0301 plus de 157 de nos compatriotes. L\u2019avocat de Toumba Diakite\u0301 avait alors accuse\u0301 Moussa Dadis Camara d\u2019e\u0302tre alle\u0301 a\u0300 Marocana (pre\u0300s du stade) d\u2019ou\u0300 il aurait te\u0301le\u0301guide\u0301 l\u2019exe\u0301cution du massacre ce 28 septembre 2009.<\/p>\n<p>A\u0300 en croire Me Paul Yomba Kourouma, le Capitaine Moussa Dadis Camara avait cre\u0301e\u0301 une issue de\u0301robe\u0301e dans le ba\u0302timent qu\u2019il occupait au camp Alpha Yaya Diallo et qu\u2019il pouvait s\u2019y engouffrer, sortir, aller ou\u0300 il voulait et revenir dans son bureau (ou dans sa chambre) sans que sa garde (et Toumba Diakite\u0301 en particulier) n\u2019en sache grand-chose !<\/p>\n<p>Une \u00ab re\u0301ve\u0301lation \u00bb balaye\u0301e du revers de la main par Dadis Camara et ses conseils. C\u2019est d\u2019ailleurs dans ce cadre que mai\u0302tre Pe\u0301pe\u0301 Antoine Lama a interroge\u0301 ce mardi son client a\u0300 ce sujet.<\/p>\n<p>Interroge\u0301 sur sa pre\u0301sence e\u0301ventuelle a\u0300 Marocana, pre\u0300s du stade du 28 septembre au moment ou\u0300 les crimes se commettaient, Dadis Camara estime que l\u2019avocat de Toumba Diakite\u0301 se fabrique une strate\u0301gie de de\u0301fense. \u00ab C\u0327a n\u2019a aucun sens ! Ce n\u2019est me\u0302me pas lie\u0301 a\u0300 un proble\u0300me de responsabilite\u0301 et c\u0327a n\u2019a absolument rien a\u0300 voir. Cette issue, j\u2019affirme et je confirme que l\u2019issue a e\u0301te\u0301 faite directement apre\u0300s que j\u2019ai renonce\u0301 au palais Se\u0301koutoure\u0301ya&#8230; Cette issue, c\u2019e\u0301tait bien avant la prise du pouvoir. C\u0327a n\u2019a rien a\u0300 voir avec la strate\u0301gie de maitre Paul Yomba pour justifier que je suis sorti du camp pour aller a\u0300 Marocana. Je ne pouvais pas sortir a\u0300 cette e\u0301poque inaperc\u0327u \u00bb, a explique\u0301 l\u2019accuse\u0301.<\/p>\n<p>Apre\u0300s maitre Pe\u0301pe\u0301 Antoine Lama, c\u2019est mai\u0302tre Pe\u0301pe\u0301 Koule\u0301mou, un autre avocat du capitaine Moussa Dadis Camara, qui a pris la parole pour interroger son client. Mais, moins de deux heures apre\u0300s la reprise du proce\u0300s, un autre avocat a signale\u0301 que l\u2019accuse\u0301 ressentait de la fatigue. Et, l\u2019audience a donc e\u0301te\u0301 renvoye\u0301e a\u0300 demain, mercredi 18 janvier 2023.<\/p>\n<p><strong>Pour plus d&rsquo;informations et d&rsquo;analyses sur la <a href=\"https:\/\/www.africa-press.net\/guinee-conakry\">Guin\u00e9e<\/a>, suivez <a href=\"https:\/\/www.africa-press.net\/\">Africa-Press<\/a><\/strong><\/p>\n","protected":false},"excerpt":{"rendered":"<p>Africa-Press &#8211; Guin\u00e9e. Apre\u0300s plus d\u2019une heure de pause, le capitaine Moussa Dadis Camara est revenu a\u0300 la barre dans l\u2019apre\u0300s-midi de ce mardi, 17 janvier 2023. C\u2019est Mai\u0302tre Pe\u0301pe\u0301 Antoine Lamah, l\u2019un des avocats de l\u2019ex chef de la junte guine\u0301enne du CNDD, qui a repris la parole pour continuer d\u2019interroger son client. Comme [&hellip;]<\/p>\n","protected":false},"author":82,"featured_media":11427,"comment_status":"open","ping_status":"closed","sticky":false,"template":"","format":"standard","meta":{"footnotes":""},"categories":[2,20,10],"tags":[36,57,58],"class_list":["post-11428","post","type-post","status-publish","format-standard","has-post-thumbnail","hentry","category-politique","category-top-nouvelles","category-toutes-les-actualites","tag-africa-press","tag-africa-press-guinee","tag-guinee"],"yoast_head":"<!-- This site is optimized with the Yoast SEO Premium plugin v26.1 (Yoast SEO v27.0) - https:\/\/yoast.com\/product\/yoast-seo-premium-wordpress\/ -->\n<title>Capitaine Dadis Camara au proc\u00e8s du 28 septembre : \u00ab\u00a0je ne suis pas all\u00e9 \u00e0 Marocana\u00a0\u00bb - guinee Conakry<\/title>\n<meta name=\"robots\" content=\"index, follow, max-snippet:-1, max-image-preview:large, max-video-preview:-1\" \/>\n<link rel=\"canonical\" href=\"https:\/\/www.africa-press.net\/guinee-conakry\/politique\/capitaine-dadis-camara-au-proces-du-28-septembre-je-ne-suis-pas-alle-a-marocana\" \/>\n<meta property=\"og:locale\" content=\"fr_FR\" \/>\n<meta property=\"og:type\" content=\"article\" \/>\n<meta property=\"og:title\" content=\"Capitaine Dadis Camara au proc\u00e8s du 28 septembre : \u00ab\u00a0je ne suis pas all\u00e9 \u00e0 Marocana\u00a0\u00bb\" \/>\n<meta property=\"og:description\" content=\"Africa-Press &#8211; Guin\u00e9e. Apre\u0300s plus d\u2019une heure de pause, le capitaine Moussa Dadis Camara est revenu a\u0300 la barre dans l\u2019apre\u0300s-midi de ce mardi, 17 janvier 2023. C\u2019est Mai\u0302tre Pe\u0301pe\u0301 Antoine Lamah, l\u2019un des avocats de l\u2019ex chef de la junte guine\u0301enne du CNDD, qui a repris la parole pour continuer d\u2019interroger son client. Comme [&hellip;]\" \/>\n<meta property=\"og:url\" content=\"https:\/\/www.africa-press.net\/guinee-conakry\/politique\/capitaine-dadis-camara-au-proces-du-28-septembre-je-ne-suis-pas-alle-a-marocana\" \/>\n<meta property=\"og:site_name\" content=\"guinee Conakry\" \/>\n<meta property=\"article:published_time\" content=\"2023-01-17T20:25:00+00:00\" \/>\n<meta name=\"author\" content=\"cfeditorfr\" \/>\n<meta name=\"twitter:card\" content=\"summary_large_image\" \/>\n<meta name=\"twitter:label1\" content=\"\u00c9crit par\" \/>\n\t<meta name=\"twitter:data1\" content=\"cfeditorfr\" \/>\n\t<meta name=\"twitter:label2\" content=\"Dur\u00e9e de lecture estim\u00e9e\" \/>\n\t<meta name=\"twitter:data2\" content=\"3 minutes\" \/>\n<script type=\"application\/ld+json\" class=\"yoast-schema-graph\">{\"@context\":\"https:\/\/schema.org\",\"@graph\":[{\"@type\":\"Article\",\"@id\":\"https:\/\/www.africa-press.net\/guinee-conakry\/politique\/capitaine-dadis-camara-au-proces-du-28-septembre-je-ne-suis-pas-alle-a-marocana#article\",\"isPartOf\":{\"@id\":\"https:\/\/www.africa-press.net\/guinee-conakry\/politique\/capitaine-dadis-camara-au-proces-du-28-septembre-je-ne-suis-pas-alle-a-marocana\"},\"author\":{\"name\":\"cfeditorfr\",\"@id\":\"https:\/\/www.africa-press.net\/guinee-conakry\/#\/schema\/person\/2b1cf3cd81a31e3cd26889ca66d677f1\"},\"headline\":\"Capitaine Dadis Camara au proc\u00e8s du 28 septembre : \u00ab\u00a0je ne suis pas all\u00e9 \u00e0 Marocana\u00a0\u00bb\",\"datePublished\":\"2023-01-17T20:25:00+00:00\",\"mainEntityOfPage\":{\"@id\":\"https:\/\/www.africa-press.net\/guinee-conakry\/politique\/capitaine-dadis-camara-au-proces-du-28-septembre-je-ne-suis-pas-alle-a-marocana\"},\"wordCount\":530,\"commentCount\":0,\"image\":{\"@id\":\"https:\/\/www.africa-press.net\/guinee-conakry\/politique\/capitaine-dadis-camara-au-proces-du-28-septembre-je-ne-suis-pas-alle-a-marocana#primaryimage\"},\"thumbnailUrl\":\"https:\/\/static.africa-press.net\/conakry\/sites\/63\/2023\/01\/Jokar1673974513.663034.jpg\",\"keywords\":[\"Africa Press\",\"Africa Press-Guin\u00e9e\",\"Guin\u00e9e\"],\"articleSection\":[\"Politique\",\"Top Nouvelles\",\"Toutes les actualit\u00e9s\"],\"inLanguage\":\"fr-FR\",\"potentialAction\":[{\"@type\":\"CommentAction\",\"name\":\"Comment\",\"target\":[\"https:\/\/www.africa-press.net\/guinee-conakry\/politique\/capitaine-dadis-camara-au-proces-du-28-septembre-je-ne-suis-pas-alle-a-marocana#respond\"]}]},{\"@type\":\"WebPage\",\"@id\":\"https:\/\/www.africa-press.net\/guinee-conakry\/politique\/capitaine-dadis-camara-au-proces-du-28-septembre-je-ne-suis-pas-alle-a-marocana\",\"url\":\"https:\/\/www.africa-press.net\/guinee-conakry\/politique\/capitaine-dadis-camara-au-proces-du-28-septembre-je-ne-suis-pas-alle-a-marocana\",\"name\":\"Capitaine Dadis Camara au proc\u00e8s du 28 septembre : \u00ab\u00a0je ne suis pas all\u00e9 \u00e0 Marocana\u00a0\u00bb - guinee Conakry\",\"isPartOf\":{\"@id\":\"https:\/\/www.africa-press.net\/guinee-conakry\/#website\"},\"primaryImageOfPage\":{\"@id\":\"https:\/\/www.africa-press.net\/guinee-conakry\/politique\/capitaine-dadis-camara-au-proces-du-28-septembre-je-ne-suis-pas-alle-a-marocana#primaryimage\"},\"image\":{\"@id\":\"https:\/\/www.africa-press.net\/guinee-conakry\/politique\/capitaine-dadis-camara-au-proces-du-28-septembre-je-ne-suis-pas-alle-a-marocana#primaryimage\"},\"thumbnailUrl\":\"https:\/\/static.africa-press.net\/conakry\/sites\/63\/2023\/01\/Jokar1673974513.663034.jpg\",\"datePublished\":\"2023-01-17T20:25:00+00:00\",\"author\":{\"@id\":\"https:\/\/www.africa-press.net\/guinee-conakry\/#\/schema\/person\/2b1cf3cd81a31e3cd26889ca66d677f1\"},\"breadcrumb\":{\"@id\":\"https:\/\/www.africa-press.net\/guinee-conakry\/politique\/capitaine-dadis-camara-au-proces-du-28-septembre-je-ne-suis-pas-alle-a-marocana#breadcrumb\"},\"inLanguage\":\"fr-FR\",\"potentialAction\":[{\"@type\":\"ReadAction\",\"target\":[\"https:\/\/www.africa-press.net\/guinee-conakry\/politique\/capitaine-dadis-camara-au-proces-du-28-septembre-je-ne-suis-pas-alle-a-marocana\"]}]},{\"@type\":\"ImageObject\",\"inLanguage\":\"fr-FR\",\"@id\":\"https:\/\/www.africa-press.net\/guinee-conakry\/politique\/capitaine-dadis-camara-au-proces-du-28-septembre-je-ne-suis-pas-alle-a-marocana#primaryimage\",\"url\":\"https:\/\/static.africa-press.net\/conakry\/sites\/63\/2023\/01\/Jokar1673974513.663034.jpg\",\"contentUrl\":\"https:\/\/static.africa-press.net\/conakry\/sites\/63\/2023\/01\/Jokar1673974513.663034.jpg\",\"width\":861,\"height\":682,\"caption\":\"Capitaine Dadis Camara au proc\u00e8s du 28 septembre : \u00ab\u00a0je ne suis pas all\u00e9 \u00e0 Marocana\u00a0\u00bb\"},{\"@type\":\"BreadcrumbList\",\"@id\":\"https:\/\/www.africa-press.net\/guinee-conakry\/politique\/capitaine-dadis-camara-au-proces-du-28-septembre-je-ne-suis-pas-alle-a-marocana#breadcrumb\",\"itemListElement\":[{\"@type\":\"ListItem\",\"position\":1,\"name\":\"Accueil\",\"item\":\"https:\/\/www.africa-press.net\/guinee-conakry\/\"},{\"@type\":\"ListItem\",\"position\":2,\"name\":\"Capitaine Dadis Camara au proc\u00e8s du 28 septembre : \u00ab\u00a0je ne suis pas all\u00e9 \u00e0 Marocana\u00a0\u00bb\"}]},{\"@type\":\"WebSite\",\"@id\":\"https:\/\/www.africa-press.net\/guinee-conakry\/#website\",\"url\":\"https:\/\/www.africa-press.net\/guinee-conakry\/\",\"name\":\"guinee Conakry\",\"description\":\"Just another Africa News Agency Sites site\",\"potentialAction\":[{\"@type\":\"SearchAction\",\"target\":{\"@type\":\"EntryPoint\",\"urlTemplate\":\"https:\/\/www.africa-press.net\/guinee-conakry\/?s={search_term_string}\"},\"query-input\":{\"@type\":\"PropertyValueSpecification\",\"valueRequired\":true,\"valueName\":\"search_term_string\"}}],\"inLanguage\":\"fr-FR\"},{\"@type\":\"Person\",\"@id\":\"https:\/\/www.africa-press.net\/guinee-conakry\/#\/schema\/person\/2b1cf3cd81a31e3cd26889ca66d677f1\",\"name\":\"cfeditorfr\"}]}<\/script>\n<!-- \/ Yoast SEO Premium plugin. -->","yoast_head_json":{"title":"Capitaine Dadis Camara au proc\u00e8s du 28 septembre : \u00ab\u00a0je ne suis pas all\u00e9 \u00e0 Marocana\u00a0\u00bb - guinee Conakry","robots":{"index":"index","follow":"follow","max-snippet":"max-snippet:-1","max-image-preview":"max-image-preview:large","max-video-preview":"max-video-preview:-1"},"canonical":"https:\/\/www.africa-press.net\/guinee-conakry\/politique\/capitaine-dadis-camara-au-proces-du-28-septembre-je-ne-suis-pas-alle-a-marocana","og_locale":"fr_FR","og_type":"article","og_title":"Capitaine Dadis Camara au proc\u00e8s du 28 septembre : \u00ab\u00a0je ne suis pas all\u00e9 \u00e0 Marocana\u00a0\u00bb","og_description":"Africa-Press &#8211; Guin\u00e9e. Apre\u0300s plus d\u2019une heure de pause, le capitaine Moussa Dadis Camara est revenu a\u0300 la barre dans l\u2019apre\u0300s-midi de ce mardi, 17 janvier 2023. C\u2019est Mai\u0302tre Pe\u0301pe\u0301 Antoine Lamah, l\u2019un des avocats de l\u2019ex chef de la junte guine\u0301enne du CNDD, qui a repris la parole pour continuer d\u2019interroger son client. Comme [&hellip;]","og_url":"https:\/\/www.africa-press.net\/guinee-conakry\/politique\/capitaine-dadis-camara-au-proces-du-28-septembre-je-ne-suis-pas-alle-a-marocana","og_site_name":"guinee Conakry","article_published_time":"2023-01-17T20:25:00+00:00","author":"cfeditorfr","twitter_card":"summary_large_image","twitter_misc":{"\u00c9crit par":"cfeditorfr","Dur\u00e9e de lecture estim\u00e9e":"3 minutes"},"schema":{"@context":"https:\/\/schema.org","@graph":[{"@type":"Article","@id":"https:\/\/www.africa-press.net\/guinee-conakry\/politique\/capitaine-dadis-camara-au-proces-du-28-septembre-je-ne-suis-pas-alle-a-marocana#article","isPartOf":{"@id":"https:\/\/www.africa-press.net\/guinee-conakry\/politique\/capitaine-dadis-camara-au-proces-du-28-septembre-je-ne-suis-pas-alle-a-marocana"},"author":{"name":"cfeditorfr","@id":"https:\/\/www.africa-press.net\/guinee-conakry\/#\/schema\/person\/2b1cf3cd81a31e3cd26889ca66d677f1"},"headline":"Capitaine Dadis Camara au proc\u00e8s du 28 septembre : \u00ab\u00a0je ne suis pas all\u00e9 \u00e0 Marocana\u00a0\u00bb","datePublished":"2023-01-17T20:25:00+00:00","mainEntityOfPage":{"@id":"https:\/\/www.africa-press.net\/guinee-conakry\/politique\/capitaine-dadis-camara-au-proces-du-28-septembre-je-ne-suis-pas-alle-a-marocana"},"wordCount":530,"commentCount":0,"image":{"@id":"https:\/\/www.africa-press.net\/guinee-conakry\/politique\/capitaine-dadis-camara-au-proces-du-28-septembre-je-ne-suis-pas-alle-a-marocana#primaryimage"},"thumbnailUrl":"https:\/\/static.africa-press.net\/conakry\/sites\/63\/2023\/01\/Jokar1673974513.663034.jpg","keywords":["Africa Press","Africa Press-Guin\u00e9e","Guin\u00e9e"],"articleSection":["Politique","Top Nouvelles","Toutes les actualit\u00e9s"],"inLanguage":"fr-FR","potentialAction":[{"@type":"CommentAction","name":"Comment","target":["https:\/\/www.africa-press.net\/guinee-conakry\/politique\/capitaine-dadis-camara-au-proces-du-28-septembre-je-ne-suis-pas-alle-a-marocana#respond"]}]},{"@type":"WebPage","@id":"https:\/\/www.africa-press.net\/guinee-conakry\/politique\/capitaine-dadis-camara-au-proces-du-28-septembre-je-ne-suis-pas-alle-a-marocana","url":"https:\/\/www.africa-press.net\/guinee-conakry\/politique\/capitaine-dadis-camara-au-proces-du-28-septembre-je-ne-suis-pas-alle-a-marocana","name":"Capitaine Dadis Camara au proc\u00e8s du 28 septembre : \u00ab\u00a0je ne suis pas all\u00e9 \u00e0 Marocana\u00a0\u00bb - guinee Conakry","isPartOf":{"@id":"https:\/\/www.africa-press.net\/guinee-conakry\/#website"},"primaryImageOfPage":{"@id":"https:\/\/www.africa-press.net\/guinee-conakry\/politique\/capitaine-dadis-camara-au-proces-du-28-septembre-je-ne-suis-pas-alle-a-marocana#primaryimage"},"image":{"@id":"https:\/\/www.africa-press.net\/guinee-conakry\/politique\/capitaine-dadis-camara-au-proces-du-28-septembre-je-ne-suis-pas-alle-a-marocana#primaryimage"},"thumbnailUrl":"https:\/\/static.africa-press.net\/conakry\/sites\/63\/2023\/01\/Jokar1673974513.663034.jpg","datePublished":"2023-01-17T20:25:00+00:00","author":{"@id":"https:\/\/www.africa-press.net\/guinee-conakry\/#\/schema\/person\/2b1cf3cd81a31e3cd26889ca66d677f1"},"breadcrumb":{"@id":"https:\/\/www.africa-press.net\/guinee-conakry\/politique\/capitaine-dadis-camara-au-proces-du-28-septembre-je-ne-suis-pas-alle-a-marocana#breadcrumb"},"inLanguage":"fr-FR","potentialAction":[{"@type":"ReadAction","target":["https:\/\/www.africa-press.net\/guinee-conakry\/politique\/capitaine-dadis-camara-au-proces-du-28-septembre-je-ne-suis-pas-alle-a-marocana"]}]},{"@type":"ImageObject","inLanguage":"fr-FR","@id":"https:\/\/www.africa-press.net\/guinee-conakry\/politique\/capitaine-dadis-camara-au-proces-du-28-septembre-je-ne-suis-pas-alle-a-marocana#primaryimage","url":"https:\/\/static.africa-press.net\/conakry\/sites\/63\/2023\/01\/Jokar1673974513.663034.jpg","contentUrl":"https:\/\/static.africa-press.net\/conakry\/sites\/63\/2023\/01\/Jokar1673974513.663034.jpg","width":861,"height":682,"caption":"Capitaine Dadis Camara au proc\u00e8s du 28 septembre : \u00ab\u00a0je ne suis pas all\u00e9 \u00e0 Marocana\u00a0\u00bb"},{"@type":"BreadcrumbList","@id":"https:\/\/www.africa-press.net\/guinee-conakry\/politique\/capitaine-dadis-camara-au-proces-du-28-septembre-je-ne-suis-pas-alle-a-marocana#breadcrumb","itemListElement":[{"@type":"ListItem","position":1,"name":"Accueil","item":"https:\/\/www.africa-press.net\/guinee-conakry\/"},{"@type":"ListItem","position":2,"name":"Capitaine Dadis Camara au proc\u00e8s du 28 septembre : \u00ab\u00a0je ne suis pas all\u00e9 \u00e0 Marocana\u00a0\u00bb"}]},{"@type":"WebSite","@id":"https:\/\/www.africa-press.net\/guinee-conakry\/#website","url":"https:\/\/www.africa-press.net\/guinee-conakry\/","name":"guinee Conakry","description":"Just another Africa News Agency Sites site","potentialAction":[{"@type":"SearchAction","target":{"@type":"EntryPoint","urlTemplate":"https:\/\/www.africa-press.net\/guinee-conakry\/?s={search_term_string}"},"query-input":{"@type":"PropertyValueSpecification","valueRequired":true,"valueName":"search_term_string"}}],"inLanguage":"fr-FR"},{"@type":"Person","@id":"https:\/\/www.africa-press.net\/guinee-conakry\/#\/schema\/person\/2b1cf3cd81a31e3cd26889ca66d677f1","name":"cfeditorfr"}]}},"_links":{"self":[{"href":"https:\/\/www.africa-press.net\/guinee-conakry\/wp-json\/wp\/v2\/posts\/11428","targetHints":{"allow":["GET"]}}],"collection":[{"href":"https:\/\/www.africa-press.net\/guinee-conakry\/wp-json\/wp\/v2\/posts"}],"about":[{"href":"https:\/\/www.africa-press.net\/guinee-conakry\/wp-json\/wp\/v2\/types\/post"}],"author":[{"embeddable":true,"href":"https:\/\/www.africa-press.net\/guinee-conakry\/wp-json\/wp\/v2\/users\/82"}],"replies":[{"embeddable":true,"href":"https:\/\/www.africa-press.net\/guinee-conakry\/wp-json\/wp\/v2\/comments?post=11428"}],"version-history":[{"count":0,"href":"https:\/\/www.africa-press.net\/guinee-conakry\/wp-json\/wp\/v2\/posts\/11428\/revisions"}],"wp:featuredmedia":[{"embeddable":true,"href":"https:\/\/www.africa-press.net\/guinee-conakry\/wp-json\/wp\/v2\/media\/11427"}],"wp:attachment":[{"href":"https:\/\/www.africa-press.net\/guinee-conakry\/wp-json\/wp\/v2\/media?parent=11428"}],"wp:term":[{"taxonomy":"category","embeddable":true,"href":"https:\/\/www.africa-press.net\/guinee-conakry\/wp-json\/wp\/v2\/categories?post=11428"},{"taxonomy":"post_tag","embeddable":true,"href":"https:\/\/www.africa-press.net\/guinee-conakry\/wp-json\/wp\/v2\/tags?post=11428"}],"curies":[{"name":"wp","href":"https:\/\/api.w.org\/{rel}","templated":true}]}}