{"id":11430,"date":"2023-01-17T20:28:00","date_gmt":"2023-01-17T20:28:00","guid":{"rendered":"https:\/\/www.africa-press.net\/guinee-conakry\/politique\/cour-dappel-de-conakry-les-autorisations-de-voyage-de-fode-oussou-et-mamadou-sylla-annulees"},"modified":"2023-01-17T20:28:00","modified_gmt":"2023-01-17T20:28:00","slug":"cour-dappel-de-conakry-les-autorisations-de-voyage-de-fode-oussou-et-mamadou-sylla-annulees","status":"publish","type":"post","link":"https:\/\/www.africa-press.net\/guinee-conakry\/politique\/cour-dappel-de-conakry-les-autorisations-de-voyage-de-fode-oussou-et-mamadou-sylla-annulees","title":{"rendered":"Cour d\u2019Appel de Conakry : les autorisations de voyage de Fod\u00e9 Oussou et Mamadou Sylla annul\u00e9es !"},"content":{"rendered":"<p><span style=\"color: #ff6600\"><strong>Africa-Press &#8211; Guin\u00e9e. <\/strong><\/span>C\u2019est une mauvaise nouvelle pour Dr Fode\u0301 Oussou Fofana (vice-pre\u0301sident de l\u2019UFDG) et Elhadj Mamadou Sylla (pre\u0301sident de l\u2019UDG). La deuxie\u0300me chambre de contro\u0302le de l\u2019instruction de la Cour d\u2019Appel de Conakry a, dans un arre\u0302t rendu ce mardi, 17 janvier 2023, annule\u0301 leurs autorisations de voyage. Ladite chambre a aussi ordonne\u0301 leur maintien sur le territoire guine\u0301en, conforme\u0301ment a\u0300 l\u2019ordonnance de leur placement sous contro\u0302le judiciaire.<\/p>\n<p>Ces deux hommes politiques (Dr Fode\u0301 Oussou Fofana et Elhadj Mamadou Sylla) sont sous contro\u0302le judiciaire depuis le 27 octobre 2022. Ils sont accuse\u0301s, avec d\u2019autres acteurs politiques, de \u00ab destruction de biens publics et prive\u0301s, coups et blessures volontaires, participation de\u0301lictueuse a\u0300 un attroupement, outrage a\u0300 agent et complicite\u0301 \u00bb.<\/p>\n<p>Au mois de de\u0301cembre dernier, Dr Fode\u0301 Oussou Fofana et Elhadj Mamadou Sylla ont obtenu des autorisations de voyage. Ces autorisations leur avaient e\u0301te\u0301 donne\u0301es par le doyen des juges d\u2019instruction du tribunal de premie\u0300re instance de Dixinn. Mais, le parquet de cette juridiction a fait appel de cette de\u0301cision du magistrat instructeur. Et, le dossier a e\u0301te\u0301 transfe\u0301re\u0301 a\u0300 la Cour d\u2019Appel de Conakry ou\u0300 il a atterri a\u0300 la deuxie\u0300me chambre de contro\u0302le de l\u2019instruction. Ladite chambre a rendu sa de\u0301cision ce mardi ; et, malheureusement pour Dr Fode\u0301 Oussou Fofana et Elhadj Mamadou Sylla, elle a annule\u0301 leurs autorisations de voyage.<\/p>\n<p>Par ailleurs, la chambre de contro\u0302le de l\u2019instruction de la Cour d\u2019Appel de Conakry a ordonne\u0301 le maintien de Dr Fode\u0301 Oussou Fofana et Elhadj Mamadou Sylla sur le territoire guine\u0301en, conforme\u0301ment a\u0300 l\u2019ordonnance de leur placement sous contro\u0302le judiciaire.<\/p>\n<p><strong>Pour plus d&rsquo;informations et d&rsquo;analyses sur la <a href=\"https:\/\/www.africa-press.net\/guinee-conakry\">Guin\u00e9e<\/a>, suivez <a href=\"https:\/\/www.africa-press.net\/\">Africa-Press<\/a><\/strong><\/p>\n","protected":false},"excerpt":{"rendered":"<p>Africa-Press &#8211; Guin\u00e9e. C\u2019est une mauvaise nouvelle pour Dr Fode\u0301 Oussou Fofana (vice-pre\u0301sident de l\u2019UFDG) et Elhadj Mamadou Sylla (pre\u0301sident de l\u2019UDG). La deuxie\u0300me chambre de contro\u0302le de l\u2019instruction de la Cour d\u2019Appel de Conakry a, dans un arre\u0302t rendu ce mardi, 17 janvier 2023, annule\u0301 leurs autorisations de voyage. Ladite chambre a aussi ordonne\u0301 [&hellip;]<\/p>\n","protected":false},"author":82,"featured_media":11429,"comment_status":"open","ping_status":"closed","sticky":false,"template":"","format":"standard","meta":{"footnotes":""},"categories":[2,20,10],"tags":[36,57,58],"class_list":["post-11430","post","type-post","status-publish","format-standard","has-post-thumbnail","hentry","category-politique","category-top-nouvelles","category-toutes-les-actualites","tag-africa-press","tag-africa-press-guinee","tag-guinee"],"yoast_head":"<!-- This site is optimized with the Yoast SEO Premium plugin v26.1 (Yoast SEO v27.0) - https:\/\/yoast.com\/product\/yoast-seo-premium-wordpress\/ -->\n<title>Cour d\u2019Appel de Conakry : les autorisations de voyage de Fod\u00e9 Oussou et Mamadou Sylla annul\u00e9es ! - guinee Conakry<\/title>\n<meta name=\"robots\" content=\"index, follow, max-snippet:-1, max-image-preview:large, max-video-preview:-1\" \/>\n<link rel=\"canonical\" href=\"https:\/\/www.africa-press.net\/guinee-conakry\/politique\/cour-dappel-de-conakry-les-autorisations-de-voyage-de-fode-oussou-et-mamadou-sylla-annulees\" \/>\n<meta property=\"og:locale\" content=\"fr_FR\" \/>\n<meta property=\"og:type\" content=\"article\" \/>\n<meta property=\"og:title\" content=\"Cour d\u2019Appel de Conakry : les autorisations de voyage de Fod\u00e9 Oussou et Mamadou Sylla annul\u00e9es !\" \/>\n<meta property=\"og:description\" content=\"Africa-Press &#8211; Guin\u00e9e. C\u2019est une mauvaise nouvelle pour Dr Fode\u0301 Oussou Fofana (vice-pre\u0301sident de l\u2019UFDG) et Elhadj Mamadou Sylla (pre\u0301sident de l\u2019UDG). La deuxie\u0300me chambre de contro\u0302le de l\u2019instruction de la Cour d\u2019Appel de Conakry a, dans un arre\u0302t rendu ce mardi, 17 janvier 2023, annule\u0301 leurs autorisations de voyage. Ladite chambre a aussi ordonne\u0301 [&hellip;]\" \/>\n<meta property=\"og:url\" content=\"https:\/\/www.africa-press.net\/guinee-conakry\/politique\/cour-dappel-de-conakry-les-autorisations-de-voyage-de-fode-oussou-et-mamadou-sylla-annulees\" \/>\n<meta property=\"og:site_name\" content=\"guinee Conakry\" \/>\n<meta property=\"article:published_time\" content=\"2023-01-17T20:28:00+00:00\" \/>\n<meta name=\"author\" content=\"cfeditorfr\" \/>\n<meta name=\"twitter:card\" content=\"summary_large_image\" \/>\n<meta name=\"twitter:label1\" content=\"\u00c9crit par\" \/>\n\t<meta name=\"twitter:data1\" content=\"cfeditorfr\" \/>\n\t<meta name=\"twitter:label2\" content=\"Dur\u00e9e de lecture estim\u00e9e\" \/>\n\t<meta name=\"twitter:data2\" content=\"2 minutes\" \/>\n<script type=\"application\/ld+json\" class=\"yoast-schema-graph\">{\"@context\":\"https:\/\/schema.org\",\"@graph\":[{\"@type\":\"Article\",\"@id\":\"https:\/\/www.africa-press.net\/guinee-conakry\/politique\/cour-dappel-de-conakry-les-autorisations-de-voyage-de-fode-oussou-et-mamadou-sylla-annulees#article\",\"isPartOf\":{\"@id\":\"https:\/\/www.africa-press.net\/guinee-conakry\/politique\/cour-dappel-de-conakry-les-autorisations-de-voyage-de-fode-oussou-et-mamadou-sylla-annulees\"},\"author\":{\"name\":\"cfeditorfr\",\"@id\":\"https:\/\/www.africa-press.net\/guinee-conakry\/#\/schema\/person\/2b1cf3cd81a31e3cd26889ca66d677f1\"},\"headline\":\"Cour d\u2019Appel de Conakry : les autorisations de voyage de Fod\u00e9 Oussou et Mamadou Sylla annul\u00e9es !\",\"datePublished\":\"2023-01-17T20:28:00+00:00\",\"mainEntityOfPage\":{\"@id\":\"https:\/\/www.africa-press.net\/guinee-conakry\/politique\/cour-dappel-de-conakry-les-autorisations-de-voyage-de-fode-oussou-et-mamadou-sylla-annulees\"},\"wordCount\":328,\"commentCount\":0,\"image\":{\"@id\":\"https:\/\/www.africa-press.net\/guinee-conakry\/politique\/cour-dappel-de-conakry-les-autorisations-de-voyage-de-fode-oussou-et-mamadou-sylla-annulees#primaryimage\"},\"thumbnailUrl\":\"https:\/\/static.africa-press.net\/conakry\/sites\/63\/2023\/01\/Jokar1673974716.616345.jpg\",\"keywords\":[\"Africa Press\",\"Africa Press-Guin\u00e9e\",\"Guin\u00e9e\"],\"articleSection\":[\"Politique\",\"Top Nouvelles\",\"Toutes les actualit\u00e9s\"],\"inLanguage\":\"fr-FR\",\"potentialAction\":[{\"@type\":\"CommentAction\",\"name\":\"Comment\",\"target\":[\"https:\/\/www.africa-press.net\/guinee-conakry\/politique\/cour-dappel-de-conakry-les-autorisations-de-voyage-de-fode-oussou-et-mamadou-sylla-annulees#respond\"]}]},{\"@type\":\"WebPage\",\"@id\":\"https:\/\/www.africa-press.net\/guinee-conakry\/politique\/cour-dappel-de-conakry-les-autorisations-de-voyage-de-fode-oussou-et-mamadou-sylla-annulees\",\"url\":\"https:\/\/www.africa-press.net\/guinee-conakry\/politique\/cour-dappel-de-conakry-les-autorisations-de-voyage-de-fode-oussou-et-mamadou-sylla-annulees\",\"name\":\"Cour d\u2019Appel de Conakry : les autorisations de voyage de Fod\u00e9 Oussou et Mamadou Sylla annul\u00e9es ! - guinee Conakry\",\"isPartOf\":{\"@id\":\"https:\/\/www.africa-press.net\/guinee-conakry\/#website\"},\"primaryImageOfPage\":{\"@id\":\"https:\/\/www.africa-press.net\/guinee-conakry\/politique\/cour-dappel-de-conakry-les-autorisations-de-voyage-de-fode-oussou-et-mamadou-sylla-annulees#primaryimage\"},\"image\":{\"@id\":\"https:\/\/www.africa-press.net\/guinee-conakry\/politique\/cour-dappel-de-conakry-les-autorisations-de-voyage-de-fode-oussou-et-mamadou-sylla-annulees#primaryimage\"},\"thumbnailUrl\":\"https:\/\/static.africa-press.net\/conakry\/sites\/63\/2023\/01\/Jokar1673974716.616345.jpg\",\"datePublished\":\"2023-01-17T20:28:00+00:00\",\"author\":{\"@id\":\"https:\/\/www.africa-press.net\/guinee-conakry\/#\/schema\/person\/2b1cf3cd81a31e3cd26889ca66d677f1\"},\"breadcrumb\":{\"@id\":\"https:\/\/www.africa-press.net\/guinee-conakry\/politique\/cour-dappel-de-conakry-les-autorisations-de-voyage-de-fode-oussou-et-mamadou-sylla-annulees#breadcrumb\"},\"inLanguage\":\"fr-FR\",\"potentialAction\":[{\"@type\":\"ReadAction\",\"target\":[\"https:\/\/www.africa-press.net\/guinee-conakry\/politique\/cour-dappel-de-conakry-les-autorisations-de-voyage-de-fode-oussou-et-mamadou-sylla-annulees\"]}]},{\"@type\":\"ImageObject\",\"inLanguage\":\"fr-FR\",\"@id\":\"https:\/\/www.africa-press.net\/guinee-conakry\/politique\/cour-dappel-de-conakry-les-autorisations-de-voyage-de-fode-oussou-et-mamadou-sylla-annulees#primaryimage\",\"url\":\"https:\/\/static.africa-press.net\/conakry\/sites\/63\/2023\/01\/Jokar1673974716.616345.jpg\",\"contentUrl\":\"https:\/\/static.africa-press.net\/conakry\/sites\/63\/2023\/01\/Jokar1673974716.616345.jpg\",\"width\":950,\"height\":1198,\"caption\":\"Cour d\u2019Appel de Conakry : les autorisations de voyage de Fod\u00e9 Oussou et Mamadou Sylla annul\u00e9es !\"},{\"@type\":\"BreadcrumbList\",\"@id\":\"https:\/\/www.africa-press.net\/guinee-conakry\/politique\/cour-dappel-de-conakry-les-autorisations-de-voyage-de-fode-oussou-et-mamadou-sylla-annulees#breadcrumb\",\"itemListElement\":[{\"@type\":\"ListItem\",\"position\":1,\"name\":\"Accueil\",\"item\":\"https:\/\/www.africa-press.net\/guinee-conakry\/\"},{\"@type\":\"ListItem\",\"position\":2,\"name\":\"Cour d\u2019Appel de Conakry : les autorisations de voyage de Fod\u00e9 Oussou et Mamadou Sylla annul\u00e9es !\"}]},{\"@type\":\"WebSite\",\"@id\":\"https:\/\/www.africa-press.net\/guinee-conakry\/#website\",\"url\":\"https:\/\/www.africa-press.net\/guinee-conakry\/\",\"name\":\"guinee Conakry\",\"description\":\"Just another Africa News Agency Sites site\",\"potentialAction\":[{\"@type\":\"SearchAction\",\"target\":{\"@type\":\"EntryPoint\",\"urlTemplate\":\"https:\/\/www.africa-press.net\/guinee-conakry\/?s={search_term_string}\"},\"query-input\":{\"@type\":\"PropertyValueSpecification\",\"valueRequired\":true,\"valueName\":\"search_term_string\"}}],\"inLanguage\":\"fr-FR\"},{\"@type\":\"Person\",\"@id\":\"https:\/\/www.africa-press.net\/guinee-conakry\/#\/schema\/person\/2b1cf3cd81a31e3cd26889ca66d677f1\",\"name\":\"cfeditorfr\"}]}<\/script>\n<!-- \/ Yoast SEO Premium plugin. -->","yoast_head_json":{"title":"Cour d\u2019Appel de Conakry : les autorisations de voyage de Fod\u00e9 Oussou et Mamadou Sylla annul\u00e9es ! - guinee Conakry","robots":{"index":"index","follow":"follow","max-snippet":"max-snippet:-1","max-image-preview":"max-image-preview:large","max-video-preview":"max-video-preview:-1"},"canonical":"https:\/\/www.africa-press.net\/guinee-conakry\/politique\/cour-dappel-de-conakry-les-autorisations-de-voyage-de-fode-oussou-et-mamadou-sylla-annulees","og_locale":"fr_FR","og_type":"article","og_title":"Cour d\u2019Appel de Conakry : les autorisations de voyage de Fod\u00e9 Oussou et Mamadou Sylla annul\u00e9es !","og_description":"Africa-Press &#8211; Guin\u00e9e. C\u2019est une mauvaise nouvelle pour Dr Fode\u0301 Oussou Fofana (vice-pre\u0301sident de l\u2019UFDG) et Elhadj Mamadou Sylla (pre\u0301sident de l\u2019UDG). La deuxie\u0300me chambre de contro\u0302le de l\u2019instruction de la Cour d\u2019Appel de Conakry a, dans un arre\u0302t rendu ce mardi, 17 janvier 2023, annule\u0301 leurs autorisations de voyage. Ladite chambre a aussi ordonne\u0301 [&hellip;]","og_url":"https:\/\/www.africa-press.net\/guinee-conakry\/politique\/cour-dappel-de-conakry-les-autorisations-de-voyage-de-fode-oussou-et-mamadou-sylla-annulees","og_site_name":"guinee Conakry","article_published_time":"2023-01-17T20:28:00+00:00","author":"cfeditorfr","twitter_card":"summary_large_image","twitter_misc":{"\u00c9crit par":"cfeditorfr","Dur\u00e9e de lecture estim\u00e9e":"2 minutes"},"schema":{"@context":"https:\/\/schema.org","@graph":[{"@type":"Article","@id":"https:\/\/www.africa-press.net\/guinee-conakry\/politique\/cour-dappel-de-conakry-les-autorisations-de-voyage-de-fode-oussou-et-mamadou-sylla-annulees#article","isPartOf":{"@id":"https:\/\/www.africa-press.net\/guinee-conakry\/politique\/cour-dappel-de-conakry-les-autorisations-de-voyage-de-fode-oussou-et-mamadou-sylla-annulees"},"author":{"name":"cfeditorfr","@id":"https:\/\/www.africa-press.net\/guinee-conakry\/#\/schema\/person\/2b1cf3cd81a31e3cd26889ca66d677f1"},"headline":"Cour d\u2019Appel de Conakry : les autorisations de voyage de Fod\u00e9 Oussou et Mamadou Sylla annul\u00e9es !","datePublished":"2023-01-17T20:28:00+00:00","mainEntityOfPage":{"@id":"https:\/\/www.africa-press.net\/guinee-conakry\/politique\/cour-dappel-de-conakry-les-autorisations-de-voyage-de-fode-oussou-et-mamadou-sylla-annulees"},"wordCount":328,"commentCount":0,"image":{"@id":"https:\/\/www.africa-press.net\/guinee-conakry\/politique\/cour-dappel-de-conakry-les-autorisations-de-voyage-de-fode-oussou-et-mamadou-sylla-annulees#primaryimage"},"thumbnailUrl":"https:\/\/static.africa-press.net\/conakry\/sites\/63\/2023\/01\/Jokar1673974716.616345.jpg","keywords":["Africa Press","Africa Press-Guin\u00e9e","Guin\u00e9e"],"articleSection":["Politique","Top Nouvelles","Toutes les actualit\u00e9s"],"inLanguage":"fr-FR","potentialAction":[{"@type":"CommentAction","name":"Comment","target":["https:\/\/www.africa-press.net\/guinee-conakry\/politique\/cour-dappel-de-conakry-les-autorisations-de-voyage-de-fode-oussou-et-mamadou-sylla-annulees#respond"]}]},{"@type":"WebPage","@id":"https:\/\/www.africa-press.net\/guinee-conakry\/politique\/cour-dappel-de-conakry-les-autorisations-de-voyage-de-fode-oussou-et-mamadou-sylla-annulees","url":"https:\/\/www.africa-press.net\/guinee-conakry\/politique\/cour-dappel-de-conakry-les-autorisations-de-voyage-de-fode-oussou-et-mamadou-sylla-annulees","name":"Cour d\u2019Appel de Conakry : les autorisations de voyage de Fod\u00e9 Oussou et Mamadou Sylla annul\u00e9es ! - guinee Conakry","isPartOf":{"@id":"https:\/\/www.africa-press.net\/guinee-conakry\/#website"},"primaryImageOfPage":{"@id":"https:\/\/www.africa-press.net\/guinee-conakry\/politique\/cour-dappel-de-conakry-les-autorisations-de-voyage-de-fode-oussou-et-mamadou-sylla-annulees#primaryimage"},"image":{"@id":"https:\/\/www.africa-press.net\/guinee-conakry\/politique\/cour-dappel-de-conakry-les-autorisations-de-voyage-de-fode-oussou-et-mamadou-sylla-annulees#primaryimage"},"thumbnailUrl":"https:\/\/static.africa-press.net\/conakry\/sites\/63\/2023\/01\/Jokar1673974716.616345.jpg","datePublished":"2023-01-17T20:28:00+00:00","author":{"@id":"https:\/\/www.africa-press.net\/guinee-conakry\/#\/schema\/person\/2b1cf3cd81a31e3cd26889ca66d677f1"},"breadcrumb":{"@id":"https:\/\/www.africa-press.net\/guinee-conakry\/politique\/cour-dappel-de-conakry-les-autorisations-de-voyage-de-fode-oussou-et-mamadou-sylla-annulees#breadcrumb"},"inLanguage":"fr-FR","potentialAction":[{"@type":"ReadAction","target":["https:\/\/www.africa-press.net\/guinee-conakry\/politique\/cour-dappel-de-conakry-les-autorisations-de-voyage-de-fode-oussou-et-mamadou-sylla-annulees"]}]},{"@type":"ImageObject","inLanguage":"fr-FR","@id":"https:\/\/www.africa-press.net\/guinee-conakry\/politique\/cour-dappel-de-conakry-les-autorisations-de-voyage-de-fode-oussou-et-mamadou-sylla-annulees#primaryimage","url":"https:\/\/static.africa-press.net\/conakry\/sites\/63\/2023\/01\/Jokar1673974716.616345.jpg","contentUrl":"https:\/\/static.africa-press.net\/conakry\/sites\/63\/2023\/01\/Jokar1673974716.616345.jpg","width":950,"height":1198,"caption":"Cour d\u2019Appel de Conakry : les autorisations de voyage de Fod\u00e9 Oussou et Mamadou Sylla annul\u00e9es !"},{"@type":"BreadcrumbList","@id":"https:\/\/www.africa-press.net\/guinee-conakry\/politique\/cour-dappel-de-conakry-les-autorisations-de-voyage-de-fode-oussou-et-mamadou-sylla-annulees#breadcrumb","itemListElement":[{"@type":"ListItem","position":1,"name":"Accueil","item":"https:\/\/www.africa-press.net\/guinee-conakry\/"},{"@type":"ListItem","position":2,"name":"Cour d\u2019Appel de Conakry : les autorisations de voyage de Fod\u00e9 Oussou et Mamadou Sylla annul\u00e9es !"}]},{"@type":"WebSite","@id":"https:\/\/www.africa-press.net\/guinee-conakry\/#website","url":"https:\/\/www.africa-press.net\/guinee-conakry\/","name":"guinee Conakry","description":"Just another Africa News Agency Sites site","potentialAction":[{"@type":"SearchAction","target":{"@type":"EntryPoint","urlTemplate":"https:\/\/www.africa-press.net\/guinee-conakry\/?s={search_term_string}"},"query-input":{"@type":"PropertyValueSpecification","valueRequired":true,"valueName":"search_term_string"}}],"inLanguage":"fr-FR"},{"@type":"Person","@id":"https:\/\/www.africa-press.net\/guinee-conakry\/#\/schema\/person\/2b1cf3cd81a31e3cd26889ca66d677f1","name":"cfeditorfr"}]}},"_links":{"self":[{"href":"https:\/\/www.africa-press.net\/guinee-conakry\/wp-json\/wp\/v2\/posts\/11430","targetHints":{"allow":["GET"]}}],"collection":[{"href":"https:\/\/www.africa-press.net\/guinee-conakry\/wp-json\/wp\/v2\/posts"}],"about":[{"href":"https:\/\/www.africa-press.net\/guinee-conakry\/wp-json\/wp\/v2\/types\/post"}],"author":[{"embeddable":true,"href":"https:\/\/www.africa-press.net\/guinee-conakry\/wp-json\/wp\/v2\/users\/82"}],"replies":[{"embeddable":true,"href":"https:\/\/www.africa-press.net\/guinee-conakry\/wp-json\/wp\/v2\/comments?post=11430"}],"version-history":[{"count":0,"href":"https:\/\/www.africa-press.net\/guinee-conakry\/wp-json\/wp\/v2\/posts\/11430\/revisions"}],"wp:featuredmedia":[{"embeddable":true,"href":"https:\/\/www.africa-press.net\/guinee-conakry\/wp-json\/wp\/v2\/media\/11429"}],"wp:attachment":[{"href":"https:\/\/www.africa-press.net\/guinee-conakry\/wp-json\/wp\/v2\/media?parent=11430"}],"wp:term":[{"taxonomy":"category","embeddable":true,"href":"https:\/\/www.africa-press.net\/guinee-conakry\/wp-json\/wp\/v2\/categories?post=11430"},{"taxonomy":"post_tag","embeddable":true,"href":"https:\/\/www.africa-press.net\/guinee-conakry\/wp-json\/wp\/v2\/tags?post=11430"}],"curies":[{"name":"wp","href":"https:\/\/api.w.org\/{rel}","templated":true}]}}