{"id":11438,"date":"2023-01-17T20:52:00","date_gmt":"2023-01-17T20:52:00","guid":{"rendered":"https:\/\/www.africa-press.net\/guinee-conakry\/politique\/proces-du-28-septembre-me-pepe-lama-presente-des-preuves-contre-alpha-conde-et-sekouba-konate"},"modified":"2023-01-17T20:52:00","modified_gmt":"2023-01-17T20:52:00","slug":"proces-du-28-septembre-me-pepe-lama-presente-des-preuves-contre-alpha-conde-et-sekouba-konate","status":"publish","type":"post","link":"https:\/\/www.africa-press.net\/guinee-conakry\/politique\/proces-du-28-septembre-me-pepe-lama-presente-des-preuves-contre-alpha-conde-et-sekouba-konate","title":{"rendered":"Proc\u00e8s du 28 septembre : Me P\u00e9p\u00e9 Lama pr\u00e9sente des \u00ab preuves \u00bb contre Alpha Cond\u00e9 et S\u00e9kouba Konat\u00e9"},"content":{"rendered":"<p><span style=\"color: #ff6600\"><strong>Africa-Press &#8211; Guin\u00e9e. <\/strong><\/span>Le camp Moussa Dadis Camara continue de de\u0301fendre la the\u0300se selon laquelle Alpha Conde\u0301 et Se\u0301kouba Konate\u0301 sont ceux-la\u0300 qui ont orchestre\u0301 le massacre du 28 septembre 2009. Lors de l\u2019audience de ce mardi, 17 janvier 2023, l\u2019un des avocats du pre\u0301sident du CNDD (la junte militaire qui a pris le pouvoir a\u0300 la mort du pre\u0301sident Lansana Conte\u0301) a tente\u0301 de prouver cette version. Me Pe\u0301pe\u0301 Antoine Lama a lu les transcriptions de deux audios qui accableraient les deux hommes qui ont aussi dirige\u0301 la Guine\u0301e.<\/p>\n<p>Selon l\u2019avocat, le premier audio est une de\u0301claration de Naby Laye Youssouf Kiridi Bangoura, ministre secre\u0301taire ge\u0301ne\u0301ral a\u0300 la pre\u0301sidence de la Re\u0301publique sous l\u2019e\u0300re Alpha Conde\u0301, dans laquelle il aurait affirme\u0301 que \u00ab sans Se\u0301kouba Konate\u0301, Alpha Conde\u0301 ne serait jamais au pouvoir \u00bb. Et le second audio est attribue\u0301 a\u0300 Sidya Toure\u0301, ancien Premier ministre guine\u0301en et pre\u0301sident du parti politique Union des forces re\u0301publicaines (UFR).<\/p>\n<p>Ce dernier, qui e\u0301tait membre des Forces vives qui ont organise\u0301 la manifestation du 28 septembre 2009, aurait de\u0301clare\u0301 que le massacre qui a eu lieu ce jour-la\u0300 est un complot orchestre\u0301 par le ge\u0301ne\u0301ral Se\u0301kouba Konate\u0301 et le Pr Alpha Conde\u0301. Poursuivant, Me Pe\u0301pe\u0301 Antoine Lama cite la de\u0301claration d\u2019un militaire, accusant des jeunes envoye\u0301s au stade du 28 septembre de Conakry d\u2019avoir commis les exactions enregistre\u0301es sur les lieux.<\/p>\n<p>\u00ab D\u2019apre\u0300s un jeune militaire, les jeunes qu\u2019on a envoye\u0301s la\u0300-bas (au stade du 28 septembre), ce sont eux qui ont tire\u0301 la\u0300-bas (&#8230;) Comment est-ce qu\u2019on peut faire une re\u0301union politique le vendredi soir, et le lundi matin, on dit que Alpha Conde\u0301 a voyage\u0301 en France ? Et puis, Dadis est la\u0300 (a\u0300 Conakry) mais son nume\u0301ro 2 (Se\u0301kouba Konate\u0301) est en mission a\u0300 Macenta ? C\u2019est parce qu\u2019il savait ce qui allait a\u0300 se passer. C\u2019e\u0301tait pour se mettre comple\u0300tement en dehors de c\u0327a pour que lorsqu\u2019il y aura des proble\u0300mes, qu\u2019on dise qu\u2019il n\u2019est pas me\u0302le\u0301 \u00bb, a-t-il assure\u0301.<\/p>\n<p>Soutenant les de\u0301clarations de son avocat, le capitaine Moussa Dadis Camara a attire\u0301 l\u2019attention sur le fait qu\u2019aucun responsable du RPG (le parti d\u2019Alpha Conde\u0301) qui e\u0301tait au stade n\u2019a e\u0301te\u0301 victime d\u2019une quelconque violence. Selon lui, il est \u00ab curieux qu\u2019aucune e\u0301gratignure n\u2019ait touche\u0301 les cadres et leaders du RPG pre\u0301sents au stade \u00bb.<\/p>\n<p><strong>Pour plus d&rsquo;informations et d&rsquo;analyses sur la <a href=\"https:\/\/www.africa-press.net\/guinee-conakry\">Guin\u00e9e<\/a>, suivez <a href=\"https:\/\/www.africa-press.net\/\">Africa-Press<\/a><\/strong><\/p>\n","protected":false},"excerpt":{"rendered":"<p>Africa-Press &#8211; Guin\u00e9e. Le camp Moussa Dadis Camara continue de de\u0301fendre la the\u0300se selon laquelle Alpha Conde\u0301 et Se\u0301kouba Konate\u0301 sont ceux-la\u0300 qui ont orchestre\u0301 le massacre du 28 septembre 2009. Lors de l\u2019audience de ce mardi, 17 janvier 2023, l\u2019un des avocats du pre\u0301sident du CNDD (la junte militaire qui a pris le pouvoir [&hellip;]<\/p>\n","protected":false},"author":82,"featured_media":11437,"comment_status":"open","ping_status":"closed","sticky":false,"template":"","format":"standard","meta":{"footnotes":""},"categories":[2,20,10],"tags":[36,57,58],"class_list":["post-11438","post","type-post","status-publish","format-standard","has-post-thumbnail","hentry","category-politique","category-top-nouvelles","category-toutes-les-actualites","tag-africa-press","tag-africa-press-guinee","tag-guinee"],"yoast_head":"<!-- This site is optimized with the Yoast SEO Premium plugin v26.1 (Yoast SEO v27.0) - https:\/\/yoast.com\/product\/yoast-seo-premium-wordpress\/ -->\n<title>Proc\u00e8s du 28 septembre : Me P\u00e9p\u00e9 Lama pr\u00e9sente des \u00ab preuves \u00bb contre Alpha Cond\u00e9 et S\u00e9kouba Konat\u00e9 - guinee Conakry<\/title>\n<meta name=\"robots\" content=\"index, follow, max-snippet:-1, max-image-preview:large, max-video-preview:-1\" \/>\n<link rel=\"canonical\" href=\"https:\/\/www.africa-press.net\/guinee-conakry\/politique\/proces-du-28-septembre-me-pepe-lama-presente-des-preuves-contre-alpha-conde-et-sekouba-konate\" \/>\n<meta property=\"og:locale\" content=\"fr_FR\" \/>\n<meta property=\"og:type\" content=\"article\" \/>\n<meta property=\"og:title\" content=\"Proc\u00e8s du 28 septembre : Me P\u00e9p\u00e9 Lama pr\u00e9sente des \u00ab preuves \u00bb contre Alpha Cond\u00e9 et S\u00e9kouba Konat\u00e9\" \/>\n<meta property=\"og:description\" content=\"Africa-Press &#8211; Guin\u00e9e. Le camp Moussa Dadis Camara continue de de\u0301fendre la the\u0300se selon laquelle Alpha Conde\u0301 et Se\u0301kouba Konate\u0301 sont ceux-la\u0300 qui ont orchestre\u0301 le massacre du 28 septembre 2009. Lors de l\u2019audience de ce mardi, 17 janvier 2023, l\u2019un des avocats du pre\u0301sident du CNDD (la junte militaire qui a pris le pouvoir [&hellip;]\" \/>\n<meta property=\"og:url\" content=\"https:\/\/www.africa-press.net\/guinee-conakry\/politique\/proces-du-28-septembre-me-pepe-lama-presente-des-preuves-contre-alpha-conde-et-sekouba-konate\" \/>\n<meta property=\"og:site_name\" content=\"guinee Conakry\" \/>\n<meta property=\"article:published_time\" content=\"2023-01-17T20:52:00+00:00\" \/>\n<meta name=\"author\" content=\"cfeditorfr\" \/>\n<meta name=\"twitter:card\" content=\"summary_large_image\" \/>\n<meta name=\"twitter:label1\" content=\"\u00c9crit par\" \/>\n\t<meta name=\"twitter:data1\" content=\"cfeditorfr\" \/>\n\t<meta name=\"twitter:label2\" content=\"Dur\u00e9e de lecture estim\u00e9e\" \/>\n\t<meta name=\"twitter:data2\" content=\"2 minutes\" \/>\n<script type=\"application\/ld+json\" class=\"yoast-schema-graph\">{\"@context\":\"https:\/\/schema.org\",\"@graph\":[{\"@type\":\"Article\",\"@id\":\"https:\/\/www.africa-press.net\/guinee-conakry\/politique\/proces-du-28-septembre-me-pepe-lama-presente-des-preuves-contre-alpha-conde-et-sekouba-konate#article\",\"isPartOf\":{\"@id\":\"https:\/\/www.africa-press.net\/guinee-conakry\/politique\/proces-du-28-septembre-me-pepe-lama-presente-des-preuves-contre-alpha-conde-et-sekouba-konate\"},\"author\":{\"name\":\"cfeditorfr\",\"@id\":\"https:\/\/www.africa-press.net\/guinee-conakry\/#\/schema\/person\/2b1cf3cd81a31e3cd26889ca66d677f1\"},\"headline\":\"Proc\u00e8s du 28 septembre : Me P\u00e9p\u00e9 Lama pr\u00e9sente des \u00ab preuves \u00bb contre Alpha Cond\u00e9 et S\u00e9kouba Konat\u00e9\",\"datePublished\":\"2023-01-17T20:52:00+00:00\",\"mainEntityOfPage\":{\"@id\":\"https:\/\/www.africa-press.net\/guinee-conakry\/politique\/proces-du-28-septembre-me-pepe-lama-presente-des-preuves-contre-alpha-conde-et-sekouba-konate\"},\"wordCount\":469,\"commentCount\":0,\"image\":{\"@id\":\"https:\/\/www.africa-press.net\/guinee-conakry\/politique\/proces-du-28-septembre-me-pepe-lama-presente-des-preuves-contre-alpha-conde-et-sekouba-konate#primaryimage\"},\"thumbnailUrl\":\"https:\/\/static.africa-press.net\/conakry\/sites\/63\/2023\/01\/Jokar1673976131.348807.jpg\",\"keywords\":[\"Africa Press\",\"Africa Press-Guin\u00e9e\",\"Guin\u00e9e\"],\"articleSection\":[\"Politique\",\"Top Nouvelles\",\"Toutes les actualit\u00e9s\"],\"inLanguage\":\"fr-FR\",\"potentialAction\":[{\"@type\":\"CommentAction\",\"name\":\"Comment\",\"target\":[\"https:\/\/www.africa-press.net\/guinee-conakry\/politique\/proces-du-28-septembre-me-pepe-lama-presente-des-preuves-contre-alpha-conde-et-sekouba-konate#respond\"]}]},{\"@type\":\"WebPage\",\"@id\":\"https:\/\/www.africa-press.net\/guinee-conakry\/politique\/proces-du-28-septembre-me-pepe-lama-presente-des-preuves-contre-alpha-conde-et-sekouba-konate\",\"url\":\"https:\/\/www.africa-press.net\/guinee-conakry\/politique\/proces-du-28-septembre-me-pepe-lama-presente-des-preuves-contre-alpha-conde-et-sekouba-konate\",\"name\":\"Proc\u00e8s du 28 septembre : Me P\u00e9p\u00e9 Lama pr\u00e9sente des \u00ab preuves \u00bb contre Alpha Cond\u00e9 et S\u00e9kouba Konat\u00e9 - guinee Conakry\",\"isPartOf\":{\"@id\":\"https:\/\/www.africa-press.net\/guinee-conakry\/#website\"},\"primaryImageOfPage\":{\"@id\":\"https:\/\/www.africa-press.net\/guinee-conakry\/politique\/proces-du-28-septembre-me-pepe-lama-presente-des-preuves-contre-alpha-conde-et-sekouba-konate#primaryimage\"},\"image\":{\"@id\":\"https:\/\/www.africa-press.net\/guinee-conakry\/politique\/proces-du-28-septembre-me-pepe-lama-presente-des-preuves-contre-alpha-conde-et-sekouba-konate#primaryimage\"},\"thumbnailUrl\":\"https:\/\/static.africa-press.net\/conakry\/sites\/63\/2023\/01\/Jokar1673976131.348807.jpg\",\"datePublished\":\"2023-01-17T20:52:00+00:00\",\"author\":{\"@id\":\"https:\/\/www.africa-press.net\/guinee-conakry\/#\/schema\/person\/2b1cf3cd81a31e3cd26889ca66d677f1\"},\"breadcrumb\":{\"@id\":\"https:\/\/www.africa-press.net\/guinee-conakry\/politique\/proces-du-28-septembre-me-pepe-lama-presente-des-preuves-contre-alpha-conde-et-sekouba-konate#breadcrumb\"},\"inLanguage\":\"fr-FR\",\"potentialAction\":[{\"@type\":\"ReadAction\",\"target\":[\"https:\/\/www.africa-press.net\/guinee-conakry\/politique\/proces-du-28-septembre-me-pepe-lama-presente-des-preuves-contre-alpha-conde-et-sekouba-konate\"]}]},{\"@type\":\"ImageObject\",\"inLanguage\":\"fr-FR\",\"@id\":\"https:\/\/www.africa-press.net\/guinee-conakry\/politique\/proces-du-28-septembre-me-pepe-lama-presente-des-preuves-contre-alpha-conde-et-sekouba-konate#primaryimage\",\"url\":\"https:\/\/static.africa-press.net\/conakry\/sites\/63\/2023\/01\/Jokar1673976131.348807.jpg\",\"contentUrl\":\"https:\/\/static.africa-press.net\/conakry\/sites\/63\/2023\/01\/Jokar1673976131.348807.jpg\",\"width\":1019,\"height\":1280,\"caption\":\"Proc\u00e8s du 28 septembre : Me P\u00e9p\u00e9 Lama pr\u00e9sente des \u00ab preuves \u00bb contre Alpha Cond\u00e9 et S\u00e9kouba Konat\u00e9\"},{\"@type\":\"BreadcrumbList\",\"@id\":\"https:\/\/www.africa-press.net\/guinee-conakry\/politique\/proces-du-28-septembre-me-pepe-lama-presente-des-preuves-contre-alpha-conde-et-sekouba-konate#breadcrumb\",\"itemListElement\":[{\"@type\":\"ListItem\",\"position\":1,\"name\":\"Accueil\",\"item\":\"https:\/\/www.africa-press.net\/guinee-conakry\/\"},{\"@type\":\"ListItem\",\"position\":2,\"name\":\"Proc\u00e8s du 28 septembre : Me P\u00e9p\u00e9 Lama pr\u00e9sente des \u00ab preuves \u00bb contre Alpha Cond\u00e9 et S\u00e9kouba Konat\u00e9\"}]},{\"@type\":\"WebSite\",\"@id\":\"https:\/\/www.africa-press.net\/guinee-conakry\/#website\",\"url\":\"https:\/\/www.africa-press.net\/guinee-conakry\/\",\"name\":\"guinee Conakry\",\"description\":\"Just another Africa News Agency Sites site\",\"potentialAction\":[{\"@type\":\"SearchAction\",\"target\":{\"@type\":\"EntryPoint\",\"urlTemplate\":\"https:\/\/www.africa-press.net\/guinee-conakry\/?s={search_term_string}\"},\"query-input\":{\"@type\":\"PropertyValueSpecification\",\"valueRequired\":true,\"valueName\":\"search_term_string\"}}],\"inLanguage\":\"fr-FR\"},{\"@type\":\"Person\",\"@id\":\"https:\/\/www.africa-press.net\/guinee-conakry\/#\/schema\/person\/2b1cf3cd81a31e3cd26889ca66d677f1\",\"name\":\"cfeditorfr\"}]}<\/script>\n<!-- \/ Yoast SEO Premium plugin. -->","yoast_head_json":{"title":"Proc\u00e8s du 28 septembre : Me P\u00e9p\u00e9 Lama pr\u00e9sente des \u00ab preuves \u00bb contre Alpha Cond\u00e9 et S\u00e9kouba Konat\u00e9 - guinee Conakry","robots":{"index":"index","follow":"follow","max-snippet":"max-snippet:-1","max-image-preview":"max-image-preview:large","max-video-preview":"max-video-preview:-1"},"canonical":"https:\/\/www.africa-press.net\/guinee-conakry\/politique\/proces-du-28-septembre-me-pepe-lama-presente-des-preuves-contre-alpha-conde-et-sekouba-konate","og_locale":"fr_FR","og_type":"article","og_title":"Proc\u00e8s du 28 septembre : Me P\u00e9p\u00e9 Lama pr\u00e9sente des \u00ab preuves \u00bb contre Alpha Cond\u00e9 et S\u00e9kouba Konat\u00e9","og_description":"Africa-Press &#8211; Guin\u00e9e. Le camp Moussa Dadis Camara continue de de\u0301fendre la the\u0300se selon laquelle Alpha Conde\u0301 et Se\u0301kouba Konate\u0301 sont ceux-la\u0300 qui ont orchestre\u0301 le massacre du 28 septembre 2009. Lors de l\u2019audience de ce mardi, 17 janvier 2023, l\u2019un des avocats du pre\u0301sident du CNDD (la junte militaire qui a pris le pouvoir [&hellip;]","og_url":"https:\/\/www.africa-press.net\/guinee-conakry\/politique\/proces-du-28-septembre-me-pepe-lama-presente-des-preuves-contre-alpha-conde-et-sekouba-konate","og_site_name":"guinee Conakry","article_published_time":"2023-01-17T20:52:00+00:00","author":"cfeditorfr","twitter_card":"summary_large_image","twitter_misc":{"\u00c9crit par":"cfeditorfr","Dur\u00e9e de lecture estim\u00e9e":"2 minutes"},"schema":{"@context":"https:\/\/schema.org","@graph":[{"@type":"Article","@id":"https:\/\/www.africa-press.net\/guinee-conakry\/politique\/proces-du-28-septembre-me-pepe-lama-presente-des-preuves-contre-alpha-conde-et-sekouba-konate#article","isPartOf":{"@id":"https:\/\/www.africa-press.net\/guinee-conakry\/politique\/proces-du-28-septembre-me-pepe-lama-presente-des-preuves-contre-alpha-conde-et-sekouba-konate"},"author":{"name":"cfeditorfr","@id":"https:\/\/www.africa-press.net\/guinee-conakry\/#\/schema\/person\/2b1cf3cd81a31e3cd26889ca66d677f1"},"headline":"Proc\u00e8s du 28 septembre : Me P\u00e9p\u00e9 Lama pr\u00e9sente des \u00ab preuves \u00bb contre Alpha Cond\u00e9 et S\u00e9kouba Konat\u00e9","datePublished":"2023-01-17T20:52:00+00:00","mainEntityOfPage":{"@id":"https:\/\/www.africa-press.net\/guinee-conakry\/politique\/proces-du-28-septembre-me-pepe-lama-presente-des-preuves-contre-alpha-conde-et-sekouba-konate"},"wordCount":469,"commentCount":0,"image":{"@id":"https:\/\/www.africa-press.net\/guinee-conakry\/politique\/proces-du-28-septembre-me-pepe-lama-presente-des-preuves-contre-alpha-conde-et-sekouba-konate#primaryimage"},"thumbnailUrl":"https:\/\/static.africa-press.net\/conakry\/sites\/63\/2023\/01\/Jokar1673976131.348807.jpg","keywords":["Africa Press","Africa Press-Guin\u00e9e","Guin\u00e9e"],"articleSection":["Politique","Top Nouvelles","Toutes les actualit\u00e9s"],"inLanguage":"fr-FR","potentialAction":[{"@type":"CommentAction","name":"Comment","target":["https:\/\/www.africa-press.net\/guinee-conakry\/politique\/proces-du-28-septembre-me-pepe-lama-presente-des-preuves-contre-alpha-conde-et-sekouba-konate#respond"]}]},{"@type":"WebPage","@id":"https:\/\/www.africa-press.net\/guinee-conakry\/politique\/proces-du-28-septembre-me-pepe-lama-presente-des-preuves-contre-alpha-conde-et-sekouba-konate","url":"https:\/\/www.africa-press.net\/guinee-conakry\/politique\/proces-du-28-septembre-me-pepe-lama-presente-des-preuves-contre-alpha-conde-et-sekouba-konate","name":"Proc\u00e8s du 28 septembre : Me P\u00e9p\u00e9 Lama pr\u00e9sente des \u00ab preuves \u00bb contre Alpha Cond\u00e9 et S\u00e9kouba Konat\u00e9 - guinee Conakry","isPartOf":{"@id":"https:\/\/www.africa-press.net\/guinee-conakry\/#website"},"primaryImageOfPage":{"@id":"https:\/\/www.africa-press.net\/guinee-conakry\/politique\/proces-du-28-septembre-me-pepe-lama-presente-des-preuves-contre-alpha-conde-et-sekouba-konate#primaryimage"},"image":{"@id":"https:\/\/www.africa-press.net\/guinee-conakry\/politique\/proces-du-28-septembre-me-pepe-lama-presente-des-preuves-contre-alpha-conde-et-sekouba-konate#primaryimage"},"thumbnailUrl":"https:\/\/static.africa-press.net\/conakry\/sites\/63\/2023\/01\/Jokar1673976131.348807.jpg","datePublished":"2023-01-17T20:52:00+00:00","author":{"@id":"https:\/\/www.africa-press.net\/guinee-conakry\/#\/schema\/person\/2b1cf3cd81a31e3cd26889ca66d677f1"},"breadcrumb":{"@id":"https:\/\/www.africa-press.net\/guinee-conakry\/politique\/proces-du-28-septembre-me-pepe-lama-presente-des-preuves-contre-alpha-conde-et-sekouba-konate#breadcrumb"},"inLanguage":"fr-FR","potentialAction":[{"@type":"ReadAction","target":["https:\/\/www.africa-press.net\/guinee-conakry\/politique\/proces-du-28-septembre-me-pepe-lama-presente-des-preuves-contre-alpha-conde-et-sekouba-konate"]}]},{"@type":"ImageObject","inLanguage":"fr-FR","@id":"https:\/\/www.africa-press.net\/guinee-conakry\/politique\/proces-du-28-septembre-me-pepe-lama-presente-des-preuves-contre-alpha-conde-et-sekouba-konate#primaryimage","url":"https:\/\/static.africa-press.net\/conakry\/sites\/63\/2023\/01\/Jokar1673976131.348807.jpg","contentUrl":"https:\/\/static.africa-press.net\/conakry\/sites\/63\/2023\/01\/Jokar1673976131.348807.jpg","width":1019,"height":1280,"caption":"Proc\u00e8s du 28 septembre : Me P\u00e9p\u00e9 Lama pr\u00e9sente des \u00ab preuves \u00bb contre Alpha Cond\u00e9 et S\u00e9kouba Konat\u00e9"},{"@type":"BreadcrumbList","@id":"https:\/\/www.africa-press.net\/guinee-conakry\/politique\/proces-du-28-septembre-me-pepe-lama-presente-des-preuves-contre-alpha-conde-et-sekouba-konate#breadcrumb","itemListElement":[{"@type":"ListItem","position":1,"name":"Accueil","item":"https:\/\/www.africa-press.net\/guinee-conakry\/"},{"@type":"ListItem","position":2,"name":"Proc\u00e8s du 28 septembre : Me P\u00e9p\u00e9 Lama pr\u00e9sente des \u00ab preuves \u00bb contre Alpha Cond\u00e9 et S\u00e9kouba Konat\u00e9"}]},{"@type":"WebSite","@id":"https:\/\/www.africa-press.net\/guinee-conakry\/#website","url":"https:\/\/www.africa-press.net\/guinee-conakry\/","name":"guinee Conakry","description":"Just another Africa News Agency Sites site","potentialAction":[{"@type":"SearchAction","target":{"@type":"EntryPoint","urlTemplate":"https:\/\/www.africa-press.net\/guinee-conakry\/?s={search_term_string}"},"query-input":{"@type":"PropertyValueSpecification","valueRequired":true,"valueName":"search_term_string"}}],"inLanguage":"fr-FR"},{"@type":"Person","@id":"https:\/\/www.africa-press.net\/guinee-conakry\/#\/schema\/person\/2b1cf3cd81a31e3cd26889ca66d677f1","name":"cfeditorfr"}]}},"_links":{"self":[{"href":"https:\/\/www.africa-press.net\/guinee-conakry\/wp-json\/wp\/v2\/posts\/11438","targetHints":{"allow":["GET"]}}],"collection":[{"href":"https:\/\/www.africa-press.net\/guinee-conakry\/wp-json\/wp\/v2\/posts"}],"about":[{"href":"https:\/\/www.africa-press.net\/guinee-conakry\/wp-json\/wp\/v2\/types\/post"}],"author":[{"embeddable":true,"href":"https:\/\/www.africa-press.net\/guinee-conakry\/wp-json\/wp\/v2\/users\/82"}],"replies":[{"embeddable":true,"href":"https:\/\/www.africa-press.net\/guinee-conakry\/wp-json\/wp\/v2\/comments?post=11438"}],"version-history":[{"count":0,"href":"https:\/\/www.africa-press.net\/guinee-conakry\/wp-json\/wp\/v2\/posts\/11438\/revisions"}],"wp:featuredmedia":[{"embeddable":true,"href":"https:\/\/www.africa-press.net\/guinee-conakry\/wp-json\/wp\/v2\/media\/11437"}],"wp:attachment":[{"href":"https:\/\/www.africa-press.net\/guinee-conakry\/wp-json\/wp\/v2\/media?parent=11438"}],"wp:term":[{"taxonomy":"category","embeddable":true,"href":"https:\/\/www.africa-press.net\/guinee-conakry\/wp-json\/wp\/v2\/categories?post=11438"},{"taxonomy":"post_tag","embeddable":true,"href":"https:\/\/www.africa-press.net\/guinee-conakry\/wp-json\/wp\/v2\/tags?post=11438"}],"curies":[{"name":"wp","href":"https:\/\/api.w.org\/{rel}","templated":true}]}}